{"id":9935,"date":"2024-11-14T12:37:31","date_gmt":"2024-11-14T11:37:31","guid":{"rendered":"https:\/\/www.chateaudegoutelas.fr\/?p=9935"},"modified":"2025-03-24T15:02:26","modified_gmt":"2025-03-24T14:02:26","slug":"appel-a-don","status":"publish","type":"post","link":"https:\/\/www.chateaudegoutelas.fr\/en\/appel-a-don\/","title":{"rendered":"Appel \u00e0 dons : Goutelas, un r\u00e9cit au f\u00e9minin !"},"content":{"rendered":"<img loading=\"lazy\" decoding=\"async\" width=\"1132\" height=\"830\" src=\"https:\/\/www.chateaudegoutelas.fr\/wp-content\/uploads\/2024\/11\/image8-e1731493763721.jpg\" class=\"attachment-post-thumbnail size-post-thumbnail wp-post-image\" alt=\"\" srcset=\"https:\/\/www.chateaudegoutelas.fr\/wp-content\/uploads\/2024\/11\/image8-e1731493763721.jpg 1132w, https:\/\/www.chateaudegoutelas.fr\/wp-content\/uploads\/2024\/11\/image8-e1731493763721-768x563.jpg 768w, https:\/\/www.chateaudegoutelas.fr\/wp-content\/uploads\/2024\/11\/image8-e1731493763721-16x12.jpg 16w\" sizes=\"auto, (max-width: 1132px) 100vw, 1132px\" \/>\r\n\t<p>\u00a9 Eloy Garcia<\/p>\r\n\t<p>\u00ab\u00a0Femmes de Goutelas\u00a0\u00bb est une recherche pluridisciplinaire &#8211; historique, ethnographique et artistique &#8211; sur la place et le r\u00f4le des femmes \u00e0 Goutelas depuis les ann\u00e9es de reconstruction du ch\u00e2teau jusqu&rsquo;\u00e0 aujourd&rsquo;hui. Afin de faire exister et partager cette m\u00e9moire in\u00e9dite, nous souhaitons publier ce r\u00e9cit f\u00e9minin et nous lan\u00e7ons une campagne de financement participatif pour ce livre \u00e0 na\u00eetre . La collecte d\u00e9bute vendredi 22 novembre et se poursuivra jusqu&rsquo;au dimanche 26 janvier 2025.<\/p>\r\n\t\t\t<a href=\"https:\/\/www.helloasso.com\/associations\/chateau-de-goutelas\/collectes\/appel-a-dons-goutelas-un-recit-au-feminin\" title=\"Click Here\" target=\"_blank\" rel=\"noopener\"  role=\"button\" aria-label=\"JE FAIS UN DON\">\r\n\t\t\t\t\t\t\tJE FAIS UN DON\r\n\t\t<\/a>\r\n\t<p>Le Ch\u00e2teau de Goutelas s&rsquo;attache \u00e0 <strong>valoriser, \u00e0 partager et \u00e0 transmettre au plus grand nombre le patrimoine mat\u00e9riel et immat\u00e9riel du ch\u00e2teau, devenu embl\u00e9matique du Forez et de son histoire<\/strong>. Les v\u00e9cus individuels et collectifs, les engagements, les valeurs, les utopies qui ont fait rena\u00eetre le ch\u00e2teau et particip\u00e9 au d\u00e9veloppement culturel et \u00e9conomique du territoire, sont toujours \u00e0 collecter. <strong>Le r\u00f4le des femmes dans la reconstruction du ch\u00e2teau et la naissance du Centre culturel depuis 1961 est m\u00e9connu.<\/strong> Pourtant, elles ont \u00e9t\u00e9 nombreuses \u00e0 contribuer activement \u00e0 l&rsquo;aventure.<\/p>\r\n<p>38 entretiens et t\u00e9moignages de femmes ont \u00e9t\u00e9 recueillis et retranscrits. C&rsquo;est \u00e0 l&rsquo;initiative de quatre femmes &#8211; <strong>Marie-Claude Drutel, Ir\u00e8ne Guillot, Marie-Claude Mioche, Marie-No\u00ebl Moulin, membres du Conseil d&rsquo;administration de Goutelas<\/strong> &#8211; que ce projet \u00e9merge en 2021. Convaincues qu&rsquo;une part f\u00e9minine manque \u00e0 l&rsquo;histoire et \u00e0 la m\u00e9moire de Goutelas, et qu&rsquo;elle est \u00e0 r\u00e9introduire avec m\u00e9thode, elles s&rsquo;entourent d&rsquo;une \u00e9quipe scientifique &#8211; <strong>Michel Rautenberg, professeur \u00e9m\u00e9rite de sociologie et Agathe Rochet, doctorante au Centre Max Weber de l&rsquo;Universit\u00e9 Jean Monnet de Saint-Etienne<\/strong> et vont \u00e0 la rencontre de t\u00e9moins.<\/p>\r\n<p>Afin de garder une trace tangible de ces recherches et de les porter \u00e0 la connaissance du plus grand nombre, le Ch\u00e2teau de Goutelas invite la <strong>graphiste et sc\u00e9nographe Costanza Matteucci<\/strong> en r\u00e9sidence pour la r\u00e9alisation d&rsquo;un livre : \u00ab\u00a0<em>Il s&rsquo;agira d&rsquo;<strong>une cr\u00e9ation \u00e9ditoriale collective qui puise dans les mat\u00e9riaux d\u00e9j\u00e0 r\u00e9colt\u00e9s et qui d\u00e9voile en filigrane l&rsquo;histoire m\u00eame de l&rsquo;objet<\/strong>. Les \u00e9changes, les personnes en pr\u00e9sence, leur d\u00e9sir de raconter et la r\u00e9flexion partag\u00e9e.<\/em>\u00a0\u00bb Cette \u00e9dition sera pr\u00e9sent\u00e9e et activ\u00e9e sous forme d&rsquo;expositions, de visites et de rencontres \u00e0 l&rsquo;occasion des Journ\u00e9es europ\u00e9ennes du patrimoine 2025, <strong>avec la complicit\u00e9 du collectif pluridisciplinaire (art, architecture, sociologie&#8230;) Carton Plein<\/strong>. <strong>Avec ce projet, Goutelas poursuit son ambition d&rsquo;explorer, \u00e0 travers sa propre histoire, des enjeux contemporains qui traversent notre soci\u00e9t\u00e9.<\/strong> C&rsquo;est en revisitant sa propre histoire, que Goutelas interroge plus largement la place des femmes dans la soci\u00e9t\u00e9 rurale du XX\u00e8me si\u00e8cle.<\/p>\r\n<p>&nbsp;<\/p>\r\n<p><em>Le projet est laur\u00e9at du dispositif \u00ab\u00a0M\u00e9moire des XX\u00e8me et XXI\u00e8me si\u00e8cle en Auvergne-Rh\u00f4ne-Alpes\u00a0\u00bb, port\u00e9 par l&rsquo;\u00c9tat ( Direction r\u00e9gionale des affaires culturelles) et la R\u00e9gion Auvergne-Rh\u00f4ne-Alpes, qui encourage les d\u00e9marches de connaissance et de valorisation des m\u00e9moires du XX\u00e8me et XXI\u00e8me si\u00e8cles. <\/em><\/p>\r\n<h2>\r\n\t\tvoir aussi\r\n\t<\/h2>\r\n\t\t<a href=\"https:\/\/www.chateaudegoutelas.fr\/en\/concert-en-ehpad-avec-le-solar\/\" title=\"View Box Content\" target=\"_self\"  aria-label=\"Post Element\"><\/a>\t\t\r\n\t\t\t\t\t\t\t\t\t\t\t\t\t\t<a href=\"https:\/\/www.chateaudegoutelas.fr\/en\/concert-en-ehpad-avec-le-solar\/\" target=\"_self\" title=\"Goutelas et Le Solar s&rsquo;associent pour un concert en EHPAD\">\r\n\t\t\t\t<img decoding=\"async\" src=\"https:\/\/www.chateaudegoutelas.fr\/wp-content\/uploads\/2024\/10\/javotte-boen-10-min-720x720.jpg\" alt=\"\" \/>\r\n\t\t\t\t<\/a>\r\n\t\t\t\t<a href=\"https:\/\/www.chateaudegoutelas.fr\/en\/concert-en-ehpad-avec-le-solar\/\" title=\"Goutelas et Le Solar s&rsquo;associent pour un concert en EHPAD\" tabindex=\"0\">Goutelas et Le Solar s&rsquo;associent pour un concert en EHPAD<\/a>\t\t\t\r\n\t\t<a href=\"https:\/\/www.chateaudegoutelas.fr\/en\/popote-chef-concours-culinaire-pas-ordinaire\/\" title=\"View Box Content\" target=\"_self\"  aria-label=\"Post Element\"><\/a>\t\t\r\n\t\t\t\t\t\t\t\t\t\t\t\t\t\t<a href=\"https:\/\/www.chateaudegoutelas.fr\/en\/popote-chef-concours-culinaire-pas-ordinaire\/\" target=\"_self\" title=\"Popote chef, concours culinaire pas ordinaire\">\r\n\t\t\t\t<img decoding=\"async\" src=\"https:\/\/www.chateaudegoutelas.fr\/wp-content\/uploads\/2024\/06\/photo-Popote-Chef-720x720.jpg\" alt=\"\" \/>\r\n\t\t\t\t<\/a>\r\n\t\t\t\t<a href=\"https:\/\/www.chateaudegoutelas.fr\/en\/popote-chef-concours-culinaire-pas-ordinaire\/\" title=\"Popote chef, concours culinaire pas ordinaire\" tabindex=\"0\">Popote chef, concours culinaire pas ordinaire<\/a>\t\t\t\r\n\t\t<a href=\"https:\/\/www.chateaudegoutelas.fr\/en\/2024-centenaire-paul-bouchet\/\" title=\"View Box Content\" target=\"_self\"  aria-label=\"Post Element\"><\/a>\t\t\r\n\t\t\t\t\t\t\t\t\t\t\t\t\t\t<a href=\"https:\/\/www.chateaudegoutelas.fr\/en\/2024-centenaire-paul-bouchet\/\" target=\"_self\" title=\"2024, ann\u00e9e du centenaire de la naissance de Paul Bouchet : plusieurs \u00e9v\u00e9nements\">\r\n\t\t\t\t<img decoding=\"async\" src=\"https:\/\/www.chateaudegoutelas.fr\/wp-content\/uploads\/2024\/06\/Paul-Bouchet-au-50e-anniversaire-de-Goutelas-en-2011_cPhilippe-Mesa-720x720.jpg\" alt=\"\" \/>\r\n\t\t\t\t<\/a>\r\n\t\t\t\t<a href=\"https:\/\/www.chateaudegoutelas.fr\/en\/2024-centenaire-paul-bouchet\/\" title=\"2024, ann\u00e9e du centenaire de la naissance de Paul Bouchet : plusieurs \u00e9v\u00e9nements\" tabindex=\"0\">2024, ann\u00e9e du centenaire de la naissance de Paul Bouchet : plusieurs \u00e9v\u00e9nements<\/a>","protected":false},"excerpt":{"rendered":"<p>\u00a9 Eloy Garcia \u00ab\u00a0Femmes de Goutelas\u00a0\u00bb est une recherche pluridisciplinaire &#8211; historique, ethnographique et artistique &#8211; sur la place et le r\u00f4le des femmes \u00e0 Goutelas depuis les ann\u00e9es de reconstruction du ch\u00e2teau jusqu&rsquo;\u00e0 aujourd&rsquo;hui. Afin de faire exister et partager cette m\u00e9moire in\u00e9dite, nous souhaitons publier ce r\u00e9cit f\u00e9minin et nous lan\u00e7ons une campagne [&hellip;]<\/p>\n","protected":false},"author":7,"featured_media":9936,"comment_status":"closed","ping_status":"closed","sticky":false,"template":"","format":"standard","meta":{"site-sidebar-layout":"default","site-content-layout":"","ast-site-content-layout":"default","site-content-style":"default","site-sidebar-style":"default","ast-global-header-display":"","ast-banner-title-visibility":"","ast-main-header-display":"","ast-hfb-above-header-display":"","ast-hfb-below-header-display":"","ast-hfb-mobile-header-display":"","site-post-title":"","ast-breadcrumbs-content":"","ast-featured-img":"disabled","footer-sml-layout":"","ast-disable-related-posts":"","theme-transparent-header-meta":"default","adv-header-id-meta":"","stick-header-meta":"default","header-above-stick-meta":"","header-main-stick-meta":"","header-below-stick-meta":"","astra-migrate-meta-layouts":"set","ast-page-background-enabled":"default","ast-page-background-meta":{"desktop":{"background-color":"","background-image":"","background-repeat":"repeat","background-position":"center center","background-size":"auto","background-attachment":"scroll","background-type":"","background-media":"","overlay-type":"","overlay-color":"","overlay-opacity":"","overlay-gradient":""},"tablet":{"background-color":"","background-image":"","background-repeat":"repeat","background-position":"center center","background-size":"auto","background-attachment":"scroll","background-type":"","background-media":"","overlay-type":"","overlay-color":"","overlay-opacity":"","overlay-gradient":""},"mobile":{"background-color":"","background-image":"","background-repeat":"repeat","background-position":"center center","background-size":"auto","background-attachment":"scroll","background-type":"","background-media":"","overlay-type":"","overlay-color":"","overlay-opacity":"","overlay-gradient":""}},"ast-content-background-meta":{"desktop":{"background-color":"var(--ast-global-color-5)","background-image":"","background-repeat":"repeat","background-position":"center center","background-size":"auto","background-attachment":"scroll","background-type":"","background-media":"","overlay-type":"","overlay-color":"","overlay-opacity":"","overlay-gradient":""},"tablet":{"background-color":"var(--ast-global-color-5)","background-image":"","background-repeat":"repeat","background-position":"center center","background-size":"auto","background-attachment":"scroll","background-type":"","background-media":"","overlay-type":"","overlay-color":"","overlay-opacity":"","overlay-gradient":""},"mobile":{"background-color":"var(--ast-global-color-5)","background-image":"","background-repeat":"repeat","background-position":"center center","background-size":"auto","background-attachment":"scroll","background-type":"","background-media":"","overlay-type":"","overlay-color":"","overlay-opacity":"","overlay-gradient":""}},"footnotes":""},"categories":[299],"tags":[],"class_list":["post-9935","post","type-post","status-publish","format-standard","has-post-thumbnail","hentry","category-actualite-archivee"],"yoast_head":"<!-- This site is optimized with the Yoast SEO plugin v27.5 - https:\/\/yoast.com\/product\/yoast-seo-wordpress\/ -->\n<title>Appel \u00e0 dons : Goutelas, un r\u00e9cit au f\u00e9minin ! - Ch\u00e2teau de Goutelas<\/title>\n<meta name=\"robots\" content=\"index, follow, max-snippet:-1, max-image-preview:large, max-video-preview:-1\" \/>\n<link rel=\"canonical\" href=\"https:\/\/www.chateaudegoutelas.fr\/en\/appel-a-don\/\" \/>\n<meta property=\"og:locale\" content=\"en_GB\" \/>\n<meta property=\"og:type\" content=\"article\" \/>\n<meta property=\"og:title\" content=\"Appel \u00e0 dons : Goutelas, un r\u00e9cit au f\u00e9minin ! - Ch\u00e2teau de Goutelas\" \/>\n<meta property=\"og:description\" content=\"\u00a9 Eloy Garcia \u00ab\u00a0Femmes de Goutelas\u00a0\u00bb est une recherche pluridisciplinaire &#8211; historique, ethnographique et artistique &#8211; sur la place et le r\u00f4le des femmes \u00e0 Goutelas depuis les ann\u00e9es de reconstruction du ch\u00e2teau jusqu&rsquo;\u00e0 aujourd&rsquo;hui. Afin de faire exister et partager cette m\u00e9moire in\u00e9dite, nous souhaitons publier ce r\u00e9cit f\u00e9minin et nous lan\u00e7ons une campagne [&hellip;]\" \/>\n<meta property=\"og:url\" content=\"https:\/\/www.chateaudegoutelas.fr\/en\/appel-a-don\/\" \/>\n<meta property=\"og:site_name\" content=\"Ch\u00e2teau de Goutelas\" \/>\n<meta property=\"article:published_time\" content=\"2024-11-14T11:37:31+00:00\" \/>\n<meta property=\"article:modified_time\" content=\"2025-03-24T14:02:26+00:00\" \/>\n<meta property=\"og:image\" content=\"https:\/\/www.chateaudegoutelas.fr\/wp-content\/uploads\/2024\/11\/image8-e1731493763721.jpg\" \/>\n\t<meta property=\"og:image:width\" content=\"1132\" \/>\n\t<meta property=\"og:image:height\" content=\"830\" \/>\n\t<meta property=\"og:image:type\" content=\"image\/jpeg\" \/>\n<meta name=\"author\" content=\"chateau@goutelas\" \/>\n<meta name=\"twitter:card\" content=\"summary_large_image\" \/>\n<meta name=\"twitter:label1\" content=\"Written by\" \/>\n\t<meta name=\"twitter:data1\" content=\"chateau@goutelas\" \/>\n\t<meta name=\"twitter:label2\" content=\"Estimated reading time\" \/>\n\t<meta name=\"twitter:data2\" content=\"4 minutes\" \/>\n<script type=\"application\/ld+json\" class=\"yoast-schema-graph\">{\"@context\":\"https:\\\/\\\/schema.org\",\"@graph\":[{\"@type\":\"Article\",\"@id\":\"https:\\\/\\\/www.chateaudegoutelas.fr\\\/appel-a-don\\\/#article\",\"isPartOf\":{\"@id\":\"https:\\\/\\\/www.chateaudegoutelas.fr\\\/appel-a-don\\\/\"},\"author\":{\"name\":\"chateau@goutelas\",\"@id\":\"https:\\\/\\\/www.chateaudegoutelas.fr\\\/#\\\/schema\\\/person\\\/7e406e8ae114bb86bb9b82d52e6a1738\"},\"headline\":\"Appel \u00e0 dons : Goutelas, un r\u00e9cit au f\u00e9minin !\",\"datePublished\":\"2024-11-14T11:37:31+00:00\",\"dateModified\":\"2025-03-24T14:02:26+00:00\",\"mainEntityOfPage\":{\"@id\":\"https:\\\/\\\/www.chateaudegoutelas.fr\\\/appel-a-don\\\/\"},\"wordCount\":568,\"publisher\":{\"@id\":\"https:\\\/\\\/www.chateaudegoutelas.fr\\\/#organization\"},\"image\":{\"@id\":\"https:\\\/\\\/www.chateaudegoutelas.fr\\\/appel-a-don\\\/#primaryimage\"},\"thumbnailUrl\":\"https:\\\/\\\/www.chateaudegoutelas.fr\\\/wp-content\\\/uploads\\\/2024\\\/11\\\/image8-e1731493763721.jpg\",\"articleSection\":[\"Actualit\u00e9 archiv\u00e9e\"],\"inLanguage\":\"en-GB\"},{\"@type\":\"WebPage\",\"@id\":\"https:\\\/\\\/www.chateaudegoutelas.fr\\\/appel-a-don\\\/\",\"url\":\"https:\\\/\\\/www.chateaudegoutelas.fr\\\/appel-a-don\\\/\",\"name\":\"Appel \u00e0 dons : Goutelas, un r\u00e9cit au f\u00e9minin ! - Ch\u00e2teau de Goutelas\",\"isPartOf\":{\"@id\":\"https:\\\/\\\/www.chateaudegoutelas.fr\\\/#website\"},\"primaryImageOfPage\":{\"@id\":\"https:\\\/\\\/www.chateaudegoutelas.fr\\\/appel-a-don\\\/#primaryimage\"},\"image\":{\"@id\":\"https:\\\/\\\/www.chateaudegoutelas.fr\\\/appel-a-don\\\/#primaryimage\"},\"thumbnailUrl\":\"https:\\\/\\\/www.chateaudegoutelas.fr\\\/wp-content\\\/uploads\\\/2024\\\/11\\\/image8-e1731493763721.jpg\",\"datePublished\":\"2024-11-14T11:37:31+00:00\",\"dateModified\":\"2025-03-24T14:02:26+00:00\",\"breadcrumb\":{\"@id\":\"https:\\\/\\\/www.chateaudegoutelas.fr\\\/appel-a-don\\\/#breadcrumb\"},\"inLanguage\":\"en-GB\",\"potentialAction\":[{\"@type\":\"ReadAction\",\"target\":[\"https:\\\/\\\/www.chateaudegoutelas.fr\\\/appel-a-don\\\/\"]}]},{\"@type\":\"ImageObject\",\"inLanguage\":\"en-GB\",\"@id\":\"https:\\\/\\\/www.chateaudegoutelas.fr\\\/appel-a-don\\\/#primaryimage\",\"url\":\"https:\\\/\\\/www.chateaudegoutelas.fr\\\/wp-content\\\/uploads\\\/2024\\\/11\\\/image8-e1731493763721.jpg\",\"contentUrl\":\"https:\\\/\\\/www.chateaudegoutelas.fr\\\/wp-content\\\/uploads\\\/2024\\\/11\\\/image8-e1731493763721.jpg\",\"width\":1132,\"height\":830},{\"@type\":\"BreadcrumbList\",\"@id\":\"https:\\\/\\\/www.chateaudegoutelas.fr\\\/appel-a-don\\\/#breadcrumb\",\"itemListElement\":[{\"@type\":\"ListItem\",\"position\":1,\"name\":\"Accueil\",\"item\":\"https:\\\/\\\/www.chateaudegoutelas.fr\\\/\"},{\"@type\":\"ListItem\",\"position\":2,\"name\":\"Appel \u00e0 dons : Goutelas, un r\u00e9cit au f\u00e9minin !\"}]},{\"@type\":\"WebSite\",\"@id\":\"https:\\\/\\\/www.chateaudegoutelas.fr\\\/#website\",\"url\":\"https:\\\/\\\/www.chateaudegoutelas.fr\\\/\",\"name\":\"Ch\u00e2teau de Goutelas\",\"description\":\"Un centre culturel de rencontre en Forez\",\"publisher\":{\"@id\":\"https:\\\/\\\/www.chateaudegoutelas.fr\\\/#organization\"},\"potentialAction\":[{\"@type\":\"SearchAction\",\"target\":{\"@type\":\"EntryPoint\",\"urlTemplate\":\"https:\\\/\\\/www.chateaudegoutelas.fr\\\/?s={search_term_string}\"},\"query-input\":{\"@type\":\"PropertyValueSpecification\",\"valueRequired\":true,\"valueName\":\"search_term_string\"}}],\"inLanguage\":\"en-GB\"},{\"@type\":\"Organization\",\"@id\":\"https:\\\/\\\/www.chateaudegoutelas.fr\\\/#organization\",\"name\":\"Ch\u00e2teau de Goutelas\",\"url\":\"https:\\\/\\\/www.chateaudegoutelas.fr\\\/\",\"logo\":{\"@type\":\"ImageObject\",\"inLanguage\":\"en-GB\",\"@id\":\"https:\\\/\\\/www.chateaudegoutelas.fr\\\/#\\\/schema\\\/logo\\\/image\\\/\",\"url\":\"https:\\\/\\\/www.chateaudegoutelas.fr\\\/wp-content\\\/uploads\\\/2023\\\/05\\\/logo-chateau-goutelas-bleu.png\",\"contentUrl\":\"https:\\\/\\\/www.chateaudegoutelas.fr\\\/wp-content\\\/uploads\\\/2023\\\/05\\\/logo-chateau-goutelas-bleu.png\",\"width\":1123,\"height\":327,\"caption\":\"Ch\u00e2teau de Goutelas\"},\"image\":{\"@id\":\"https:\\\/\\\/www.chateaudegoutelas.fr\\\/#\\\/schema\\\/logo\\\/image\\\/\"}},{\"@type\":\"Person\",\"@id\":\"https:\\\/\\\/www.chateaudegoutelas.fr\\\/#\\\/schema\\\/person\\\/7e406e8ae114bb86bb9b82d52e6a1738\",\"name\":\"chateau@goutelas\",\"image\":{\"@type\":\"ImageObject\",\"inLanguage\":\"en-GB\",\"@id\":\"https:\\\/\\\/secure.gravatar.com\\\/avatar\\\/81dca52e038e1e2a8e548cbc7a6a4752e4b1b2df1c0ab48a36029d14ad9c944f?s=96&d=mm&r=g\",\"url\":\"https:\\\/\\\/secure.gravatar.com\\\/avatar\\\/81dca52e038e1e2a8e548cbc7a6a4752e4b1b2df1c0ab48a36029d14ad9c944f?s=96&d=mm&r=g\",\"contentUrl\":\"https:\\\/\\\/secure.gravatar.com\\\/avatar\\\/81dca52e038e1e2a8e548cbc7a6a4752e4b1b2df1c0ab48a36029d14ad9c944f?s=96&d=mm&r=g\",\"caption\":\"chateau@goutelas\"},\"url\":\"https:\\\/\\\/www.chateaudegoutelas.fr\\\/en\\\/author\\\/chateaugoutelas\\\/\"}]}<\/script>\n<!-- \/ Yoast SEO plugin. -->","yoast_head_json":{"title":"Appel \u00e0 dons : Goutelas, un r\u00e9cit au f\u00e9minin ! - Ch\u00e2teau de Goutelas","robots":{"index":"index","follow":"follow","max-snippet":"max-snippet:-1","max-image-preview":"max-image-preview:large","max-video-preview":"max-video-preview:-1"},"canonical":"https:\/\/www.chateaudegoutelas.fr\/en\/appel-a-don\/","og_locale":"en_GB","og_type":"article","og_title":"Appel \u00e0 dons : Goutelas, un r\u00e9cit au f\u00e9minin ! - Ch\u00e2teau de Goutelas","og_description":"\u00a9 Eloy Garcia \u00ab\u00a0Femmes de Goutelas\u00a0\u00bb est une recherche pluridisciplinaire &#8211; historique, ethnographique et artistique &#8211; sur la place et le r\u00f4le des femmes \u00e0 Goutelas depuis les ann\u00e9es de reconstruction du ch\u00e2teau jusqu&rsquo;\u00e0 aujourd&rsquo;hui. Afin de faire exister et partager cette m\u00e9moire in\u00e9dite, nous souhaitons publier ce r\u00e9cit f\u00e9minin et nous lan\u00e7ons une campagne [&hellip;]","og_url":"https:\/\/www.chateaudegoutelas.fr\/en\/appel-a-don\/","og_site_name":"Ch\u00e2teau de Goutelas","article_published_time":"2024-11-14T11:37:31+00:00","article_modified_time":"2025-03-24T14:02:26+00:00","og_image":[{"width":1132,"height":830,"url":"https:\/\/www.chateaudegoutelas.fr\/wp-content\/uploads\/2024\/11\/image8-e1731493763721.jpg","type":"image\/jpeg"}],"author":"chateau@goutelas","twitter_card":"summary_large_image","twitter_misc":{"Written by":"chateau@goutelas","Estimated reading time":"4 minutes"},"schema":{"@context":"https:\/\/schema.org","@graph":[{"@type":"Article","@id":"https:\/\/www.chateaudegoutelas.fr\/appel-a-don\/#article","isPartOf":{"@id":"https:\/\/www.chateaudegoutelas.fr\/appel-a-don\/"},"author":{"name":"chateau@goutelas","@id":"https:\/\/www.chateaudegoutelas.fr\/#\/schema\/person\/7e406e8ae114bb86bb9b82d52e6a1738"},"headline":"Appel \u00e0 dons : Goutelas, un r\u00e9cit au f\u00e9minin !","datePublished":"2024-11-14T11:37:31+00:00","dateModified":"2025-03-24T14:02:26+00:00","mainEntityOfPage":{"@id":"https:\/\/www.chateaudegoutelas.fr\/appel-a-don\/"},"wordCount":568,"publisher":{"@id":"https:\/\/www.chateaudegoutelas.fr\/#organization"},"image":{"@id":"https:\/\/www.chateaudegoutelas.fr\/appel-a-don\/#primaryimage"},"thumbnailUrl":"https:\/\/www.chateaudegoutelas.fr\/wp-content\/uploads\/2024\/11\/image8-e1731493763721.jpg","articleSection":["Actualit\u00e9 archiv\u00e9e"],"inLanguage":"en-GB"},{"@type":"WebPage","@id":"https:\/\/www.chateaudegoutelas.fr\/appel-a-don\/","url":"https:\/\/www.chateaudegoutelas.fr\/appel-a-don\/","name":"Appel \u00e0 dons : Goutelas, un r\u00e9cit au f\u00e9minin ! - Ch\u00e2teau de Goutelas","isPartOf":{"@id":"https:\/\/www.chateaudegoutelas.fr\/#website"},"primaryImageOfPage":{"@id":"https:\/\/www.chateaudegoutelas.fr\/appel-a-don\/#primaryimage"},"image":{"@id":"https:\/\/www.chateaudegoutelas.fr\/appel-a-don\/#primaryimage"},"thumbnailUrl":"https:\/\/www.chateaudegoutelas.fr\/wp-content\/uploads\/2024\/11\/image8-e1731493763721.jpg","datePublished":"2024-11-14T11:37:31+00:00","dateModified":"2025-03-24T14:02:26+00:00","breadcrumb":{"@id":"https:\/\/www.chateaudegoutelas.fr\/appel-a-don\/#breadcrumb"},"inLanguage":"en-GB","potentialAction":[{"@type":"ReadAction","target":["https:\/\/www.chateaudegoutelas.fr\/appel-a-don\/"]}]},{"@type":"ImageObject","inLanguage":"en-GB","@id":"https:\/\/www.chateaudegoutelas.fr\/appel-a-don\/#primaryimage","url":"https:\/\/www.chateaudegoutelas.fr\/wp-content\/uploads\/2024\/11\/image8-e1731493763721.jpg","contentUrl":"https:\/\/www.chateaudegoutelas.fr\/wp-content\/uploads\/2024\/11\/image8-e1731493763721.jpg","width":1132,"height":830},{"@type":"BreadcrumbList","@id":"https:\/\/www.chateaudegoutelas.fr\/appel-a-don\/#breadcrumb","itemListElement":[{"@type":"ListItem","position":1,"name":"Accueil","item":"https:\/\/www.chateaudegoutelas.fr\/"},{"@type":"ListItem","position":2,"name":"Appel \u00e0 dons : Goutelas, un r\u00e9cit au f\u00e9minin !"}]},{"@type":"WebSite","@id":"https:\/\/www.chateaudegoutelas.fr\/#website","url":"https:\/\/www.chateaudegoutelas.fr\/","name":"Ch\u00e2teau de Goutelas","description":"Un centre culturel de rencontre en Forez","publisher":{"@id":"https:\/\/www.chateaudegoutelas.fr\/#organization"},"potentialAction":[{"@type":"SearchAction","target":{"@type":"EntryPoint","urlTemplate":"https:\/\/www.chateaudegoutelas.fr\/?s={search_term_string}"},"query-input":{"@type":"PropertyValueSpecification","valueRequired":true,"valueName":"search_term_string"}}],"inLanguage":"en-GB"},{"@type":"Organization","@id":"https:\/\/www.chateaudegoutelas.fr\/#organization","name":"Ch\u00e2teau de Goutelas","url":"https:\/\/www.chateaudegoutelas.fr\/","logo":{"@type":"ImageObject","inLanguage":"en-GB","@id":"https:\/\/www.chateaudegoutelas.fr\/#\/schema\/logo\/image\/","url":"https:\/\/www.chateaudegoutelas.fr\/wp-content\/uploads\/2023\/05\/logo-chateau-goutelas-bleu.png","contentUrl":"https:\/\/www.chateaudegoutelas.fr\/wp-content\/uploads\/2023\/05\/logo-chateau-goutelas-bleu.png","width":1123,"height":327,"caption":"Ch\u00e2teau de Goutelas"},"image":{"@id":"https:\/\/www.chateaudegoutelas.fr\/#\/schema\/logo\/image\/"}},{"@type":"Person","@id":"https:\/\/www.chateaudegoutelas.fr\/#\/schema\/person\/7e406e8ae114bb86bb9b82d52e6a1738","name":"chateau@goutelas","image":{"@type":"ImageObject","inLanguage":"en-GB","@id":"https:\/\/secure.gravatar.com\/avatar\/81dca52e038e1e2a8e548cbc7a6a4752e4b1b2df1c0ab48a36029d14ad9c944f?s=96&d=mm&r=g","url":"https:\/\/secure.gravatar.com\/avatar\/81dca52e038e1e2a8e548cbc7a6a4752e4b1b2df1c0ab48a36029d14ad9c944f?s=96&d=mm&r=g","contentUrl":"https:\/\/secure.gravatar.com\/avatar\/81dca52e038e1e2a8e548cbc7a6a4752e4b1b2df1c0ab48a36029d14ad9c944f?s=96&d=mm&r=g","caption":"chateau@goutelas"},"url":"https:\/\/www.chateaudegoutelas.fr\/en\/author\/chateaugoutelas\/"}]}},"_links":{"self":[{"href":"https:\/\/www.chateaudegoutelas.fr\/en\/wp-json\/wp\/v2\/posts\/9935","targetHints":{"allow":["GET"]}}],"collection":[{"href":"https:\/\/www.chateaudegoutelas.fr\/en\/wp-json\/wp\/v2\/posts"}],"about":[{"href":"https:\/\/www.chateaudegoutelas.fr\/en\/wp-json\/wp\/v2\/types\/post"}],"author":[{"embeddable":true,"href":"https:\/\/www.chateaudegoutelas.fr\/en\/wp-json\/wp\/v2\/users\/7"}],"replies":[{"embeddable":true,"href":"https:\/\/www.chateaudegoutelas.fr\/en\/wp-json\/wp\/v2\/comments?post=9935"}],"version-history":[{"count":4,"href":"https:\/\/www.chateaudegoutelas.fr\/en\/wp-json\/wp\/v2\/posts\/9935\/revisions"}],"predecessor-version":[{"id":10220,"href":"https:\/\/www.chateaudegoutelas.fr\/en\/wp-json\/wp\/v2\/posts\/9935\/revisions\/10220"}],"wp:featuredmedia":[{"embeddable":true,"href":"https:\/\/www.chateaudegoutelas.fr\/en\/wp-json\/wp\/v2\/media\/9936"}],"wp:attachment":[{"href":"https:\/\/www.chateaudegoutelas.fr\/en\/wp-json\/wp\/v2\/media?parent=9935"}],"wp:term":[{"taxonomy":"category","embeddable":true,"href":"https:\/\/www.chateaudegoutelas.fr\/en\/wp-json\/wp\/v2\/categories?post=9935"},{"taxonomy":"post_tag","embeddable":true,"href":"https:\/\/www.chateaudegoutelas.fr\/en\/wp-json\/wp\/v2\/tags?post=9935"}],"curies":[{"name":"wp","href":"https:\/\/api.w.org\/{rel}","templated":true}]}}