{"id":9744,"date":"2024-09-18T15:26:37","date_gmt":"2024-09-18T13:26:37","guid":{"rendered":"https:\/\/www.chateaudegoutelas.fr\/?p=9744"},"modified":"2024-10-30T18:27:13","modified_gmt":"2024-10-30T17:27:13","slug":"appel-a-candidatures-residence-jazz-2024-2025","status":"publish","type":"post","link":"https:\/\/www.chateaudegoutelas.fr\/en\/appel-a-candidatures-residence-jazz-2024-2025\/","title":{"rendered":"Appel \u00e0 candidatures : r\u00e9sidence jazz au Ch\u00e2teau de Goutelas"},"content":{"rendered":"<img loading=\"lazy\" decoding=\"async\" width=\"2244\" height=\"1498\" src=\"https:\/\/www.chateaudegoutelas.fr\/wp-content\/uploads\/2024\/09\/XBY545913x19.jpg\" class=\"attachment-post-thumbnail size-post-thumbnail wp-post-image\" alt=\"\" srcset=\"https:\/\/www.chateaudegoutelas.fr\/wp-content\/uploads\/2024\/09\/XBY545913x19.jpg 2244w, https:\/\/www.chateaudegoutelas.fr\/wp-content\/uploads\/2024\/09\/XBY545913x19-1200x801.jpg 1200w, https:\/\/www.chateaudegoutelas.fr\/wp-content\/uploads\/2024\/09\/XBY545913x19-1920x1282.jpg 1920w, https:\/\/www.chateaudegoutelas.fr\/wp-content\/uploads\/2024\/09\/XBY545913x19-768x513.jpg 768w, https:\/\/www.chateaudegoutelas.fr\/wp-content\/uploads\/2024\/09\/XBY545913x19-1536x1025.jpg 1536w, https:\/\/www.chateaudegoutelas.fr\/wp-content\/uploads\/2024\/09\/XBY545913x19-2048x1367.jpg 2048w, https:\/\/www.chateaudegoutelas.fr\/wp-content\/uploads\/2024\/09\/XBY545913x19-18x12.jpg 18w\" sizes=\"auto, (max-width: 2244px) 100vw, 2244px\" \/>\n\t<p>\u00a9 Xavier Boyer<\/p>\n\t<p>&nbsp;<\/p>\n<p>Le Ch\u00e2teau de Goutelas, labellis\u00e9 Centre culturel de rencontre par le minist\u00e8re de la Culture et situ\u00e9 \u00e0 Marcoux (Loire 42), ouvre son premier <strong><a href=\"https:\/\/www.chateaudegoutelas.fr\/wp-content\/uploads\/2024\/09\/APPEL-A-CANDIDATURES_2024-2025.pdf\">appel \u00e0 candidatures<\/a> pour l&rsquo;accueil en r\u00e9sidence d&rsquo;un groupe de jazz<\/strong> au cours de la saison 2024-2025.<\/p>\n<p>L&rsquo;appel \u00e0 candidatures s&rsquo;adresse \u00e0 des musiciennes et musiciens <strong>r\u00e9sidant en r\u00e9gion Auvergne-Rh\u00f4ne-Alpes<\/strong>, prioritairement en groupe (du duo au quintet). Bien que l&rsquo;appel soit centr\u00e9 sur les esth\u00e9tiques du jazz, les projets seront \u00e9tudi\u00e9s dans toute leur diversit\u00e9.<\/p>\n<p>Le groupe s\u00e9lectionn\u00e9 b\u00e9n\u00e9ficiera de <strong>deux p\u00e9riodes de r\u00e9sidence<\/strong> au ch\u00e2teau de 5 jours chacune et sera invit\u00e9 \u00e0 se produire en d\u00e9but de saison suivante.<\/p>\n<p>Les candidatures sont ouvertes jusqu&rsquo;au <strong>27 octobre 2024<\/strong>.<\/p>\n\t\t\t<a href=\"https:\/\/www.chateaudegoutelas.fr\/wp-content\/uploads\/2024\/09\/APPEL-A-CANDIDATURES_2024-2025.pdf\" title=\"Click Here\" target=\"_blank\" rel=\"noopener\" role=\"button\" aria-label=\"Lire l&#039;appel \u00e0 candidatures\">\n\t\t\t\t\t\t\tLire l&rsquo;appel \u00e0 candidatures\n\t\t<\/a>\n<h4>\n\t\tPages en lien\n\t<\/h4>\n\t\t<a href=\"https:\/\/www.chateaudegoutelas.fr\/en\/le-chateau-de-goutelas\/\" title=\"View Box Content\" target=\"_self\" aria-label=\"Post Element\" rel=\"noopener\"><\/a>\t\t\n\t\t\t\t\t\t\t\t\t\t\t\t\t\t<a href=\"https:\/\/www.chateaudegoutelas.fr\/en\/le-chateau-de-goutelas\/\" target=\"_self\" title=\"Le Ch\u00e2teau de Goutelas\" rel=\"noopener\">\n\t\t\t\t<img decoding=\"async\" src=\"https:\/\/www.chateaudegoutelas.fr\/wp-content\/uploads\/2023\/08\/DJI_0833-720x720.jpg\" alt=\"\" \/>\n\t\t\t\t<\/a>\n\t\t\t\t\t\t<h4>\n\t\t\t\t<a href=\"https:\/\/www.chateaudegoutelas.fr\/en\/le-chateau-de-goutelas\/\" title=\"Le Ch\u00e2teau de Goutelas\" tabindex=\"0\">Le Ch\u00e2teau de Goutelas<\/a>\t\t\t<\/h4>\n\t\t<a href=\"https:\/\/www.chateaudegoutelas.fr\/en\/creation-et-recherche\/residences-artistiques\/\" title=\"View Box Content\" target=\"_self\" aria-label=\"Post Element\" rel=\"noopener\"><\/a>\t\t\n\t\t\t\t\t\t\t\t\t\t\t\t\t\t<a href=\"https:\/\/www.chateaudegoutelas.fr\/en\/creation-et-recherche\/residences-artistiques\/\" target=\"_self\" title=\"R\u00e9sidences d&rsquo;artistes\" rel=\"noopener\">\n\t\t\t\t<img decoding=\"async\" src=\"https:\/\/www.chateaudegoutelas.fr\/wp-content\/uploads\/2023\/09\/Chateau-de-Goutelas_credit-Louis-Perrin-11-720x720.jpg\" alt=\"\" \/>\n\t\t\t\t<\/a>\n\t\t\t\t\t\t<h4>\n\t\t\t\t<a href=\"https:\/\/www.chateaudegoutelas.fr\/en\/creation-et-recherche\/residences-artistiques\/\" title=\"R\u00e9sidences d&rsquo;artistes\" tabindex=\"0\">R\u00e9sidences d&rsquo;artistes<\/a>\t\t\t<\/h4>\n\t\t<a href=\"https:\/\/www.chateaudegoutelas.fr\/en\/saison-culturelle\/\" title=\"View Box Content\" target=\"_self\" aria-label=\"Post Element\" rel=\"noopener\"><\/a>\t\t\n\t\t\t\t\t\t\t\t\t\t\t\t\t\t<a href=\"https:\/\/www.chateaudegoutelas.fr\/en\/saison-culturelle\/\" target=\"_self\" title=\"Saison culturelle 2024-25\" rel=\"noopener\">\n\t\t\t\t<img decoding=\"async\" src=\"https:\/\/www.chateaudegoutelas.fr\/wp-content\/uploads\/2024\/08\/Visuel_S2425-720x720.png\" alt=\"\" \/>\n\t\t\t\t<\/a>\n\t\t\t\t\t\t<h4>\n\t\t\t\t<a href=\"https:\/\/www.chateaudegoutelas.fr\/en\/saison-culturelle\/\" title=\"Saison culturelle 2024-25\" tabindex=\"0\">Saison culturelle 2024-25<\/a>\t\t\t<\/h4>","protected":false},"excerpt":{"rendered":"<p>\u00a9 Xavier Boyer &nbsp; Le Ch\u00e2teau de Goutelas, labellis\u00e9 Centre culturel de rencontre par le minist\u00e8re de la Culture et situ\u00e9 \u00e0 Marcoux (Loire 42), ouvre son premier appel \u00e0 candidatures pour l&rsquo;accueil en r\u00e9sidence d&rsquo;un groupe de jazz au cours de la saison 2024-2025. L&rsquo;appel \u00e0 candidatures s&rsquo;adresse \u00e0 des musiciennes et musiciens r\u00e9sidant [&hellip;]<\/p>\n","protected":false},"author":7,"featured_media":9745,"comment_status":"closed","ping_status":"closed","sticky":false,"template":"","format":"standard","meta":{"site-sidebar-layout":"default","site-content-layout":"","ast-site-content-layout":"default","site-content-style":"default","site-sidebar-style":"default","ast-global-header-display":"","ast-banner-title-visibility":"","ast-main-header-display":"","ast-hfb-above-header-display":"","ast-hfb-below-header-display":"","ast-hfb-mobile-header-display":"","site-post-title":"","ast-breadcrumbs-content":"","ast-featured-img":"disabled","footer-sml-layout":"","ast-disable-related-posts":"","theme-transparent-header-meta":"default","adv-header-id-meta":"","stick-header-meta":"default","header-above-stick-meta":"","header-main-stick-meta":"","header-below-stick-meta":"","astra-migrate-meta-layouts":"set","ast-page-background-enabled":"default","ast-page-background-meta":{"desktop":{"background-color":"","background-image":"","background-repeat":"repeat","background-position":"center center","background-size":"auto","background-attachment":"scroll","background-type":"","background-media":"","overlay-type":"","overlay-color":"","overlay-opacity":"","overlay-gradient":""},"tablet":{"background-color":"","background-image":"","background-repeat":"repeat","background-position":"center center","background-size":"auto","background-attachment":"scroll","background-type":"","background-media":"","overlay-type":"","overlay-color":"","overlay-opacity":"","overlay-gradient":""},"mobile":{"background-color":"","background-image":"","background-repeat":"repeat","background-position":"center center","background-size":"auto","background-attachment":"scroll","background-type":"","background-media":"","overlay-type":"","overlay-color":"","overlay-opacity":"","overlay-gradient":""}},"ast-content-background-meta":{"desktop":{"background-color":"var(--ast-global-color-5)","background-image":"","background-repeat":"repeat","background-position":"center center","background-size":"auto","background-attachment":"scroll","background-type":"","background-media":"","overlay-type":"","overlay-color":"","overlay-opacity":"","overlay-gradient":""},"tablet":{"background-color":"var(--ast-global-color-5)","background-image":"","background-repeat":"repeat","background-position":"center center","background-size":"auto","background-attachment":"scroll","background-type":"","background-media":"","overlay-type":"","overlay-color":"","overlay-opacity":"","overlay-gradient":""},"mobile":{"background-color":"var(--ast-global-color-5)","background-image":"","background-repeat":"repeat","background-position":"center center","background-size":"auto","background-attachment":"scroll","background-type":"","background-media":"","overlay-type":"","overlay-color":"","overlay-opacity":"","overlay-gradient":""}},"footnotes":""},"categories":[4],"tags":[306],"class_list":["post-9744","post","type-post","status-publish","format-standard","has-post-thumbnail","hentry","category-actualites","tag-home"],"yoast_head":"<!-- This site is optimized with the Yoast SEO plugin v27.5 - https:\/\/yoast.com\/product\/yoast-seo-wordpress\/ -->\n<title>Appel \u00e0 candidatures : r\u00e9sidence jazz au Ch\u00e2teau de Goutelas - Ch\u00e2teau de Goutelas<\/title>\n<meta name=\"robots\" content=\"index, follow, max-snippet:-1, max-image-preview:large, max-video-preview:-1\" \/>\n<link rel=\"canonical\" href=\"https:\/\/www.chateaudegoutelas.fr\/en\/appel-a-candidatures-residence-jazz-2024-2025\/\" \/>\n<meta property=\"og:locale\" content=\"en_GB\" \/>\n<meta property=\"og:type\" content=\"article\" \/>\n<meta property=\"og:title\" content=\"Appel \u00e0 candidatures : r\u00e9sidence jazz au Ch\u00e2teau de Goutelas - Ch\u00e2teau de Goutelas\" \/>\n<meta property=\"og:description\" content=\"\u00a9 Xavier Boyer &nbsp; Le Ch\u00e2teau de Goutelas, labellis\u00e9 Centre culturel de rencontre par le minist\u00e8re de la Culture et situ\u00e9 \u00e0 Marcoux (Loire 42), ouvre son premier appel \u00e0 candidatures pour l&rsquo;accueil en r\u00e9sidence d&rsquo;un groupe de jazz au cours de la saison 2024-2025. L&rsquo;appel \u00e0 candidatures s&rsquo;adresse \u00e0 des musiciennes et musiciens r\u00e9sidant [&hellip;]\" \/>\n<meta property=\"og:url\" content=\"https:\/\/www.chateaudegoutelas.fr\/en\/appel-a-candidatures-residence-jazz-2024-2025\/\" \/>\n<meta property=\"og:site_name\" content=\"Ch\u00e2teau de Goutelas\" \/>\n<meta property=\"article:published_time\" content=\"2024-09-18T13:26:37+00:00\" \/>\n<meta property=\"article:modified_time\" content=\"2024-10-30T17:27:13+00:00\" \/>\n<meta property=\"og:image\" content=\"https:\/\/www.chateaudegoutelas.fr\/wp-content\/uploads\/2024\/09\/XBY545913x19.jpg\" \/>\n\t<meta property=\"og:image:width\" content=\"2244\" \/>\n\t<meta property=\"og:image:height\" content=\"1498\" \/>\n\t<meta property=\"og:image:type\" content=\"image\/jpeg\" \/>\n<meta name=\"author\" content=\"chateau@goutelas\" \/>\n<meta name=\"twitter:card\" content=\"summary_large_image\" \/>\n<meta name=\"twitter:label1\" content=\"Written by\" \/>\n\t<meta name=\"twitter:data1\" content=\"chateau@goutelas\" \/>\n\t<meta name=\"twitter:label2\" content=\"Estimated reading time\" \/>\n\t<meta name=\"twitter:data2\" content=\"4 minutes\" \/>\n<script type=\"application\/ld+json\" class=\"yoast-schema-graph\">{\"@context\":\"https:\\\/\\\/schema.org\",\"@graph\":[{\"@type\":\"Article\",\"@id\":\"https:\\\/\\\/www.chateaudegoutelas.fr\\\/appel-a-candidatures-residence-jazz-2024-2025\\\/#article\",\"isPartOf\":{\"@id\":\"https:\\\/\\\/www.chateaudegoutelas.fr\\\/appel-a-candidatures-residence-jazz-2024-2025\\\/\"},\"author\":{\"name\":\"chateau@goutelas\",\"@id\":\"https:\\\/\\\/www.chateaudegoutelas.fr\\\/#\\\/schema\\\/person\\\/7e406e8ae114bb86bb9b82d52e6a1738\"},\"headline\":\"Appel \u00e0 candidatures : r\u00e9sidence jazz au Ch\u00e2teau de Goutelas\",\"datePublished\":\"2024-09-18T13:26:37+00:00\",\"dateModified\":\"2024-10-30T17:27:13+00:00\",\"mainEntityOfPage\":{\"@id\":\"https:\\\/\\\/www.chateaudegoutelas.fr\\\/appel-a-candidatures-residence-jazz-2024-2025\\\/\"},\"wordCount\":161,\"publisher\":{\"@id\":\"https:\\\/\\\/www.chateaudegoutelas.fr\\\/#organization\"},\"image\":{\"@id\":\"https:\\\/\\\/www.chateaudegoutelas.fr\\\/appel-a-candidatures-residence-jazz-2024-2025\\\/#primaryimage\"},\"thumbnailUrl\":\"https:\\\/\\\/www.chateaudegoutelas.fr\\\/wp-content\\\/uploads\\\/2024\\\/09\\\/XBY545913x19.jpg\",\"keywords\":[\"home\"],\"articleSection\":[\"Actualit\u00e9\"],\"inLanguage\":\"en-GB\"},{\"@type\":\"WebPage\",\"@id\":\"https:\\\/\\\/www.chateaudegoutelas.fr\\\/appel-a-candidatures-residence-jazz-2024-2025\\\/\",\"url\":\"https:\\\/\\\/www.chateaudegoutelas.fr\\\/appel-a-candidatures-residence-jazz-2024-2025\\\/\",\"name\":\"Appel \u00e0 candidatures : r\u00e9sidence jazz au Ch\u00e2teau de Goutelas - Ch\u00e2teau de Goutelas\",\"isPartOf\":{\"@id\":\"https:\\\/\\\/www.chateaudegoutelas.fr\\\/#website\"},\"primaryImageOfPage\":{\"@id\":\"https:\\\/\\\/www.chateaudegoutelas.fr\\\/appel-a-candidatures-residence-jazz-2024-2025\\\/#primaryimage\"},\"image\":{\"@id\":\"https:\\\/\\\/www.chateaudegoutelas.fr\\\/appel-a-candidatures-residence-jazz-2024-2025\\\/#primaryimage\"},\"thumbnailUrl\":\"https:\\\/\\\/www.chateaudegoutelas.fr\\\/wp-content\\\/uploads\\\/2024\\\/09\\\/XBY545913x19.jpg\",\"datePublished\":\"2024-09-18T13:26:37+00:00\",\"dateModified\":\"2024-10-30T17:27:13+00:00\",\"breadcrumb\":{\"@id\":\"https:\\\/\\\/www.chateaudegoutelas.fr\\\/appel-a-candidatures-residence-jazz-2024-2025\\\/#breadcrumb\"},\"inLanguage\":\"en-GB\",\"potentialAction\":[{\"@type\":\"ReadAction\",\"target\":[\"https:\\\/\\\/www.chateaudegoutelas.fr\\\/appel-a-candidatures-residence-jazz-2024-2025\\\/\"]}]},{\"@type\":\"ImageObject\",\"inLanguage\":\"en-GB\",\"@id\":\"https:\\\/\\\/www.chateaudegoutelas.fr\\\/appel-a-candidatures-residence-jazz-2024-2025\\\/#primaryimage\",\"url\":\"https:\\\/\\\/www.chateaudegoutelas.fr\\\/wp-content\\\/uploads\\\/2024\\\/09\\\/XBY545913x19.jpg\",\"contentUrl\":\"https:\\\/\\\/www.chateaudegoutelas.fr\\\/wp-content\\\/uploads\\\/2024\\\/09\\\/XBY545913x19.jpg\",\"width\":2244,\"height\":1498},{\"@type\":\"BreadcrumbList\",\"@id\":\"https:\\\/\\\/www.chateaudegoutelas.fr\\\/appel-a-candidatures-residence-jazz-2024-2025\\\/#breadcrumb\",\"itemListElement\":[{\"@type\":\"ListItem\",\"position\":1,\"name\":\"Accueil\",\"item\":\"https:\\\/\\\/www.chateaudegoutelas.fr\\\/\"},{\"@type\":\"ListItem\",\"position\":2,\"name\":\"Appel \u00e0 candidatures : r\u00e9sidence jazz au Ch\u00e2teau de Goutelas\"}]},{\"@type\":\"WebSite\",\"@id\":\"https:\\\/\\\/www.chateaudegoutelas.fr\\\/#website\",\"url\":\"https:\\\/\\\/www.chateaudegoutelas.fr\\\/\",\"name\":\"Ch\u00e2teau de Goutelas\",\"description\":\"Un centre culturel de rencontre en Forez\",\"publisher\":{\"@id\":\"https:\\\/\\\/www.chateaudegoutelas.fr\\\/#organization\"},\"potentialAction\":[{\"@type\":\"SearchAction\",\"target\":{\"@type\":\"EntryPoint\",\"urlTemplate\":\"https:\\\/\\\/www.chateaudegoutelas.fr\\\/?s={search_term_string}\"},\"query-input\":{\"@type\":\"PropertyValueSpecification\",\"valueRequired\":true,\"valueName\":\"search_term_string\"}}],\"inLanguage\":\"en-GB\"},{\"@type\":\"Organization\",\"@id\":\"https:\\\/\\\/www.chateaudegoutelas.fr\\\/#organization\",\"name\":\"Ch\u00e2teau de Goutelas\",\"url\":\"https:\\\/\\\/www.chateaudegoutelas.fr\\\/\",\"logo\":{\"@type\":\"ImageObject\",\"inLanguage\":\"en-GB\",\"@id\":\"https:\\\/\\\/www.chateaudegoutelas.fr\\\/#\\\/schema\\\/logo\\\/image\\\/\",\"url\":\"https:\\\/\\\/www.chateaudegoutelas.fr\\\/wp-content\\\/uploads\\\/2023\\\/05\\\/logo-chateau-goutelas-bleu.png\",\"contentUrl\":\"https:\\\/\\\/www.chateaudegoutelas.fr\\\/wp-content\\\/uploads\\\/2023\\\/05\\\/logo-chateau-goutelas-bleu.png\",\"width\":1123,\"height\":327,\"caption\":\"Ch\u00e2teau de Goutelas\"},\"image\":{\"@id\":\"https:\\\/\\\/www.chateaudegoutelas.fr\\\/#\\\/schema\\\/logo\\\/image\\\/\"}},{\"@type\":\"Person\",\"@id\":\"https:\\\/\\\/www.chateaudegoutelas.fr\\\/#\\\/schema\\\/person\\\/7e406e8ae114bb86bb9b82d52e6a1738\",\"name\":\"chateau@goutelas\",\"image\":{\"@type\":\"ImageObject\",\"inLanguage\":\"en-GB\",\"@id\":\"https:\\\/\\\/secure.gravatar.com\\\/avatar\\\/81dca52e038e1e2a8e548cbc7a6a4752e4b1b2df1c0ab48a36029d14ad9c944f?s=96&d=mm&r=g\",\"url\":\"https:\\\/\\\/secure.gravatar.com\\\/avatar\\\/81dca52e038e1e2a8e548cbc7a6a4752e4b1b2df1c0ab48a36029d14ad9c944f?s=96&d=mm&r=g\",\"contentUrl\":\"https:\\\/\\\/secure.gravatar.com\\\/avatar\\\/81dca52e038e1e2a8e548cbc7a6a4752e4b1b2df1c0ab48a36029d14ad9c944f?s=96&d=mm&r=g\",\"caption\":\"chateau@goutelas\"},\"url\":\"https:\\\/\\\/www.chateaudegoutelas.fr\\\/en\\\/author\\\/chateaugoutelas\\\/\"}]}<\/script>\n<!-- \/ Yoast SEO plugin. -->","yoast_head_json":{"title":"Appel \u00e0 candidatures : r\u00e9sidence jazz au Ch\u00e2teau de Goutelas - Ch\u00e2teau de Goutelas","robots":{"index":"index","follow":"follow","max-snippet":"max-snippet:-1","max-image-preview":"max-image-preview:large","max-video-preview":"max-video-preview:-1"},"canonical":"https:\/\/www.chateaudegoutelas.fr\/en\/appel-a-candidatures-residence-jazz-2024-2025\/","og_locale":"en_GB","og_type":"article","og_title":"Appel \u00e0 candidatures : r\u00e9sidence jazz au Ch\u00e2teau de Goutelas - Ch\u00e2teau de Goutelas","og_description":"\u00a9 Xavier Boyer &nbsp; Le Ch\u00e2teau de Goutelas, labellis\u00e9 Centre culturel de rencontre par le minist\u00e8re de la Culture et situ\u00e9 \u00e0 Marcoux (Loire 42), ouvre son premier appel \u00e0 candidatures pour l&rsquo;accueil en r\u00e9sidence d&rsquo;un groupe de jazz au cours de la saison 2024-2025. L&rsquo;appel \u00e0 candidatures s&rsquo;adresse \u00e0 des musiciennes et musiciens r\u00e9sidant [&hellip;]","og_url":"https:\/\/www.chateaudegoutelas.fr\/en\/appel-a-candidatures-residence-jazz-2024-2025\/","og_site_name":"Ch\u00e2teau de Goutelas","article_published_time":"2024-09-18T13:26:37+00:00","article_modified_time":"2024-10-30T17:27:13+00:00","og_image":[{"width":2244,"height":1498,"url":"https:\/\/www.chateaudegoutelas.fr\/wp-content\/uploads\/2024\/09\/XBY545913x19.jpg","type":"image\/jpeg"}],"author":"chateau@goutelas","twitter_card":"summary_large_image","twitter_misc":{"Written by":"chateau@goutelas","Estimated reading time":"4 minutes"},"schema":{"@context":"https:\/\/schema.org","@graph":[{"@type":"Article","@id":"https:\/\/www.chateaudegoutelas.fr\/appel-a-candidatures-residence-jazz-2024-2025\/#article","isPartOf":{"@id":"https:\/\/www.chateaudegoutelas.fr\/appel-a-candidatures-residence-jazz-2024-2025\/"},"author":{"name":"chateau@goutelas","@id":"https:\/\/www.chateaudegoutelas.fr\/#\/schema\/person\/7e406e8ae114bb86bb9b82d52e6a1738"},"headline":"Appel \u00e0 candidatures : r\u00e9sidence jazz au Ch\u00e2teau de Goutelas","datePublished":"2024-09-18T13:26:37+00:00","dateModified":"2024-10-30T17:27:13+00:00","mainEntityOfPage":{"@id":"https:\/\/www.chateaudegoutelas.fr\/appel-a-candidatures-residence-jazz-2024-2025\/"},"wordCount":161,"publisher":{"@id":"https:\/\/www.chateaudegoutelas.fr\/#organization"},"image":{"@id":"https:\/\/www.chateaudegoutelas.fr\/appel-a-candidatures-residence-jazz-2024-2025\/#primaryimage"},"thumbnailUrl":"https:\/\/www.chateaudegoutelas.fr\/wp-content\/uploads\/2024\/09\/XBY545913x19.jpg","keywords":["home"],"articleSection":["Actualit\u00e9"],"inLanguage":"en-GB"},{"@type":"WebPage","@id":"https:\/\/www.chateaudegoutelas.fr\/appel-a-candidatures-residence-jazz-2024-2025\/","url":"https:\/\/www.chateaudegoutelas.fr\/appel-a-candidatures-residence-jazz-2024-2025\/","name":"Appel \u00e0 candidatures : r\u00e9sidence jazz au Ch\u00e2teau de Goutelas - Ch\u00e2teau de Goutelas","isPartOf":{"@id":"https:\/\/www.chateaudegoutelas.fr\/#website"},"primaryImageOfPage":{"@id":"https:\/\/www.chateaudegoutelas.fr\/appel-a-candidatures-residence-jazz-2024-2025\/#primaryimage"},"image":{"@id":"https:\/\/www.chateaudegoutelas.fr\/appel-a-candidatures-residence-jazz-2024-2025\/#primaryimage"},"thumbnailUrl":"https:\/\/www.chateaudegoutelas.fr\/wp-content\/uploads\/2024\/09\/XBY545913x19.jpg","datePublished":"2024-09-18T13:26:37+00:00","dateModified":"2024-10-30T17:27:13+00:00","breadcrumb":{"@id":"https:\/\/www.chateaudegoutelas.fr\/appel-a-candidatures-residence-jazz-2024-2025\/#breadcrumb"},"inLanguage":"en-GB","potentialAction":[{"@type":"ReadAction","target":["https:\/\/www.chateaudegoutelas.fr\/appel-a-candidatures-residence-jazz-2024-2025\/"]}]},{"@type":"ImageObject","inLanguage":"en-GB","@id":"https:\/\/www.chateaudegoutelas.fr\/appel-a-candidatures-residence-jazz-2024-2025\/#primaryimage","url":"https:\/\/www.chateaudegoutelas.fr\/wp-content\/uploads\/2024\/09\/XBY545913x19.jpg","contentUrl":"https:\/\/www.chateaudegoutelas.fr\/wp-content\/uploads\/2024\/09\/XBY545913x19.jpg","width":2244,"height":1498},{"@type":"BreadcrumbList","@id":"https:\/\/www.chateaudegoutelas.fr\/appel-a-candidatures-residence-jazz-2024-2025\/#breadcrumb","itemListElement":[{"@type":"ListItem","position":1,"name":"Accueil","item":"https:\/\/www.chateaudegoutelas.fr\/"},{"@type":"ListItem","position":2,"name":"Appel \u00e0 candidatures : r\u00e9sidence jazz au Ch\u00e2teau de Goutelas"}]},{"@type":"WebSite","@id":"https:\/\/www.chateaudegoutelas.fr\/#website","url":"https:\/\/www.chateaudegoutelas.fr\/","name":"Ch\u00e2teau de Goutelas","description":"Un centre culturel de rencontre en Forez","publisher":{"@id":"https:\/\/www.chateaudegoutelas.fr\/#organization"},"potentialAction":[{"@type":"SearchAction","target":{"@type":"EntryPoint","urlTemplate":"https:\/\/www.chateaudegoutelas.fr\/?s={search_term_string}"},"query-input":{"@type":"PropertyValueSpecification","valueRequired":true,"valueName":"search_term_string"}}],"inLanguage":"en-GB"},{"@type":"Organization","@id":"https:\/\/www.chateaudegoutelas.fr\/#organization","name":"Ch\u00e2teau de Goutelas","url":"https:\/\/www.chateaudegoutelas.fr\/","logo":{"@type":"ImageObject","inLanguage":"en-GB","@id":"https:\/\/www.chateaudegoutelas.fr\/#\/schema\/logo\/image\/","url":"https:\/\/www.chateaudegoutelas.fr\/wp-content\/uploads\/2023\/05\/logo-chateau-goutelas-bleu.png","contentUrl":"https:\/\/www.chateaudegoutelas.fr\/wp-content\/uploads\/2023\/05\/logo-chateau-goutelas-bleu.png","width":1123,"height":327,"caption":"Ch\u00e2teau de Goutelas"},"image":{"@id":"https:\/\/www.chateaudegoutelas.fr\/#\/schema\/logo\/image\/"}},{"@type":"Person","@id":"https:\/\/www.chateaudegoutelas.fr\/#\/schema\/person\/7e406e8ae114bb86bb9b82d52e6a1738","name":"chateau@goutelas","image":{"@type":"ImageObject","inLanguage":"en-GB","@id":"https:\/\/secure.gravatar.com\/avatar\/81dca52e038e1e2a8e548cbc7a6a4752e4b1b2df1c0ab48a36029d14ad9c944f?s=96&d=mm&r=g","url":"https:\/\/secure.gravatar.com\/avatar\/81dca52e038e1e2a8e548cbc7a6a4752e4b1b2df1c0ab48a36029d14ad9c944f?s=96&d=mm&r=g","contentUrl":"https:\/\/secure.gravatar.com\/avatar\/81dca52e038e1e2a8e548cbc7a6a4752e4b1b2df1c0ab48a36029d14ad9c944f?s=96&d=mm&r=g","caption":"chateau@goutelas"},"url":"https:\/\/www.chateaudegoutelas.fr\/en\/author\/chateaugoutelas\/"}]}},"_links":{"self":[{"href":"https:\/\/www.chateaudegoutelas.fr\/en\/wp-json\/wp\/v2\/posts\/9744","targetHints":{"allow":["GET"]}}],"collection":[{"href":"https:\/\/www.chateaudegoutelas.fr\/en\/wp-json\/wp\/v2\/posts"}],"about":[{"href":"https:\/\/www.chateaudegoutelas.fr\/en\/wp-json\/wp\/v2\/types\/post"}],"author":[{"embeddable":true,"href":"https:\/\/www.chateaudegoutelas.fr\/en\/wp-json\/wp\/v2\/users\/7"}],"replies":[{"embeddable":true,"href":"https:\/\/www.chateaudegoutelas.fr\/en\/wp-json\/wp\/v2\/comments?post=9744"}],"version-history":[{"count":3,"href":"https:\/\/www.chateaudegoutelas.fr\/en\/wp-json\/wp\/v2\/posts\/9744\/revisions"}],"predecessor-version":[{"id":9870,"href":"https:\/\/www.chateaudegoutelas.fr\/en\/wp-json\/wp\/v2\/posts\/9744\/revisions\/9870"}],"wp:featuredmedia":[{"embeddable":true,"href":"https:\/\/www.chateaudegoutelas.fr\/en\/wp-json\/wp\/v2\/media\/9745"}],"wp:attachment":[{"href":"https:\/\/www.chateaudegoutelas.fr\/en\/wp-json\/wp\/v2\/media?parent=9744"}],"wp:term":[{"taxonomy":"category","embeddable":true,"href":"https:\/\/www.chateaudegoutelas.fr\/en\/wp-json\/wp\/v2\/categories?post=9744"},{"taxonomy":"post_tag","embeddable":true,"href":"https:\/\/www.chateaudegoutelas.fr\/en\/wp-json\/wp\/v2\/tags?post=9744"}],"curies":[{"name":"wp","href":"https:\/\/api.w.org\/{rel}","templated":true}]}}