{"id":9635,"date":"2024-09-02T16:36:15","date_gmt":"2024-09-02T14:36:15","guid":{"rendered":"https:\/\/www.chateaudegoutelas.fr\/?p=9635"},"modified":"2024-09-02T16:36:15","modified_gmt":"2024-09-02T14:36:15","slug":"saison-2024-2025-le-regard-de-vinciane-despret","status":"publish","type":"post","link":"https:\/\/www.chateaudegoutelas.fr\/en\/saison-2024-2025-le-regard-de-vinciane-despret\/","title":{"rendered":"Saison 2024-2025 : le regard de Vinciane Despret"},"content":{"rendered":"<img loading=\"lazy\" decoding=\"async\" width=\"1483\" height=\"844\" src=\"https:\/\/www.chateaudegoutelas.fr\/wp-content\/uploads\/2024\/08\/Futurs-possibles_Vinciane_Despret_Les_Possedes_et_leurs_mondes__Emmanuel_Luce_2019_a899e68d1e.jpg\" class=\"attachment-post-thumbnail size-post-thumbnail wp-post-image\" alt=\"\" srcset=\"https:\/\/www.chateaudegoutelas.fr\/wp-content\/uploads\/2024\/08\/Futurs-possibles_Vinciane_Despret_Les_Possedes_et_leurs_mondes__Emmanuel_Luce_2019_a899e68d1e.jpg 1483w, https:\/\/www.chateaudegoutelas.fr\/wp-content\/uploads\/2024\/08\/Futurs-possibles_Vinciane_Despret_Les_Possedes_et_leurs_mondes__Emmanuel_Luce_2019_a899e68d1e-1200x683.jpg 1200w, https:\/\/www.chateaudegoutelas.fr\/wp-content\/uploads\/2024\/08\/Futurs-possibles_Vinciane_Despret_Les_Possedes_et_leurs_mondes__Emmanuel_Luce_2019_a899e68d1e-768x437.jpg 768w, https:\/\/www.chateaudegoutelas.fr\/wp-content\/uploads\/2024\/08\/Futurs-possibles_Vinciane_Despret_Les_Possedes_et_leurs_mondes__Emmanuel_Luce_2019_a899e68d1e-18x10.jpg 18w\" sizes=\"auto, (max-width: 1483px) 100vw, 1483px\" \/>\n\t<p>Vinciane Despret \u00a9 Emmanuel Luce, Les Poss\u00e9d\u00e9s et leurs mondes<\/p>\n\t\n<h6><strong>Habiter les milieux\n<\/strong><\/h6>\n<p><i>Vinciane Despret est philosophe, professeure \u00e0 l&rsquo;universit\u00e9 de Li\u00e8ge. Passionn\u00e9e par l&rsquo;\u00e9thologie, elle est l&rsquo;autrice de nombreux ouvrages interrogeant les pratiques de savoir avec les animaux. Complice de cette saison culturelle, elle nous donne rendez-vous \u00e0 l&rsquo;occasion du festival Futurs possibles.<\/i><\/p>\n<p><strong>\u00ab Habiter \u00bb<\/strong> :\u00a0 par de nombreux et pas tr\u00e8s honn\u00eates malentendus, ce mot en est venu \u00e0 signifier \u00ab poss\u00e9der \u00bb. Habitare, \u00ab avoir souvent \u00bb, d\u00e9signait en fait une habitude, il s&rsquo;est r\u00e9duit au simple verbe \u00ab avoir \u00bb. Mais il aura bient\u00f4t chang\u00e9 de sens. D\u00e8s un demain qui n&rsquo;est plus tr\u00e8s lointain, il aura retrouv\u00e9 la signification ancienne, celle qui d\u00e9note des usages, peut-\u00eatre m\u00eame de bons usages &#8211; de tr\u00e8s riches et tr\u00e8s compliqu\u00e9es mises en rapport.\u00a0<\/p>\n<p>Celles et ceux qui vivront ce demain tr\u00e8s proche s&rsquo;\u00e9tonneront de nos incomp\u00e9tences. Quels barbares \u00e9taient-ce, diront-ielles de nous, qui confondaient habiter et poss\u00e9der ? Barbares, oui, le mot est juste : ceux qui nous pr\u00e9c\u00e9daient ne parlaient pas d&rsquo;autres langues que les leurs, celles des humains. Comment ont-ils pu ignorer que tous les \u00eatres parlent et \u00e9crivent ? Que chaque trace laiss\u00e9e par un animal est un trait d&rsquo;\u00e9criture par lequel il ne cesse de se relier \u00e0 d&rsquo;autres? Nos parents, se diront-ils, \u00e9taient-ils donc si \u00e9trangers \u00e0 ce monde ? Leur alphabet \u00e9tait-il \u00e0 ce point indigent qu&rsquo;ils ne pouvaient lire d&rsquo;autres \u00e9critures ? Les traces sont, pour chacun des animaux, tous autant qu&rsquo;ils sont, loup, chat forestier, escargot, insecte st\u00e9nographe, araign\u00e9e tissant sa toile, oiseau chantant ou dansant en murmuration, poisson calligraphiant son nid, autant de mani\u00e8res d&rsquo;habiter, d&rsquo;\u00e9crire son milieu. Non pas un environnement, un lieu, moins encore un patrimoine de biodiversit\u00e9, mais un peuple h\u00e9t\u00e9rog\u00e8ne aux rapports enchev\u00eatr\u00e9s dont chacun, par une grammaire odorante visuelle toujours savante, manifeste \u00e0 d&rsquo;autres l&rsquo;importance de leurs pr\u00e9sences. Faire traces, faire traits, tout un jeu d&rsquo;adresses et de partages d&rsquo;usages. Faire trace, \u00e9crire avec son corps, ses laiss\u00e9es, ses chants, ses danses, ses toiles, ses pi\u00e8ges, ses poils, ses griffes, ses dents, habiter par l&rsquo;\u00e9criture, m\u00ealer la sienne \u00e0 d&rsquo;autres qui habitent pareillement.<\/p>\n<p>Voil\u00e0 donc comment parleront nos enfants de demain matin. Ils ch\u00e9riront les archives pr\u00e9cieuses &#8211; les traces, les traits, et bien d&rsquo;autres mani\u00e8res encore d&rsquo;\u00eatre vivant. Ils sauront que la mani\u00e8re dont chaque \u00eatre vit et go\u00fbte et sent le monde est unique et pleine de passion, fa\u00e7on irrempla\u00e7able d&rsquo;habiter et d&rsquo;inventer un milieu avec d&rsquo;autres- une assembl\u00e9e bruissant d&rsquo;\u00e9critures, de vies et de sensations animales. Ils sauront surtout que chaque milieu, aussi \u00e9ph\u00e9m\u00e8re soit-il, est un patrimoine artistique, un matrimoine auront-ils appris \u00e0 dire, mat\u00e9riel et immat\u00e9riel, qui r\u00e9unit des sons que nous n&rsquo;avions pas encore entendus, des couleurs que nos yeux ne peuvent percevoir, des go\u00fbts que nous ne pouvons imaginer et des r\u00e9cits qu&rsquo;il nous faut apprendre \u00e0 \u00e9couter- des mani\u00e8res de vivre et d&rsquo;habiter qui font de la Terre l&rsquo;\u0153uvre qu&rsquo;elle ne cesse de devenir en leur pr\u00e9sence. Demain matin. La nuit est bient\u00f4t finie.<\/p>\n<h4>\n\t\tActualit\u00e9s en lien\n\t<\/h4>\n\t\t<a href=\"https:\/\/www.chateaudegoutelas.fr\/en\/agenda\/festival-rehabiter\/\" title=\"View Box Content\" target=\"_self\" aria-label=\"Post Element\" rel=\"noopener\"><\/a>\t\t\n\t\t\t\t\t\t\t\t\t\t\t\t\t\t<a href=\"https:\/\/www.chateaudegoutelas.fr\/en\/agenda\/festival-rehabiter\/\" target=\"_self\" title=\"R\u00e9:habiter\" rel=\"noopener\">\n\t\t\t\t<img decoding=\"async\" src=\"https:\/\/www.chateaudegoutelas.fr\/wp-content\/uploads\/2024\/08\/rehabiter-traitement-720x720.jpg\" alt=\"\" \/>\n\t\t\t\t<\/a>\n\t\t\t30 ao\u00fbt 2024\t\t\t\n\t\t\t\t\t\t\t<h4>\n\t\t\t\t<a href=\"https:\/\/www.chateaudegoutelas.fr\/en\/agenda\/festival-rehabiter\/\" title=\"R\u00e9:habiter\" tabindex=\"0\">R\u00e9:habiter<\/a>\t\t\t<\/h4>\n\t\t<a href=\"https:\/\/www.chateaudegoutelas.fr\/en\/agenda\/futurs-possibles-2025\/\" title=\"View Box Content\" target=\"_self\" aria-label=\"Post Element\" rel=\"noopener\"><\/a>\t\t\n\t\t\t\t\t\t\t\t\t\t\t\t\t\t<a href=\"https:\/\/www.chateaudegoutelas.fr\/en\/agenda\/futurs-possibles-2025\/\" target=\"_self\" title=\"Futurs possibles\" rel=\"noopener\">\n\t\t\t\t<img decoding=\"async\" src=\"https:\/\/www.chateaudegoutelas.fr\/wp-content\/uploads\/2024\/08\/Futurs-possibles_duotone_credit-Chateau-de-Goutelas2-720x720.jpg\" alt=\"\" \/>\n\t\t\t\t<\/a>\n\t\t\t30 ao\u00fbt 2024\t\t\t\n\t\t\t\t\t\t\t<h4>\n\t\t\t\t<a href=\"https:\/\/www.chateaudegoutelas.fr\/en\/agenda\/futurs-possibles-2025\/\" title=\"Futurs possibles\" tabindex=\"0\">Futurs possibles<\/a>\t\t\t<\/h4>","protected":false},"excerpt":{"rendered":"<p>Vinciane Despret \u00a9 Emmanuel Luce, Les Poss\u00e9d\u00e9s et leurs mondes Habiter les milieux Vinciane Despret est philosophe, professeure \u00e0 l&rsquo;universit\u00e9 de Li\u00e8ge. Passionn\u00e9e par l&rsquo;\u00e9thologie, elle est l&rsquo;autrice de nombreux ouvrages interrogeant les pratiques de savoir avec les animaux. Complice de cette saison culturelle, elle nous donne rendez-vous \u00e0 l&rsquo;occasion du festival Futurs possibles. \u00ab [&hellip;]<\/p>\n","protected":false},"author":7,"featured_media":9582,"comment_status":"closed","ping_status":"closed","sticky":false,"template":"","format":"standard","meta":{"site-sidebar-layout":"default","site-content-layout":"","ast-site-content-layout":"default","site-content-style":"default","site-sidebar-style":"default","ast-global-header-display":"","ast-banner-title-visibility":"","ast-main-header-display":"","ast-hfb-above-header-display":"","ast-hfb-below-header-display":"","ast-hfb-mobile-header-display":"","site-post-title":"","ast-breadcrumbs-content":"","ast-featured-img":"disabled","footer-sml-layout":"","ast-disable-related-posts":"","theme-transparent-header-meta":"default","adv-header-id-meta":"","stick-header-meta":"default","header-above-stick-meta":"","header-main-stick-meta":"","header-below-stick-meta":"","astra-migrate-meta-layouts":"set","ast-page-background-enabled":"default","ast-page-background-meta":{"desktop":{"background-color":"","background-image":"","background-repeat":"repeat","background-position":"center center","background-size":"auto","background-attachment":"scroll","background-type":"","background-media":"","overlay-type":"","overlay-color":"","overlay-opacity":"","overlay-gradient":""},"tablet":{"background-color":"","background-image":"","background-repeat":"repeat","background-position":"center center","background-size":"auto","background-attachment":"scroll","background-type":"","background-media":"","overlay-type":"","overlay-color":"","overlay-opacity":"","overlay-gradient":""},"mobile":{"background-color":"","background-image":"","background-repeat":"repeat","background-position":"center center","background-size":"auto","background-attachment":"scroll","background-type":"","background-media":"","overlay-type":"","overlay-color":"","overlay-opacity":"","overlay-gradient":""}},"ast-content-background-meta":{"desktop":{"background-color":"var(--ast-global-color-5)","background-image":"","background-repeat":"repeat","background-position":"center center","background-size":"auto","background-attachment":"scroll","background-type":"","background-media":"","overlay-type":"","overlay-color":"","overlay-opacity":"","overlay-gradient":""},"tablet":{"background-color":"var(--ast-global-color-5)","background-image":"","background-repeat":"repeat","background-position":"center center","background-size":"auto","background-attachment":"scroll","background-type":"","background-media":"","overlay-type":"","overlay-color":"","overlay-opacity":"","overlay-gradient":""},"mobile":{"background-color":"var(--ast-global-color-5)","background-image":"","background-repeat":"repeat","background-position":"center center","background-size":"auto","background-attachment":"scroll","background-type":"","background-media":"","overlay-type":"","overlay-color":"","overlay-opacity":"","overlay-gradient":""}},"footnotes":""},"categories":[4],"tags":[306],"class_list":["post-9635","post","type-post","status-publish","format-standard","has-post-thumbnail","hentry","category-actualites","tag-home"],"yoast_head":"<!-- This site is optimized with the Yoast SEO plugin v27.5 - https:\/\/yoast.com\/product\/yoast-seo-wordpress\/ -->\n<title>Saison 2024-2025 : le regard de Vinciane Despret - Ch\u00e2teau de Goutelas<\/title>\n<meta name=\"robots\" content=\"index, follow, max-snippet:-1, max-image-preview:large, max-video-preview:-1\" \/>\n<link rel=\"canonical\" href=\"https:\/\/www.chateaudegoutelas.fr\/en\/saison-2024-2025-le-regard-de-vinciane-despret\/\" \/>\n<meta property=\"og:locale\" content=\"en_GB\" \/>\n<meta property=\"og:type\" content=\"article\" \/>\n<meta property=\"og:title\" content=\"Saison 2024-2025 : le regard de Vinciane Despret - Ch\u00e2teau de Goutelas\" \/>\n<meta property=\"og:description\" content=\"Vinciane Despret \u00a9 Emmanuel Luce, Les Poss\u00e9d\u00e9s et leurs mondes Habiter les milieux Vinciane Despret est philosophe, professeure \u00e0 l&rsquo;universit\u00e9 de Li\u00e8ge. Passionn\u00e9e par l&rsquo;\u00e9thologie, elle est l&rsquo;autrice de nombreux ouvrages interrogeant les pratiques de savoir avec les animaux. Complice de cette saison culturelle, elle nous donne rendez-vous \u00e0 l&rsquo;occasion du festival Futurs possibles. \u00ab [&hellip;]\" \/>\n<meta property=\"og:url\" content=\"https:\/\/www.chateaudegoutelas.fr\/en\/saison-2024-2025-le-regard-de-vinciane-despret\/\" \/>\n<meta property=\"og:site_name\" content=\"Ch\u00e2teau de Goutelas\" \/>\n<meta property=\"article:published_time\" content=\"2024-09-02T14:36:15+00:00\" \/>\n<meta property=\"og:image\" content=\"https:\/\/www.chateaudegoutelas.fr\/wp-content\/uploads\/2024\/08\/Futurs-possibles_Vinciane_Despret_Les_Possedes_et_leurs_mondes__Emmanuel_Luce_2019_a899e68d1e.jpg\" \/>\n\t<meta property=\"og:image:width\" content=\"1483\" \/>\n\t<meta property=\"og:image:height\" content=\"844\" \/>\n\t<meta property=\"og:image:type\" content=\"image\/jpeg\" \/>\n<meta name=\"author\" content=\"chateau@goutelas\" \/>\n<meta name=\"twitter:card\" content=\"summary_large_image\" \/>\n<meta name=\"twitter:label1\" content=\"Written by\" \/>\n\t<meta name=\"twitter:data1\" content=\"chateau@goutelas\" \/>\n\t<meta name=\"twitter:label2\" content=\"Estimated reading time\" \/>\n\t<meta name=\"twitter:data2\" content=\"3 minutes\" \/>\n<script type=\"application\/ld+json\" class=\"yoast-schema-graph\">{\"@context\":\"https:\\\/\\\/schema.org\",\"@graph\":[{\"@type\":\"Article\",\"@id\":\"https:\\\/\\\/www.chateaudegoutelas.fr\\\/saison-2024-2025-le-regard-de-vinciane-despret\\\/#article\",\"isPartOf\":{\"@id\":\"https:\\\/\\\/www.chateaudegoutelas.fr\\\/saison-2024-2025-le-regard-de-vinciane-despret\\\/\"},\"author\":{\"name\":\"chateau@goutelas\",\"@id\":\"https:\\\/\\\/www.chateaudegoutelas.fr\\\/#\\\/schema\\\/person\\\/7e406e8ae114bb86bb9b82d52e6a1738\"},\"headline\":\"Saison 2024-2025 : le regard de Vinciane Despret\",\"datePublished\":\"2024-09-02T14:36:15+00:00\",\"mainEntityOfPage\":{\"@id\":\"https:\\\/\\\/www.chateaudegoutelas.fr\\\/saison-2024-2025-le-regard-de-vinciane-despret\\\/\"},\"wordCount\":592,\"publisher\":{\"@id\":\"https:\\\/\\\/www.chateaudegoutelas.fr\\\/#organization\"},\"image\":{\"@id\":\"https:\\\/\\\/www.chateaudegoutelas.fr\\\/saison-2024-2025-le-regard-de-vinciane-despret\\\/#primaryimage\"},\"thumbnailUrl\":\"https:\\\/\\\/www.chateaudegoutelas.fr\\\/wp-content\\\/uploads\\\/2024\\\/08\\\/Futurs-possibles_Vinciane_Despret_Les_Possedes_et_leurs_mondes__Emmanuel_Luce_2019_a899e68d1e.jpg\",\"keywords\":[\"home\"],\"articleSection\":[\"Actualit\u00e9\"],\"inLanguage\":\"en-GB\"},{\"@type\":\"WebPage\",\"@id\":\"https:\\\/\\\/www.chateaudegoutelas.fr\\\/saison-2024-2025-le-regard-de-vinciane-despret\\\/\",\"url\":\"https:\\\/\\\/www.chateaudegoutelas.fr\\\/saison-2024-2025-le-regard-de-vinciane-despret\\\/\",\"name\":\"Saison 2024-2025 : le regard de Vinciane Despret - Ch\u00e2teau de Goutelas\",\"isPartOf\":{\"@id\":\"https:\\\/\\\/www.chateaudegoutelas.fr\\\/#website\"},\"primaryImageOfPage\":{\"@id\":\"https:\\\/\\\/www.chateaudegoutelas.fr\\\/saison-2024-2025-le-regard-de-vinciane-despret\\\/#primaryimage\"},\"image\":{\"@id\":\"https:\\\/\\\/www.chateaudegoutelas.fr\\\/saison-2024-2025-le-regard-de-vinciane-despret\\\/#primaryimage\"},\"thumbnailUrl\":\"https:\\\/\\\/www.chateaudegoutelas.fr\\\/wp-content\\\/uploads\\\/2024\\\/08\\\/Futurs-possibles_Vinciane_Despret_Les_Possedes_et_leurs_mondes__Emmanuel_Luce_2019_a899e68d1e.jpg\",\"datePublished\":\"2024-09-02T14:36:15+00:00\",\"breadcrumb\":{\"@id\":\"https:\\\/\\\/www.chateaudegoutelas.fr\\\/saison-2024-2025-le-regard-de-vinciane-despret\\\/#breadcrumb\"},\"inLanguage\":\"en-GB\",\"potentialAction\":[{\"@type\":\"ReadAction\",\"target\":[\"https:\\\/\\\/www.chateaudegoutelas.fr\\\/saison-2024-2025-le-regard-de-vinciane-despret\\\/\"]}]},{\"@type\":\"ImageObject\",\"inLanguage\":\"en-GB\",\"@id\":\"https:\\\/\\\/www.chateaudegoutelas.fr\\\/saison-2024-2025-le-regard-de-vinciane-despret\\\/#primaryimage\",\"url\":\"https:\\\/\\\/www.chateaudegoutelas.fr\\\/wp-content\\\/uploads\\\/2024\\\/08\\\/Futurs-possibles_Vinciane_Despret_Les_Possedes_et_leurs_mondes__Emmanuel_Luce_2019_a899e68d1e.jpg\",\"contentUrl\":\"https:\\\/\\\/www.chateaudegoutelas.fr\\\/wp-content\\\/uploads\\\/2024\\\/08\\\/Futurs-possibles_Vinciane_Despret_Les_Possedes_et_leurs_mondes__Emmanuel_Luce_2019_a899e68d1e.jpg\",\"width\":1483,\"height\":844},{\"@type\":\"BreadcrumbList\",\"@id\":\"https:\\\/\\\/www.chateaudegoutelas.fr\\\/saison-2024-2025-le-regard-de-vinciane-despret\\\/#breadcrumb\",\"itemListElement\":[{\"@type\":\"ListItem\",\"position\":1,\"name\":\"Accueil\",\"item\":\"https:\\\/\\\/www.chateaudegoutelas.fr\\\/\"},{\"@type\":\"ListItem\",\"position\":2,\"name\":\"Saison 2024-2025 : le regard de Vinciane Despret\"}]},{\"@type\":\"WebSite\",\"@id\":\"https:\\\/\\\/www.chateaudegoutelas.fr\\\/#website\",\"url\":\"https:\\\/\\\/www.chateaudegoutelas.fr\\\/\",\"name\":\"Ch\u00e2teau de Goutelas\",\"description\":\"Un centre culturel de rencontre en Forez\",\"publisher\":{\"@id\":\"https:\\\/\\\/www.chateaudegoutelas.fr\\\/#organization\"},\"potentialAction\":[{\"@type\":\"SearchAction\",\"target\":{\"@type\":\"EntryPoint\",\"urlTemplate\":\"https:\\\/\\\/www.chateaudegoutelas.fr\\\/?s={search_term_string}\"},\"query-input\":{\"@type\":\"PropertyValueSpecification\",\"valueRequired\":true,\"valueName\":\"search_term_string\"}}],\"inLanguage\":\"en-GB\"},{\"@type\":\"Organization\",\"@id\":\"https:\\\/\\\/www.chateaudegoutelas.fr\\\/#organization\",\"name\":\"Ch\u00e2teau de Goutelas\",\"url\":\"https:\\\/\\\/www.chateaudegoutelas.fr\\\/\",\"logo\":{\"@type\":\"ImageObject\",\"inLanguage\":\"en-GB\",\"@id\":\"https:\\\/\\\/www.chateaudegoutelas.fr\\\/#\\\/schema\\\/logo\\\/image\\\/\",\"url\":\"https:\\\/\\\/www.chateaudegoutelas.fr\\\/wp-content\\\/uploads\\\/2023\\\/05\\\/logo-chateau-goutelas-bleu.png\",\"contentUrl\":\"https:\\\/\\\/www.chateaudegoutelas.fr\\\/wp-content\\\/uploads\\\/2023\\\/05\\\/logo-chateau-goutelas-bleu.png\",\"width\":1123,\"height\":327,\"caption\":\"Ch\u00e2teau de Goutelas\"},\"image\":{\"@id\":\"https:\\\/\\\/www.chateaudegoutelas.fr\\\/#\\\/schema\\\/logo\\\/image\\\/\"}},{\"@type\":\"Person\",\"@id\":\"https:\\\/\\\/www.chateaudegoutelas.fr\\\/#\\\/schema\\\/person\\\/7e406e8ae114bb86bb9b82d52e6a1738\",\"name\":\"chateau@goutelas\",\"image\":{\"@type\":\"ImageObject\",\"inLanguage\":\"en-GB\",\"@id\":\"https:\\\/\\\/secure.gravatar.com\\\/avatar\\\/81dca52e038e1e2a8e548cbc7a6a4752e4b1b2df1c0ab48a36029d14ad9c944f?s=96&d=mm&r=g\",\"url\":\"https:\\\/\\\/secure.gravatar.com\\\/avatar\\\/81dca52e038e1e2a8e548cbc7a6a4752e4b1b2df1c0ab48a36029d14ad9c944f?s=96&d=mm&r=g\",\"contentUrl\":\"https:\\\/\\\/secure.gravatar.com\\\/avatar\\\/81dca52e038e1e2a8e548cbc7a6a4752e4b1b2df1c0ab48a36029d14ad9c944f?s=96&d=mm&r=g\",\"caption\":\"chateau@goutelas\"},\"url\":\"https:\\\/\\\/www.chateaudegoutelas.fr\\\/en\\\/author\\\/chateaugoutelas\\\/\"}]}<\/script>\n<!-- \/ Yoast SEO plugin. -->","yoast_head_json":{"title":"Saison 2024-2025 : le regard de Vinciane Despret - Ch\u00e2teau de Goutelas","robots":{"index":"index","follow":"follow","max-snippet":"max-snippet:-1","max-image-preview":"max-image-preview:large","max-video-preview":"max-video-preview:-1"},"canonical":"https:\/\/www.chateaudegoutelas.fr\/en\/saison-2024-2025-le-regard-de-vinciane-despret\/","og_locale":"en_GB","og_type":"article","og_title":"Saison 2024-2025 : le regard de Vinciane Despret - Ch\u00e2teau de Goutelas","og_description":"Vinciane Despret \u00a9 Emmanuel Luce, Les Poss\u00e9d\u00e9s et leurs mondes Habiter les milieux Vinciane Despret est philosophe, professeure \u00e0 l&rsquo;universit\u00e9 de Li\u00e8ge. Passionn\u00e9e par l&rsquo;\u00e9thologie, elle est l&rsquo;autrice de nombreux ouvrages interrogeant les pratiques de savoir avec les animaux. Complice de cette saison culturelle, elle nous donne rendez-vous \u00e0 l&rsquo;occasion du festival Futurs possibles. \u00ab [&hellip;]","og_url":"https:\/\/www.chateaudegoutelas.fr\/en\/saison-2024-2025-le-regard-de-vinciane-despret\/","og_site_name":"Ch\u00e2teau de Goutelas","article_published_time":"2024-09-02T14:36:15+00:00","og_image":[{"width":1483,"height":844,"url":"https:\/\/www.chateaudegoutelas.fr\/wp-content\/uploads\/2024\/08\/Futurs-possibles_Vinciane_Despret_Les_Possedes_et_leurs_mondes__Emmanuel_Luce_2019_a899e68d1e.jpg","type":"image\/jpeg"}],"author":"chateau@goutelas","twitter_card":"summary_large_image","twitter_misc":{"Written by":"chateau@goutelas","Estimated reading time":"3 minutes"},"schema":{"@context":"https:\/\/schema.org","@graph":[{"@type":"Article","@id":"https:\/\/www.chateaudegoutelas.fr\/saison-2024-2025-le-regard-de-vinciane-despret\/#article","isPartOf":{"@id":"https:\/\/www.chateaudegoutelas.fr\/saison-2024-2025-le-regard-de-vinciane-despret\/"},"author":{"name":"chateau@goutelas","@id":"https:\/\/www.chateaudegoutelas.fr\/#\/schema\/person\/7e406e8ae114bb86bb9b82d52e6a1738"},"headline":"Saison 2024-2025 : le regard de Vinciane Despret","datePublished":"2024-09-02T14:36:15+00:00","mainEntityOfPage":{"@id":"https:\/\/www.chateaudegoutelas.fr\/saison-2024-2025-le-regard-de-vinciane-despret\/"},"wordCount":592,"publisher":{"@id":"https:\/\/www.chateaudegoutelas.fr\/#organization"},"image":{"@id":"https:\/\/www.chateaudegoutelas.fr\/saison-2024-2025-le-regard-de-vinciane-despret\/#primaryimage"},"thumbnailUrl":"https:\/\/www.chateaudegoutelas.fr\/wp-content\/uploads\/2024\/08\/Futurs-possibles_Vinciane_Despret_Les_Possedes_et_leurs_mondes__Emmanuel_Luce_2019_a899e68d1e.jpg","keywords":["home"],"articleSection":["Actualit\u00e9"],"inLanguage":"en-GB"},{"@type":"WebPage","@id":"https:\/\/www.chateaudegoutelas.fr\/saison-2024-2025-le-regard-de-vinciane-despret\/","url":"https:\/\/www.chateaudegoutelas.fr\/saison-2024-2025-le-regard-de-vinciane-despret\/","name":"Saison 2024-2025 : le regard de Vinciane Despret - Ch\u00e2teau de Goutelas","isPartOf":{"@id":"https:\/\/www.chateaudegoutelas.fr\/#website"},"primaryImageOfPage":{"@id":"https:\/\/www.chateaudegoutelas.fr\/saison-2024-2025-le-regard-de-vinciane-despret\/#primaryimage"},"image":{"@id":"https:\/\/www.chateaudegoutelas.fr\/saison-2024-2025-le-regard-de-vinciane-despret\/#primaryimage"},"thumbnailUrl":"https:\/\/www.chateaudegoutelas.fr\/wp-content\/uploads\/2024\/08\/Futurs-possibles_Vinciane_Despret_Les_Possedes_et_leurs_mondes__Emmanuel_Luce_2019_a899e68d1e.jpg","datePublished":"2024-09-02T14:36:15+00:00","breadcrumb":{"@id":"https:\/\/www.chateaudegoutelas.fr\/saison-2024-2025-le-regard-de-vinciane-despret\/#breadcrumb"},"inLanguage":"en-GB","potentialAction":[{"@type":"ReadAction","target":["https:\/\/www.chateaudegoutelas.fr\/saison-2024-2025-le-regard-de-vinciane-despret\/"]}]},{"@type":"ImageObject","inLanguage":"en-GB","@id":"https:\/\/www.chateaudegoutelas.fr\/saison-2024-2025-le-regard-de-vinciane-despret\/#primaryimage","url":"https:\/\/www.chateaudegoutelas.fr\/wp-content\/uploads\/2024\/08\/Futurs-possibles_Vinciane_Despret_Les_Possedes_et_leurs_mondes__Emmanuel_Luce_2019_a899e68d1e.jpg","contentUrl":"https:\/\/www.chateaudegoutelas.fr\/wp-content\/uploads\/2024\/08\/Futurs-possibles_Vinciane_Despret_Les_Possedes_et_leurs_mondes__Emmanuel_Luce_2019_a899e68d1e.jpg","width":1483,"height":844},{"@type":"BreadcrumbList","@id":"https:\/\/www.chateaudegoutelas.fr\/saison-2024-2025-le-regard-de-vinciane-despret\/#breadcrumb","itemListElement":[{"@type":"ListItem","position":1,"name":"Accueil","item":"https:\/\/www.chateaudegoutelas.fr\/"},{"@type":"ListItem","position":2,"name":"Saison 2024-2025 : le regard de Vinciane Despret"}]},{"@type":"WebSite","@id":"https:\/\/www.chateaudegoutelas.fr\/#website","url":"https:\/\/www.chateaudegoutelas.fr\/","name":"Ch\u00e2teau de Goutelas","description":"Un centre culturel de rencontre en Forez","publisher":{"@id":"https:\/\/www.chateaudegoutelas.fr\/#organization"},"potentialAction":[{"@type":"SearchAction","target":{"@type":"EntryPoint","urlTemplate":"https:\/\/www.chateaudegoutelas.fr\/?s={search_term_string}"},"query-input":{"@type":"PropertyValueSpecification","valueRequired":true,"valueName":"search_term_string"}}],"inLanguage":"en-GB"},{"@type":"Organization","@id":"https:\/\/www.chateaudegoutelas.fr\/#organization","name":"Ch\u00e2teau de Goutelas","url":"https:\/\/www.chateaudegoutelas.fr\/","logo":{"@type":"ImageObject","inLanguage":"en-GB","@id":"https:\/\/www.chateaudegoutelas.fr\/#\/schema\/logo\/image\/","url":"https:\/\/www.chateaudegoutelas.fr\/wp-content\/uploads\/2023\/05\/logo-chateau-goutelas-bleu.png","contentUrl":"https:\/\/www.chateaudegoutelas.fr\/wp-content\/uploads\/2023\/05\/logo-chateau-goutelas-bleu.png","width":1123,"height":327,"caption":"Ch\u00e2teau de Goutelas"},"image":{"@id":"https:\/\/www.chateaudegoutelas.fr\/#\/schema\/logo\/image\/"}},{"@type":"Person","@id":"https:\/\/www.chateaudegoutelas.fr\/#\/schema\/person\/7e406e8ae114bb86bb9b82d52e6a1738","name":"chateau@goutelas","image":{"@type":"ImageObject","inLanguage":"en-GB","@id":"https:\/\/secure.gravatar.com\/avatar\/81dca52e038e1e2a8e548cbc7a6a4752e4b1b2df1c0ab48a36029d14ad9c944f?s=96&d=mm&r=g","url":"https:\/\/secure.gravatar.com\/avatar\/81dca52e038e1e2a8e548cbc7a6a4752e4b1b2df1c0ab48a36029d14ad9c944f?s=96&d=mm&r=g","contentUrl":"https:\/\/secure.gravatar.com\/avatar\/81dca52e038e1e2a8e548cbc7a6a4752e4b1b2df1c0ab48a36029d14ad9c944f?s=96&d=mm&r=g","caption":"chateau@goutelas"},"url":"https:\/\/www.chateaudegoutelas.fr\/en\/author\/chateaugoutelas\/"}]}},"_links":{"self":[{"href":"https:\/\/www.chateaudegoutelas.fr\/en\/wp-json\/wp\/v2\/posts\/9635","targetHints":{"allow":["GET"]}}],"collection":[{"href":"https:\/\/www.chateaudegoutelas.fr\/en\/wp-json\/wp\/v2\/posts"}],"about":[{"href":"https:\/\/www.chateaudegoutelas.fr\/en\/wp-json\/wp\/v2\/types\/post"}],"author":[{"embeddable":true,"href":"https:\/\/www.chateaudegoutelas.fr\/en\/wp-json\/wp\/v2\/users\/7"}],"replies":[{"embeddable":true,"href":"https:\/\/www.chateaudegoutelas.fr\/en\/wp-json\/wp\/v2\/comments?post=9635"}],"version-history":[{"count":2,"href":"https:\/\/www.chateaudegoutelas.fr\/en\/wp-json\/wp\/v2\/posts\/9635\/revisions"}],"predecessor-version":[{"id":9637,"href":"https:\/\/www.chateaudegoutelas.fr\/en\/wp-json\/wp\/v2\/posts\/9635\/revisions\/9637"}],"wp:featuredmedia":[{"embeddable":true,"href":"https:\/\/www.chateaudegoutelas.fr\/en\/wp-json\/wp\/v2\/media\/9582"}],"wp:attachment":[{"href":"https:\/\/www.chateaudegoutelas.fr\/en\/wp-json\/wp\/v2\/media?parent=9635"}],"wp:term":[{"taxonomy":"category","embeddable":true,"href":"https:\/\/www.chateaudegoutelas.fr\/en\/wp-json\/wp\/v2\/categories?post=9635"},{"taxonomy":"post_tag","embeddable":true,"href":"https:\/\/www.chateaudegoutelas.fr\/en\/wp-json\/wp\/v2\/tags?post=9635"}],"curies":[{"name":"wp","href":"https:\/\/api.w.org\/{rel}","templated":true}]}}