{"id":9482,"date":"2024-07-11T16:53:50","date_gmt":"2024-07-11T14:53:50","guid":{"rendered":"https:\/\/www.chateaudegoutelas.fr\/?p=9482"},"modified":"2024-07-11T16:58:22","modified_gmt":"2024-07-11T14:58:22","slug":"ateliers-ceramique-ete-2024","status":"publish","type":"post","link":"https:\/\/www.chateaudegoutelas.fr\/en\/ateliers-ceramique-ete-2024\/","title":{"rendered":"Retour sur les ateliers d&rsquo;initiation \u00e0 la c\u00e9ramique avec Marjolaine Turpin"},"content":{"rendered":"<img loading=\"lazy\" decoding=\"async\" src=\"https:\/\/www.chateaudegoutelas.fr\/wp-content\/uploads\/2024\/07\/DSC0794-scaled.jpg\" alt=\"_DSC0794\" itemprop=\"image\" height=\"1707\" width=\"2560\" title=\"_DSC0794\" onerror=\"this.style.display='none'\"  \/>\n<h4>\n\t\t\u00a9 Ch\u00e2teau de Goutelas\n\t<\/h4>\n\t<p>Dans le cadre de l&rsquo;appel \u00e0 projet \u00ab\u00a0C&rsquo;est mon patrimoine 2024\u00a0\u00bb et gr\u00e2ce au soutien du minist\u00e8re de la Culture, les enfants de l&rsquo;Accueil de Loisirs de la MJC Pays d&rsquo;Astr\u00e9e \u00e0 Bo\u00ebn-sur-Lignon ont particip\u00e9 \u00e0 des ateliers d&rsquo;initiation \u00e0 la c\u00e9ramique avec l&rsquo;artiste <strong>Marjolaine Turpin<\/strong>.<\/p>\n<p>Organis\u00e9s pendant les vacances scolaires d&rsquo;avril, ces ateliers ont permis aux participants de d\u00e9couvrir le ch\u00e2teau, d&rsquo;apprendre les bases du modelage et d&rsquo;exp\u00e9rimenter le travail de la terre.<\/p>\n<p>Pour r\u00e9sonner avec la th\u00e9matique du festival Futurs Possibles 2024\u00a0 &#8211; l&rsquo;alimentation -, Marjolaine Turpin a imagin\u00e9 une une s\u00e9rie d&rsquo;ateliers autour de la cr\u00e9ation de\u00a0<i data-stringify-type=\"italic\">gargoulettes<\/i>, r\u00e9cipients traditionnels du bassin m\u00e9diterran\u00e9en. Ces objets, par leur capacit\u00e9 \u00e0 refroidir l&rsquo;eau gr\u00e2ce \u00e0 leur porosit\u00e9, font \u00e9cho aux enjeux du festival et offrent une solution durable et esth\u00e9tique. Les enfants ont d\u00e9couvert l&rsquo;histoire de cet objet ancien et oubli\u00e9, ainsi que les savoir-faire qui y sont associ\u00e9s : le modelage, la cuisson, etc.<\/p>\n<p>Chaque enfant a pu cr\u00e9er sa propre gargoulette inspir\u00e9e de formes et motifs traditionnels qui a abouti \u00e0 la cr\u00e9ation d&rsquo;une \u0153uvre collective.<\/p>\n<h4>\n\t\tActualit\u00e9s en lien\n\t<\/h4>\n\t\t<a href=\"https:\/\/www.chateaudegoutelas.fr\/en\/retour-futurs-possibles-2024\/\" target=\"_self\" aria-label=\"Post Element\" rel=\"noopener\"><\/a>\t\t\n\t\t\t\t\t\t\t\t\t\t\t\t\t\t<a href=\"https:\/\/www.chateaudegoutelas.fr\/en\/retour-futurs-possibles-2024\/\" target=\"_self\" title=\"Retour sur le festival Futurs possibles 2024\" rel=\"noopener\">\n\t\t\t\t<img decoding=\"async\" src=\"https:\/\/www.chateaudegoutelas.fr\/wp-content\/uploads\/2024\/06\/photo-Popote-Chef-720x720.jpg\" alt=\"\" \/>\n\t\t\t\t<\/a>\n\t\t\t27 juin 2024\t\t\t\n\t\t\t\t<a href=\"https:\/\/www.chateaudegoutelas.fr\/en\/retour-futurs-possibles-2024\/\" title=\"Retour sur le festival Futurs possibles 2024\" tabindex=\"0\">Retour sur le festival Futurs possibles 2024<\/a>\t\t\t\n\t\t<a href=\"https:\/\/www.chateaudegoutelas.fr\/en\/retour-projet-revolution-42130\/\" target=\"_self\" aria-label=\"Post Element\" rel=\"noopener\"><\/a>\t\t\n\t\t\t\t\t\t\t\t\t\t\t\t\t\t<a href=\"https:\/\/www.chateaudegoutelas.fr\/en\/retour-projet-revolution-42130\/\" target=\"_self\" title=\"Retour sur l&rsquo;expo R\u00e9volution 42130\" rel=\"noopener\">\n\t\t\t\t<img decoding=\"async\" src=\"https:\/\/www.chateaudegoutelas.fr\/wp-content\/uploads\/2024\/06\/photo-avoine-scaled-e1719578288362-720x720.jpg\" alt=\"\" \/>\n\t\t\t\t<\/a>\n\t\t\t27 juin 2024\t\t\t\n\t\t\t\t<a href=\"https:\/\/www.chateaudegoutelas.fr\/en\/retour-projet-revolution-42130\/\" title=\"Retour sur l&rsquo;expo R\u00e9volution 42130\" tabindex=\"0\">Retour sur l&rsquo;expo R\u00e9volution 42130<\/a>\t\t\t\n<h2>\n\t\tet aussi\n\t<\/h2>\n\t\t<a href=\"https:\/\/www.chateaudegoutelas.fr\/en\/le-chateau-de-goutelas\/partenaires\/\" target=\"_self\" aria-label=\"Post Element\" rel=\"noopener\"><\/a>\t\t\n\t\t\t\t\t\t\t\t\t\t\t\t\t\t<a href=\"https:\/\/www.chateaudegoutelas.fr\/en\/le-chateau-de-goutelas\/partenaires\/\" target=\"_self\" title=\"Nos partenaires\" rel=\"noopener\">\n\t\t\t\t<img decoding=\"async\" src=\"https:\/\/www.chateaudegoutelas.fr\/wp-content\/uploads\/2023\/03\/Visite_credit_Philippe-Mesa-min-scaled-1-600x600.jpg\" alt=\"\" \/>\n\t\t\t\t<\/a>\n\t\t\t\t<a href=\"https:\/\/www.chateaudegoutelas.fr\/en\/le-chateau-de-goutelas\/partenaires\/\" title=\"Nos partenaires\" tabindex=\"0\">Nos partenaires<\/a>","protected":false},"excerpt":{"rendered":"<p>\u00a9 Ch\u00e2teau de Goutelas Dans le cadre de l&rsquo;appel \u00e0 projet \u00ab\u00a0C&rsquo;est mon patrimoine 2024\u00a0\u00bb et gr\u00e2ce au soutien du minist\u00e8re de la Culture, les enfants de l&rsquo;Accueil de Loisirs de la MJC Pays d&rsquo;Astr\u00e9e \u00e0 Bo\u00ebn-sur-Lignon ont particip\u00e9 \u00e0 des ateliers d&rsquo;initiation \u00e0 la c\u00e9ramique avec l&rsquo;artiste Marjolaine Turpin. Organis\u00e9s pendant les vacances scolaires [&hellip;]<\/p>\n","protected":false},"author":7,"featured_media":9483,"comment_status":"closed","ping_status":"closed","sticky":false,"template":"","format":"standard","meta":{"site-sidebar-layout":"default","site-content-layout":"","ast-site-content-layout":"default","site-content-style":"default","site-sidebar-style":"default","ast-global-header-display":"","ast-banner-title-visibility":"","ast-main-header-display":"","ast-hfb-above-header-display":"","ast-hfb-below-header-display":"","ast-hfb-mobile-header-display":"","site-post-title":"","ast-breadcrumbs-content":"","ast-featured-img":"disabled","footer-sml-layout":"","ast-disable-related-posts":"","theme-transparent-header-meta":"default","adv-header-id-meta":"","stick-header-meta":"default","header-above-stick-meta":"","header-main-stick-meta":"","header-below-stick-meta":"","astra-migrate-meta-layouts":"set","ast-page-background-enabled":"default","ast-page-background-meta":{"desktop":{"background-color":"","background-image":"","background-repeat":"repeat","background-position":"center center","background-size":"auto","background-attachment":"scroll","background-type":"","background-media":"","overlay-type":"","overlay-color":"","overlay-opacity":"","overlay-gradient":""},"tablet":{"background-color":"","background-image":"","background-repeat":"repeat","background-position":"center center","background-size":"auto","background-attachment":"scroll","background-type":"","background-media":"","overlay-type":"","overlay-color":"","overlay-opacity":"","overlay-gradient":""},"mobile":{"background-color":"","background-image":"","background-repeat":"repeat","background-position":"center center","background-size":"auto","background-attachment":"scroll","background-type":"","background-media":"","overlay-type":"","overlay-color":"","overlay-opacity":"","overlay-gradient":""}},"ast-content-background-meta":{"desktop":{"background-color":"var(--ast-global-color-5)","background-image":"","background-repeat":"repeat","background-position":"center center","background-size":"auto","background-attachment":"scroll","background-type":"","background-media":"","overlay-type":"","overlay-color":"","overlay-opacity":"","overlay-gradient":""},"tablet":{"background-color":"var(--ast-global-color-5)","background-image":"","background-repeat":"repeat","background-position":"center center","background-size":"auto","background-attachment":"scroll","background-type":"","background-media":"","overlay-type":"","overlay-color":"","overlay-opacity":"","overlay-gradient":""},"mobile":{"background-color":"var(--ast-global-color-5)","background-image":"","background-repeat":"repeat","background-position":"center center","background-size":"auto","background-attachment":"scroll","background-type":"","background-media":"","overlay-type":"","overlay-color":"","overlay-opacity":"","overlay-gradient":""}},"footnotes":""},"categories":[4],"tags":[],"class_list":["post-9482","post","type-post","status-publish","format-standard","has-post-thumbnail","hentry","category-actualites"],"yoast_head":"<!-- This site is optimized with the Yoast SEO plugin v27.5 - https:\/\/yoast.com\/product\/yoast-seo-wordpress\/ -->\n<title>Retour sur les ateliers d&#039;initiation \u00e0 la c\u00e9ramique avec Marjolaine Turpin - Ch\u00e2teau de Goutelas<\/title>\n<meta name=\"robots\" content=\"index, follow, max-snippet:-1, max-image-preview:large, max-video-preview:-1\" \/>\n<link rel=\"canonical\" href=\"https:\/\/www.chateaudegoutelas.fr\/en\/ateliers-ceramique-ete-2024\/\" \/>\n<meta property=\"og:locale\" content=\"en_GB\" \/>\n<meta property=\"og:type\" content=\"article\" \/>\n<meta property=\"og:title\" content=\"Retour sur les ateliers d&#039;initiation \u00e0 la c\u00e9ramique avec Marjolaine Turpin - Ch\u00e2teau de Goutelas\" \/>\n<meta property=\"og:description\" content=\"\u00a9 Ch\u00e2teau de Goutelas Dans le cadre de l&rsquo;appel \u00e0 projet \u00ab\u00a0C&rsquo;est mon patrimoine 2024\u00a0\u00bb et gr\u00e2ce au soutien du minist\u00e8re de la Culture, les enfants de l&rsquo;Accueil de Loisirs de la MJC Pays d&rsquo;Astr\u00e9e \u00e0 Bo\u00ebn-sur-Lignon ont particip\u00e9 \u00e0 des ateliers d&rsquo;initiation \u00e0 la c\u00e9ramique avec l&rsquo;artiste Marjolaine Turpin. Organis\u00e9s pendant les vacances scolaires [&hellip;]\" \/>\n<meta property=\"og:url\" content=\"https:\/\/www.chateaudegoutelas.fr\/en\/ateliers-ceramique-ete-2024\/\" \/>\n<meta property=\"og:site_name\" content=\"Ch\u00e2teau de Goutelas\" \/>\n<meta property=\"article:published_time\" content=\"2024-07-11T14:53:50+00:00\" \/>\n<meta property=\"article:modified_time\" content=\"2024-07-11T14:58:22+00:00\" \/>\n<meta property=\"og:image\" content=\"https:\/\/www.chateaudegoutelas.fr\/wp-content\/uploads\/2024\/07\/DSC0794-scaled.jpg\" \/>\n\t<meta property=\"og:image:width\" content=\"2560\" \/>\n\t<meta property=\"og:image:height\" content=\"1707\" \/>\n\t<meta property=\"og:image:type\" content=\"image\/jpeg\" \/>\n<meta name=\"author\" content=\"chateau@goutelas\" \/>\n<meta name=\"twitter:card\" content=\"summary_large_image\" \/>\n<meta name=\"twitter:label1\" content=\"Written by\" \/>\n\t<meta name=\"twitter:data1\" content=\"chateau@goutelas\" \/>\n\t<meta name=\"twitter:label2\" content=\"Estimated reading time\" \/>\n\t<meta name=\"twitter:data2\" content=\"3 minutes\" \/>\n<script type=\"application\/ld+json\" class=\"yoast-schema-graph\">{\"@context\":\"https:\\\/\\\/schema.org\",\"@graph\":[{\"@type\":\"Article\",\"@id\":\"https:\\\/\\\/www.chateaudegoutelas.fr\\\/ateliers-ceramique-ete-2024\\\/#article\",\"isPartOf\":{\"@id\":\"https:\\\/\\\/www.chateaudegoutelas.fr\\\/ateliers-ceramique-ete-2024\\\/\"},\"author\":{\"name\":\"chateau@goutelas\",\"@id\":\"https:\\\/\\\/www.chateaudegoutelas.fr\\\/#\\\/schema\\\/person\\\/7e406e8ae114bb86bb9b82d52e6a1738\"},\"headline\":\"Retour sur les ateliers d&rsquo;initiation \u00e0 la c\u00e9ramique avec Marjolaine Turpin\",\"datePublished\":\"2024-07-11T14:53:50+00:00\",\"dateModified\":\"2024-07-11T14:58:22+00:00\",\"mainEntityOfPage\":{\"@id\":\"https:\\\/\\\/www.chateaudegoutelas.fr\\\/ateliers-ceramique-ete-2024\\\/\"},\"wordCount\":245,\"publisher\":{\"@id\":\"https:\\\/\\\/www.chateaudegoutelas.fr\\\/#organization\"},\"image\":{\"@id\":\"https:\\\/\\\/www.chateaudegoutelas.fr\\\/ateliers-ceramique-ete-2024\\\/#primaryimage\"},\"thumbnailUrl\":\"https:\\\/\\\/www.chateaudegoutelas.fr\\\/wp-content\\\/uploads\\\/2024\\\/07\\\/DSC0794-scaled.jpg\",\"articleSection\":[\"Actualit\u00e9\"],\"inLanguage\":\"en-GB\"},{\"@type\":\"WebPage\",\"@id\":\"https:\\\/\\\/www.chateaudegoutelas.fr\\\/ateliers-ceramique-ete-2024\\\/\",\"url\":\"https:\\\/\\\/www.chateaudegoutelas.fr\\\/ateliers-ceramique-ete-2024\\\/\",\"name\":\"Retour sur les ateliers d'initiation \u00e0 la c\u00e9ramique avec Marjolaine Turpin - Ch\u00e2teau de Goutelas\",\"isPartOf\":{\"@id\":\"https:\\\/\\\/www.chateaudegoutelas.fr\\\/#website\"},\"primaryImageOfPage\":{\"@id\":\"https:\\\/\\\/www.chateaudegoutelas.fr\\\/ateliers-ceramique-ete-2024\\\/#primaryimage\"},\"image\":{\"@id\":\"https:\\\/\\\/www.chateaudegoutelas.fr\\\/ateliers-ceramique-ete-2024\\\/#primaryimage\"},\"thumbnailUrl\":\"https:\\\/\\\/www.chateaudegoutelas.fr\\\/wp-content\\\/uploads\\\/2024\\\/07\\\/DSC0794-scaled.jpg\",\"datePublished\":\"2024-07-11T14:53:50+00:00\",\"dateModified\":\"2024-07-11T14:58:22+00:00\",\"breadcrumb\":{\"@id\":\"https:\\\/\\\/www.chateaudegoutelas.fr\\\/ateliers-ceramique-ete-2024\\\/#breadcrumb\"},\"inLanguage\":\"en-GB\",\"potentialAction\":[{\"@type\":\"ReadAction\",\"target\":[\"https:\\\/\\\/www.chateaudegoutelas.fr\\\/ateliers-ceramique-ete-2024\\\/\"]}]},{\"@type\":\"ImageObject\",\"inLanguage\":\"en-GB\",\"@id\":\"https:\\\/\\\/www.chateaudegoutelas.fr\\\/ateliers-ceramique-ete-2024\\\/#primaryimage\",\"url\":\"https:\\\/\\\/www.chateaudegoutelas.fr\\\/wp-content\\\/uploads\\\/2024\\\/07\\\/DSC0794-scaled.jpg\",\"contentUrl\":\"https:\\\/\\\/www.chateaudegoutelas.fr\\\/wp-content\\\/uploads\\\/2024\\\/07\\\/DSC0794-scaled.jpg\",\"width\":2560,\"height\":1707},{\"@type\":\"BreadcrumbList\",\"@id\":\"https:\\\/\\\/www.chateaudegoutelas.fr\\\/ateliers-ceramique-ete-2024\\\/#breadcrumb\",\"itemListElement\":[{\"@type\":\"ListItem\",\"position\":1,\"name\":\"Accueil\",\"item\":\"https:\\\/\\\/www.chateaudegoutelas.fr\\\/\"},{\"@type\":\"ListItem\",\"position\":2,\"name\":\"Retour sur les ateliers d&rsquo;initiation \u00e0 la c\u00e9ramique avec Marjolaine Turpin\"}]},{\"@type\":\"WebSite\",\"@id\":\"https:\\\/\\\/www.chateaudegoutelas.fr\\\/#website\",\"url\":\"https:\\\/\\\/www.chateaudegoutelas.fr\\\/\",\"name\":\"Ch\u00e2teau de Goutelas\",\"description\":\"Un centre culturel de rencontre en Forez\",\"publisher\":{\"@id\":\"https:\\\/\\\/www.chateaudegoutelas.fr\\\/#organization\"},\"potentialAction\":[{\"@type\":\"SearchAction\",\"target\":{\"@type\":\"EntryPoint\",\"urlTemplate\":\"https:\\\/\\\/www.chateaudegoutelas.fr\\\/?s={search_term_string}\"},\"query-input\":{\"@type\":\"PropertyValueSpecification\",\"valueRequired\":true,\"valueName\":\"search_term_string\"}}],\"inLanguage\":\"en-GB\"},{\"@type\":\"Organization\",\"@id\":\"https:\\\/\\\/www.chateaudegoutelas.fr\\\/#organization\",\"name\":\"Ch\u00e2teau de Goutelas\",\"url\":\"https:\\\/\\\/www.chateaudegoutelas.fr\\\/\",\"logo\":{\"@type\":\"ImageObject\",\"inLanguage\":\"en-GB\",\"@id\":\"https:\\\/\\\/www.chateaudegoutelas.fr\\\/#\\\/schema\\\/logo\\\/image\\\/\",\"url\":\"https:\\\/\\\/www.chateaudegoutelas.fr\\\/wp-content\\\/uploads\\\/2023\\\/05\\\/logo-chateau-goutelas-bleu.png\",\"contentUrl\":\"https:\\\/\\\/www.chateaudegoutelas.fr\\\/wp-content\\\/uploads\\\/2023\\\/05\\\/logo-chateau-goutelas-bleu.png\",\"width\":1123,\"height\":327,\"caption\":\"Ch\u00e2teau de Goutelas\"},\"image\":{\"@id\":\"https:\\\/\\\/www.chateaudegoutelas.fr\\\/#\\\/schema\\\/logo\\\/image\\\/\"}},{\"@type\":\"Person\",\"@id\":\"https:\\\/\\\/www.chateaudegoutelas.fr\\\/#\\\/schema\\\/person\\\/7e406e8ae114bb86bb9b82d52e6a1738\",\"name\":\"chateau@goutelas\",\"image\":{\"@type\":\"ImageObject\",\"inLanguage\":\"en-GB\",\"@id\":\"https:\\\/\\\/secure.gravatar.com\\\/avatar\\\/81dca52e038e1e2a8e548cbc7a6a4752e4b1b2df1c0ab48a36029d14ad9c944f?s=96&d=mm&r=g\",\"url\":\"https:\\\/\\\/secure.gravatar.com\\\/avatar\\\/81dca52e038e1e2a8e548cbc7a6a4752e4b1b2df1c0ab48a36029d14ad9c944f?s=96&d=mm&r=g\",\"contentUrl\":\"https:\\\/\\\/secure.gravatar.com\\\/avatar\\\/81dca52e038e1e2a8e548cbc7a6a4752e4b1b2df1c0ab48a36029d14ad9c944f?s=96&d=mm&r=g\",\"caption\":\"chateau@goutelas\"},\"url\":\"https:\\\/\\\/www.chateaudegoutelas.fr\\\/en\\\/author\\\/chateaugoutelas\\\/\"}]}<\/script>\n<!-- \/ Yoast SEO plugin. -->","yoast_head_json":{"title":"Retour sur les ateliers d'initiation \u00e0 la c\u00e9ramique avec Marjolaine Turpin - Ch\u00e2teau de Goutelas","robots":{"index":"index","follow":"follow","max-snippet":"max-snippet:-1","max-image-preview":"max-image-preview:large","max-video-preview":"max-video-preview:-1"},"canonical":"https:\/\/www.chateaudegoutelas.fr\/en\/ateliers-ceramique-ete-2024\/","og_locale":"en_GB","og_type":"article","og_title":"Retour sur les ateliers d'initiation \u00e0 la c\u00e9ramique avec Marjolaine Turpin - Ch\u00e2teau de Goutelas","og_description":"\u00a9 Ch\u00e2teau de Goutelas Dans le cadre de l&rsquo;appel \u00e0 projet \u00ab\u00a0C&rsquo;est mon patrimoine 2024\u00a0\u00bb et gr\u00e2ce au soutien du minist\u00e8re de la Culture, les enfants de l&rsquo;Accueil de Loisirs de la MJC Pays d&rsquo;Astr\u00e9e \u00e0 Bo\u00ebn-sur-Lignon ont particip\u00e9 \u00e0 des ateliers d&rsquo;initiation \u00e0 la c\u00e9ramique avec l&rsquo;artiste Marjolaine Turpin. Organis\u00e9s pendant les vacances scolaires [&hellip;]","og_url":"https:\/\/www.chateaudegoutelas.fr\/en\/ateliers-ceramique-ete-2024\/","og_site_name":"Ch\u00e2teau de Goutelas","article_published_time":"2024-07-11T14:53:50+00:00","article_modified_time":"2024-07-11T14:58:22+00:00","og_image":[{"width":2560,"height":1707,"url":"https:\/\/www.chateaudegoutelas.fr\/wp-content\/uploads\/2024\/07\/DSC0794-scaled.jpg","type":"image\/jpeg"}],"author":"chateau@goutelas","twitter_card":"summary_large_image","twitter_misc":{"Written by":"chateau@goutelas","Estimated reading time":"3 minutes"},"schema":{"@context":"https:\/\/schema.org","@graph":[{"@type":"Article","@id":"https:\/\/www.chateaudegoutelas.fr\/ateliers-ceramique-ete-2024\/#article","isPartOf":{"@id":"https:\/\/www.chateaudegoutelas.fr\/ateliers-ceramique-ete-2024\/"},"author":{"name":"chateau@goutelas","@id":"https:\/\/www.chateaudegoutelas.fr\/#\/schema\/person\/7e406e8ae114bb86bb9b82d52e6a1738"},"headline":"Retour sur les ateliers d&rsquo;initiation \u00e0 la c\u00e9ramique avec Marjolaine Turpin","datePublished":"2024-07-11T14:53:50+00:00","dateModified":"2024-07-11T14:58:22+00:00","mainEntityOfPage":{"@id":"https:\/\/www.chateaudegoutelas.fr\/ateliers-ceramique-ete-2024\/"},"wordCount":245,"publisher":{"@id":"https:\/\/www.chateaudegoutelas.fr\/#organization"},"image":{"@id":"https:\/\/www.chateaudegoutelas.fr\/ateliers-ceramique-ete-2024\/#primaryimage"},"thumbnailUrl":"https:\/\/www.chateaudegoutelas.fr\/wp-content\/uploads\/2024\/07\/DSC0794-scaled.jpg","articleSection":["Actualit\u00e9"],"inLanguage":"en-GB"},{"@type":"WebPage","@id":"https:\/\/www.chateaudegoutelas.fr\/ateliers-ceramique-ete-2024\/","url":"https:\/\/www.chateaudegoutelas.fr\/ateliers-ceramique-ete-2024\/","name":"Retour sur les ateliers d'initiation \u00e0 la c\u00e9ramique avec Marjolaine Turpin - Ch\u00e2teau de Goutelas","isPartOf":{"@id":"https:\/\/www.chateaudegoutelas.fr\/#website"},"primaryImageOfPage":{"@id":"https:\/\/www.chateaudegoutelas.fr\/ateliers-ceramique-ete-2024\/#primaryimage"},"image":{"@id":"https:\/\/www.chateaudegoutelas.fr\/ateliers-ceramique-ete-2024\/#primaryimage"},"thumbnailUrl":"https:\/\/www.chateaudegoutelas.fr\/wp-content\/uploads\/2024\/07\/DSC0794-scaled.jpg","datePublished":"2024-07-11T14:53:50+00:00","dateModified":"2024-07-11T14:58:22+00:00","breadcrumb":{"@id":"https:\/\/www.chateaudegoutelas.fr\/ateliers-ceramique-ete-2024\/#breadcrumb"},"inLanguage":"en-GB","potentialAction":[{"@type":"ReadAction","target":["https:\/\/www.chateaudegoutelas.fr\/ateliers-ceramique-ete-2024\/"]}]},{"@type":"ImageObject","inLanguage":"en-GB","@id":"https:\/\/www.chateaudegoutelas.fr\/ateliers-ceramique-ete-2024\/#primaryimage","url":"https:\/\/www.chateaudegoutelas.fr\/wp-content\/uploads\/2024\/07\/DSC0794-scaled.jpg","contentUrl":"https:\/\/www.chateaudegoutelas.fr\/wp-content\/uploads\/2024\/07\/DSC0794-scaled.jpg","width":2560,"height":1707},{"@type":"BreadcrumbList","@id":"https:\/\/www.chateaudegoutelas.fr\/ateliers-ceramique-ete-2024\/#breadcrumb","itemListElement":[{"@type":"ListItem","position":1,"name":"Accueil","item":"https:\/\/www.chateaudegoutelas.fr\/"},{"@type":"ListItem","position":2,"name":"Retour sur les ateliers d&rsquo;initiation \u00e0 la c\u00e9ramique avec Marjolaine Turpin"}]},{"@type":"WebSite","@id":"https:\/\/www.chateaudegoutelas.fr\/#website","url":"https:\/\/www.chateaudegoutelas.fr\/","name":"Ch\u00e2teau de Goutelas","description":"Un centre culturel de rencontre en Forez","publisher":{"@id":"https:\/\/www.chateaudegoutelas.fr\/#organization"},"potentialAction":[{"@type":"SearchAction","target":{"@type":"EntryPoint","urlTemplate":"https:\/\/www.chateaudegoutelas.fr\/?s={search_term_string}"},"query-input":{"@type":"PropertyValueSpecification","valueRequired":true,"valueName":"search_term_string"}}],"inLanguage":"en-GB"},{"@type":"Organization","@id":"https:\/\/www.chateaudegoutelas.fr\/#organization","name":"Ch\u00e2teau de Goutelas","url":"https:\/\/www.chateaudegoutelas.fr\/","logo":{"@type":"ImageObject","inLanguage":"en-GB","@id":"https:\/\/www.chateaudegoutelas.fr\/#\/schema\/logo\/image\/","url":"https:\/\/www.chateaudegoutelas.fr\/wp-content\/uploads\/2023\/05\/logo-chateau-goutelas-bleu.png","contentUrl":"https:\/\/www.chateaudegoutelas.fr\/wp-content\/uploads\/2023\/05\/logo-chateau-goutelas-bleu.png","width":1123,"height":327,"caption":"Ch\u00e2teau de Goutelas"},"image":{"@id":"https:\/\/www.chateaudegoutelas.fr\/#\/schema\/logo\/image\/"}},{"@type":"Person","@id":"https:\/\/www.chateaudegoutelas.fr\/#\/schema\/person\/7e406e8ae114bb86bb9b82d52e6a1738","name":"chateau@goutelas","image":{"@type":"ImageObject","inLanguage":"en-GB","@id":"https:\/\/secure.gravatar.com\/avatar\/81dca52e038e1e2a8e548cbc7a6a4752e4b1b2df1c0ab48a36029d14ad9c944f?s=96&d=mm&r=g","url":"https:\/\/secure.gravatar.com\/avatar\/81dca52e038e1e2a8e548cbc7a6a4752e4b1b2df1c0ab48a36029d14ad9c944f?s=96&d=mm&r=g","contentUrl":"https:\/\/secure.gravatar.com\/avatar\/81dca52e038e1e2a8e548cbc7a6a4752e4b1b2df1c0ab48a36029d14ad9c944f?s=96&d=mm&r=g","caption":"chateau@goutelas"},"url":"https:\/\/www.chateaudegoutelas.fr\/en\/author\/chateaugoutelas\/"}]}},"_links":{"self":[{"href":"https:\/\/www.chateaudegoutelas.fr\/en\/wp-json\/wp\/v2\/posts\/9482","targetHints":{"allow":["GET"]}}],"collection":[{"href":"https:\/\/www.chateaudegoutelas.fr\/en\/wp-json\/wp\/v2\/posts"}],"about":[{"href":"https:\/\/www.chateaudegoutelas.fr\/en\/wp-json\/wp\/v2\/types\/post"}],"author":[{"embeddable":true,"href":"https:\/\/www.chateaudegoutelas.fr\/en\/wp-json\/wp\/v2\/users\/7"}],"replies":[{"embeddable":true,"href":"https:\/\/www.chateaudegoutelas.fr\/en\/wp-json\/wp\/v2\/comments?post=9482"}],"version-history":[{"count":3,"href":"https:\/\/www.chateaudegoutelas.fr\/en\/wp-json\/wp\/v2\/posts\/9482\/revisions"}],"predecessor-version":[{"id":9492,"href":"https:\/\/www.chateaudegoutelas.fr\/en\/wp-json\/wp\/v2\/posts\/9482\/revisions\/9492"}],"wp:featuredmedia":[{"embeddable":true,"href":"https:\/\/www.chateaudegoutelas.fr\/en\/wp-json\/wp\/v2\/media\/9483"}],"wp:attachment":[{"href":"https:\/\/www.chateaudegoutelas.fr\/en\/wp-json\/wp\/v2\/media?parent=9482"}],"wp:term":[{"taxonomy":"category","embeddable":true,"href":"https:\/\/www.chateaudegoutelas.fr\/en\/wp-json\/wp\/v2\/categories?post=9482"},{"taxonomy":"post_tag","embeddable":true,"href":"https:\/\/www.chateaudegoutelas.fr\/en\/wp-json\/wp\/v2\/tags?post=9482"}],"curies":[{"name":"wp","href":"https:\/\/api.w.org\/{rel}","templated":true}]}}