{"id":9453,"date":"2024-06-28T13:52:03","date_gmt":"2024-06-28T11:52:03","guid":{"rendered":"https:\/\/www.chateaudegoutelas.fr\/?p=9453"},"modified":"2024-07-19T10:49:04","modified_gmt":"2024-07-19T08:49:04","slug":"partenariat-cite-du-design-esadse","status":"publish","type":"post","link":"https:\/\/www.chateaudegoutelas.fr\/en\/partenariat-cite-du-design-esadse\/","title":{"rendered":"Partenariat avec la Cit\u00e9 du design \/ Esadse de Saint-Etienne"},"content":{"rendered":"<img loading=\"lazy\" decoding=\"async\" src=\"https:\/\/www.chateaudegoutelas.fr\/wp-content\/uploads\/2024\/06\/citedudesign_036823_HD-e1721378881429.jpg\" alt=\"citedudesign_036823_HD\" itemprop=\"image\" height=\"1566\" width=\"2000\" title=\"citedudesign_036823_HD\" onerror=\"this.style.display='none'\"  \/>\n<h4>\n\t\tCit\u00e9 du design &#8211; Esadse \u00a9 Charlotte Pierot\n\t<\/h4>\n\t<p>Le Ch\u00e2teau de Goutelas et la <a href=\"https:\/\/www.citedudesign.com\/fr\/a\/partenariat-avec-le-chateau-de-goutelas-3187\">Cit\u00e9 du design &#8211; Ecole sup\u00e9rieure d&rsquo;art et de design de Saint-Etienne (Esadse)<\/a> ont sign\u00e9, en mai 2024, une convention-cadre de partenariat, qui traduit la volont\u00e9 d&rsquo;une collaboration des deux structures, port\u00e9e par l&rsquo;osmose de leurs activit\u00e9s culturelles et \u00e9ducatives.<\/p>\n<p>Implant\u00e9e au c\u0153ur du quartier cr\u00e9atif de Saint-\u00c9tienne, seule ville fran\u00e7aise cr\u00e9ative design Unesco, la Cit\u00e9 du design sensibilise tous les publics aux r\u00e9alit\u00e9s et aux usages du design. L&rsquo;\u00c9cole sup\u00e9rieure d&rsquo;art et design de Saint-\u00c9tienne enseigne l&rsquo;art et le design \u00e0 pr\u00e8s de 400 \u00e9tudiants fran\u00e7ais et \u00e9trangers, de la classe pr\u00e9paratoire au troisi\u00e8me cycle. Sa p\u00e9dagogie est nourrie par une recherche du plus haut niveau. Avec <a href=\"https:\/\/www.biennale-design.com\/saint-etienne\/2022\/fr\/a\/rendez-vous-en-2025-pour-la-13e-biennale-internationale-design-saint-etienne-2157\">la Biennale Internationale Design Saint-\u00c9tienne<\/a>, des expositions th\u00e9matiques, des conf\u00e9rences, des \u00e9ditions&#8230; la Cit\u00e9 du design et l&rsquo;ESADSE diffusent la culture du design, stimulent la curiosit\u00e9 pour le monde contemporain et promeuvent l&rsquo;exp\u00e9rimentation pour tous les publics, des plus sp\u00e9cialis\u00e9s aux plus novices.<\/p>\n<p>La convention-cadre pluriannuelle qui vient d&rsquo;\u00eatre sign\u00e9e ouvre sur une grande vari\u00e9t\u00e9 de formats de partenariat, notamment avec les enseignants et les \u00e9tudiants de l&rsquo;Esadse. D\u00e9j\u00e0 en 2023, le Ch\u00e2teau de Goutelas avait accueilli une trentaine d&rsquo;\u00e9l\u00e8ves de l&rsquo;\u00e9cole dans le cadre de \u00ab Space Odyssey \u00bb, une r\u00e9sidence de trois jours, consacr\u00e9e \u00e0 la cr\u00e9ation d&rsquo;une pi\u00e8ce sonore.<\/p>\nLe fruit de cette rencontre s&rsquo;est encore r\u00e9v\u00e9l\u00e9 dans les projets r\u00e9alis\u00e9s en r\u00e9sonance avec une th\u00e9matique commune pour l&rsquo;ann\u00e9e 2024 : l&rsquo;alimentation. Du 6 au 9 juin dernier, le Ch\u00e2teau de Goutelas interrogeait les enjeux sociaux et culturels de nos modes alimentaires lors du festival Futurs Possibles. \u00c0 cette occasion, des \u00e9tudiant\u00b7e\u00b7s de l&rsquo;\u00e9cole ont propos\u00e9 l&rsquo;exposition \u00ab R\u00e9volution 42130 \u00bb, reconstituant une micro-place de march\u00e9, suivie d&rsquo;une balade narrative.<br \/>\nDe nouvelles actions sont en cours d&rsquo;\u00e9tude pour la rentr\u00e9e prochaine.\n<h4>\n\t\tActualit\u00e9s en lien\n\t<\/h4>\n\t\t<a href=\"https:\/\/www.chateaudegoutelas.fr\/en\/retour-futurs-possibles-2024\/\" target=\"_self\" aria-label=\"Post Element\" rel=\"noopener\"><\/a>\t\t\n\t\t\t\t\t\t\t\t\t\t\t\t\t\t<a href=\"https:\/\/www.chateaudegoutelas.fr\/en\/retour-futurs-possibles-2024\/\" target=\"_self\" title=\"Retour sur le festival Futurs possibles 2024\" rel=\"noopener\">\n\t\t\t\t<img decoding=\"async\" src=\"https:\/\/www.chateaudegoutelas.fr\/wp-content\/uploads\/2024\/06\/photo-Popote-Chef-720x720.jpg\" alt=\"\" \/>\n\t\t\t\t<\/a>\n\t\t\t27 juin 2024\t\t\t\n\t\t\t\t<a href=\"https:\/\/www.chateaudegoutelas.fr\/en\/retour-futurs-possibles-2024\/\" title=\"Retour sur le festival Futurs possibles 2024\" tabindex=\"0\">Retour sur le festival Futurs possibles 2024<\/a>\t\t\t\n\t\t<a href=\"https:\/\/www.chateaudegoutelas.fr\/en\/retour-projet-revolution-42130\/\" target=\"_self\" aria-label=\"Post Element\" rel=\"noopener\"><\/a>\t\t\n\t\t\t\t\t\t\t\t\t\t\t\t\t\t<a href=\"https:\/\/www.chateaudegoutelas.fr\/en\/retour-projet-revolution-42130\/\" target=\"_self\" title=\"Retour sur l&rsquo;expo R\u00e9volution 42130\" rel=\"noopener\">\n\t\t\t\t<img decoding=\"async\" src=\"https:\/\/www.chateaudegoutelas.fr\/wp-content\/uploads\/2024\/06\/photo-avoine-scaled-e1719578288362-720x720.jpg\" alt=\"\" \/>\n\t\t\t\t<\/a>\n\t\t\t27 juin 2024\t\t\t\n\t\t\t\t<a href=\"https:\/\/www.chateaudegoutelas.fr\/en\/retour-projet-revolution-42130\/\" title=\"Retour sur l&rsquo;expo R\u00e9volution 42130\" tabindex=\"0\">Retour sur l&rsquo;expo R\u00e9volution 42130<\/a>\t\t\t\n<h2>\n\t\tet aussi\n\t<\/h2>\n\t\t<a href=\"https:\/\/www.chateaudegoutelas.fr\/en\/le-chateau-de-goutelas\/partenaires\/\" target=\"_self\" aria-label=\"Post Element\" rel=\"noopener\"><\/a>\t\t\n\t\t\t\t\t\t\t\t\t\t\t\t\t\t<a href=\"https:\/\/www.chateaudegoutelas.fr\/en\/le-chateau-de-goutelas\/partenaires\/\" target=\"_self\" title=\"Nos partenaires\" rel=\"noopener\">\n\t\t\t\t<img decoding=\"async\" src=\"https:\/\/www.chateaudegoutelas.fr\/wp-content\/uploads\/2023\/03\/Visite_credit_Philippe-Mesa-min-scaled-1-600x600.jpg\" alt=\"\" \/>\n\t\t\t\t<\/a>\n\t\t\t\t<a href=\"https:\/\/www.chateaudegoutelas.fr\/en\/le-chateau-de-goutelas\/partenaires\/\" title=\"Nos partenaires\" tabindex=\"0\">Nos partenaires<\/a>\t\t\t\n\t\t<a href=\"https:\/\/www.chateaudegoutelas.fr\/en\/le-chateau-de-goutelas\/un-patrimoine-vivant\/\" target=\"_self\" aria-label=\"Post Element\" rel=\"noopener\"><\/a>\t\t\n\t\t\t\t\t\t\t\t\t\t\t\t\t\t<a href=\"https:\/\/www.chateaudegoutelas.fr\/en\/le-chateau-de-goutelas\/un-patrimoine-vivant\/\" target=\"_self\" title=\"Un patrimoine vivant\" rel=\"noopener\">\n\t\t\t\t<img decoding=\"async\" src=\"https:\/\/www.chateaudegoutelas.fr\/wp-content\/uploads\/2023\/03\/le-mystere-du-h-600x600.jpg\" alt=\"\" \/>\n\t\t\t\t<\/a>\n\t\t\t\t<a href=\"https:\/\/www.chateaudegoutelas.fr\/en\/le-chateau-de-goutelas\/un-patrimoine-vivant\/\" title=\"Un patrimoine vivant\" tabindex=\"0\">Un patrimoine vivant<\/a>","protected":false},"excerpt":{"rendered":"<p>Cit\u00e9 du design &#8211; Esadse \u00a9 Charlotte Pierot Le Ch\u00e2teau de Goutelas et la Cit\u00e9 du design &#8211; Ecole sup\u00e9rieure d&rsquo;art et de design de Saint-Etienne (Esadse) ont sign\u00e9, en mai 2024, une convention-cadre de partenariat, qui traduit la volont\u00e9 d&rsquo;une collaboration des deux structures, port\u00e9e par l&rsquo;osmose de leurs activit\u00e9s culturelles et \u00e9ducatives. Implant\u00e9e [&hellip;]<\/p>\n","protected":false},"author":7,"featured_media":9477,"comment_status":"closed","ping_status":"closed","sticky":false,"template":"","format":"standard","meta":{"site-sidebar-layout":"default","site-content-layout":"","ast-site-content-layout":"default","site-content-style":"default","site-sidebar-style":"default","ast-global-header-display":"","ast-banner-title-visibility":"","ast-main-header-display":"","ast-hfb-above-header-display":"","ast-hfb-below-header-display":"","ast-hfb-mobile-header-display":"","site-post-title":"","ast-breadcrumbs-content":"","ast-featured-img":"disabled","footer-sml-layout":"","ast-disable-related-posts":"","theme-transparent-header-meta":"default","adv-header-id-meta":"","stick-header-meta":"default","header-above-stick-meta":"","header-main-stick-meta":"","header-below-stick-meta":"","astra-migrate-meta-layouts":"set","ast-page-background-enabled":"default","ast-page-background-meta":{"desktop":{"background-color":"","background-image":"","background-repeat":"repeat","background-position":"center center","background-size":"auto","background-attachment":"scroll","background-type":"","background-media":"","overlay-type":"","overlay-color":"","overlay-opacity":"","overlay-gradient":""},"tablet":{"background-color":"","background-image":"","background-repeat":"repeat","background-position":"center center","background-size":"auto","background-attachment":"scroll","background-type":"","background-media":"","overlay-type":"","overlay-color":"","overlay-opacity":"","overlay-gradient":""},"mobile":{"background-color":"","background-image":"","background-repeat":"repeat","background-position":"center center","background-size":"auto","background-attachment":"scroll","background-type":"","background-media":"","overlay-type":"","overlay-color":"","overlay-opacity":"","overlay-gradient":""}},"ast-content-background-meta":{"desktop":{"background-color":"var(--ast-global-color-5)","background-image":"","background-repeat":"repeat","background-position":"center center","background-size":"auto","background-attachment":"scroll","background-type":"","background-media":"","overlay-type":"","overlay-color":"","overlay-opacity":"","overlay-gradient":""},"tablet":{"background-color":"var(--ast-global-color-5)","background-image":"","background-repeat":"repeat","background-position":"center center","background-size":"auto","background-attachment":"scroll","background-type":"","background-media":"","overlay-type":"","overlay-color":"","overlay-opacity":"","overlay-gradient":""},"mobile":{"background-color":"var(--ast-global-color-5)","background-image":"","background-repeat":"repeat","background-position":"center center","background-size":"auto","background-attachment":"scroll","background-type":"","background-media":"","overlay-type":"","overlay-color":"","overlay-opacity":"","overlay-gradient":""}},"footnotes":""},"categories":[4],"tags":[],"class_list":["post-9453","post","type-post","status-publish","format-standard","has-post-thumbnail","hentry","category-actualites"],"yoast_head":"<!-- This site is optimized with the Yoast SEO plugin v27.4 - https:\/\/yoast.com\/product\/yoast-seo-wordpress\/ -->\n<title>Partenariat avec la Cit\u00e9 du design \/ Esadse de Saint-Etienne - Ch\u00e2teau de Goutelas<\/title>\n<meta name=\"robots\" content=\"index, follow, max-snippet:-1, max-image-preview:large, max-video-preview:-1\" \/>\n<link rel=\"canonical\" href=\"https:\/\/www.chateaudegoutelas.fr\/en\/partenariat-cite-du-design-esadse\/\" \/>\n<meta property=\"og:locale\" content=\"en_GB\" \/>\n<meta property=\"og:type\" content=\"article\" \/>\n<meta property=\"og:title\" content=\"Partenariat avec la Cit\u00e9 du design \/ Esadse de Saint-Etienne - Ch\u00e2teau de Goutelas\" \/>\n<meta property=\"og:description\" content=\"Cit\u00e9 du design &#8211; Esadse \u00a9 Charlotte Pierot Le Ch\u00e2teau de Goutelas et la Cit\u00e9 du design &#8211; Ecole sup\u00e9rieure d&rsquo;art et de design de Saint-Etienne (Esadse) ont sign\u00e9, en mai 2024, une convention-cadre de partenariat, qui traduit la volont\u00e9 d&rsquo;une collaboration des deux structures, port\u00e9e par l&rsquo;osmose de leurs activit\u00e9s culturelles et \u00e9ducatives. Implant\u00e9e [&hellip;]\" \/>\n<meta property=\"og:url\" content=\"https:\/\/www.chateaudegoutelas.fr\/en\/partenariat-cite-du-design-esadse\/\" \/>\n<meta property=\"og:site_name\" content=\"Ch\u00e2teau de Goutelas\" \/>\n<meta property=\"article:published_time\" content=\"2024-06-28T11:52:03+00:00\" \/>\n<meta property=\"article:modified_time\" content=\"2024-07-19T08:49:04+00:00\" \/>\n<meta property=\"og:image\" content=\"https:\/\/www.chateaudegoutelas.fr\/wp-content\/uploads\/2024\/06\/Cite-du-design-\u2013-Esadse-\u00a9-Charlotte-Pierot-1.jpg\" \/>\n\t<meta property=\"og:image:width\" content=\"850\" \/>\n\t<meta property=\"og:image:height\" content=\"576\" \/>\n\t<meta property=\"og:image:type\" content=\"image\/jpeg\" \/>\n<meta name=\"author\" content=\"chateau@goutelas\" \/>\n<meta name=\"twitter:card\" content=\"summary_large_image\" \/>\n<meta name=\"twitter:label1\" content=\"Written by\" \/>\n\t<meta name=\"twitter:data1\" content=\"chateau@goutelas\" \/>\n\t<meta name=\"twitter:label2\" content=\"Estimated reading time\" \/>\n\t<meta name=\"twitter:data2\" content=\"3 minutes\" \/>\n<script type=\"application\/ld+json\" class=\"yoast-schema-graph\">{\"@context\":\"https:\\\/\\\/schema.org\",\"@graph\":[{\"@type\":\"Article\",\"@id\":\"https:\\\/\\\/www.chateaudegoutelas.fr\\\/partenariat-cite-du-design-esadse\\\/#article\",\"isPartOf\":{\"@id\":\"https:\\\/\\\/www.chateaudegoutelas.fr\\\/partenariat-cite-du-design-esadse\\\/\"},\"author\":{\"name\":\"chateau@goutelas\",\"@id\":\"https:\\\/\\\/www.chateaudegoutelas.fr\\\/#\\\/schema\\\/person\\\/7e406e8ae114bb86bb9b82d52e6a1738\"},\"headline\":\"Partenariat avec la Cit\u00e9 du design \\\/ Esadse de Saint-Etienne\",\"datePublished\":\"2024-06-28T11:52:03+00:00\",\"dateModified\":\"2024-07-19T08:49:04+00:00\",\"mainEntityOfPage\":{\"@id\":\"https:\\\/\\\/www.chateaudegoutelas.fr\\\/partenariat-cite-du-design-esadse\\\/\"},\"wordCount\":391,\"publisher\":{\"@id\":\"https:\\\/\\\/www.chateaudegoutelas.fr\\\/#organization\"},\"image\":{\"@id\":\"https:\\\/\\\/www.chateaudegoutelas.fr\\\/partenariat-cite-du-design-esadse\\\/#primaryimage\"},\"thumbnailUrl\":\"https:\\\/\\\/www.chateaudegoutelas.fr\\\/wp-content\\\/uploads\\\/2024\\\/06\\\/Cite-du-design-\u2013-Esadse-\u00a9-Charlotte-Pierot-1.jpg\",\"articleSection\":[\"Actualit\u00e9\"],\"inLanguage\":\"en-GB\"},{\"@type\":\"WebPage\",\"@id\":\"https:\\\/\\\/www.chateaudegoutelas.fr\\\/partenariat-cite-du-design-esadse\\\/\",\"url\":\"https:\\\/\\\/www.chateaudegoutelas.fr\\\/partenariat-cite-du-design-esadse\\\/\",\"name\":\"Partenariat avec la Cit\u00e9 du design \\\/ Esadse de Saint-Etienne - Ch\u00e2teau de Goutelas\",\"isPartOf\":{\"@id\":\"https:\\\/\\\/www.chateaudegoutelas.fr\\\/#website\"},\"primaryImageOfPage\":{\"@id\":\"https:\\\/\\\/www.chateaudegoutelas.fr\\\/partenariat-cite-du-design-esadse\\\/#primaryimage\"},\"image\":{\"@id\":\"https:\\\/\\\/www.chateaudegoutelas.fr\\\/partenariat-cite-du-design-esadse\\\/#primaryimage\"},\"thumbnailUrl\":\"https:\\\/\\\/www.chateaudegoutelas.fr\\\/wp-content\\\/uploads\\\/2024\\\/06\\\/Cite-du-design-\u2013-Esadse-\u00a9-Charlotte-Pierot-1.jpg\",\"datePublished\":\"2024-06-28T11:52:03+00:00\",\"dateModified\":\"2024-07-19T08:49:04+00:00\",\"breadcrumb\":{\"@id\":\"https:\\\/\\\/www.chateaudegoutelas.fr\\\/partenariat-cite-du-design-esadse\\\/#breadcrumb\"},\"inLanguage\":\"en-GB\",\"potentialAction\":[{\"@type\":\"ReadAction\",\"target\":[\"https:\\\/\\\/www.chateaudegoutelas.fr\\\/partenariat-cite-du-design-esadse\\\/\"]}]},{\"@type\":\"ImageObject\",\"inLanguage\":\"en-GB\",\"@id\":\"https:\\\/\\\/www.chateaudegoutelas.fr\\\/partenariat-cite-du-design-esadse\\\/#primaryimage\",\"url\":\"https:\\\/\\\/www.chateaudegoutelas.fr\\\/wp-content\\\/uploads\\\/2024\\\/06\\\/Cite-du-design-\u2013-Esadse-\u00a9-Charlotte-Pierot-1.jpg\",\"contentUrl\":\"https:\\\/\\\/www.chateaudegoutelas.fr\\\/wp-content\\\/uploads\\\/2024\\\/06\\\/Cite-du-design-\u2013-Esadse-\u00a9-Charlotte-Pierot-1.jpg\",\"width\":850,\"height\":576},{\"@type\":\"BreadcrumbList\",\"@id\":\"https:\\\/\\\/www.chateaudegoutelas.fr\\\/partenariat-cite-du-design-esadse\\\/#breadcrumb\",\"itemListElement\":[{\"@type\":\"ListItem\",\"position\":1,\"name\":\"Accueil\",\"item\":\"https:\\\/\\\/www.chateaudegoutelas.fr\\\/\"},{\"@type\":\"ListItem\",\"position\":2,\"name\":\"Partenariat avec la Cit\u00e9 du design \\\/ Esadse de Saint-Etienne\"}]},{\"@type\":\"WebSite\",\"@id\":\"https:\\\/\\\/www.chateaudegoutelas.fr\\\/#website\",\"url\":\"https:\\\/\\\/www.chateaudegoutelas.fr\\\/\",\"name\":\"Ch\u00e2teau de Goutelas\",\"description\":\"Un centre culturel de rencontre en Forez\",\"publisher\":{\"@id\":\"https:\\\/\\\/www.chateaudegoutelas.fr\\\/#organization\"},\"potentialAction\":[{\"@type\":\"SearchAction\",\"target\":{\"@type\":\"EntryPoint\",\"urlTemplate\":\"https:\\\/\\\/www.chateaudegoutelas.fr\\\/?s={search_term_string}\"},\"query-input\":{\"@type\":\"PropertyValueSpecification\",\"valueRequired\":true,\"valueName\":\"search_term_string\"}}],\"inLanguage\":\"en-GB\"},{\"@type\":\"Organization\",\"@id\":\"https:\\\/\\\/www.chateaudegoutelas.fr\\\/#organization\",\"name\":\"Ch\u00e2teau de Goutelas\",\"url\":\"https:\\\/\\\/www.chateaudegoutelas.fr\\\/\",\"logo\":{\"@type\":\"ImageObject\",\"inLanguage\":\"en-GB\",\"@id\":\"https:\\\/\\\/www.chateaudegoutelas.fr\\\/#\\\/schema\\\/logo\\\/image\\\/\",\"url\":\"https:\\\/\\\/www.chateaudegoutelas.fr\\\/wp-content\\\/uploads\\\/2023\\\/05\\\/logo-chateau-goutelas-bleu.png\",\"contentUrl\":\"https:\\\/\\\/www.chateaudegoutelas.fr\\\/wp-content\\\/uploads\\\/2023\\\/05\\\/logo-chateau-goutelas-bleu.png\",\"width\":1123,\"height\":327,\"caption\":\"Ch\u00e2teau de Goutelas\"},\"image\":{\"@id\":\"https:\\\/\\\/www.chateaudegoutelas.fr\\\/#\\\/schema\\\/logo\\\/image\\\/\"}},{\"@type\":\"Person\",\"@id\":\"https:\\\/\\\/www.chateaudegoutelas.fr\\\/#\\\/schema\\\/person\\\/7e406e8ae114bb86bb9b82d52e6a1738\",\"name\":\"chateau@goutelas\",\"image\":{\"@type\":\"ImageObject\",\"inLanguage\":\"en-GB\",\"@id\":\"https:\\\/\\\/secure.gravatar.com\\\/avatar\\\/81dca52e038e1e2a8e548cbc7a6a4752e4b1b2df1c0ab48a36029d14ad9c944f?s=96&d=mm&r=g\",\"url\":\"https:\\\/\\\/secure.gravatar.com\\\/avatar\\\/81dca52e038e1e2a8e548cbc7a6a4752e4b1b2df1c0ab48a36029d14ad9c944f?s=96&d=mm&r=g\",\"contentUrl\":\"https:\\\/\\\/secure.gravatar.com\\\/avatar\\\/81dca52e038e1e2a8e548cbc7a6a4752e4b1b2df1c0ab48a36029d14ad9c944f?s=96&d=mm&r=g\",\"caption\":\"chateau@goutelas\"},\"url\":\"https:\\\/\\\/www.chateaudegoutelas.fr\\\/en\\\/author\\\/chateaugoutelas\\\/\"}]}<\/script>\n<!-- \/ Yoast SEO plugin. -->","yoast_head_json":{"title":"Partenariat avec la Cit\u00e9 du design \/ Esadse de Saint-Etienne - Ch\u00e2teau de Goutelas","robots":{"index":"index","follow":"follow","max-snippet":"max-snippet:-1","max-image-preview":"max-image-preview:large","max-video-preview":"max-video-preview:-1"},"canonical":"https:\/\/www.chateaudegoutelas.fr\/en\/partenariat-cite-du-design-esadse\/","og_locale":"en_GB","og_type":"article","og_title":"Partenariat avec la Cit\u00e9 du design \/ Esadse de Saint-Etienne - Ch\u00e2teau de Goutelas","og_description":"Cit\u00e9 du design &#8211; Esadse \u00a9 Charlotte Pierot Le Ch\u00e2teau de Goutelas et la Cit\u00e9 du design &#8211; Ecole sup\u00e9rieure d&rsquo;art et de design de Saint-Etienne (Esadse) ont sign\u00e9, en mai 2024, une convention-cadre de partenariat, qui traduit la volont\u00e9 d&rsquo;une collaboration des deux structures, port\u00e9e par l&rsquo;osmose de leurs activit\u00e9s culturelles et \u00e9ducatives. Implant\u00e9e [&hellip;]","og_url":"https:\/\/www.chateaudegoutelas.fr\/en\/partenariat-cite-du-design-esadse\/","og_site_name":"Ch\u00e2teau de Goutelas","article_published_time":"2024-06-28T11:52:03+00:00","article_modified_time":"2024-07-19T08:49:04+00:00","og_image":[{"width":850,"height":576,"url":"https:\/\/www.chateaudegoutelas.fr\/wp-content\/uploads\/2024\/06\/Cite-du-design-\u2013-Esadse-\u00a9-Charlotte-Pierot-1.jpg","type":"image\/jpeg"}],"author":"chateau@goutelas","twitter_card":"summary_large_image","twitter_misc":{"Written by":"chateau@goutelas","Estimated reading time":"3 minutes"},"schema":{"@context":"https:\/\/schema.org","@graph":[{"@type":"Article","@id":"https:\/\/www.chateaudegoutelas.fr\/partenariat-cite-du-design-esadse\/#article","isPartOf":{"@id":"https:\/\/www.chateaudegoutelas.fr\/partenariat-cite-du-design-esadse\/"},"author":{"name":"chateau@goutelas","@id":"https:\/\/www.chateaudegoutelas.fr\/#\/schema\/person\/7e406e8ae114bb86bb9b82d52e6a1738"},"headline":"Partenariat avec la Cit\u00e9 du design \/ Esadse de Saint-Etienne","datePublished":"2024-06-28T11:52:03+00:00","dateModified":"2024-07-19T08:49:04+00:00","mainEntityOfPage":{"@id":"https:\/\/www.chateaudegoutelas.fr\/partenariat-cite-du-design-esadse\/"},"wordCount":391,"publisher":{"@id":"https:\/\/www.chateaudegoutelas.fr\/#organization"},"image":{"@id":"https:\/\/www.chateaudegoutelas.fr\/partenariat-cite-du-design-esadse\/#primaryimage"},"thumbnailUrl":"https:\/\/www.chateaudegoutelas.fr\/wp-content\/uploads\/2024\/06\/Cite-du-design-\u2013-Esadse-\u00a9-Charlotte-Pierot-1.jpg","articleSection":["Actualit\u00e9"],"inLanguage":"en-GB"},{"@type":"WebPage","@id":"https:\/\/www.chateaudegoutelas.fr\/partenariat-cite-du-design-esadse\/","url":"https:\/\/www.chateaudegoutelas.fr\/partenariat-cite-du-design-esadse\/","name":"Partenariat avec la Cit\u00e9 du design \/ Esadse de Saint-Etienne - Ch\u00e2teau de Goutelas","isPartOf":{"@id":"https:\/\/www.chateaudegoutelas.fr\/#website"},"primaryImageOfPage":{"@id":"https:\/\/www.chateaudegoutelas.fr\/partenariat-cite-du-design-esadse\/#primaryimage"},"image":{"@id":"https:\/\/www.chateaudegoutelas.fr\/partenariat-cite-du-design-esadse\/#primaryimage"},"thumbnailUrl":"https:\/\/www.chateaudegoutelas.fr\/wp-content\/uploads\/2024\/06\/Cite-du-design-\u2013-Esadse-\u00a9-Charlotte-Pierot-1.jpg","datePublished":"2024-06-28T11:52:03+00:00","dateModified":"2024-07-19T08:49:04+00:00","breadcrumb":{"@id":"https:\/\/www.chateaudegoutelas.fr\/partenariat-cite-du-design-esadse\/#breadcrumb"},"inLanguage":"en-GB","potentialAction":[{"@type":"ReadAction","target":["https:\/\/www.chateaudegoutelas.fr\/partenariat-cite-du-design-esadse\/"]}]},{"@type":"ImageObject","inLanguage":"en-GB","@id":"https:\/\/www.chateaudegoutelas.fr\/partenariat-cite-du-design-esadse\/#primaryimage","url":"https:\/\/www.chateaudegoutelas.fr\/wp-content\/uploads\/2024\/06\/Cite-du-design-\u2013-Esadse-\u00a9-Charlotte-Pierot-1.jpg","contentUrl":"https:\/\/www.chateaudegoutelas.fr\/wp-content\/uploads\/2024\/06\/Cite-du-design-\u2013-Esadse-\u00a9-Charlotte-Pierot-1.jpg","width":850,"height":576},{"@type":"BreadcrumbList","@id":"https:\/\/www.chateaudegoutelas.fr\/partenariat-cite-du-design-esadse\/#breadcrumb","itemListElement":[{"@type":"ListItem","position":1,"name":"Accueil","item":"https:\/\/www.chateaudegoutelas.fr\/"},{"@type":"ListItem","position":2,"name":"Partenariat avec la Cit\u00e9 du design \/ Esadse de Saint-Etienne"}]},{"@type":"WebSite","@id":"https:\/\/www.chateaudegoutelas.fr\/#website","url":"https:\/\/www.chateaudegoutelas.fr\/","name":"Ch\u00e2teau de Goutelas","description":"Un centre culturel de rencontre en Forez","publisher":{"@id":"https:\/\/www.chateaudegoutelas.fr\/#organization"},"potentialAction":[{"@type":"SearchAction","target":{"@type":"EntryPoint","urlTemplate":"https:\/\/www.chateaudegoutelas.fr\/?s={search_term_string}"},"query-input":{"@type":"PropertyValueSpecification","valueRequired":true,"valueName":"search_term_string"}}],"inLanguage":"en-GB"},{"@type":"Organization","@id":"https:\/\/www.chateaudegoutelas.fr\/#organization","name":"Ch\u00e2teau de Goutelas","url":"https:\/\/www.chateaudegoutelas.fr\/","logo":{"@type":"ImageObject","inLanguage":"en-GB","@id":"https:\/\/www.chateaudegoutelas.fr\/#\/schema\/logo\/image\/","url":"https:\/\/www.chateaudegoutelas.fr\/wp-content\/uploads\/2023\/05\/logo-chateau-goutelas-bleu.png","contentUrl":"https:\/\/www.chateaudegoutelas.fr\/wp-content\/uploads\/2023\/05\/logo-chateau-goutelas-bleu.png","width":1123,"height":327,"caption":"Ch\u00e2teau de Goutelas"},"image":{"@id":"https:\/\/www.chateaudegoutelas.fr\/#\/schema\/logo\/image\/"}},{"@type":"Person","@id":"https:\/\/www.chateaudegoutelas.fr\/#\/schema\/person\/7e406e8ae114bb86bb9b82d52e6a1738","name":"chateau@goutelas","image":{"@type":"ImageObject","inLanguage":"en-GB","@id":"https:\/\/secure.gravatar.com\/avatar\/81dca52e038e1e2a8e548cbc7a6a4752e4b1b2df1c0ab48a36029d14ad9c944f?s=96&d=mm&r=g","url":"https:\/\/secure.gravatar.com\/avatar\/81dca52e038e1e2a8e548cbc7a6a4752e4b1b2df1c0ab48a36029d14ad9c944f?s=96&d=mm&r=g","contentUrl":"https:\/\/secure.gravatar.com\/avatar\/81dca52e038e1e2a8e548cbc7a6a4752e4b1b2df1c0ab48a36029d14ad9c944f?s=96&d=mm&r=g","caption":"chateau@goutelas"},"url":"https:\/\/www.chateaudegoutelas.fr\/en\/author\/chateaugoutelas\/"}]}},"_links":{"self":[{"href":"https:\/\/www.chateaudegoutelas.fr\/en\/wp-json\/wp\/v2\/posts\/9453","targetHints":{"allow":["GET"]}}],"collection":[{"href":"https:\/\/www.chateaudegoutelas.fr\/en\/wp-json\/wp\/v2\/posts"}],"about":[{"href":"https:\/\/www.chateaudegoutelas.fr\/en\/wp-json\/wp\/v2\/types\/post"}],"author":[{"embeddable":true,"href":"https:\/\/www.chateaudegoutelas.fr\/en\/wp-json\/wp\/v2\/users\/7"}],"replies":[{"embeddable":true,"href":"https:\/\/www.chateaudegoutelas.fr\/en\/wp-json\/wp\/v2\/comments?post=9453"}],"version-history":[{"count":3,"href":"https:\/\/www.chateaudegoutelas.fr\/en\/wp-json\/wp\/v2\/posts\/9453\/revisions"}],"predecessor-version":[{"id":9501,"href":"https:\/\/www.chateaudegoutelas.fr\/en\/wp-json\/wp\/v2\/posts\/9453\/revisions\/9501"}],"wp:featuredmedia":[{"embeddable":true,"href":"https:\/\/www.chateaudegoutelas.fr\/en\/wp-json\/wp\/v2\/media\/9477"}],"wp:attachment":[{"href":"https:\/\/www.chateaudegoutelas.fr\/en\/wp-json\/wp\/v2\/media?parent=9453"}],"wp:term":[{"taxonomy":"category","embeddable":true,"href":"https:\/\/www.chateaudegoutelas.fr\/en\/wp-json\/wp\/v2\/categories?post=9453"},{"taxonomy":"post_tag","embeddable":true,"href":"https:\/\/www.chateaudegoutelas.fr\/en\/wp-json\/wp\/v2\/tags?post=9453"}],"curies":[{"name":"wp","href":"https:\/\/api.w.org\/{rel}","templated":true}]}}