{"id":9349,"date":"2024-06-24T10:45:25","date_gmt":"2024-06-24T08:45:25","guid":{"rendered":"https:\/\/www.chateaudegoutelas.fr\/?p=9349"},"modified":"2024-11-07T15:26:58","modified_gmt":"2024-11-07T14:26:58","slug":"2024-centenaire-paul-bouchet","status":"publish","type":"post","link":"https:\/\/www.chateaudegoutelas.fr\/en\/2024-centenaire-paul-bouchet\/","title":{"rendered":"2024, ann\u00e9e du centenaire de la naissance de Paul Bouchet : plusieurs \u00e9v\u00e9nements"},"content":{"rendered":"<img loading=\"lazy\" decoding=\"async\" width=\"2560\" height=\"1707\" src=\"https:\/\/www.chateaudegoutelas.fr\/wp-content\/uploads\/2024\/06\/Paul-Bouchet-au-50e-anniversaire-de-Goutelas-en-2011_cPhilippe-Mesa-scaled.jpg\" class=\"attachment-post-thumbnail size-post-thumbnail wp-post-image\" alt=\"\" srcset=\"https:\/\/www.chateaudegoutelas.fr\/wp-content\/uploads\/2024\/06\/Paul-Bouchet-au-50e-anniversaire-de-Goutelas-en-2011_cPhilippe-Mesa-scaled.jpg 2560w, https:\/\/www.chateaudegoutelas.fr\/wp-content\/uploads\/2024\/06\/Paul-Bouchet-au-50e-anniversaire-de-Goutelas-en-2011_cPhilippe-Mesa-1200x800.jpg 1200w, https:\/\/www.chateaudegoutelas.fr\/wp-content\/uploads\/2024\/06\/Paul-Bouchet-au-50e-anniversaire-de-Goutelas-en-2011_cPhilippe-Mesa-1920x1280.jpg 1920w, https:\/\/www.chateaudegoutelas.fr\/wp-content\/uploads\/2024\/06\/Paul-Bouchet-au-50e-anniversaire-de-Goutelas-en-2011_cPhilippe-Mesa-768x512.jpg 768w, https:\/\/www.chateaudegoutelas.fr\/wp-content\/uploads\/2024\/06\/Paul-Bouchet-au-50e-anniversaire-de-Goutelas-en-2011_cPhilippe-Mesa-1536x1024.jpg 1536w, https:\/\/www.chateaudegoutelas.fr\/wp-content\/uploads\/2024\/06\/Paul-Bouchet-au-50e-anniversaire-de-Goutelas-en-2011_cPhilippe-Mesa-2048x1365.jpg 2048w, https:\/\/www.chateaudegoutelas.fr\/wp-content\/uploads\/2024\/06\/Paul-Bouchet-au-50e-anniversaire-de-Goutelas-en-2011_cPhilippe-Mesa-18x12.jpg 18w\" sizes=\"auto, (max-width: 2560px) 100vw, 2560px\" \/>\n\t<p>Photo \u00a9 Philippe Mesa<\/p>\n<p>2024 marque le centenaire de la naissance de Paul Bouchet, principal initiateur du centre culturel de Goutelas.<\/p>\n<p>Celui qui fut avocat, B\u00e2tonnier du Barreau de Lyon (1980-1981), conseiller d&rsquo;\u00e9tat, pr\u00e9sident d&rsquo;ATD Quart Monde a marqu\u00e9 durablement par son id\u00e9al de justice, ses combats pour l&rsquo;\u00c9tat de droit, son engagement aupr\u00e8s des plus pauvres.<\/p>\n<p>Afin d&rsquo;honorer sa m\u00e9moire, l&rsquo;Institut Paul Bouchet a propos\u00e9 \u00e0 Paris le <strong>vendredi 11 octobre 2024<\/strong> une journ\u00e9e autour du combat pour l&rsquo;\u00e9gale dignit\u00e9 comme droit fondamental : <a href=\"https:\/\/www.institutpaulbouchet.org\/conferences-2024\/\">\u00ab\u00a0L&rsquo;\u00e9gale dignit\u00e9, fondement \u00e9thique des droits de la personne\u00a0\u00bb, au CESE<\/a>.<\/p>\n<p>Les interventions sont disponibles sur le site de l&rsquo;Institut ainsi qu&rsquo;en vid\u00e9o<a href=\"https:\/\/www.youtube.com\/live\/C3h6tQVXwJY\"> en suivant ce lien<\/a>.<\/p>\n<p>L&rsquo;Ordre des Avocats et l&rsquo;Institut Paul Bouchet ont aussi organis\u00e9 le <strong>jeudi 4 juillet <\/strong>un colloque ayant pour th\u00e8me \u00ab\u00a0<strong>L&rsquo;acc\u00e8s au droit et \u00e0 la justice, une illustration de l&rsquo;\u00e9gale dignit\u00e9<\/strong>\u00ab\u00a0,\u00a0suivi de deux inaugurations : le d\u00e9voilement de la Passerelle Pierre Truche (2, quai des C\u00e9lestins) et le d\u00e9voilement de l&rsquo;Espace Paul Bouchet (place de la Basoche).<\/p>\n<p>D&rsquo;autres \u00e9v\u00e9nements seront organis\u00e9s :<\/p>\n<ul>\n<li>\u00c0 Goutelas, l&rsquo;\u00e9v\u00e9nement <a href=\"https:\/\/www.chateaudegoutelas.fr\/en\/agenda\/festival-rehabiter\/\"><strong>R\u00e9:habiter<\/strong><\/a>, organis\u00e9 par le Ch\u00e2teau de Goutelas avec le collectif <i>A la crois\u00e9e des savoirs, <\/i>explorera les questions de <strong>l&rsquo;habitat et du logement, du 20 au 24 novembre 2024.<\/strong>\u00a0<\/li>\n<\/ul>\n\t\t\t\t<img decoding=\"async\" src=\"https:\/\/www.chateaudegoutelas.fr\/wp-content\/plugins\/beaver-builder-lite-version\/img\/pixel.png\" alt=\"\" itemprop=\"image\" onerror=\"this.style.display='none'\"  \/>","protected":false},"excerpt":{"rendered":"<p>Photo \u00a9 Philippe Mesa 2024 marque le centenaire de la naissance de Paul Bouchet, principal initiateur du centre culturel de Goutelas. Celui qui fut avocat, B\u00e2tonnier du Barreau de Lyon (1980-1981), conseiller d&rsquo;\u00e9tat, pr\u00e9sident d&rsquo;ATD Quart Monde a marqu\u00e9 durablement par son id\u00e9al de justice, ses combats pour l&rsquo;\u00c9tat de droit, son engagement aupr\u00e8s des [&hellip;]<\/p>\n","protected":false},"author":7,"featured_media":9351,"comment_status":"closed","ping_status":"closed","sticky":false,"template":"","format":"standard","meta":{"site-sidebar-layout":"default","site-content-layout":"","ast-site-content-layout":"default","site-content-style":"default","site-sidebar-style":"default","ast-global-header-display":"","ast-banner-title-visibility":"","ast-main-header-display":"","ast-hfb-above-header-display":"","ast-hfb-below-header-display":"","ast-hfb-mobile-header-display":"","site-post-title":"","ast-breadcrumbs-content":"","ast-featured-img":"disabled","footer-sml-layout":"","ast-disable-related-posts":"","theme-transparent-header-meta":"default","adv-header-id-meta":"","stick-header-meta":"default","header-above-stick-meta":"","header-main-stick-meta":"","header-below-stick-meta":"","astra-migrate-meta-layouts":"set","ast-page-background-enabled":"default","ast-page-background-meta":{"desktop":{"background-color":"","background-image":"","background-repeat":"repeat","background-position":"center center","background-size":"auto","background-attachment":"scroll","background-type":"","background-media":"","overlay-type":"","overlay-color":"","overlay-opacity":"","overlay-gradient":""},"tablet":{"background-color":"","background-image":"","background-repeat":"repeat","background-position":"center center","background-size":"auto","background-attachment":"scroll","background-type":"","background-media":"","overlay-type":"","overlay-color":"","overlay-opacity":"","overlay-gradient":""},"mobile":{"background-color":"","background-image":"","background-repeat":"repeat","background-position":"center center","background-size":"auto","background-attachment":"scroll","background-type":"","background-media":"","overlay-type":"","overlay-color":"","overlay-opacity":"","overlay-gradient":""}},"ast-content-background-meta":{"desktop":{"background-color":"var(--ast-global-color-5)","background-image":"","background-repeat":"repeat","background-position":"center center","background-size":"auto","background-attachment":"scroll","background-type":"","background-media":"","overlay-type":"","overlay-color":"","overlay-opacity":"","overlay-gradient":""},"tablet":{"background-color":"var(--ast-global-color-5)","background-image":"","background-repeat":"repeat","background-position":"center center","background-size":"auto","background-attachment":"scroll","background-type":"","background-media":"","overlay-type":"","overlay-color":"","overlay-opacity":"","overlay-gradient":""},"mobile":{"background-color":"var(--ast-global-color-5)","background-image":"","background-repeat":"repeat","background-position":"center center","background-size":"auto","background-attachment":"scroll","background-type":"","background-media":"","overlay-type":"","overlay-color":"","overlay-opacity":"","overlay-gradient":""}},"footnotes":""},"categories":[4],"tags":[],"class_list":["post-9349","post","type-post","status-publish","format-standard","has-post-thumbnail","hentry","category-actualites"],"yoast_head":"<!-- This site is optimized with the Yoast SEO plugin v27.5 - https:\/\/yoast.com\/product\/yoast-seo-wordpress\/ -->\n<title>2024, ann\u00e9e du centenaire de la naissance de Paul Bouchet : plusieurs \u00e9v\u00e9nements - Ch\u00e2teau de Goutelas<\/title>\n<meta name=\"robots\" content=\"index, follow, max-snippet:-1, max-image-preview:large, max-video-preview:-1\" \/>\n<link rel=\"canonical\" href=\"https:\/\/www.chateaudegoutelas.fr\/en\/2024-centenaire-paul-bouchet\/\" \/>\n<meta property=\"og:locale\" content=\"en_GB\" \/>\n<meta property=\"og:type\" content=\"article\" \/>\n<meta property=\"og:title\" content=\"2024, ann\u00e9e du centenaire de la naissance de Paul Bouchet : plusieurs \u00e9v\u00e9nements - Ch\u00e2teau de Goutelas\" \/>\n<meta property=\"og:description\" content=\"Photo \u00a9 Philippe Mesa 2024 marque le centenaire de la naissance de Paul Bouchet, principal initiateur du centre culturel de Goutelas. Celui qui fut avocat, B\u00e2tonnier du Barreau de Lyon (1980-1981), conseiller d&rsquo;\u00e9tat, pr\u00e9sident d&rsquo;ATD Quart Monde a marqu\u00e9 durablement par son id\u00e9al de justice, ses combats pour l&rsquo;\u00c9tat de droit, son engagement aupr\u00e8s des [&hellip;]\" \/>\n<meta property=\"og:url\" content=\"https:\/\/www.chateaudegoutelas.fr\/en\/2024-centenaire-paul-bouchet\/\" \/>\n<meta property=\"og:site_name\" content=\"Ch\u00e2teau de Goutelas\" \/>\n<meta property=\"article:published_time\" content=\"2024-06-24T08:45:25+00:00\" \/>\n<meta property=\"article:modified_time\" content=\"2024-11-07T14:26:58+00:00\" \/>\n<meta property=\"og:image\" content=\"https:\/\/www.chateaudegoutelas.fr\/wp-content\/uploads\/2024\/06\/Paul-Bouchet-au-50e-anniversaire-de-Goutelas-en-2011_cPhilippe-Mesa-scaled.jpg\" \/>\n\t<meta property=\"og:image:width\" content=\"2560\" \/>\n\t<meta property=\"og:image:height\" content=\"1707\" \/>\n\t<meta property=\"og:image:type\" content=\"image\/jpeg\" \/>\n<meta name=\"author\" content=\"chateau@goutelas\" \/>\n<meta name=\"twitter:card\" content=\"summary_large_image\" \/>\n<meta name=\"twitter:label1\" content=\"Written by\" \/>\n\t<meta name=\"twitter:data1\" content=\"chateau@goutelas\" \/>\n\t<meta name=\"twitter:label2\" content=\"Estimated reading time\" \/>\n\t<meta name=\"twitter:data2\" content=\"1 minute\" \/>\n<script type=\"application\/ld+json\" class=\"yoast-schema-graph\">{\"@context\":\"https:\\\/\\\/schema.org\",\"@graph\":[{\"@type\":\"Article\",\"@id\":\"https:\\\/\\\/www.chateaudegoutelas.fr\\\/2024-centenaire-paul-bouchet\\\/#article\",\"isPartOf\":{\"@id\":\"https:\\\/\\\/www.chateaudegoutelas.fr\\\/2024-centenaire-paul-bouchet\\\/\"},\"author\":{\"name\":\"chateau@goutelas\",\"@id\":\"https:\\\/\\\/www.chateaudegoutelas.fr\\\/#\\\/schema\\\/person\\\/7e406e8ae114bb86bb9b82d52e6a1738\"},\"headline\":\"2024, ann\u00e9e du centenaire de la naissance de Paul Bouchet : plusieurs \u00e9v\u00e9nements\",\"datePublished\":\"2024-06-24T08:45:25+00:00\",\"dateModified\":\"2024-11-07T14:26:58+00:00\",\"mainEntityOfPage\":{\"@id\":\"https:\\\/\\\/www.chateaudegoutelas.fr\\\/2024-centenaire-paul-bouchet\\\/\"},\"wordCount\":243,\"publisher\":{\"@id\":\"https:\\\/\\\/www.chateaudegoutelas.fr\\\/#organization\"},\"image\":{\"@id\":\"https:\\\/\\\/www.chateaudegoutelas.fr\\\/2024-centenaire-paul-bouchet\\\/#primaryimage\"},\"thumbnailUrl\":\"https:\\\/\\\/www.chateaudegoutelas.fr\\\/wp-content\\\/uploads\\\/2024\\\/06\\\/Paul-Bouchet-au-50e-anniversaire-de-Goutelas-en-2011_cPhilippe-Mesa-scaled.jpg\",\"articleSection\":[\"Actualit\u00e9\"],\"inLanguage\":\"en-GB\"},{\"@type\":\"WebPage\",\"@id\":\"https:\\\/\\\/www.chateaudegoutelas.fr\\\/2024-centenaire-paul-bouchet\\\/\",\"url\":\"https:\\\/\\\/www.chateaudegoutelas.fr\\\/2024-centenaire-paul-bouchet\\\/\",\"name\":\"2024, ann\u00e9e du centenaire de la naissance de Paul Bouchet : plusieurs \u00e9v\u00e9nements - Ch\u00e2teau de Goutelas\",\"isPartOf\":{\"@id\":\"https:\\\/\\\/www.chateaudegoutelas.fr\\\/#website\"},\"primaryImageOfPage\":{\"@id\":\"https:\\\/\\\/www.chateaudegoutelas.fr\\\/2024-centenaire-paul-bouchet\\\/#primaryimage\"},\"image\":{\"@id\":\"https:\\\/\\\/www.chateaudegoutelas.fr\\\/2024-centenaire-paul-bouchet\\\/#primaryimage\"},\"thumbnailUrl\":\"https:\\\/\\\/www.chateaudegoutelas.fr\\\/wp-content\\\/uploads\\\/2024\\\/06\\\/Paul-Bouchet-au-50e-anniversaire-de-Goutelas-en-2011_cPhilippe-Mesa-scaled.jpg\",\"datePublished\":\"2024-06-24T08:45:25+00:00\",\"dateModified\":\"2024-11-07T14:26:58+00:00\",\"breadcrumb\":{\"@id\":\"https:\\\/\\\/www.chateaudegoutelas.fr\\\/2024-centenaire-paul-bouchet\\\/#breadcrumb\"},\"inLanguage\":\"en-GB\",\"potentialAction\":[{\"@type\":\"ReadAction\",\"target\":[\"https:\\\/\\\/www.chateaudegoutelas.fr\\\/2024-centenaire-paul-bouchet\\\/\"]}]},{\"@type\":\"ImageObject\",\"inLanguage\":\"en-GB\",\"@id\":\"https:\\\/\\\/www.chateaudegoutelas.fr\\\/2024-centenaire-paul-bouchet\\\/#primaryimage\",\"url\":\"https:\\\/\\\/www.chateaudegoutelas.fr\\\/wp-content\\\/uploads\\\/2024\\\/06\\\/Paul-Bouchet-au-50e-anniversaire-de-Goutelas-en-2011_cPhilippe-Mesa-scaled.jpg\",\"contentUrl\":\"https:\\\/\\\/www.chateaudegoutelas.fr\\\/wp-content\\\/uploads\\\/2024\\\/06\\\/Paul-Bouchet-au-50e-anniversaire-de-Goutelas-en-2011_cPhilippe-Mesa-scaled.jpg\",\"width\":2560,\"height\":1707},{\"@type\":\"BreadcrumbList\",\"@id\":\"https:\\\/\\\/www.chateaudegoutelas.fr\\\/2024-centenaire-paul-bouchet\\\/#breadcrumb\",\"itemListElement\":[{\"@type\":\"ListItem\",\"position\":1,\"name\":\"Accueil\",\"item\":\"https:\\\/\\\/www.chateaudegoutelas.fr\\\/\"},{\"@type\":\"ListItem\",\"position\":2,\"name\":\"2024, ann\u00e9e du centenaire de la naissance de Paul Bouchet : plusieurs \u00e9v\u00e9nements\"}]},{\"@type\":\"WebSite\",\"@id\":\"https:\\\/\\\/www.chateaudegoutelas.fr\\\/#website\",\"url\":\"https:\\\/\\\/www.chateaudegoutelas.fr\\\/\",\"name\":\"Ch\u00e2teau de Goutelas\",\"description\":\"Un centre culturel de rencontre en Forez\",\"publisher\":{\"@id\":\"https:\\\/\\\/www.chateaudegoutelas.fr\\\/#organization\"},\"potentialAction\":[{\"@type\":\"SearchAction\",\"target\":{\"@type\":\"EntryPoint\",\"urlTemplate\":\"https:\\\/\\\/www.chateaudegoutelas.fr\\\/?s={search_term_string}\"},\"query-input\":{\"@type\":\"PropertyValueSpecification\",\"valueRequired\":true,\"valueName\":\"search_term_string\"}}],\"inLanguage\":\"en-GB\"},{\"@type\":\"Organization\",\"@id\":\"https:\\\/\\\/www.chateaudegoutelas.fr\\\/#organization\",\"name\":\"Ch\u00e2teau de Goutelas\",\"url\":\"https:\\\/\\\/www.chateaudegoutelas.fr\\\/\",\"logo\":{\"@type\":\"ImageObject\",\"inLanguage\":\"en-GB\",\"@id\":\"https:\\\/\\\/www.chateaudegoutelas.fr\\\/#\\\/schema\\\/logo\\\/image\\\/\",\"url\":\"https:\\\/\\\/www.chateaudegoutelas.fr\\\/wp-content\\\/uploads\\\/2023\\\/05\\\/logo-chateau-goutelas-bleu.png\",\"contentUrl\":\"https:\\\/\\\/www.chateaudegoutelas.fr\\\/wp-content\\\/uploads\\\/2023\\\/05\\\/logo-chateau-goutelas-bleu.png\",\"width\":1123,\"height\":327,\"caption\":\"Ch\u00e2teau de Goutelas\"},\"image\":{\"@id\":\"https:\\\/\\\/www.chateaudegoutelas.fr\\\/#\\\/schema\\\/logo\\\/image\\\/\"}},{\"@type\":\"Person\",\"@id\":\"https:\\\/\\\/www.chateaudegoutelas.fr\\\/#\\\/schema\\\/person\\\/7e406e8ae114bb86bb9b82d52e6a1738\",\"name\":\"chateau@goutelas\",\"image\":{\"@type\":\"ImageObject\",\"inLanguage\":\"en-GB\",\"@id\":\"https:\\\/\\\/secure.gravatar.com\\\/avatar\\\/81dca52e038e1e2a8e548cbc7a6a4752e4b1b2df1c0ab48a36029d14ad9c944f?s=96&d=mm&r=g\",\"url\":\"https:\\\/\\\/secure.gravatar.com\\\/avatar\\\/81dca52e038e1e2a8e548cbc7a6a4752e4b1b2df1c0ab48a36029d14ad9c944f?s=96&d=mm&r=g\",\"contentUrl\":\"https:\\\/\\\/secure.gravatar.com\\\/avatar\\\/81dca52e038e1e2a8e548cbc7a6a4752e4b1b2df1c0ab48a36029d14ad9c944f?s=96&d=mm&r=g\",\"caption\":\"chateau@goutelas\"},\"url\":\"https:\\\/\\\/www.chateaudegoutelas.fr\\\/en\\\/author\\\/chateaugoutelas\\\/\"}]}<\/script>\n<!-- \/ Yoast SEO plugin. -->","yoast_head_json":{"title":"2024, ann\u00e9e du centenaire de la naissance de Paul Bouchet : plusieurs \u00e9v\u00e9nements - Ch\u00e2teau de Goutelas","robots":{"index":"index","follow":"follow","max-snippet":"max-snippet:-1","max-image-preview":"max-image-preview:large","max-video-preview":"max-video-preview:-1"},"canonical":"https:\/\/www.chateaudegoutelas.fr\/en\/2024-centenaire-paul-bouchet\/","og_locale":"en_GB","og_type":"article","og_title":"2024, ann\u00e9e du centenaire de la naissance de Paul Bouchet : plusieurs \u00e9v\u00e9nements - Ch\u00e2teau de Goutelas","og_description":"Photo \u00a9 Philippe Mesa 2024 marque le centenaire de la naissance de Paul Bouchet, principal initiateur du centre culturel de Goutelas. Celui qui fut avocat, B\u00e2tonnier du Barreau de Lyon (1980-1981), conseiller d&rsquo;\u00e9tat, pr\u00e9sident d&rsquo;ATD Quart Monde a marqu\u00e9 durablement par son id\u00e9al de justice, ses combats pour l&rsquo;\u00c9tat de droit, son engagement aupr\u00e8s des [&hellip;]","og_url":"https:\/\/www.chateaudegoutelas.fr\/en\/2024-centenaire-paul-bouchet\/","og_site_name":"Ch\u00e2teau de Goutelas","article_published_time":"2024-06-24T08:45:25+00:00","article_modified_time":"2024-11-07T14:26:58+00:00","og_image":[{"width":2560,"height":1707,"url":"https:\/\/www.chateaudegoutelas.fr\/wp-content\/uploads\/2024\/06\/Paul-Bouchet-au-50e-anniversaire-de-Goutelas-en-2011_cPhilippe-Mesa-scaled.jpg","type":"image\/jpeg"}],"author":"chateau@goutelas","twitter_card":"summary_large_image","twitter_misc":{"Written by":"chateau@goutelas","Estimated reading time":"1 minute"},"schema":{"@context":"https:\/\/schema.org","@graph":[{"@type":"Article","@id":"https:\/\/www.chateaudegoutelas.fr\/2024-centenaire-paul-bouchet\/#article","isPartOf":{"@id":"https:\/\/www.chateaudegoutelas.fr\/2024-centenaire-paul-bouchet\/"},"author":{"name":"chateau@goutelas","@id":"https:\/\/www.chateaudegoutelas.fr\/#\/schema\/person\/7e406e8ae114bb86bb9b82d52e6a1738"},"headline":"2024, ann\u00e9e du centenaire de la naissance de Paul Bouchet : plusieurs \u00e9v\u00e9nements","datePublished":"2024-06-24T08:45:25+00:00","dateModified":"2024-11-07T14:26:58+00:00","mainEntityOfPage":{"@id":"https:\/\/www.chateaudegoutelas.fr\/2024-centenaire-paul-bouchet\/"},"wordCount":243,"publisher":{"@id":"https:\/\/www.chateaudegoutelas.fr\/#organization"},"image":{"@id":"https:\/\/www.chateaudegoutelas.fr\/2024-centenaire-paul-bouchet\/#primaryimage"},"thumbnailUrl":"https:\/\/www.chateaudegoutelas.fr\/wp-content\/uploads\/2024\/06\/Paul-Bouchet-au-50e-anniversaire-de-Goutelas-en-2011_cPhilippe-Mesa-scaled.jpg","articleSection":["Actualit\u00e9"],"inLanguage":"en-GB"},{"@type":"WebPage","@id":"https:\/\/www.chateaudegoutelas.fr\/2024-centenaire-paul-bouchet\/","url":"https:\/\/www.chateaudegoutelas.fr\/2024-centenaire-paul-bouchet\/","name":"2024, ann\u00e9e du centenaire de la naissance de Paul Bouchet : plusieurs \u00e9v\u00e9nements - Ch\u00e2teau de Goutelas","isPartOf":{"@id":"https:\/\/www.chateaudegoutelas.fr\/#website"},"primaryImageOfPage":{"@id":"https:\/\/www.chateaudegoutelas.fr\/2024-centenaire-paul-bouchet\/#primaryimage"},"image":{"@id":"https:\/\/www.chateaudegoutelas.fr\/2024-centenaire-paul-bouchet\/#primaryimage"},"thumbnailUrl":"https:\/\/www.chateaudegoutelas.fr\/wp-content\/uploads\/2024\/06\/Paul-Bouchet-au-50e-anniversaire-de-Goutelas-en-2011_cPhilippe-Mesa-scaled.jpg","datePublished":"2024-06-24T08:45:25+00:00","dateModified":"2024-11-07T14:26:58+00:00","breadcrumb":{"@id":"https:\/\/www.chateaudegoutelas.fr\/2024-centenaire-paul-bouchet\/#breadcrumb"},"inLanguage":"en-GB","potentialAction":[{"@type":"ReadAction","target":["https:\/\/www.chateaudegoutelas.fr\/2024-centenaire-paul-bouchet\/"]}]},{"@type":"ImageObject","inLanguage":"en-GB","@id":"https:\/\/www.chateaudegoutelas.fr\/2024-centenaire-paul-bouchet\/#primaryimage","url":"https:\/\/www.chateaudegoutelas.fr\/wp-content\/uploads\/2024\/06\/Paul-Bouchet-au-50e-anniversaire-de-Goutelas-en-2011_cPhilippe-Mesa-scaled.jpg","contentUrl":"https:\/\/www.chateaudegoutelas.fr\/wp-content\/uploads\/2024\/06\/Paul-Bouchet-au-50e-anniversaire-de-Goutelas-en-2011_cPhilippe-Mesa-scaled.jpg","width":2560,"height":1707},{"@type":"BreadcrumbList","@id":"https:\/\/www.chateaudegoutelas.fr\/2024-centenaire-paul-bouchet\/#breadcrumb","itemListElement":[{"@type":"ListItem","position":1,"name":"Accueil","item":"https:\/\/www.chateaudegoutelas.fr\/"},{"@type":"ListItem","position":2,"name":"2024, ann\u00e9e du centenaire de la naissance de Paul Bouchet : plusieurs \u00e9v\u00e9nements"}]},{"@type":"WebSite","@id":"https:\/\/www.chateaudegoutelas.fr\/#website","url":"https:\/\/www.chateaudegoutelas.fr\/","name":"Ch\u00e2teau de Goutelas","description":"Un centre culturel de rencontre en Forez","publisher":{"@id":"https:\/\/www.chateaudegoutelas.fr\/#organization"},"potentialAction":[{"@type":"SearchAction","target":{"@type":"EntryPoint","urlTemplate":"https:\/\/www.chateaudegoutelas.fr\/?s={search_term_string}"},"query-input":{"@type":"PropertyValueSpecification","valueRequired":true,"valueName":"search_term_string"}}],"inLanguage":"en-GB"},{"@type":"Organization","@id":"https:\/\/www.chateaudegoutelas.fr\/#organization","name":"Ch\u00e2teau de Goutelas","url":"https:\/\/www.chateaudegoutelas.fr\/","logo":{"@type":"ImageObject","inLanguage":"en-GB","@id":"https:\/\/www.chateaudegoutelas.fr\/#\/schema\/logo\/image\/","url":"https:\/\/www.chateaudegoutelas.fr\/wp-content\/uploads\/2023\/05\/logo-chateau-goutelas-bleu.png","contentUrl":"https:\/\/www.chateaudegoutelas.fr\/wp-content\/uploads\/2023\/05\/logo-chateau-goutelas-bleu.png","width":1123,"height":327,"caption":"Ch\u00e2teau de Goutelas"},"image":{"@id":"https:\/\/www.chateaudegoutelas.fr\/#\/schema\/logo\/image\/"}},{"@type":"Person","@id":"https:\/\/www.chateaudegoutelas.fr\/#\/schema\/person\/7e406e8ae114bb86bb9b82d52e6a1738","name":"chateau@goutelas","image":{"@type":"ImageObject","inLanguage":"en-GB","@id":"https:\/\/secure.gravatar.com\/avatar\/81dca52e038e1e2a8e548cbc7a6a4752e4b1b2df1c0ab48a36029d14ad9c944f?s=96&d=mm&r=g","url":"https:\/\/secure.gravatar.com\/avatar\/81dca52e038e1e2a8e548cbc7a6a4752e4b1b2df1c0ab48a36029d14ad9c944f?s=96&d=mm&r=g","contentUrl":"https:\/\/secure.gravatar.com\/avatar\/81dca52e038e1e2a8e548cbc7a6a4752e4b1b2df1c0ab48a36029d14ad9c944f?s=96&d=mm&r=g","caption":"chateau@goutelas"},"url":"https:\/\/www.chateaudegoutelas.fr\/en\/author\/chateaugoutelas\/"}]}},"_links":{"self":[{"href":"https:\/\/www.chateaudegoutelas.fr\/en\/wp-json\/wp\/v2\/posts\/9349","targetHints":{"allow":["GET"]}}],"collection":[{"href":"https:\/\/www.chateaudegoutelas.fr\/en\/wp-json\/wp\/v2\/posts"}],"about":[{"href":"https:\/\/www.chateaudegoutelas.fr\/en\/wp-json\/wp\/v2\/types\/post"}],"author":[{"embeddable":true,"href":"https:\/\/www.chateaudegoutelas.fr\/en\/wp-json\/wp\/v2\/users\/7"}],"replies":[{"embeddable":true,"href":"https:\/\/www.chateaudegoutelas.fr\/en\/wp-json\/wp\/v2\/comments?post=9349"}],"version-history":[{"count":3,"href":"https:\/\/www.chateaudegoutelas.fr\/en\/wp-json\/wp\/v2\/posts\/9349\/revisions"}],"predecessor-version":[{"id":9876,"href":"https:\/\/www.chateaudegoutelas.fr\/en\/wp-json\/wp\/v2\/posts\/9349\/revisions\/9876"}],"wp:featuredmedia":[{"embeddable":true,"href":"https:\/\/www.chateaudegoutelas.fr\/en\/wp-json\/wp\/v2\/media\/9351"}],"wp:attachment":[{"href":"https:\/\/www.chateaudegoutelas.fr\/en\/wp-json\/wp\/v2\/media?parent=9349"}],"wp:term":[{"taxonomy":"category","embeddable":true,"href":"https:\/\/www.chateaudegoutelas.fr\/en\/wp-json\/wp\/v2\/categories?post=9349"},{"taxonomy":"post_tag","embeddable":true,"href":"https:\/\/www.chateaudegoutelas.fr\/en\/wp-json\/wp\/v2\/tags?post=9349"}],"curies":[{"name":"wp","href":"https:\/\/api.w.org\/{rel}","templated":true}]}}