{"id":9317,"date":"2024-06-27T15:14:06","date_gmt":"2024-06-27T13:14:06","guid":{"rendered":"https:\/\/www.chateaudegoutelas.fr\/?p=9317"},"modified":"2024-06-27T22:21:55","modified_gmt":"2024-06-27T20:21:55","slug":"des-alimenter-le-systeme-qui-affame","status":"publish","type":"post","link":"https:\/\/www.chateaudegoutelas.fr\/en\/des-alimenter-le-systeme-qui-affame\/","title":{"rendered":"(des)alimenter le syst\u00e8me qui affame"},"content":{"rendered":"<p>Du <strong>jeudi 6 juin au dimanche 9 juin<\/strong> s&rsquo;est d\u00e9roul\u00e9e, au ch\u00e2teau de Goutelas, l&rsquo;<a href=\"https:\/\/www.chateaudegoutelas.fr\/en\/agenda\/festival-futurs-possibles-2024\/\">\u00e9dition 2024 du festival Futurs Possibles<\/a>. Cette ann\u00e9e, les discussions, conf\u00e9rences et spectacles avaient pour th\u00e8me l&rsquo;alimentation et \u00e9taient accompagn\u00e9s de plusieurs surprises culinaires ! Retour sur l&rsquo;effervescence d&rsquo;une \u00ab\u00a0zone alimentaire d\u00e9sirable\u00a0\u00bb&#8230;\u00a0<\/p>\n<p><em>Penser l&rsquo;alimentation ce n&rsquo;est pas penser l&rsquo;assouvissement individuel d&rsquo;un besoin uniforme et universel. C&rsquo;est bien plut\u00f4t penser un syst\u00e8me, (des)ordonn\u00e9 \u00e0 une \u00e9chelle qui nous d\u00e9passe. Les in\u00e9galit\u00e9s d&rsquo;acc\u00e8s aux ressources alimentaires t\u00e9moigneraient-elles d&rsquo;un irr\u00e9m\u00e9diable \u00e9chec ?\u00a0<\/em><\/p>\n<p>par Julia Mouton<\/p>\n<p><i>APPORTER U<\/i><i>N REGARD CRITIQUE SUR L&rsquo;AIDE ALIMENTAIRE<\/i><\/p>\n\t\t\t\t<img loading=\"lazy\" decoding=\"async\" src=\"https:\/\/www.chateaudegoutelas.fr\/wp-content\/uploads\/2024\/06\/photo-Benedicte-Bonzi-2-720x720.jpg\" alt=\"@ ch\u00e2teau de Goutelas\" itemprop=\"image\" height=\"720\" width=\"720\" title=\"photo B\u00e9n\u00e9dicte Bonzi\" onerror=\"this.style.display='none'\"  \/>\n<p>\u00a9Ch\u00e2teau de Goutelas<\/p>\n\t<p>Sans remettre en question la bonne volont\u00e9 des b\u00e9n\u00e9voles des associations, plusieurs intervenant\u00b7e\u00b7s se sont accord\u00e9\u00b7e\u00b7s sur le fait que le fonctionnement actuel de l&rsquo;aide alimentaire est \u00e0 la fois insuffisant et pernicieux.\u00a0<\/p>\n<p><strong>Mathilde Ferrand<\/strong> (g\u00e9ographe), lors d&rsquo;une discussion autour des <strong>\u00ab\u00a0violences et pr\u00e9carit\u00e9s alimentaires\u00a0\u00bb<\/strong> le 6 juin, nous fait part des freins observ\u00e9s dans l&rsquo;<strong>a<\/strong><strong>cc\u00e8s \u00e0 l&rsquo;aide alimentaire en milieu rural<\/strong>. L&rsquo;\u00e9loignement g\u00e9ographique des structures et le possible embarras li\u00e9 \u00e0 l&rsquo;interconnaissance entre les personnes qui ont recours \u00e0 l&rsquo;aide et les b\u00e9n\u00e9voles compliquent en effet le processus.\u00a0<\/p>\n<p><strong>B\u00e9n\u00e9dicte Bonzi<\/strong> (anthropologue), souligne que la <a href=\"https:\/\/www.legifrance.gouv.fr\/jorf\/id\/JORFTEXT000032036289\/\">loi Garot<\/a>, visant \u00e0 lutter contre le gaspillage alimentaire, ent\u00e9rine le fait que<strong> les plus pr\u00e9caires mangent ce dont les autres n&rsquo;ont pas voulu<\/strong>. Cette position d\u00e9gradante constitue l&rsquo;un des volets des \u00ab\u00a0violences alimentaires\u00a0\u00bb. Se voir donner le surplus suppose en effet de ne pas choisir son alimentation, et de ne pas \u00eatre certain\u00b7e de la consommabilit\u00e9 du produit, enjeu d&rsquo;autant plus important lorsqu&rsquo;il s&rsquo;agit de nourrir ses enfants.\u00a0<\/p>\n<p>L&rsquo;anthropologue insiste \u00e9galement sur le fait que, dans le <strong>contexte de surproduction<\/strong> qui est le n\u00f4tre, l&rsquo;\u00c9tat pourrait faire en sorte que tout le monde ait un acc\u00e8s satisfaisant \u00e0 l&rsquo;alimentation. Le fait que de nombreuses personnes ne soient toutefois pas en mesure de se procurer des denr\u00e9es choisies et de qualit\u00e9 t\u00e9moigne de violences structurelles. De telles politiques pourraient conduire \u00e0 la r\u00e9volte et \u00e0 l&rsquo;effondrement du syst\u00e8me alimentaire actuel. Dans cette<strong> situation d&rsquo;\u00ab urgence qui dure \u00bb<\/strong><sup>1<\/sup>, les structures de l&rsquo;aide alimentaire s&rsquo;institutionnalisent malgr\u00e9 elles. Les corps des b\u00e9n\u00e9voles sont utilis\u00e9s pour pallier les d\u00e9faillances d&rsquo;une organisation d\u00e9l\u00e9t\u00e8re.\u00a0\u00a0<\/p>\n<p>Comment se saisir de ce <strong>droit \u00e0 l&rsquo;alimentation<\/strong>, dont la juriste <strong>Magali Ramel<\/strong> d\u00e9plore le traitement secondaire et n\u00e9glig\u00e9 dans les textes de loi\u00a0?\u00a0<\/p>\n\t<p>1. BONZI B\u00e9n\u00e9dicte, \u00ab De l&rsquo;aide alimentaire \u00e0 la s\u00e9curit\u00e9 sociale de l&rsquo;alimentation \u00bb, AOC, 4 juin 2024<\/p>\n<p><em>PENSER LES ALTERNATIVES<\/em><\/p>\n\t\t\t\t<img decoding=\"async\" src=\"https:\/\/www.chateaudegoutelas.fr\/wp-content\/plugins\/beaver-builder-lite-version\/img\/pixel.png\" alt=\"\" itemprop=\"image\" onerror=\"this.style.display='none'\"  \/>\n\t\t\t\t<img decoding=\"async\" src=\"https:\/\/www.chateaudegoutelas.fr\/wp-content\/uploads\/2024\/06\/futurspossibles-1-1200x800.jpg\" alt=\"futurspossibles-1\" itemprop=\"image\" title=\"futurspossibles-1\" onerror=\"this.style.display='none'\"  \/>\n\t<p>\u00a9Ch\u00e2teau de Goutelas<\/p>\n\t<p>Georges<strong> G<\/strong><strong>\u00fcnther<\/strong>, l&rsquo;un des fondateurs de la coop\u00e9rative <a href=\"https:\/\/www.delafermeauquartier.org\/\">De la ferme au quartier<\/a>, prend garde \u00e0 \u00ab\u00a0ne pas se raconter d&rsquo;histoires\u00a0\u00bb. En effet, <strong>notre mod\u00e8le d&rsquo;agro-business<\/strong>, fa\u00e7onn\u00e9 de politiques n\u00e9o-lib\u00e9rales, <strong>ne saurait \u00eatre d\u00e9verrouill\u00e9 par les seules initiatives citoyennes locales.<\/strong> Il s&rsquo;abstient cependant de m\u00e9priser le recours \u00e0 des alternatives, qui permettent le partage et la cr\u00e9ation de savoir-faire et qui sont salvatrices pour plus d&rsquo;un\u00b7e. Ces derni\u00e8res, qui remontent aux ann\u00e9es 1960, <strong>ouvrent des espaces et cr\u00e9ent les conditions du changement<\/strong>, ajoute la sociologue <strong>Pauline Scherer<\/strong>.\u00a0<\/p>\n<p>Lors de la discussion autour des<strong> \u00ab\u00a0nouvelles g\u00e9ographies de l&rsquo;alimentation\u00a0\u00bb<\/strong> du vendredi, plusieurs mod\u00e8les sont pr\u00e9sent\u00e9s\u00a0:\u00a0<\/p>\n<p>Le <a href=\"https:\/\/st-etienne.vrac-asso.org\/\">r\u00e9seau VRAC<\/a> de Saint-Etienne, expos\u00e9 par <strong>Marine Vandeventer<\/strong>, r\u00e9alise des <strong>groupements d&rsquo;achats<\/strong> afin d&rsquo;am\u00e9liorer l&rsquo;accessibilit\u00e9 des habitant\u00b7e\u00b7s des quartiers populaires \u00e0 une alimentation de qualit\u00e9. Les adh\u00e9rent\u00b7e\u00b7s commandent les produits qu&rsquo;iels ont choisi, et les collectent avec leurs propres contenants. Iels sont \u00e9galement invit\u00e9\u00b7e\u00b7s \u00e0 \u00eatre b\u00e9n\u00e9voles et \u00e0 penser ensemble divers ateliers.\u00a0<\/p>\n<p>La coop\u00e9rative <a href=\"https:\/\/www.delafermeauquartier.org\/\">De la ferme au quartier<\/a> passe quant \u00e0 elle des commandes aupr\u00e8s des paysan\u00b7ne\u00b7s et producteur\u00b7ice\u00b7s locaux\u00b7ales, constitu\u00e9es en paniers distribu\u00e9s aux particulier\u00b7e\u00b7s et professionnel\u00b7le\u00b7s. Il s&rsquo;agit donc de <strong>mutualiser les approvisionnements<\/strong> et ainsi de les faciliter en se pla\u00e7ant comme interm\u00e9diaire.\u00a0<\/p>\n<p>De telles alternatives connaissent bien s\u00fbr leurs <strong>limites<\/strong>. Au cours de la discussion \u00ab\u00a0Petites cantines, grands projets\u00a0!\u00a0\u00bb, <strong>St\u00e9phane Desseigne<\/strong> (chef de la cuisine centrale de Saint-Just-Saint-Rambert) et <strong>Julien Mazodier<\/strong> (mara\u00eecher bio \u00e0 Marcilly-le-Ch\u00e2tel), notent qu&rsquo;il y a souvent inad\u00e9quation entre la demande de l&rsquo;un et l&rsquo;offre du second. En effet, approvisionner des collectivit\u00e9s suppose de produire de mani\u00e8re massive et r\u00e9guli\u00e8re, sans d\u00e9pendre des al\u00e9as m\u00e9t\u00e9orologiques par exemple. En revanche, cela fonctionne pour de plus petites structures comme les <a href=\"https:\/\/forez.lespetitescantines.org\/\">Petites Cantines du Forez<\/a>, pr\u00e9sent\u00e9es par leur co-fondateur,<strong> Jean-Marie Picq<\/strong>.\u00a0<\/p>\n<p>Ce qui est commun \u00e0 ces alternatives, c&rsquo;est d&rsquo;abord la volont\u00e9 de se construire dans la <strong>mixit\u00e9 sociale<\/strong>. Le fait que chacun\u00b7e participe \u00e0 la hauteur de ses moyens permet \u00e9galement au syst\u00e8me d&rsquo;\u00eatre \u00e9quilibr\u00e9, car les subventions sont insuffisantes.\u00a0\u00a0<\/p>\n<p>Ensuite, toutes partent du postulat que <strong>chacun\u00b7e aspire \u00e0 bien manger<\/strong>, mais que l&rsquo;organisation actuelle du syst\u00e8me alimentaire se pr\u00e9sente pour beaucoup comme un obstacle.\u00a0<\/p>\n<p>S&rsquo;agissant d&rsquo;un probl\u00e8me structurel, aucune ne se pr\u00e9sente comme rem\u00e8de ou comme substitution aux structures d&rsquo;aide alimentaire d&rsquo;urgence, mais<strong> se propose comme compl\u00e9ment<\/strong>. Au cours de plusieurs discussions, il est aussi soulign\u00e9 que de telles initiatives sont incompl\u00e8tes si elles ne sont pas accompagn\u00e9es de projets politiques.\u00a0<\/p>\n<p><strong>Mais alors comment op\u00e9rer la mont\u00e9e en politique de l&rsquo;enjeu de l&rsquo;alimentation\u00a0?<\/strong> C&rsquo;est l&rsquo;un des d\u00e9bats qui se joue autour de la SSA (S\u00e9curit\u00e9 Sociale Alimentaire)&#8230;\u00a0<\/p>\n<p><i>FOCUS : <\/i><i>LA\u00a0SSA<\/i><\/p>\n<p>Tout au long de <i>Futurs possibles<\/i>, l&rsquo;acronyme SSA a travers\u00e9 les l\u00e8vres de chaque festivalier\u00b7e. Inspir\u00e9 de la S\u00e9curit\u00e9 sociale, le mod\u00e8le repose sur <strong>l&rsquo;universalit\u00e9<\/strong>, le <strong>conventionnement organis\u00e9 d\u00e9mocratiquement<\/strong> et le<strong> financement bas\u00e9 sur la cotisation sociale<\/strong>.\u00a0<\/p>\n\t\t\t\t<img decoding=\"async\" src=\"https:\/\/www.chateaudegoutelas.fr\/wp-content\/plugins\/beaver-builder-lite-version\/img\/pixel.png\" alt=\"\" itemprop=\"image\" onerror=\"this.style.display='none'\"  \/>\n\t\t\t\t<img decoding=\"async\" src=\"https:\/\/www.chateaudegoutelas.fr\/wp-content\/plugins\/beaver-builder-lite-version\/img\/pixel.png\" alt=\"\" itemprop=\"image\" onerror=\"this.style.display='none'\"  \/>\n\t\t\t\t<img decoding=\"async\" src=\"https:\/\/www.chateaudegoutelas.fr\/wp-content\/plugins\/beaver-builder-lite-version\/img\/pixel.png\" alt=\"\" itemprop=\"image\" onerror=\"this.style.display='none'\"  \/>\n\t\t\t\t<img loading=\"lazy\" decoding=\"async\" src=\"https:\/\/www.chateaudegoutelas.fr\/wp-content\/uploads\/2024\/06\/photo-pauline-scherer-1.jpg\" alt=\"photo pauline scherer\" itemprop=\"image\" height=\"2048\" width=\"1365\" title=\"photo pauline scherer\" onerror=\"this.style.display='none'\"  \/>\n\t<p>\u00a9Ch\u00e2teau de Goutelas<\/p>\n\t<p><strong>Pauline Scherer<\/strong>, \u00e9galement coordinatrice de <a href=\"https:\/\/tav-montpellier.xyz\/?TerritoiresAVivreS\">Territoires \u00e0 vivreS<\/a> \u00e0 <strong>Montpellier<\/strong>, a pr\u00e9sent\u00e9 l&rsquo;<strong>exp\u00e9rimentation de SSA<\/strong> mise en place dans la ville. Les participations \u00e0 la caisse sont auto-d\u00e9termin\u00e9es selon les moyens de chacun\u00b7e. Les points de vente sont conventionn\u00e9s suite \u00e0 des d\u00e9cisions collectives suivant divers crit\u00e8res, tels que les prix, l&rsquo;accessibilit\u00e9, la r\u00e9mun\u00e9ration des procuteur\u00b7ice\u00b7s, etc. Elle permet aux quatre-cent volontaires de se ressaisir d&rsquo;un<strong> pouvoir de d\u00e9cision sur ce qu&rsquo;iels mangent<\/strong>, en s&rsquo;appuyant sur le croisement du savoir courant \u00e0 celui d&rsquo;expert\u00b7e\u00b7s. La sociologue pr\u00e9cise que \u00ab faire du commun \u00bb ne signifie pas gommer les diff\u00e9rences, mais qu&rsquo;il s&rsquo;agit ici de se rejoindre autour d&rsquo;un <strong>enjeu partag\u00e9<\/strong> <strong>: la s\u00e9curit\u00e9 alimentaire<\/strong>. Cette derni\u00e8re est constitu\u00e9e de multiples facteurs, parmi lesquels l&rsquo;acc\u00e8s \u00e0 une alimentation durable, un choix vari\u00e9, la protection des environnements et des paysages. <\/p>\n<p>Un film recueillant des t\u00e9moignages a \u00e9t\u00e9 r\u00e9alis\u00e9: \u00a0<\/p>\n\t<iframe loading=\"lazy\" title=\"La Caisse alimentaire commune - Montpellier\" src=\"https:\/\/player.vimeo.com\/video\/870417159?dnt=1&amp;app_id=122963\" width=\"500\" height=\"281\" frameborder=\"0\" allow=\"autoplay; fullscreen; picture-in-picture; clipboard-write\"><\/iframe>\n\t<p>L&rsquo;un des objectifs de l&rsquo;exp\u00e9rimentation serait de r\u00e9pandre la d\u00e9marche sur les territoires. <strong>Pauline Scherer<\/strong> \u00e9voque \u00e0 ce titre plusieurs types de <strong>changements d&rsquo;\u00e9chelle<\/strong>\u00a0:<\/p>\n<ul>\n<li>vers le bas, dans l&rsquo;optique de r\u00e9unir de plus en plus de personnes et de leur permettre de communiquer<\/li>\n<li>lat\u00e9ral, avec l&rsquo;id\u00e9e d&rsquo;essaimer le projet sans l&rsquo;uniformiser<\/li>\n<li>vers le haut, en conscience du fait que l&rsquo;initiative citoyenne ne suffit pas et qu&rsquo;une r\u00e9orientation des politiques publiques s&rsquo;impose<\/li>\n<\/ul>\n<p>Deux <strong>\u00e9cueils<\/strong> sont remarqu\u00e9s, et peuvent entrer en contradiction. D&rsquo;une part, il importe de ne pas<strong> \u00ab\u00a0fabriquer de l&rsquo;impuissance\u00a0\u00bb<\/strong>\u00a0: l&rsquo;ampleur syst\u00e9mique du probl\u00e8me ne signifie pas que toute action est vaine. N\u00e9anmoins, B\u00e9n\u00e9dicte Bonzi note que la SSA doit \u00eatre abord\u00e9e avec prudence. Parmi les raisons \u00e9voqu\u00e9es figure notamment la <strong>capacit\u00e9 du syst\u00e8me capitaliste \u00e0 absorber tout mod\u00e8le alternatif<\/strong> et \u00e0 en faire l&rsquo;un de ses rouages, en t\u00e9moignent notamment des <em>start-ups<\/em> comme <em>Too Good To Go<\/em>. De plus, la r\u00e9cup\u00e9ration par les gouvernant.es de tels projets peut <strong>les transformer en instruments de pacification<\/strong> des contestations sociales. Reste que, abord\u00e9e en conscience, la SSA est pour l&rsquo;anthropologue un moyen de se diriger vers la \u00ab\u00a0paix juste\u00a0\u00bb plut\u00f4t que la \u00ab\u00a0paix du dominant\u00a0\u00bb, qui balaie l&rsquo;initiative citoyenne.<\/p>\n<p><strong>Intrigu\u00e9\u00b7e\u00b7s par le projet ?<\/strong><\/p>\n<p>Pour les habitant\u00b7e\u00b7s des vingt-trois communes composant le<strong> bassin de vie de Bo\u00ebn-sur-Lignon<\/strong>, vous pouvez d\u00e8s maintenant vous inscrire \u00e0 une <strong>exp\u00e9rimentation de SSA<\/strong>\u00a0!<\/p>\n<p>Le lancement du dispositif, ouvert \u00e0 tous\u00b7tes sans condition de revenu, est pr\u00e9vu pour septembre 2025. Il sera pr\u00e9c\u00e9d\u00e9 d&rsquo;une p\u00e9riode de discussions autour de sa mise en place <strong>d\u00e8s septembre 2024<\/strong>. Si Loire Forez agglom\u00e9ration se pr\u00e9sente dans un premier temps comme facilitatrice, l&rsquo;objectif est que la SSA soit, \u00e0 terme, ind\u00e9pendante. Plusieurs instances gouvernantes du projet seront en effet amen\u00e9es \u00e0 communiquer, qu&rsquo;il s&rsquo;agisse de comit\u00e9s th\u00e9matiques ou de traiter des questions techniques et op\u00e9rationnelles.<\/p>\n<p>Pour vous informer et\/ou vous inscrire, n&rsquo;h\u00e9sitez pas \u00e0 consulter le lien suivant\u00a0: <a href=\"https:\/\/www.loireforez.fr\/actualite\/securite-sociale-alimentaire\/\">https:\/\/www.loireforez.fr\/actualite\/securite-sociale-alimentaire\/<\/a><\/p>","protected":false},"excerpt":{"rendered":"<p>Du jeudi 6 juin au dimanche 9 juin s&rsquo;est d\u00e9roul\u00e9e, au ch\u00e2teau de Goutelas, l&rsquo;\u00e9dition 2024 du festival Futurs Possibles. Cette ann\u00e9e, les discussions, conf\u00e9rences et spectacles avaient pour th\u00e8me l&rsquo;alimentation et \u00e9taient accompagn\u00e9s de plusieurs surprises culinaires ! Retour sur l&rsquo;effervescence d&rsquo;une \u00ab\u00a0zone alimentaire d\u00e9sirable\u00a0\u00bb&#8230;\u00a0 Penser l&rsquo;alimentation ce n&rsquo;est pas penser l&rsquo;assouvissement individuel d&rsquo;un [&hellip;]<\/p>\n","protected":false},"author":7,"featured_media":9319,"comment_status":"closed","ping_status":"closed","sticky":false,"template":"","format":"standard","meta":{"site-sidebar-layout":"default","site-content-layout":"","ast-site-content-layout":"default","site-content-style":"default","site-sidebar-style":"default","ast-global-header-display":"","ast-banner-title-visibility":"","ast-main-header-display":"","ast-hfb-above-header-display":"","ast-hfb-below-header-display":"","ast-hfb-mobile-header-display":"","site-post-title":"","ast-breadcrumbs-content":"","ast-featured-img":"disabled","footer-sml-layout":"","ast-disable-related-posts":"","theme-transparent-header-meta":"default","adv-header-id-meta":"","stick-header-meta":"default","header-above-stick-meta":"","header-main-stick-meta":"","header-below-stick-meta":"","astra-migrate-meta-layouts":"set","ast-page-background-enabled":"default","ast-page-background-meta":{"desktop":{"background-color":"","background-image":"","background-repeat":"repeat","background-position":"center center","background-size":"auto","background-attachment":"scroll","background-type":"","background-media":"","overlay-type":"","overlay-color":"","overlay-opacity":"","overlay-gradient":""},"tablet":{"background-color":"","background-image":"","background-repeat":"repeat","background-position":"center center","background-size":"auto","background-attachment":"scroll","background-type":"","background-media":"","overlay-type":"","overlay-color":"","overlay-opacity":"","overlay-gradient":""},"mobile":{"background-color":"","background-image":"","background-repeat":"repeat","background-position":"center center","background-size":"auto","background-attachment":"scroll","background-type":"","background-media":"","overlay-type":"","overlay-color":"","overlay-opacity":"","overlay-gradient":""}},"ast-content-background-meta":{"desktop":{"background-color":"var(--ast-global-color-5)","background-image":"","background-repeat":"repeat","background-position":"center center","background-size":"auto","background-attachment":"scroll","background-type":"","background-media":"","overlay-type":"","overlay-color":"","overlay-opacity":"","overlay-gradient":""},"tablet":{"background-color":"var(--ast-global-color-5)","background-image":"","background-repeat":"repeat","background-position":"center center","background-size":"auto","background-attachment":"scroll","background-type":"","background-media":"","overlay-type":"","overlay-color":"","overlay-opacity":"","overlay-gradient":""},"mobile":{"background-color":"var(--ast-global-color-5)","background-image":"","background-repeat":"repeat","background-position":"center center","background-size":"auto","background-attachment":"scroll","background-type":"","background-media":"","overlay-type":"","overlay-color":"","overlay-opacity":"","overlay-gradient":""}},"footnotes":""},"categories":[4],"tags":[],"class_list":["post-9317","post","type-post","status-publish","format-standard","has-post-thumbnail","hentry","category-actualites"],"yoast_head":"<!-- This site is optimized with the Yoast SEO plugin v27.5 - https:\/\/yoast.com\/product\/yoast-seo-wordpress\/ -->\n<title>(des)alimenter le syst\u00e8me qui affame - Ch\u00e2teau de Goutelas<\/title>\n<meta name=\"robots\" content=\"index, follow, max-snippet:-1, max-image-preview:large, max-video-preview:-1\" \/>\n<link rel=\"canonical\" href=\"https:\/\/www.chateaudegoutelas.fr\/en\/des-alimenter-le-systeme-qui-affame\/\" \/>\n<meta property=\"og:locale\" content=\"en_GB\" \/>\n<meta property=\"og:type\" content=\"article\" \/>\n<meta property=\"og:title\" content=\"(des)alimenter le syst\u00e8me qui affame - Ch\u00e2teau de Goutelas\" \/>\n<meta property=\"og:description\" content=\"Du jeudi 6 juin au dimanche 9 juin s&rsquo;est d\u00e9roul\u00e9e, au ch\u00e2teau de Goutelas, l&rsquo;\u00e9dition 2024 du festival Futurs Possibles. Cette ann\u00e9e, les discussions, conf\u00e9rences et spectacles avaient pour th\u00e8me l&rsquo;alimentation et \u00e9taient accompagn\u00e9s de plusieurs surprises culinaires ! Retour sur l&rsquo;effervescence d&rsquo;une \u00ab\u00a0zone alimentaire d\u00e9sirable\u00a0\u00bb&#8230;\u00a0 Penser l&rsquo;alimentation ce n&rsquo;est pas penser l&rsquo;assouvissement individuel d&rsquo;un [&hellip;]\" \/>\n<meta property=\"og:url\" content=\"https:\/\/www.chateaudegoutelas.fr\/en\/des-alimenter-le-systeme-qui-affame\/\" \/>\n<meta property=\"og:site_name\" content=\"Ch\u00e2teau de Goutelas\" \/>\n<meta property=\"article:published_time\" content=\"2024-06-27T13:14:06+00:00\" \/>\n<meta property=\"article:modified_time\" content=\"2024-06-27T20:21:55+00:00\" \/>\n<meta property=\"og:image\" content=\"https:\/\/www.chateaudegoutelas.fr\/wp-content\/uploads\/2024\/06\/photo-pauline-scherer.jpg\" \/>\n\t<meta property=\"og:image:width\" content=\"1365\" \/>\n\t<meta property=\"og:image:height\" content=\"2048\" \/>\n\t<meta property=\"og:image:type\" content=\"image\/jpeg\" \/>\n<meta name=\"author\" content=\"chateau@goutelas\" \/>\n<meta name=\"twitter:card\" content=\"summary_large_image\" \/>\n<meta name=\"twitter:label1\" content=\"Written by\" \/>\n\t<meta name=\"twitter:data1\" content=\"chateau@goutelas\" \/>\n\t<meta name=\"twitter:label2\" content=\"Estimated reading time\" \/>\n\t<meta name=\"twitter:data2\" content=\"9 minutes\" \/>\n<script type=\"application\/ld+json\" class=\"yoast-schema-graph\">{\"@context\":\"https:\\\/\\\/schema.org\",\"@graph\":[{\"@type\":\"Article\",\"@id\":\"https:\\\/\\\/www.chateaudegoutelas.fr\\\/des-alimenter-le-systeme-qui-affame\\\/#article\",\"isPartOf\":{\"@id\":\"https:\\\/\\\/www.chateaudegoutelas.fr\\\/des-alimenter-le-systeme-qui-affame\\\/\"},\"author\":{\"name\":\"chateau@goutelas\",\"@id\":\"https:\\\/\\\/www.chateaudegoutelas.fr\\\/#\\\/schema\\\/person\\\/7e406e8ae114bb86bb9b82d52e6a1738\"},\"headline\":\"(des)alimenter le syst\u00e8me qui affame\",\"datePublished\":\"2024-06-27T13:14:06+00:00\",\"dateModified\":\"2024-06-27T20:21:55+00:00\",\"mainEntityOfPage\":{\"@id\":\"https:\\\/\\\/www.chateaudegoutelas.fr\\\/des-alimenter-le-systeme-qui-affame\\\/\"},\"wordCount\":1602,\"publisher\":{\"@id\":\"https:\\\/\\\/www.chateaudegoutelas.fr\\\/#organization\"},\"image\":{\"@id\":\"https:\\\/\\\/www.chateaudegoutelas.fr\\\/des-alimenter-le-systeme-qui-affame\\\/#primaryimage\"},\"thumbnailUrl\":\"https:\\\/\\\/www.chateaudegoutelas.fr\\\/wp-content\\\/uploads\\\/2024\\\/06\\\/photo-pauline-scherer.jpg\",\"articleSection\":[\"Actualit\u00e9\"],\"inLanguage\":\"en-GB\"},{\"@type\":\"WebPage\",\"@id\":\"https:\\\/\\\/www.chateaudegoutelas.fr\\\/des-alimenter-le-systeme-qui-affame\\\/\",\"url\":\"https:\\\/\\\/www.chateaudegoutelas.fr\\\/des-alimenter-le-systeme-qui-affame\\\/\",\"name\":\"(des)alimenter le syst\u00e8me qui affame - Ch\u00e2teau de Goutelas\",\"isPartOf\":{\"@id\":\"https:\\\/\\\/www.chateaudegoutelas.fr\\\/#website\"},\"primaryImageOfPage\":{\"@id\":\"https:\\\/\\\/www.chateaudegoutelas.fr\\\/des-alimenter-le-systeme-qui-affame\\\/#primaryimage\"},\"image\":{\"@id\":\"https:\\\/\\\/www.chateaudegoutelas.fr\\\/des-alimenter-le-systeme-qui-affame\\\/#primaryimage\"},\"thumbnailUrl\":\"https:\\\/\\\/www.chateaudegoutelas.fr\\\/wp-content\\\/uploads\\\/2024\\\/06\\\/photo-pauline-scherer.jpg\",\"datePublished\":\"2024-06-27T13:14:06+00:00\",\"dateModified\":\"2024-06-27T20:21:55+00:00\",\"breadcrumb\":{\"@id\":\"https:\\\/\\\/www.chateaudegoutelas.fr\\\/des-alimenter-le-systeme-qui-affame\\\/#breadcrumb\"},\"inLanguage\":\"en-GB\",\"potentialAction\":[{\"@type\":\"ReadAction\",\"target\":[\"https:\\\/\\\/www.chateaudegoutelas.fr\\\/des-alimenter-le-systeme-qui-affame\\\/\"]}]},{\"@type\":\"ImageObject\",\"inLanguage\":\"en-GB\",\"@id\":\"https:\\\/\\\/www.chateaudegoutelas.fr\\\/des-alimenter-le-systeme-qui-affame\\\/#primaryimage\",\"url\":\"https:\\\/\\\/www.chateaudegoutelas.fr\\\/wp-content\\\/uploads\\\/2024\\\/06\\\/photo-pauline-scherer.jpg\",\"contentUrl\":\"https:\\\/\\\/www.chateaudegoutelas.fr\\\/wp-content\\\/uploads\\\/2024\\\/06\\\/photo-pauline-scherer.jpg\",\"width\":1365,\"height\":2048},{\"@type\":\"BreadcrumbList\",\"@id\":\"https:\\\/\\\/www.chateaudegoutelas.fr\\\/des-alimenter-le-systeme-qui-affame\\\/#breadcrumb\",\"itemListElement\":[{\"@type\":\"ListItem\",\"position\":1,\"name\":\"Accueil\",\"item\":\"https:\\\/\\\/www.chateaudegoutelas.fr\\\/\"},{\"@type\":\"ListItem\",\"position\":2,\"name\":\"(des)alimenter le syst\u00e8me qui affame\"}]},{\"@type\":\"WebSite\",\"@id\":\"https:\\\/\\\/www.chateaudegoutelas.fr\\\/#website\",\"url\":\"https:\\\/\\\/www.chateaudegoutelas.fr\\\/\",\"name\":\"Ch\u00e2teau de Goutelas\",\"description\":\"Un centre culturel de rencontre en Forez\",\"publisher\":{\"@id\":\"https:\\\/\\\/www.chateaudegoutelas.fr\\\/#organization\"},\"potentialAction\":[{\"@type\":\"SearchAction\",\"target\":{\"@type\":\"EntryPoint\",\"urlTemplate\":\"https:\\\/\\\/www.chateaudegoutelas.fr\\\/?s={search_term_string}\"},\"query-input\":{\"@type\":\"PropertyValueSpecification\",\"valueRequired\":true,\"valueName\":\"search_term_string\"}}],\"inLanguage\":\"en-GB\"},{\"@type\":\"Organization\",\"@id\":\"https:\\\/\\\/www.chateaudegoutelas.fr\\\/#organization\",\"name\":\"Ch\u00e2teau de Goutelas\",\"url\":\"https:\\\/\\\/www.chateaudegoutelas.fr\\\/\",\"logo\":{\"@type\":\"ImageObject\",\"inLanguage\":\"en-GB\",\"@id\":\"https:\\\/\\\/www.chateaudegoutelas.fr\\\/#\\\/schema\\\/logo\\\/image\\\/\",\"url\":\"https:\\\/\\\/www.chateaudegoutelas.fr\\\/wp-content\\\/uploads\\\/2023\\\/05\\\/logo-chateau-goutelas-bleu.png\",\"contentUrl\":\"https:\\\/\\\/www.chateaudegoutelas.fr\\\/wp-content\\\/uploads\\\/2023\\\/05\\\/logo-chateau-goutelas-bleu.png\",\"width\":1123,\"height\":327,\"caption\":\"Ch\u00e2teau de Goutelas\"},\"image\":{\"@id\":\"https:\\\/\\\/www.chateaudegoutelas.fr\\\/#\\\/schema\\\/logo\\\/image\\\/\"}},{\"@type\":\"Person\",\"@id\":\"https:\\\/\\\/www.chateaudegoutelas.fr\\\/#\\\/schema\\\/person\\\/7e406e8ae114bb86bb9b82d52e6a1738\",\"name\":\"chateau@goutelas\",\"image\":{\"@type\":\"ImageObject\",\"inLanguage\":\"en-GB\",\"@id\":\"https:\\\/\\\/secure.gravatar.com\\\/avatar\\\/81dca52e038e1e2a8e548cbc7a6a4752e4b1b2df1c0ab48a36029d14ad9c944f?s=96&d=mm&r=g\",\"url\":\"https:\\\/\\\/secure.gravatar.com\\\/avatar\\\/81dca52e038e1e2a8e548cbc7a6a4752e4b1b2df1c0ab48a36029d14ad9c944f?s=96&d=mm&r=g\",\"contentUrl\":\"https:\\\/\\\/secure.gravatar.com\\\/avatar\\\/81dca52e038e1e2a8e548cbc7a6a4752e4b1b2df1c0ab48a36029d14ad9c944f?s=96&d=mm&r=g\",\"caption\":\"chateau@goutelas\"},\"url\":\"https:\\\/\\\/www.chateaudegoutelas.fr\\\/en\\\/author\\\/chateaugoutelas\\\/\"}]}<\/script>\n<!-- \/ Yoast SEO plugin. -->","yoast_head_json":{"title":"(des)alimenter le syst\u00e8me qui affame - Ch\u00e2teau de Goutelas","robots":{"index":"index","follow":"follow","max-snippet":"max-snippet:-1","max-image-preview":"max-image-preview:large","max-video-preview":"max-video-preview:-1"},"canonical":"https:\/\/www.chateaudegoutelas.fr\/en\/des-alimenter-le-systeme-qui-affame\/","og_locale":"en_GB","og_type":"article","og_title":"(des)alimenter le syst\u00e8me qui affame - Ch\u00e2teau de Goutelas","og_description":"Du jeudi 6 juin au dimanche 9 juin s&rsquo;est d\u00e9roul\u00e9e, au ch\u00e2teau de Goutelas, l&rsquo;\u00e9dition 2024 du festival Futurs Possibles. Cette ann\u00e9e, les discussions, conf\u00e9rences et spectacles avaient pour th\u00e8me l&rsquo;alimentation et \u00e9taient accompagn\u00e9s de plusieurs surprises culinaires ! Retour sur l&rsquo;effervescence d&rsquo;une \u00ab\u00a0zone alimentaire d\u00e9sirable\u00a0\u00bb&#8230;\u00a0 Penser l&rsquo;alimentation ce n&rsquo;est pas penser l&rsquo;assouvissement individuel d&rsquo;un [&hellip;]","og_url":"https:\/\/www.chateaudegoutelas.fr\/en\/des-alimenter-le-systeme-qui-affame\/","og_site_name":"Ch\u00e2teau de Goutelas","article_published_time":"2024-06-27T13:14:06+00:00","article_modified_time":"2024-06-27T20:21:55+00:00","og_image":[{"width":1365,"height":2048,"url":"https:\/\/www.chateaudegoutelas.fr\/wp-content\/uploads\/2024\/06\/photo-pauline-scherer.jpg","type":"image\/jpeg"}],"author":"chateau@goutelas","twitter_card":"summary_large_image","twitter_misc":{"Written by":"chateau@goutelas","Estimated reading time":"9 minutes"},"schema":{"@context":"https:\/\/schema.org","@graph":[{"@type":"Article","@id":"https:\/\/www.chateaudegoutelas.fr\/des-alimenter-le-systeme-qui-affame\/#article","isPartOf":{"@id":"https:\/\/www.chateaudegoutelas.fr\/des-alimenter-le-systeme-qui-affame\/"},"author":{"name":"chateau@goutelas","@id":"https:\/\/www.chateaudegoutelas.fr\/#\/schema\/person\/7e406e8ae114bb86bb9b82d52e6a1738"},"headline":"(des)alimenter le syst\u00e8me qui affame","datePublished":"2024-06-27T13:14:06+00:00","dateModified":"2024-06-27T20:21:55+00:00","mainEntityOfPage":{"@id":"https:\/\/www.chateaudegoutelas.fr\/des-alimenter-le-systeme-qui-affame\/"},"wordCount":1602,"publisher":{"@id":"https:\/\/www.chateaudegoutelas.fr\/#organization"},"image":{"@id":"https:\/\/www.chateaudegoutelas.fr\/des-alimenter-le-systeme-qui-affame\/#primaryimage"},"thumbnailUrl":"https:\/\/www.chateaudegoutelas.fr\/wp-content\/uploads\/2024\/06\/photo-pauline-scherer.jpg","articleSection":["Actualit\u00e9"],"inLanguage":"en-GB"},{"@type":"WebPage","@id":"https:\/\/www.chateaudegoutelas.fr\/des-alimenter-le-systeme-qui-affame\/","url":"https:\/\/www.chateaudegoutelas.fr\/des-alimenter-le-systeme-qui-affame\/","name":"(des)alimenter le syst\u00e8me qui affame - Ch\u00e2teau de Goutelas","isPartOf":{"@id":"https:\/\/www.chateaudegoutelas.fr\/#website"},"primaryImageOfPage":{"@id":"https:\/\/www.chateaudegoutelas.fr\/des-alimenter-le-systeme-qui-affame\/#primaryimage"},"image":{"@id":"https:\/\/www.chateaudegoutelas.fr\/des-alimenter-le-systeme-qui-affame\/#primaryimage"},"thumbnailUrl":"https:\/\/www.chateaudegoutelas.fr\/wp-content\/uploads\/2024\/06\/photo-pauline-scherer.jpg","datePublished":"2024-06-27T13:14:06+00:00","dateModified":"2024-06-27T20:21:55+00:00","breadcrumb":{"@id":"https:\/\/www.chateaudegoutelas.fr\/des-alimenter-le-systeme-qui-affame\/#breadcrumb"},"inLanguage":"en-GB","potentialAction":[{"@type":"ReadAction","target":["https:\/\/www.chateaudegoutelas.fr\/des-alimenter-le-systeme-qui-affame\/"]}]},{"@type":"ImageObject","inLanguage":"en-GB","@id":"https:\/\/www.chateaudegoutelas.fr\/des-alimenter-le-systeme-qui-affame\/#primaryimage","url":"https:\/\/www.chateaudegoutelas.fr\/wp-content\/uploads\/2024\/06\/photo-pauline-scherer.jpg","contentUrl":"https:\/\/www.chateaudegoutelas.fr\/wp-content\/uploads\/2024\/06\/photo-pauline-scherer.jpg","width":1365,"height":2048},{"@type":"BreadcrumbList","@id":"https:\/\/www.chateaudegoutelas.fr\/des-alimenter-le-systeme-qui-affame\/#breadcrumb","itemListElement":[{"@type":"ListItem","position":1,"name":"Accueil","item":"https:\/\/www.chateaudegoutelas.fr\/"},{"@type":"ListItem","position":2,"name":"(des)alimenter le syst\u00e8me qui affame"}]},{"@type":"WebSite","@id":"https:\/\/www.chateaudegoutelas.fr\/#website","url":"https:\/\/www.chateaudegoutelas.fr\/","name":"Ch\u00e2teau de Goutelas","description":"Un centre culturel de rencontre en Forez","publisher":{"@id":"https:\/\/www.chateaudegoutelas.fr\/#organization"},"potentialAction":[{"@type":"SearchAction","target":{"@type":"EntryPoint","urlTemplate":"https:\/\/www.chateaudegoutelas.fr\/?s={search_term_string}"},"query-input":{"@type":"PropertyValueSpecification","valueRequired":true,"valueName":"search_term_string"}}],"inLanguage":"en-GB"},{"@type":"Organization","@id":"https:\/\/www.chateaudegoutelas.fr\/#organization","name":"Ch\u00e2teau de Goutelas","url":"https:\/\/www.chateaudegoutelas.fr\/","logo":{"@type":"ImageObject","inLanguage":"en-GB","@id":"https:\/\/www.chateaudegoutelas.fr\/#\/schema\/logo\/image\/","url":"https:\/\/www.chateaudegoutelas.fr\/wp-content\/uploads\/2023\/05\/logo-chateau-goutelas-bleu.png","contentUrl":"https:\/\/www.chateaudegoutelas.fr\/wp-content\/uploads\/2023\/05\/logo-chateau-goutelas-bleu.png","width":1123,"height":327,"caption":"Ch\u00e2teau de Goutelas"},"image":{"@id":"https:\/\/www.chateaudegoutelas.fr\/#\/schema\/logo\/image\/"}},{"@type":"Person","@id":"https:\/\/www.chateaudegoutelas.fr\/#\/schema\/person\/7e406e8ae114bb86bb9b82d52e6a1738","name":"chateau@goutelas","image":{"@type":"ImageObject","inLanguage":"en-GB","@id":"https:\/\/secure.gravatar.com\/avatar\/81dca52e038e1e2a8e548cbc7a6a4752e4b1b2df1c0ab48a36029d14ad9c944f?s=96&d=mm&r=g","url":"https:\/\/secure.gravatar.com\/avatar\/81dca52e038e1e2a8e548cbc7a6a4752e4b1b2df1c0ab48a36029d14ad9c944f?s=96&d=mm&r=g","contentUrl":"https:\/\/secure.gravatar.com\/avatar\/81dca52e038e1e2a8e548cbc7a6a4752e4b1b2df1c0ab48a36029d14ad9c944f?s=96&d=mm&r=g","caption":"chateau@goutelas"},"url":"https:\/\/www.chateaudegoutelas.fr\/en\/author\/chateaugoutelas\/"}]}},"_links":{"self":[{"href":"https:\/\/www.chateaudegoutelas.fr\/en\/wp-json\/wp\/v2\/posts\/9317","targetHints":{"allow":["GET"]}}],"collection":[{"href":"https:\/\/www.chateaudegoutelas.fr\/en\/wp-json\/wp\/v2\/posts"}],"about":[{"href":"https:\/\/www.chateaudegoutelas.fr\/en\/wp-json\/wp\/v2\/types\/post"}],"author":[{"embeddable":true,"href":"https:\/\/www.chateaudegoutelas.fr\/en\/wp-json\/wp\/v2\/users\/7"}],"replies":[{"embeddable":true,"href":"https:\/\/www.chateaudegoutelas.fr\/en\/wp-json\/wp\/v2\/comments?post=9317"}],"version-history":[{"count":3,"href":"https:\/\/www.chateaudegoutelas.fr\/en\/wp-json\/wp\/v2\/posts\/9317\/revisions"}],"predecessor-version":[{"id":9452,"href":"https:\/\/www.chateaudegoutelas.fr\/en\/wp-json\/wp\/v2\/posts\/9317\/revisions\/9452"}],"wp:featuredmedia":[{"embeddable":true,"href":"https:\/\/www.chateaudegoutelas.fr\/en\/wp-json\/wp\/v2\/media\/9319"}],"wp:attachment":[{"href":"https:\/\/www.chateaudegoutelas.fr\/en\/wp-json\/wp\/v2\/media?parent=9317"}],"wp:term":[{"taxonomy":"category","embeddable":true,"href":"https:\/\/www.chateaudegoutelas.fr\/en\/wp-json\/wp\/v2\/categories?post=9317"},{"taxonomy":"post_tag","embeddable":true,"href":"https:\/\/www.chateaudegoutelas.fr\/en\/wp-json\/wp\/v2\/tags?post=9317"}],"curies":[{"name":"wp","href":"https:\/\/api.w.org\/{rel}","templated":true}]}}