{"id":9286,"date":"2024-05-30T17:54:36","date_gmt":"2024-05-30T15:54:36","guid":{"rendered":"https:\/\/www.chateaudegoutelas.fr\/?p=9286"},"modified":"2024-05-30T19:15:33","modified_gmt":"2024-05-30T17:15:33","slug":"droits-culturels-et-politiques-culturelles","status":"publish","type":"post","link":"https:\/\/www.chateaudegoutelas.fr\/en\/droits-culturels-et-politiques-culturelles\/","title":{"rendered":"Droits culturels et politiques culturelles : interventions d&rsquo;Anne-Christine Micheu et Antoine Jeammaud"},"content":{"rendered":"<img loading=\"lazy\" decoding=\"async\" width=\"2560\" height=\"1707\" src=\"https:\/\/www.chateaudegoutelas.fr\/wp-content\/uploads\/2023\/11\/DSC0221-scaled.jpg\" class=\"attachment-post-thumbnail size-post-thumbnail wp-post-image\" alt=\"\" srcset=\"https:\/\/www.chateaudegoutelas.fr\/wp-content\/uploads\/2023\/11\/DSC0221-scaled.jpg 2560w, https:\/\/www.chateaudegoutelas.fr\/wp-content\/uploads\/2023\/11\/DSC0221-1200x800.jpg 1200w, https:\/\/www.chateaudegoutelas.fr\/wp-content\/uploads\/2023\/11\/DSC0221-1920x1280.jpg 1920w, https:\/\/www.chateaudegoutelas.fr\/wp-content\/uploads\/2023\/11\/DSC0221-768x512.jpg 768w, https:\/\/www.chateaudegoutelas.fr\/wp-content\/uploads\/2023\/11\/DSC0221-1536x1024.jpg 1536w, https:\/\/www.chateaudegoutelas.fr\/wp-content\/uploads\/2023\/11\/DSC0221-2048x1365.jpg 2048w, https:\/\/www.chateaudegoutelas.fr\/wp-content\/uploads\/2023\/11\/DSC0221-18x12.jpg 18w\" sizes=\"auto, (max-width: 2560px) 100vw, 2560px\" \/>\n<p>\u00a9 Ch\u00e2teau de Goutelas<\/p>\n<p>La question des droits culturels anime Goutelas, depuis sa labellisation et m\u00eame avant !<\/p>\n<p>\u00c0 l&rsquo;initiative de membres de l&rsquo;association, deux d&rsquo;entre eux sont intervenus en mars 2024 sous la forme d&rsquo;un webinaire pour aborder les droits culturels et leur lien avec les politiques culturelles : <strong>Antoine Jeammaud<\/strong>, professeur de droit honoraire de l&rsquo;Universit\u00e9 Lumi\u00e8re Lyon 2, et <strong>Anne-Christine Micheu<\/strong>, conseil et expertise politiques culturelles et droits culturels.<\/p>\n<p>L&rsquo;introduction du \u00ab respect des droits culturels \u00bb pour l&rsquo;\u00e9laboration des politiques culturelles dans la loi Nouvelle organisation territoriale de la R\u00e9publique, en 2015, a suscit\u00e9 et suscite toujours beaucoup de questions, de controverses et de d\u00e9bats. Dans le champ culturel, de nombreuses exp\u00e9rimentations, tant \u00e0 l&rsquo;initiative des collectivit\u00e9s territoriales que de la soci\u00e9t\u00e9 civile, d&rsquo;institutions et d&rsquo;associations culturelles jalonnent aujourd&rsquo;hui un peu mieux le paysage de l&rsquo;action culturelle publique. Mais que sont, en fait, ces droits culturels ? D&rsquo;o\u00f9 viennent-ils ? Quelle est leur port\u00e9e juridique ? Quelles traductions dans l&rsquo;\u00e9laboration des politiques culturelles ?<\/p>\n<p>Goutelas participe depuis plusieurs ann\u00e9es \u00e0 la r\u00e9flexion, notamment avec le parcours r\u00e9gional Pratiques en chantier et au sein du r\u00e9seau des Centres culturels de rencontre.<\/p>\n<p><strong>Retrouvez les textes issus de ce webinaire et produits par Anne-Christine Micheu et Antoine Jeammaud :<\/strong><\/p>\n<p><em>Les droits culturels dans l&rsquo;ordre juridique de la R\u00e9publique fran\u00e7aise<\/em>, par Antoine Jeammaud :<\/p>\n\t\t\t<a href=\"https:\/\/www.chateaudegoutelas.fr\/wp-content\/uploads\/2024\/05\/Les-droits-culturels-dans-lordre-juridique-de-la-republique-francaise.pdf\" target=\"_self\" rel=\"noopener\">\n\t\t\t\t\t\t\tPDF\n\t\t\t\t\t<\/a>\n<p><em>Politiques culturelles et droits culturels : des convergences encore \u00e0 confirmer<\/em>, par Anne-Christine Micheu :<\/p>\n\t\t\t<a href=\"https:\/\/www.chateaudegoutelas.fr\/wp-content\/uploads\/2024\/05\/Droits-culturels-et-politiques-culturelles_AC-Micheu_avril-2024.pdf\" target=\"_self\" rel=\"noopener\">\n\t\t\t\t\t\t\tPDF\n\t\t\t\t\t<\/a>\n\t\t\t\t<img decoding=\"async\" src=\"https:\/\/www.chateaudegoutelas.fr\/wp-content\/plugins\/beaver-builder-lite-version\/img\/pixel.png\" alt=\"\" itemprop=\"image\" onerror=\"this.style.display='none'\"  \/>","protected":false},"excerpt":{"rendered":"<p>\u00a9 Ch\u00e2teau de Goutelas La question des droits culturels anime Goutelas, depuis sa labellisation et m\u00eame avant ! \u00c0 l&rsquo;initiative de membres de l&rsquo;association, deux d&rsquo;entre eux sont intervenus en mars 2024 sous la forme d&rsquo;un webinaire pour aborder les droits culturels et leur lien avec les politiques culturelles : Antoine Jeammaud, professeur de droit [&hellip;]<\/p>\n","protected":false},"author":7,"featured_media":8860,"comment_status":"closed","ping_status":"closed","sticky":false,"template":"","format":"standard","meta":{"site-sidebar-layout":"default","site-content-layout":"","ast-site-content-layout":"default","site-content-style":"default","site-sidebar-style":"default","ast-global-header-display":"","ast-banner-title-visibility":"","ast-main-header-display":"","ast-hfb-above-header-display":"","ast-hfb-below-header-display":"","ast-hfb-mobile-header-display":"","site-post-title":"","ast-breadcrumbs-content":"","ast-featured-img":"disabled","footer-sml-layout":"","ast-disable-related-posts":"","theme-transparent-header-meta":"default","adv-header-id-meta":"","stick-header-meta":"default","header-above-stick-meta":"","header-main-stick-meta":"","header-below-stick-meta":"","astra-migrate-meta-layouts":"set","ast-page-background-enabled":"default","ast-page-background-meta":{"desktop":{"background-color":"","background-image":"","background-repeat":"repeat","background-position":"center center","background-size":"auto","background-attachment":"scroll","background-type":"","background-media":"","overlay-type":"","overlay-color":"","overlay-opacity":"","overlay-gradient":""},"tablet":{"background-color":"","background-image":"","background-repeat":"repeat","background-position":"center center","background-size":"auto","background-attachment":"scroll","background-type":"","background-media":"","overlay-type":"","overlay-color":"","overlay-opacity":"","overlay-gradient":""},"mobile":{"background-color":"","background-image":"","background-repeat":"repeat","background-position":"center center","background-size":"auto","background-attachment":"scroll","background-type":"","background-media":"","overlay-type":"","overlay-color":"","overlay-opacity":"","overlay-gradient":""}},"ast-content-background-meta":{"desktop":{"background-color":"var(--ast-global-color-5)","background-image":"","background-repeat":"repeat","background-position":"center center","background-size":"auto","background-attachment":"scroll","background-type":"","background-media":"","overlay-type":"","overlay-color":"","overlay-opacity":"","overlay-gradient":""},"tablet":{"background-color":"var(--ast-global-color-5)","background-image":"","background-repeat":"repeat","background-position":"center center","background-size":"auto","background-attachment":"scroll","background-type":"","background-media":"","overlay-type":"","overlay-color":"","overlay-opacity":"","overlay-gradient":""},"mobile":{"background-color":"var(--ast-global-color-5)","background-image":"","background-repeat":"repeat","background-position":"center center","background-size":"auto","background-attachment":"scroll","background-type":"","background-media":"","overlay-type":"","overlay-color":"","overlay-opacity":"","overlay-gradient":""}},"footnotes":""},"categories":[4],"tags":[],"class_list":["post-9286","post","type-post","status-publish","format-standard","has-post-thumbnail","hentry","category-actualites"],"yoast_head":"<!-- This site is optimized with the Yoast SEO plugin v27.5 - https:\/\/yoast.com\/product\/yoast-seo-wordpress\/ -->\n<title>Droits culturels et politiques culturelles : interventions d&#039;Anne-Christine Micheu et Antoine Jeammaud - Ch\u00e2teau de Goutelas<\/title>\n<meta name=\"robots\" content=\"index, follow, max-snippet:-1, max-image-preview:large, max-video-preview:-1\" \/>\n<link rel=\"canonical\" href=\"https:\/\/www.chateaudegoutelas.fr\/en\/droits-culturels-et-politiques-culturelles\/\" \/>\n<meta property=\"og:locale\" content=\"en_GB\" \/>\n<meta property=\"og:type\" content=\"article\" \/>\n<meta property=\"og:title\" content=\"Droits culturels et politiques culturelles : interventions d&#039;Anne-Christine Micheu et Antoine Jeammaud - Ch\u00e2teau de Goutelas\" \/>\n<meta property=\"og:description\" content=\"\u00a9 Ch\u00e2teau de Goutelas La question des droits culturels anime Goutelas, depuis sa labellisation et m\u00eame avant ! \u00c0 l&rsquo;initiative de membres de l&rsquo;association, deux d&rsquo;entre eux sont intervenus en mars 2024 sous la forme d&rsquo;un webinaire pour aborder les droits culturels et leur lien avec les politiques culturelles : Antoine Jeammaud, professeur de droit [&hellip;]\" \/>\n<meta property=\"og:url\" content=\"https:\/\/www.chateaudegoutelas.fr\/en\/droits-culturels-et-politiques-culturelles\/\" \/>\n<meta property=\"og:site_name\" content=\"Ch\u00e2teau de Goutelas\" \/>\n<meta property=\"article:published_time\" content=\"2024-05-30T15:54:36+00:00\" \/>\n<meta property=\"article:modified_time\" content=\"2024-05-30T17:15:33+00:00\" \/>\n<meta property=\"og:image\" content=\"https:\/\/www.chateaudegoutelas.fr\/wp-content\/uploads\/2023\/11\/DSC0221-scaled.jpg\" \/>\n\t<meta property=\"og:image:width\" content=\"2560\" \/>\n\t<meta property=\"og:image:height\" content=\"1707\" \/>\n\t<meta property=\"og:image:type\" content=\"image\/jpeg\" \/>\n<meta name=\"author\" content=\"chateau@goutelas\" \/>\n<meta name=\"twitter:card\" content=\"summary_large_image\" \/>\n<meta name=\"twitter:label1\" content=\"Written by\" \/>\n\t<meta name=\"twitter:data1\" content=\"chateau@goutelas\" \/>\n\t<meta name=\"twitter:label2\" content=\"Estimated reading time\" \/>\n\t<meta name=\"twitter:data2\" content=\"1 minute\" \/>\n<script type=\"application\/ld+json\" class=\"yoast-schema-graph\">{\"@context\":\"https:\\\/\\\/schema.org\",\"@graph\":[{\"@type\":\"Article\",\"@id\":\"https:\\\/\\\/www.chateaudegoutelas.fr\\\/droits-culturels-et-politiques-culturelles\\\/#article\",\"isPartOf\":{\"@id\":\"https:\\\/\\\/www.chateaudegoutelas.fr\\\/droits-culturels-et-politiques-culturelles\\\/\"},\"author\":{\"name\":\"chateau@goutelas\",\"@id\":\"https:\\\/\\\/www.chateaudegoutelas.fr\\\/#\\\/schema\\\/person\\\/7e406e8ae114bb86bb9b82d52e6a1738\"},\"headline\":\"Droits culturels et politiques culturelles : interventions d&rsquo;Anne-Christine Micheu et Antoine Jeammaud\",\"datePublished\":\"2024-05-30T15:54:36+00:00\",\"dateModified\":\"2024-05-30T17:15:33+00:00\",\"mainEntityOfPage\":{\"@id\":\"https:\\\/\\\/www.chateaudegoutelas.fr\\\/droits-culturels-et-politiques-culturelles\\\/\"},\"wordCount\":266,\"publisher\":{\"@id\":\"https:\\\/\\\/www.chateaudegoutelas.fr\\\/#organization\"},\"image\":{\"@id\":\"https:\\\/\\\/www.chateaudegoutelas.fr\\\/droits-culturels-et-politiques-culturelles\\\/#primaryimage\"},\"thumbnailUrl\":\"https:\\\/\\\/www.chateaudegoutelas.fr\\\/wp-content\\\/uploads\\\/2023\\\/11\\\/DSC0221-scaled.jpg\",\"articleSection\":[\"Actualit\u00e9\"],\"inLanguage\":\"en-GB\"},{\"@type\":\"WebPage\",\"@id\":\"https:\\\/\\\/www.chateaudegoutelas.fr\\\/droits-culturels-et-politiques-culturelles\\\/\",\"url\":\"https:\\\/\\\/www.chateaudegoutelas.fr\\\/droits-culturels-et-politiques-culturelles\\\/\",\"name\":\"Droits culturels et politiques culturelles : interventions d'Anne-Christine Micheu et Antoine Jeammaud - Ch\u00e2teau de Goutelas\",\"isPartOf\":{\"@id\":\"https:\\\/\\\/www.chateaudegoutelas.fr\\\/#website\"},\"primaryImageOfPage\":{\"@id\":\"https:\\\/\\\/www.chateaudegoutelas.fr\\\/droits-culturels-et-politiques-culturelles\\\/#primaryimage\"},\"image\":{\"@id\":\"https:\\\/\\\/www.chateaudegoutelas.fr\\\/droits-culturels-et-politiques-culturelles\\\/#primaryimage\"},\"thumbnailUrl\":\"https:\\\/\\\/www.chateaudegoutelas.fr\\\/wp-content\\\/uploads\\\/2023\\\/11\\\/DSC0221-scaled.jpg\",\"datePublished\":\"2024-05-30T15:54:36+00:00\",\"dateModified\":\"2024-05-30T17:15:33+00:00\",\"breadcrumb\":{\"@id\":\"https:\\\/\\\/www.chateaudegoutelas.fr\\\/droits-culturels-et-politiques-culturelles\\\/#breadcrumb\"},\"inLanguage\":\"en-GB\",\"potentialAction\":[{\"@type\":\"ReadAction\",\"target\":[\"https:\\\/\\\/www.chateaudegoutelas.fr\\\/droits-culturels-et-politiques-culturelles\\\/\"]}]},{\"@type\":\"ImageObject\",\"inLanguage\":\"en-GB\",\"@id\":\"https:\\\/\\\/www.chateaudegoutelas.fr\\\/droits-culturels-et-politiques-culturelles\\\/#primaryimage\",\"url\":\"https:\\\/\\\/www.chateaudegoutelas.fr\\\/wp-content\\\/uploads\\\/2023\\\/11\\\/DSC0221-scaled.jpg\",\"contentUrl\":\"https:\\\/\\\/www.chateaudegoutelas.fr\\\/wp-content\\\/uploads\\\/2023\\\/11\\\/DSC0221-scaled.jpg\",\"width\":2560,\"height\":1707,\"caption\":\"binary comment\"},{\"@type\":\"BreadcrumbList\",\"@id\":\"https:\\\/\\\/www.chateaudegoutelas.fr\\\/droits-culturels-et-politiques-culturelles\\\/#breadcrumb\",\"itemListElement\":[{\"@type\":\"ListItem\",\"position\":1,\"name\":\"Accueil\",\"item\":\"https:\\\/\\\/www.chateaudegoutelas.fr\\\/\"},{\"@type\":\"ListItem\",\"position\":2,\"name\":\"Droits culturels et politiques culturelles : interventions d&rsquo;Anne-Christine Micheu et Antoine Jeammaud\"}]},{\"@type\":\"WebSite\",\"@id\":\"https:\\\/\\\/www.chateaudegoutelas.fr\\\/#website\",\"url\":\"https:\\\/\\\/www.chateaudegoutelas.fr\\\/\",\"name\":\"Ch\u00e2teau de Goutelas\",\"description\":\"Un centre culturel de rencontre en Forez\",\"publisher\":{\"@id\":\"https:\\\/\\\/www.chateaudegoutelas.fr\\\/#organization\"},\"potentialAction\":[{\"@type\":\"SearchAction\",\"target\":{\"@type\":\"EntryPoint\",\"urlTemplate\":\"https:\\\/\\\/www.chateaudegoutelas.fr\\\/?s={search_term_string}\"},\"query-input\":{\"@type\":\"PropertyValueSpecification\",\"valueRequired\":true,\"valueName\":\"search_term_string\"}}],\"inLanguage\":\"en-GB\"},{\"@type\":\"Organization\",\"@id\":\"https:\\\/\\\/www.chateaudegoutelas.fr\\\/#organization\",\"name\":\"Ch\u00e2teau de Goutelas\",\"url\":\"https:\\\/\\\/www.chateaudegoutelas.fr\\\/\",\"logo\":{\"@type\":\"ImageObject\",\"inLanguage\":\"en-GB\",\"@id\":\"https:\\\/\\\/www.chateaudegoutelas.fr\\\/#\\\/schema\\\/logo\\\/image\\\/\",\"url\":\"https:\\\/\\\/www.chateaudegoutelas.fr\\\/wp-content\\\/uploads\\\/2023\\\/05\\\/logo-chateau-goutelas-bleu.png\",\"contentUrl\":\"https:\\\/\\\/www.chateaudegoutelas.fr\\\/wp-content\\\/uploads\\\/2023\\\/05\\\/logo-chateau-goutelas-bleu.png\",\"width\":1123,\"height\":327,\"caption\":\"Ch\u00e2teau de Goutelas\"},\"image\":{\"@id\":\"https:\\\/\\\/www.chateaudegoutelas.fr\\\/#\\\/schema\\\/logo\\\/image\\\/\"}},{\"@type\":\"Person\",\"@id\":\"https:\\\/\\\/www.chateaudegoutelas.fr\\\/#\\\/schema\\\/person\\\/7e406e8ae114bb86bb9b82d52e6a1738\",\"name\":\"chateau@goutelas\",\"image\":{\"@type\":\"ImageObject\",\"inLanguage\":\"en-GB\",\"@id\":\"https:\\\/\\\/secure.gravatar.com\\\/avatar\\\/81dca52e038e1e2a8e548cbc7a6a4752e4b1b2df1c0ab48a36029d14ad9c944f?s=96&d=mm&r=g\",\"url\":\"https:\\\/\\\/secure.gravatar.com\\\/avatar\\\/81dca52e038e1e2a8e548cbc7a6a4752e4b1b2df1c0ab48a36029d14ad9c944f?s=96&d=mm&r=g\",\"contentUrl\":\"https:\\\/\\\/secure.gravatar.com\\\/avatar\\\/81dca52e038e1e2a8e548cbc7a6a4752e4b1b2df1c0ab48a36029d14ad9c944f?s=96&d=mm&r=g\",\"caption\":\"chateau@goutelas\"},\"url\":\"https:\\\/\\\/www.chateaudegoutelas.fr\\\/en\\\/author\\\/chateaugoutelas\\\/\"}]}<\/script>\n<!-- \/ Yoast SEO plugin. -->","yoast_head_json":{"title":"Droits culturels et politiques culturelles : interventions d'Anne-Christine Micheu et Antoine Jeammaud - Ch\u00e2teau de Goutelas","robots":{"index":"index","follow":"follow","max-snippet":"max-snippet:-1","max-image-preview":"max-image-preview:large","max-video-preview":"max-video-preview:-1"},"canonical":"https:\/\/www.chateaudegoutelas.fr\/en\/droits-culturels-et-politiques-culturelles\/","og_locale":"en_GB","og_type":"article","og_title":"Droits culturels et politiques culturelles : interventions d'Anne-Christine Micheu et Antoine Jeammaud - Ch\u00e2teau de Goutelas","og_description":"\u00a9 Ch\u00e2teau de Goutelas La question des droits culturels anime Goutelas, depuis sa labellisation et m\u00eame avant ! \u00c0 l&rsquo;initiative de membres de l&rsquo;association, deux d&rsquo;entre eux sont intervenus en mars 2024 sous la forme d&rsquo;un webinaire pour aborder les droits culturels et leur lien avec les politiques culturelles : Antoine Jeammaud, professeur de droit [&hellip;]","og_url":"https:\/\/www.chateaudegoutelas.fr\/en\/droits-culturels-et-politiques-culturelles\/","og_site_name":"Ch\u00e2teau de Goutelas","article_published_time":"2024-05-30T15:54:36+00:00","article_modified_time":"2024-05-30T17:15:33+00:00","og_image":[{"width":2560,"height":1707,"url":"https:\/\/www.chateaudegoutelas.fr\/wp-content\/uploads\/2023\/11\/DSC0221-scaled.jpg","type":"image\/jpeg"}],"author":"chateau@goutelas","twitter_card":"summary_large_image","twitter_misc":{"Written by":"chateau@goutelas","Estimated reading time":"1 minute"},"schema":{"@context":"https:\/\/schema.org","@graph":[{"@type":"Article","@id":"https:\/\/www.chateaudegoutelas.fr\/droits-culturels-et-politiques-culturelles\/#article","isPartOf":{"@id":"https:\/\/www.chateaudegoutelas.fr\/droits-culturels-et-politiques-culturelles\/"},"author":{"name":"chateau@goutelas","@id":"https:\/\/www.chateaudegoutelas.fr\/#\/schema\/person\/7e406e8ae114bb86bb9b82d52e6a1738"},"headline":"Droits culturels et politiques culturelles : interventions d&rsquo;Anne-Christine Micheu et Antoine Jeammaud","datePublished":"2024-05-30T15:54:36+00:00","dateModified":"2024-05-30T17:15:33+00:00","mainEntityOfPage":{"@id":"https:\/\/www.chateaudegoutelas.fr\/droits-culturels-et-politiques-culturelles\/"},"wordCount":266,"publisher":{"@id":"https:\/\/www.chateaudegoutelas.fr\/#organization"},"image":{"@id":"https:\/\/www.chateaudegoutelas.fr\/droits-culturels-et-politiques-culturelles\/#primaryimage"},"thumbnailUrl":"https:\/\/www.chateaudegoutelas.fr\/wp-content\/uploads\/2023\/11\/DSC0221-scaled.jpg","articleSection":["Actualit\u00e9"],"inLanguage":"en-GB"},{"@type":"WebPage","@id":"https:\/\/www.chateaudegoutelas.fr\/droits-culturels-et-politiques-culturelles\/","url":"https:\/\/www.chateaudegoutelas.fr\/droits-culturels-et-politiques-culturelles\/","name":"Droits culturels et politiques culturelles : interventions d'Anne-Christine Micheu et Antoine Jeammaud - Ch\u00e2teau de Goutelas","isPartOf":{"@id":"https:\/\/www.chateaudegoutelas.fr\/#website"},"primaryImageOfPage":{"@id":"https:\/\/www.chateaudegoutelas.fr\/droits-culturels-et-politiques-culturelles\/#primaryimage"},"image":{"@id":"https:\/\/www.chateaudegoutelas.fr\/droits-culturels-et-politiques-culturelles\/#primaryimage"},"thumbnailUrl":"https:\/\/www.chateaudegoutelas.fr\/wp-content\/uploads\/2023\/11\/DSC0221-scaled.jpg","datePublished":"2024-05-30T15:54:36+00:00","dateModified":"2024-05-30T17:15:33+00:00","breadcrumb":{"@id":"https:\/\/www.chateaudegoutelas.fr\/droits-culturels-et-politiques-culturelles\/#breadcrumb"},"inLanguage":"en-GB","potentialAction":[{"@type":"ReadAction","target":["https:\/\/www.chateaudegoutelas.fr\/droits-culturels-et-politiques-culturelles\/"]}]},{"@type":"ImageObject","inLanguage":"en-GB","@id":"https:\/\/www.chateaudegoutelas.fr\/droits-culturels-et-politiques-culturelles\/#primaryimage","url":"https:\/\/www.chateaudegoutelas.fr\/wp-content\/uploads\/2023\/11\/DSC0221-scaled.jpg","contentUrl":"https:\/\/www.chateaudegoutelas.fr\/wp-content\/uploads\/2023\/11\/DSC0221-scaled.jpg","width":2560,"height":1707,"caption":"binary comment"},{"@type":"BreadcrumbList","@id":"https:\/\/www.chateaudegoutelas.fr\/droits-culturels-et-politiques-culturelles\/#breadcrumb","itemListElement":[{"@type":"ListItem","position":1,"name":"Accueil","item":"https:\/\/www.chateaudegoutelas.fr\/"},{"@type":"ListItem","position":2,"name":"Droits culturels et politiques culturelles : interventions d&rsquo;Anne-Christine Micheu et Antoine Jeammaud"}]},{"@type":"WebSite","@id":"https:\/\/www.chateaudegoutelas.fr\/#website","url":"https:\/\/www.chateaudegoutelas.fr\/","name":"Ch\u00e2teau de Goutelas","description":"Un centre culturel de rencontre en Forez","publisher":{"@id":"https:\/\/www.chateaudegoutelas.fr\/#organization"},"potentialAction":[{"@type":"SearchAction","target":{"@type":"EntryPoint","urlTemplate":"https:\/\/www.chateaudegoutelas.fr\/?s={search_term_string}"},"query-input":{"@type":"PropertyValueSpecification","valueRequired":true,"valueName":"search_term_string"}}],"inLanguage":"en-GB"},{"@type":"Organization","@id":"https:\/\/www.chateaudegoutelas.fr\/#organization","name":"Ch\u00e2teau de Goutelas","url":"https:\/\/www.chateaudegoutelas.fr\/","logo":{"@type":"ImageObject","inLanguage":"en-GB","@id":"https:\/\/www.chateaudegoutelas.fr\/#\/schema\/logo\/image\/","url":"https:\/\/www.chateaudegoutelas.fr\/wp-content\/uploads\/2023\/05\/logo-chateau-goutelas-bleu.png","contentUrl":"https:\/\/www.chateaudegoutelas.fr\/wp-content\/uploads\/2023\/05\/logo-chateau-goutelas-bleu.png","width":1123,"height":327,"caption":"Ch\u00e2teau de Goutelas"},"image":{"@id":"https:\/\/www.chateaudegoutelas.fr\/#\/schema\/logo\/image\/"}},{"@type":"Person","@id":"https:\/\/www.chateaudegoutelas.fr\/#\/schema\/person\/7e406e8ae114bb86bb9b82d52e6a1738","name":"chateau@goutelas","image":{"@type":"ImageObject","inLanguage":"en-GB","@id":"https:\/\/secure.gravatar.com\/avatar\/81dca52e038e1e2a8e548cbc7a6a4752e4b1b2df1c0ab48a36029d14ad9c944f?s=96&d=mm&r=g","url":"https:\/\/secure.gravatar.com\/avatar\/81dca52e038e1e2a8e548cbc7a6a4752e4b1b2df1c0ab48a36029d14ad9c944f?s=96&d=mm&r=g","contentUrl":"https:\/\/secure.gravatar.com\/avatar\/81dca52e038e1e2a8e548cbc7a6a4752e4b1b2df1c0ab48a36029d14ad9c944f?s=96&d=mm&r=g","caption":"chateau@goutelas"},"url":"https:\/\/www.chateaudegoutelas.fr\/en\/author\/chateaugoutelas\/"}]}},"_links":{"self":[{"href":"https:\/\/www.chateaudegoutelas.fr\/en\/wp-json\/wp\/v2\/posts\/9286","targetHints":{"allow":["GET"]}}],"collection":[{"href":"https:\/\/www.chateaudegoutelas.fr\/en\/wp-json\/wp\/v2\/posts"}],"about":[{"href":"https:\/\/www.chateaudegoutelas.fr\/en\/wp-json\/wp\/v2\/types\/post"}],"author":[{"embeddable":true,"href":"https:\/\/www.chateaudegoutelas.fr\/en\/wp-json\/wp\/v2\/users\/7"}],"replies":[{"embeddable":true,"href":"https:\/\/www.chateaudegoutelas.fr\/en\/wp-json\/wp\/v2\/comments?post=9286"}],"version-history":[{"count":3,"href":"https:\/\/www.chateaudegoutelas.fr\/en\/wp-json\/wp\/v2\/posts\/9286\/revisions"}],"predecessor-version":[{"id":9293,"href":"https:\/\/www.chateaudegoutelas.fr\/en\/wp-json\/wp\/v2\/posts\/9286\/revisions\/9293"}],"wp:featuredmedia":[{"embeddable":true,"href":"https:\/\/www.chateaudegoutelas.fr\/en\/wp-json\/wp\/v2\/media\/8860"}],"wp:attachment":[{"href":"https:\/\/www.chateaudegoutelas.fr\/en\/wp-json\/wp\/v2\/media?parent=9286"}],"wp:term":[{"taxonomy":"category","embeddable":true,"href":"https:\/\/www.chateaudegoutelas.fr\/en\/wp-json\/wp\/v2\/categories?post=9286"},{"taxonomy":"post_tag","embeddable":true,"href":"https:\/\/www.chateaudegoutelas.fr\/en\/wp-json\/wp\/v2\/tags?post=9286"}],"curies":[{"name":"wp","href":"https:\/\/api.w.org\/{rel}","templated":true}]}}