{"id":9015,"date":"2024-02-02T17:11:47","date_gmt":"2024-02-02T16:11:47","guid":{"rendered":"https:\/\/www.chateaudegoutelas.fr\/?p=9015"},"modified":"2024-02-07T09:42:50","modified_gmt":"2024-02-07T08:42:50","slug":"retour-sur-les-tables-rondes-du-festival-plurielles","status":"publish","type":"post","link":"https:\/\/www.chateaudegoutelas.fr\/en\/retour-sur-les-tables-rondes-du-festival-plurielles\/","title":{"rendered":"Retour sur les tables rondes du festival Plurielles"},"content":{"rendered":"<p>Les <strong>17 &amp; 18 novembre 2023<\/strong>, le festival <a href=\"https:\/\/www.chateaudegoutelas.fr\/en\/agenda\/plurielles-2023\/\"><strong>Plurielles ! Migrations &amp; trajectoires f\u00e9ministes <\/strong><\/a>proposait des rencontres, plateaux radio, spectacles et moments conviviaux pour mettre en lumi\u00e8re celles qui se soul\u00e8vent pour d\u00e9fendre leurs droits, dans des situations d&rsquo;exil ou de discrimination.<\/p>\n<p>Cette synth\u00e8se des trois plateaux radio du samedi, \u00e0 l&rsquo;initiative de membres de l&rsquo;association, a \u00e9t\u00e9 r\u00e9dig\u00e9e par Michel Rautenberg.<\/p>\n<p>Nous vous souhaitons une bonne lecture !<\/p>\n\t<img loading=\"lazy\" decoding=\"async\" width=\"2560\" height=\"1707\" src=\"https:\/\/www.chateaudegoutelas.fr\/wp-content\/uploads\/2024\/02\/Plurielles-75-scaled.jpg\" class=\"attachment-post-thumbnail size-post-thumbnail wp-post-image\" alt=\"\" srcset=\"https:\/\/www.chateaudegoutelas.fr\/wp-content\/uploads\/2024\/02\/Plurielles-75-scaled.jpg 2560w, https:\/\/www.chateaudegoutelas.fr\/wp-content\/uploads\/2024\/02\/Plurielles-75-1200x800.jpg 1200w, https:\/\/www.chateaudegoutelas.fr\/wp-content\/uploads\/2024\/02\/Plurielles-75-1920x1280.jpg 1920w, https:\/\/www.chateaudegoutelas.fr\/wp-content\/uploads\/2024\/02\/Plurielles-75-768x512.jpg 768w, https:\/\/www.chateaudegoutelas.fr\/wp-content\/uploads\/2024\/02\/Plurielles-75-1536x1024.jpg 1536w, https:\/\/www.chateaudegoutelas.fr\/wp-content\/uploads\/2024\/02\/Plurielles-75-2048x1365.jpg 2048w, https:\/\/www.chateaudegoutelas.fr\/wp-content\/uploads\/2024\/02\/Plurielles-75-18x12.jpg 18w\" sizes=\"auto, (max-width: 2560px) 100vw, 2560px\" \/>\n\t<p>Les trois tables rondes portent sur trois th\u00e9matiques diff\u00e9rentes, cependant des questions plus g\u00e9n\u00e9rales ont \u00e9t\u00e9 abord\u00e9es qu&rsquo;il est utile d&rsquo;avoir \u00e0 l&rsquo;esprit. L&rsquo;immigration, et plus encore peut-\u00eatre celle des femmes, ne peut pas \u00eatre abord\u00e9e sans \u00e9voquer l&rsquo;\u00e9migration. Comme le soulignait le sociologue Abdelmalek Sayad, \u00e9voqu\u00e9 par plusieurs intervenantes, ce sont les deux faces d&rsquo;une m\u00eame pi\u00e8ce. Il faut aussi avoir en t\u00eate que les politiques de l&rsquo;immigration sont toujours instrumentalis\u00e9es en r\u00e9ponse \u00e0 d&rsquo;autres questions (\u00e9conomiques, sociales, politiciennes). Toutes les \u00e9tudes s\u00e9rieuses montrent, par exemple, qu&rsquo;elle est b\u00e9n\u00e9fique \u00e0 l&rsquo;\u00e9conomie g\u00e9n\u00e9rale du pays d&rsquo;accueil, ce qui est tr\u00e8s rarement \u00e9voqu\u00e9 dans les d\u00e9bats publics. On ne peut pas la comprendre hors des crises climatiques et des effets du n\u00e9olib\u00e9ralisme sur l&rsquo;\u00e9conomie mondiale. L&rsquo;accueil des migrantes pose bien s\u00fbr des questions \u00e9thiques qui sont aussi des questions politiques. Il est illusoire de croire qu&rsquo;il sera possible de cadrer compl\u00e8tement les migrations, il est alors n\u00e9cessaire que les termes d&rsquo;un d\u00e9bat public puissent \u00eatre pos\u00e9s clairement et sur des bases rigoureuses. L&rsquo;acceptation de la migration interroge la soci\u00e9t\u00e9 fran\u00e7aise dans son ensemble.<\/p>\n\t<p><strong>Table ronde 1 : Migrations f\u00e9minines, ce que le genre fait \u00e0 la migration<\/strong><\/p>\n<p>Avec <strong>L\u00e9la Bencharif<\/strong>, g\u00e9ographe, sp\u00e9cialiste de l&rsquo;histoire de l&rsquo;immigration en France, pr\u00e9sidente de l&rsquo;association TRACES, <strong>Ani D.<\/strong>, r\u00e9cemment arriv\u00e9e dans le Forez, <strong>Nathalie Ferr\u00e9<\/strong>, professeure de droit du travail et pr\u00e9sidente honoraire du GISTI,\u00a0<strong>Pinar Selek<\/strong>, sociologue, militante et \u00e9crivaine.<\/p>\n<p>Les migrations f\u00e9minines sont l&rsquo;occasion de discriminations et de jugements \u00e0 courte vue qui s&rsquo;appuient sur des clich\u00e9s communs \u00e0 toutes les migrations ; mais les femmes migrantes subissent doublement les al\u00e9as de leur situation, en tant que femmes et en tant que migrantes. Trois grandes th\u00e9matiques \u00e9mergent des discussions entre les quatre intervenantes.<\/p>\n<p>\u2022 <strong>En premier lieu elles sont globalement, en tant que genre, et individuellement comme femmes, l&rsquo;objet de nombreux clich\u00e9s<\/strong>. Contrairement \u00e0 une id\u00e9e re\u00e7ue, elles repr\u00e9sentent environ la moiti\u00e9 des migrants qui viennent en France et en Europe, et alors que 2\/3 de l&rsquo;ensemble des migrants dans le monde migrent entre pays du \u00ab sud \u00bb. En outre les migrations f\u00e9minines ne se font plus principalement dans un cadre familial. Les repr\u00e9sentations de la migration restent impr\u00e9gn\u00e9es d&rsquo;un cadre de pens\u00e9e patriarcal qui impr\u00e8gne tant les administrations que les attitudes interpersonnelles. Une priorit\u00e9 est de d\u00e9coloniser les esprits et de consid\u00e9rer les migrantes comme des personnes ayant des probl\u00e8mes particuliers qu&rsquo;elles cherchent \u00e0 r\u00e9soudre.<\/p>\n<p>\u2022 Deuxi\u00e8me point, <strong>la maltraitance administrative est plus forte contre les femme seules avec enfants, \u00e0 quoi il faut ajouter que la vuln\u00e9rabilit\u00e9 ou l&rsquo;oppression sexuelle sont rarement prises en compte par l&rsquo;administration elle-m\u00eame<\/strong> comme argument recevable dans une demande d&rsquo;asile, ce qui ne respecte par les textes europ\u00e9ens. Une autre chose rend leur situation difficile vis-\u00e0-vis des administrations, le flou du vocabulaire : par exemple le mot \u00ab int\u00e9gration \u00bb fait l&rsquo;objet d&rsquo;interpr\u00e9tations variables selon les agents de l&rsquo;administration ; mais aussi qu&rsquo;appelle-t-on un.e \u00ab immigr\u00e9.e \u00bb, un.e \u00ab \u00e9tranger.e \u00bb ? Les d\u00e9finitions juridiques sont souvent contourn\u00e9es dans le d\u00e9bat public.<\/p>\n<p>\u2022 Troisi\u00e8me point, <strong>les oppressions (masculines, familiales), les violences sexuelles et sexistes, le patriarcat font que les femmes subissent une double discrimination<\/strong> (comme femmes et comme \u00e9trang\u00e8res) ; la migration familiale rend plus difficile leur reconnaissance (juridique et sociale) comme sujets de plein droit (droit au s\u00e9jour etc). Et face \u00e0 ces difficult\u00e9s, l&rsquo;engagement des mouvements f\u00e9ministes pour la cause des migrantes est parfois ambigu.<\/p>\n\t\t\t\t\t<img decoding=\"async\" src=\"https:\/\/i.ytimg.com\/vi\/m6ldoVnVIU4\/maxresdefault.jpg\" alt=\"youtube-video-thumbnail\"\/>\n\t<p><strong>Table ronde 2 : Identit\u00e9s plurielles. Choisir ses appartenances, renverser les clich\u00e9s<\/strong><\/p>\n<p>Avec <strong>Suzanne Hilaire<\/strong>, membre du collectif afrof\u00e9ministe Sawtche,\u00a0<strong>Ilham Maad<\/strong>, productrice du podcast \u00ab\u00a0Fais pas ta beurette\u00a0\u00bb,\u00a0<strong>Pinar Selek<\/strong>, \u00e9crivaine et sociologue et\u00a0<strong>Boulomsouk Svadphaiphane<\/strong>, autrice, r\u00e9alisatrice et photographe.<\/p>\n<p>Le d\u00e9bat tourne beaucoup autour de cette question : plus que tout autres, les femmes migrantes se voient assign\u00e9es des identit\u00e9s sociales qu&rsquo;elles n&rsquo;ont pas forc\u00e9ment choisies. On sait que l&rsquo;identit\u00e9 est une construction sociale qui s&rsquo;\u00e9labore dans les relations entre personnes et entre groupes sociaux, rappelle Pinar Selek, il est alors n\u00e9cessaire que la soci\u00e9t\u00e9 offre aux femmes migrantes des lieux qui leur permettent de se construire et de sortir de ces assignations identitaires. Plusieurs questions ont structur\u00e9 le d\u00e9bat.<\/p>\n<p>\u00b7 M\u00eame s&rsquo;il n&rsquo;y a pas co\u00efncidence de l&rsquo;identit\u00e9 sur les papiers et des identit\u00e9s ressenties\/v\u00e9cues, <strong>\u00ab avoir des papiers d&rsquo;identit\u00e9 \u00bb est une chose importante pour les migrantes<\/strong>, cela leur assure une meilleure stabilit\u00e9 juridique, c&rsquo;est aussi un signe de reconnaissance.<\/p>\n<p>\u00b7 Il ne faut pas n\u00e9gliger <strong>le r\u00f4le des imaginaires coloniaux dans les repr\u00e9sentations<\/strong> sur les femmes migrantes (les bordels en Indochine, la soumission des femmes musulmanes etc&#8230;) qui continuent d&rsquo;imprimer certaines repr\u00e9sentations de la soci\u00e9t\u00e9 fran\u00e7aise ; une illustration est donn\u00e9e par la diffusion d&rsquo;un documentaire sur les \u00ab beurettes \u00bb et le d\u00e9bat qui a suivi d\u00e9non\u00e7ant la violence du terme dont les relents r\u00e9activent la domination coloniale et masculine.<\/p>\n<p>\u00b7 <strong>L&rsquo;assignation identitaire concerne tr\u00e8s directement artistes et \u00e9crivain.es<\/strong> (et chercheur.es) quand la soci\u00e9t\u00e9 les r\u00e9duit \u00e0 leur \u00ab communaut\u00e9 \u00bb suppos\u00e9e (un exemple est donn\u00e9 : les \u00e9crivaines noires fran\u00e7aises seront dans les rayons \u00ab litt\u00e9rature francophone \u00bb des librairies et non dans les rayons \u00ab litt\u00e9rature fran\u00e7aise \u00bb).<\/p>\n<p>\u00b7 <strong>Pr\u00e9server (ou construire) des espaces de non mixit\u00e9 ou de mixit\u00e9 choisie peut \u00eatre une solution<\/strong> pour pouvoir cr\u00e9er en confiance et se lib\u00e9rer des clich\u00e9s ; consid\u00e9rer que la lutte peut aussi \u00eatre un espace de libert\u00e9, elle permet de d\u00e9construire les identit\u00e9s qu&rsquo;on nous impose. Cependant lutter contre les dominations n&rsquo;est pas synonyme de d\u00e9fendre une identit\u00e9 ; aller vers une convergence des luttes permet de s&rsquo;ouvrir et de prendre conscience de luttes plus universelles en construisant de nouvelles solidarit\u00e9s.<\/p>\n\t\t\t\t\t<img decoding=\"async\" src=\"https:\/\/i.ytimg.com\/vi\/UrDP55KYTgQ\/maxresdefault.jpg\" alt=\"youtube-video-thumbnail\"\/>\n\t<p><strong>Table ronde 3 : Aide aux migrant\u22c5e\u22c5s, f\u00e9minisme et antiracisme dans la Loire<\/strong><\/p>\n<p>avec <strong>Sakina Bakha<\/strong>\u00a0(Assa Azekka),\u00a0<strong>Val\u00e9rie G\u00e9renton<\/strong>\u00a0(Giddy Up),\u00a0<strong>Habiba Zerarga<\/strong> (association TRACES), l&rsquo;association <strong>Abri&rsquo;toit<\/strong> et le <strong>collectif d&rsquo;accueil des demandeurs d&rsquo;asile en Forez<\/strong>.<\/p>\n<p>Que ce soit dans les grands centres urbains, comme \u00e0 Saint-Etienne, ou dans les campagnes for\u00e9ziennes, des militant.e.s soutiennent les d\u00e9marches des femmes pour obtenir un statut, pour trouver un logement, pour se former. Mais la t\u00e2che est de plus en plus difficile.<\/p>\n<p>\u00b7 Premi\u00e8re chose, il faut prendre conscience du paradoxe que vivent nombre des femmes migrantes : le patriarcat n&rsquo;est pas laiss\u00e9 au pays, au contraire il semble m\u00eame parfois \u00eatre plus pesant, garantie pour le mari qu&rsquo;il conserve son statut et que la tradition est respect\u00e9e ; ceci alors que<strong> les femmes sont plus engag\u00e9es que les hommes dans l&rsquo;apprentissage de la langue fran\u00e7aise<\/strong>, des codes sociaux, dans l&rsquo;int\u00e9gration dans des institutions. Pourtant l&rsquo;homme continue \u00e0 vouloir d\u00e9cider de tout.<\/p>\n<p>\u00b7 Deuxi\u00e8me chose, <strong>la tr\u00e8s grande difficult\u00e9 de financement des associations<\/strong> sur lesquelles s&rsquo;appuient de plus en plus les pouvoirs publics alors qu&rsquo;elles ont de moins en moins de moyens et que le nombre de migrant.es en situation de grande pr\u00e9carit\u00e9 ne cesse d&rsquo;augmenter (r\u00e9gularisation de plus en plus lente et difficile, donc les personnes h\u00e9berg\u00e9es le sont plus longtemps et la demande ne cesse pas)<\/p>\n<p>\u00b7 Dernier point, et non le moindre, les r\u00e8gles mises en place par l&rsquo;Etat sont souvent inapplicables, et lui-m\u00eame ne les applique pas toujours.<\/p>\n<p>Cette 3<sup>\u00e8me<\/sup> table ronde a aussi \u00e9t\u00e9 l&rsquo;occasion de rappeler que <strong>les femmes noires et les femmes africaines \u00e9taient quasi absente de l&rsquo;imaginaire collectif des luttes anticoloniales\/antiracistes<\/strong> alors que leur r\u00f4le a pu \u00eatre d\u00e9terminant : les martiniquaises Paulette et Jeanne Nardal, qui ont pos\u00e9 les bases th\u00e9oriques de la n\u00e9gritude, ont accueilli \u00e0 Paris dans leur salon litt\u00e9raire Senghor, Fanon, C\u00e9zaire, sont inconnues du public ; on ignore en France que le mouvement MeToo a \u00e9t\u00e9 cr\u00e9\u00e9 (en 2006) par une Afro-am\u00e9ricaine, Tarana Burke, pour que les femmes noires puissent partager leurs exp\u00e9riences.<\/p>\n\t\t\t\t\t<img decoding=\"async\" src=\"https:\/\/i.ytimg.com\/vi\/ItX6VCl2io8\/maxresdefault.jpg\" alt=\"youtube-video-thumbnail\"\/>\n\t<p><strong>Pour aller plus loin<\/strong><\/p>\n<p><a href=\"https:\/\/www.youtube.com\/watch?v=Ka53qgPUoYE\">Podcast de la le\u00e7on Migrations et soci\u00e9t\u00e9 de Fran\u00e7ois H\u00e9ran au Coll\u00e8ge de France<\/a><\/p>\n<p><a href=\"https:\/\/www.histoire-immigration.fr\/les-migrations\/les-migrations-de-femmes-sont-elles-differentes-de-celles-des-hommes\">Site du mus\u00e9e national de l&rsquo;histoire de l&rsquo;immigration<\/a><\/p>\n<p><a href=\"https:\/\/www.icmigrations.cnrs.fr\/\">Institut Convergence Migration<\/a> : plusieurs entr\u00e9es th\u00e9matiques sur les femmes migrantes<\/p>\n<p><a href=\"https:\/\/migreurop.org\/\">https:\/\/migreurop.org\/<\/a> (recommand\u00e9 par Pinar Selek)<\/p>\n<p>Abdelmalek Sayad, <em>La Double absence. Des illusions de l&rsquo;\u00e9migr\u00e9 aux souffrances de l&rsquo;immigr\u00e9<\/em>. Paris, Le Seuil, coll. \u00ab\u00a0Liber\u00a0\u00bb, 1999 (recommand\u00e9 par Sakina Bakha). Ouvrage majeur pour comprendre les ph\u00e9nom\u00e8nes migratoires contemporains, Sayad, proche du sociologue Pierre Bourdieu avec lequel il a enqu\u00eat\u00e9 en Alg\u00e9rie, resitue le migrant dans le mouvement migratoire entre pays de d\u00e9part et pays d&rsquo;arriv\u00e9e, montre l&rsquo;importance des questions interg\u00e9n\u00e9rationnelles et la diversit\u00e9 des situations sociales qu&rsquo;il connait.<\/p>\n<p>Franz Fanon, <em>Les Damn\u00e9s de la Terre<\/em>, 1961, r\u00e9\u00e9d., La D\u00e9couverte, 2002. (Recommand\u00e9 par Michel Rautenberg). Dans cet ouvrage souvent consid\u00e9r\u00e9 comme fondateur des \u00e9tudes postcoloniales, Fanon explique qu&rsquo;en d\u00e9pit de l&rsquo;indiff\u00e9rence aux races qu&rsquo;elle proclame, la France a d\u00e9velopp\u00e9 son empire colonial sur le motif de l&rsquo;existence de \u00ab races inf\u00e9rieures \u00bb, leur d\u00e9niant les droits fondamentaux des personnes. Le syst\u00e8me colonial est intrins\u00e8quement violent et ali\u00e8ne le colonis\u00e9. Ses h\u00e9ritiers montreront \u00e0 sa suite comment ce racialisme qui ne se dit pas va instiller en profondeur l&rsquo;administration fran\u00e7aise et nos repr\u00e9sentations sociales.<\/p>\n<p>Guillaume Gamblin, <em>L&rsquo;insolente. Dialogues avec Pinar Selek<\/em>, Editions Cambourakis, 2019. Sur fond de la biographie de cette femme militante, \u00e9crivaine, sociologue, qui est exil\u00e9e en France depuis 2012, ce dialogue d\u00e9veloppe plusieurs des points qui seront abord\u00e9s par Pinar Selek dans les podcasts : construire des ponts entre les diff\u00e9rentes luttes les renforce et ouvre des espaces de libert\u00e9, lutter collectivement, choisir la non-violence, d\u00e9passer les fronti\u00e8res nationales, les vertus salvatrices de la litt\u00e9rature etc.<\/p>\n<p>&nbsp;<\/p>\n<p><em><strong>Michel Rautenberg <\/strong>est professeur \u00e9m\u00e9rite de sociologie \u00e0 l&rsquo;universit\u00e9 Jean Monnet (Saint-\u00c9tienne) et membre de l&rsquo;association Ch\u00e2teau de Goutelas.<\/em><\/p>","protected":false},"excerpt":{"rendered":"<p>Les 17 &amp; 18 novembre 2023, le festival Plurielles ! Migrations &amp; trajectoires f\u00e9ministes proposait des rencontres, plateaux radio, spectacles et moments conviviaux pour mettre en lumi\u00e8re celles qui se soul\u00e8vent pour d\u00e9fendre leurs droits, dans des situations d&rsquo;exil ou de discrimination. Cette synth\u00e8se des trois plateaux radio du samedi, \u00e0 l&rsquo;initiative de membres de [&hellip;]<\/p>\n","protected":false},"author":7,"featured_media":9016,"comment_status":"closed","ping_status":"closed","sticky":false,"template":"","format":"standard","meta":{"site-sidebar-layout":"default","site-content-layout":"","ast-site-content-layout":"default","site-content-style":"default","site-sidebar-style":"default","ast-global-header-display":"","ast-banner-title-visibility":"","ast-main-header-display":"","ast-hfb-above-header-display":"","ast-hfb-below-header-display":"","ast-hfb-mobile-header-display":"","site-post-title":"","ast-breadcrumbs-content":"","ast-featured-img":"disabled","footer-sml-layout":"","ast-disable-related-posts":"","theme-transparent-header-meta":"default","adv-header-id-meta":"","stick-header-meta":"default","header-above-stick-meta":"","header-main-stick-meta":"","header-below-stick-meta":"","astra-migrate-meta-layouts":"set","ast-page-background-enabled":"default","ast-page-background-meta":{"desktop":{"background-color":"","background-image":"","background-repeat":"repeat","background-position":"center center","background-size":"auto","background-attachment":"scroll","background-type":"","background-media":"","overlay-type":"","overlay-color":"","overlay-opacity":"","overlay-gradient":""},"tablet":{"background-color":"","background-image":"","background-repeat":"repeat","background-position":"center center","background-size":"auto","background-attachment":"scroll","background-type":"","background-media":"","overlay-type":"","overlay-color":"","overlay-opacity":"","overlay-gradient":""},"mobile":{"background-color":"","background-image":"","background-repeat":"repeat","background-position":"center center","background-size":"auto","background-attachment":"scroll","background-type":"","background-media":"","overlay-type":"","overlay-color":"","overlay-opacity":"","overlay-gradient":""}},"ast-content-background-meta":{"desktop":{"background-color":"var(--ast-global-color-5)","background-image":"","background-repeat":"repeat","background-position":"center center","background-size":"auto","background-attachment":"scroll","background-type":"","background-media":"","overlay-type":"","overlay-color":"","overlay-opacity":"","overlay-gradient":""},"tablet":{"background-color":"var(--ast-global-color-5)","background-image":"","background-repeat":"repeat","background-position":"center center","background-size":"auto","background-attachment":"scroll","background-type":"","background-media":"","overlay-type":"","overlay-color":"","overlay-opacity":"","overlay-gradient":""},"mobile":{"background-color":"var(--ast-global-color-5)","background-image":"","background-repeat":"repeat","background-position":"center center","background-size":"auto","background-attachment":"scroll","background-type":"","background-media":"","overlay-type":"","overlay-color":"","overlay-opacity":"","overlay-gradient":""}},"footnotes":""},"categories":[4],"tags":[],"class_list":["post-9015","post","type-post","status-publish","format-standard","has-post-thumbnail","hentry","category-actualites"],"yoast_head":"<!-- This site is optimized with the Yoast SEO plugin v27.5 - https:\/\/yoast.com\/product\/yoast-seo-wordpress\/ -->\n<title>Retour sur les tables rondes du festival Plurielles - Ch\u00e2teau de Goutelas<\/title>\n<meta name=\"robots\" content=\"index, follow, max-snippet:-1, max-image-preview:large, max-video-preview:-1\" \/>\n<link rel=\"canonical\" href=\"https:\/\/www.chateaudegoutelas.fr\/en\/retour-sur-les-tables-rondes-du-festival-plurielles\/\" \/>\n<meta property=\"og:locale\" content=\"en_GB\" \/>\n<meta property=\"og:type\" content=\"article\" \/>\n<meta property=\"og:title\" content=\"Retour sur les tables rondes du festival Plurielles - Ch\u00e2teau de Goutelas\" \/>\n<meta property=\"og:description\" content=\"Les 17 &amp; 18 novembre 2023, le festival Plurielles ! Migrations &amp; trajectoires f\u00e9ministes proposait des rencontres, plateaux radio, spectacles et moments conviviaux pour mettre en lumi\u00e8re celles qui se soul\u00e8vent pour d\u00e9fendre leurs droits, dans des situations d&rsquo;exil ou de discrimination. Cette synth\u00e8se des trois plateaux radio du samedi, \u00e0 l&rsquo;initiative de membres de [&hellip;]\" \/>\n<meta property=\"og:url\" content=\"https:\/\/www.chateaudegoutelas.fr\/en\/retour-sur-les-tables-rondes-du-festival-plurielles\/\" \/>\n<meta property=\"og:site_name\" content=\"Ch\u00e2teau de Goutelas\" \/>\n<meta property=\"article:published_time\" content=\"2024-02-02T16:11:47+00:00\" \/>\n<meta property=\"article:modified_time\" content=\"2024-02-07T08:42:50+00:00\" \/>\n<meta property=\"og:image\" content=\"https:\/\/www.chateaudegoutelas.fr\/wp-content\/uploads\/2024\/02\/Plurielles-75-scaled.jpg\" \/>\n\t<meta property=\"og:image:width\" content=\"2560\" \/>\n\t<meta property=\"og:image:height\" content=\"1707\" \/>\n\t<meta property=\"og:image:type\" content=\"image\/jpeg\" \/>\n<meta name=\"author\" content=\"chateau@goutelas\" \/>\n<meta name=\"twitter:card\" content=\"summary_large_image\" \/>\n<meta name=\"twitter:label1\" content=\"Written by\" \/>\n\t<meta name=\"twitter:data1\" content=\"chateau@goutelas\" \/>\n\t<meta name=\"twitter:label2\" content=\"Estimated reading time\" \/>\n\t<meta name=\"twitter:data2\" content=\"3 minutes\" \/>\n<script type=\"application\/ld+json\" class=\"yoast-schema-graph\">{\"@context\":\"https:\\\/\\\/schema.org\",\"@graph\":[{\"@type\":\"Article\",\"@id\":\"https:\\\/\\\/www.chateaudegoutelas.fr\\\/retour-sur-les-tables-rondes-du-festival-plurielles\\\/#article\",\"isPartOf\":{\"@id\":\"https:\\\/\\\/www.chateaudegoutelas.fr\\\/retour-sur-les-tables-rondes-du-festival-plurielles\\\/\"},\"author\":{\"name\":\"chateau@goutelas\",\"@id\":\"https:\\\/\\\/www.chateaudegoutelas.fr\\\/#\\\/schema\\\/person\\\/7e406e8ae114bb86bb9b82d52e6a1738\"},\"headline\":\"Retour sur les tables rondes du festival Plurielles\",\"datePublished\":\"2024-02-02T16:11:47+00:00\",\"dateModified\":\"2024-02-07T08:42:50+00:00\",\"mainEntityOfPage\":{\"@id\":\"https:\\\/\\\/www.chateaudegoutelas.fr\\\/retour-sur-les-tables-rondes-du-festival-plurielles\\\/\"},\"wordCount\":1871,\"publisher\":{\"@id\":\"https:\\\/\\\/www.chateaudegoutelas.fr\\\/#organization\"},\"image\":{\"@id\":\"https:\\\/\\\/www.chateaudegoutelas.fr\\\/retour-sur-les-tables-rondes-du-festival-plurielles\\\/#primaryimage\"},\"thumbnailUrl\":\"https:\\\/\\\/www.chateaudegoutelas.fr\\\/wp-content\\\/uploads\\\/2024\\\/02\\\/Plurielles-75-scaled.jpg\",\"articleSection\":[\"Actualit\u00e9\"],\"inLanguage\":\"en-GB\"},{\"@type\":\"WebPage\",\"@id\":\"https:\\\/\\\/www.chateaudegoutelas.fr\\\/retour-sur-les-tables-rondes-du-festival-plurielles\\\/\",\"url\":\"https:\\\/\\\/www.chateaudegoutelas.fr\\\/retour-sur-les-tables-rondes-du-festival-plurielles\\\/\",\"name\":\"Retour sur les tables rondes du festival Plurielles - Ch\u00e2teau de Goutelas\",\"isPartOf\":{\"@id\":\"https:\\\/\\\/www.chateaudegoutelas.fr\\\/#website\"},\"primaryImageOfPage\":{\"@id\":\"https:\\\/\\\/www.chateaudegoutelas.fr\\\/retour-sur-les-tables-rondes-du-festival-plurielles\\\/#primaryimage\"},\"image\":{\"@id\":\"https:\\\/\\\/www.chateaudegoutelas.fr\\\/retour-sur-les-tables-rondes-du-festival-plurielles\\\/#primaryimage\"},\"thumbnailUrl\":\"https:\\\/\\\/www.chateaudegoutelas.fr\\\/wp-content\\\/uploads\\\/2024\\\/02\\\/Plurielles-75-scaled.jpg\",\"datePublished\":\"2024-02-02T16:11:47+00:00\",\"dateModified\":\"2024-02-07T08:42:50+00:00\",\"breadcrumb\":{\"@id\":\"https:\\\/\\\/www.chateaudegoutelas.fr\\\/retour-sur-les-tables-rondes-du-festival-plurielles\\\/#breadcrumb\"},\"inLanguage\":\"en-GB\",\"potentialAction\":[{\"@type\":\"ReadAction\",\"target\":[\"https:\\\/\\\/www.chateaudegoutelas.fr\\\/retour-sur-les-tables-rondes-du-festival-plurielles\\\/\"]}]},{\"@type\":\"ImageObject\",\"inLanguage\":\"en-GB\",\"@id\":\"https:\\\/\\\/www.chateaudegoutelas.fr\\\/retour-sur-les-tables-rondes-du-festival-plurielles\\\/#primaryimage\",\"url\":\"https:\\\/\\\/www.chateaudegoutelas.fr\\\/wp-content\\\/uploads\\\/2024\\\/02\\\/Plurielles-75-scaled.jpg\",\"contentUrl\":\"https:\\\/\\\/www.chateaudegoutelas.fr\\\/wp-content\\\/uploads\\\/2024\\\/02\\\/Plurielles-75-scaled.jpg\",\"width\":2560,\"height\":1707},{\"@type\":\"BreadcrumbList\",\"@id\":\"https:\\\/\\\/www.chateaudegoutelas.fr\\\/retour-sur-les-tables-rondes-du-festival-plurielles\\\/#breadcrumb\",\"itemListElement\":[{\"@type\":\"ListItem\",\"position\":1,\"name\":\"Accueil\",\"item\":\"https:\\\/\\\/www.chateaudegoutelas.fr\\\/\"},{\"@type\":\"ListItem\",\"position\":2,\"name\":\"Retour sur les tables rondes du festival Plurielles\"}]},{\"@type\":\"WebSite\",\"@id\":\"https:\\\/\\\/www.chateaudegoutelas.fr\\\/#website\",\"url\":\"https:\\\/\\\/www.chateaudegoutelas.fr\\\/\",\"name\":\"Ch\u00e2teau de Goutelas\",\"description\":\"Un centre culturel de rencontre en Forez\",\"publisher\":{\"@id\":\"https:\\\/\\\/www.chateaudegoutelas.fr\\\/#organization\"},\"potentialAction\":[{\"@type\":\"SearchAction\",\"target\":{\"@type\":\"EntryPoint\",\"urlTemplate\":\"https:\\\/\\\/www.chateaudegoutelas.fr\\\/?s={search_term_string}\"},\"query-input\":{\"@type\":\"PropertyValueSpecification\",\"valueRequired\":true,\"valueName\":\"search_term_string\"}}],\"inLanguage\":\"en-GB\"},{\"@type\":\"Organization\",\"@id\":\"https:\\\/\\\/www.chateaudegoutelas.fr\\\/#organization\",\"name\":\"Ch\u00e2teau de Goutelas\",\"url\":\"https:\\\/\\\/www.chateaudegoutelas.fr\\\/\",\"logo\":{\"@type\":\"ImageObject\",\"inLanguage\":\"en-GB\",\"@id\":\"https:\\\/\\\/www.chateaudegoutelas.fr\\\/#\\\/schema\\\/logo\\\/image\\\/\",\"url\":\"https:\\\/\\\/www.chateaudegoutelas.fr\\\/wp-content\\\/uploads\\\/2023\\\/05\\\/logo-chateau-goutelas-bleu.png\",\"contentUrl\":\"https:\\\/\\\/www.chateaudegoutelas.fr\\\/wp-content\\\/uploads\\\/2023\\\/05\\\/logo-chateau-goutelas-bleu.png\",\"width\":1123,\"height\":327,\"caption\":\"Ch\u00e2teau de Goutelas\"},\"image\":{\"@id\":\"https:\\\/\\\/www.chateaudegoutelas.fr\\\/#\\\/schema\\\/logo\\\/image\\\/\"}},{\"@type\":\"Person\",\"@id\":\"https:\\\/\\\/www.chateaudegoutelas.fr\\\/#\\\/schema\\\/person\\\/7e406e8ae114bb86bb9b82d52e6a1738\",\"name\":\"chateau@goutelas\",\"image\":{\"@type\":\"ImageObject\",\"inLanguage\":\"en-GB\",\"@id\":\"https:\\\/\\\/secure.gravatar.com\\\/avatar\\\/81dca52e038e1e2a8e548cbc7a6a4752e4b1b2df1c0ab48a36029d14ad9c944f?s=96&d=mm&r=g\",\"url\":\"https:\\\/\\\/secure.gravatar.com\\\/avatar\\\/81dca52e038e1e2a8e548cbc7a6a4752e4b1b2df1c0ab48a36029d14ad9c944f?s=96&d=mm&r=g\",\"contentUrl\":\"https:\\\/\\\/secure.gravatar.com\\\/avatar\\\/81dca52e038e1e2a8e548cbc7a6a4752e4b1b2df1c0ab48a36029d14ad9c944f?s=96&d=mm&r=g\",\"caption\":\"chateau@goutelas\"},\"url\":\"https:\\\/\\\/www.chateaudegoutelas.fr\\\/en\\\/author\\\/chateaugoutelas\\\/\"}]}<\/script>\n<!-- \/ Yoast SEO plugin. -->","yoast_head_json":{"title":"Retour sur les tables rondes du festival Plurielles - Ch\u00e2teau de Goutelas","robots":{"index":"index","follow":"follow","max-snippet":"max-snippet:-1","max-image-preview":"max-image-preview:large","max-video-preview":"max-video-preview:-1"},"canonical":"https:\/\/www.chateaudegoutelas.fr\/en\/retour-sur-les-tables-rondes-du-festival-plurielles\/","og_locale":"en_GB","og_type":"article","og_title":"Retour sur les tables rondes du festival Plurielles - Ch\u00e2teau de Goutelas","og_description":"Les 17 &amp; 18 novembre 2023, le festival Plurielles ! Migrations &amp; trajectoires f\u00e9ministes proposait des rencontres, plateaux radio, spectacles et moments conviviaux pour mettre en lumi\u00e8re celles qui se soul\u00e8vent pour d\u00e9fendre leurs droits, dans des situations d&rsquo;exil ou de discrimination. Cette synth\u00e8se des trois plateaux radio du samedi, \u00e0 l&rsquo;initiative de membres de [&hellip;]","og_url":"https:\/\/www.chateaudegoutelas.fr\/en\/retour-sur-les-tables-rondes-du-festival-plurielles\/","og_site_name":"Ch\u00e2teau de Goutelas","article_published_time":"2024-02-02T16:11:47+00:00","article_modified_time":"2024-02-07T08:42:50+00:00","og_image":[{"width":2560,"height":1707,"url":"https:\/\/www.chateaudegoutelas.fr\/wp-content\/uploads\/2024\/02\/Plurielles-75-scaled.jpg","type":"image\/jpeg"}],"author":"chateau@goutelas","twitter_card":"summary_large_image","twitter_misc":{"Written by":"chateau@goutelas","Estimated reading time":"3 minutes"},"schema":{"@context":"https:\/\/schema.org","@graph":[{"@type":"Article","@id":"https:\/\/www.chateaudegoutelas.fr\/retour-sur-les-tables-rondes-du-festival-plurielles\/#article","isPartOf":{"@id":"https:\/\/www.chateaudegoutelas.fr\/retour-sur-les-tables-rondes-du-festival-plurielles\/"},"author":{"name":"chateau@goutelas","@id":"https:\/\/www.chateaudegoutelas.fr\/#\/schema\/person\/7e406e8ae114bb86bb9b82d52e6a1738"},"headline":"Retour sur les tables rondes du festival Plurielles","datePublished":"2024-02-02T16:11:47+00:00","dateModified":"2024-02-07T08:42:50+00:00","mainEntityOfPage":{"@id":"https:\/\/www.chateaudegoutelas.fr\/retour-sur-les-tables-rondes-du-festival-plurielles\/"},"wordCount":1871,"publisher":{"@id":"https:\/\/www.chateaudegoutelas.fr\/#organization"},"image":{"@id":"https:\/\/www.chateaudegoutelas.fr\/retour-sur-les-tables-rondes-du-festival-plurielles\/#primaryimage"},"thumbnailUrl":"https:\/\/www.chateaudegoutelas.fr\/wp-content\/uploads\/2024\/02\/Plurielles-75-scaled.jpg","articleSection":["Actualit\u00e9"],"inLanguage":"en-GB"},{"@type":"WebPage","@id":"https:\/\/www.chateaudegoutelas.fr\/retour-sur-les-tables-rondes-du-festival-plurielles\/","url":"https:\/\/www.chateaudegoutelas.fr\/retour-sur-les-tables-rondes-du-festival-plurielles\/","name":"Retour sur les tables rondes du festival Plurielles - Ch\u00e2teau de Goutelas","isPartOf":{"@id":"https:\/\/www.chateaudegoutelas.fr\/#website"},"primaryImageOfPage":{"@id":"https:\/\/www.chateaudegoutelas.fr\/retour-sur-les-tables-rondes-du-festival-plurielles\/#primaryimage"},"image":{"@id":"https:\/\/www.chateaudegoutelas.fr\/retour-sur-les-tables-rondes-du-festival-plurielles\/#primaryimage"},"thumbnailUrl":"https:\/\/www.chateaudegoutelas.fr\/wp-content\/uploads\/2024\/02\/Plurielles-75-scaled.jpg","datePublished":"2024-02-02T16:11:47+00:00","dateModified":"2024-02-07T08:42:50+00:00","breadcrumb":{"@id":"https:\/\/www.chateaudegoutelas.fr\/retour-sur-les-tables-rondes-du-festival-plurielles\/#breadcrumb"},"inLanguage":"en-GB","potentialAction":[{"@type":"ReadAction","target":["https:\/\/www.chateaudegoutelas.fr\/retour-sur-les-tables-rondes-du-festival-plurielles\/"]}]},{"@type":"ImageObject","inLanguage":"en-GB","@id":"https:\/\/www.chateaudegoutelas.fr\/retour-sur-les-tables-rondes-du-festival-plurielles\/#primaryimage","url":"https:\/\/www.chateaudegoutelas.fr\/wp-content\/uploads\/2024\/02\/Plurielles-75-scaled.jpg","contentUrl":"https:\/\/www.chateaudegoutelas.fr\/wp-content\/uploads\/2024\/02\/Plurielles-75-scaled.jpg","width":2560,"height":1707},{"@type":"BreadcrumbList","@id":"https:\/\/www.chateaudegoutelas.fr\/retour-sur-les-tables-rondes-du-festival-plurielles\/#breadcrumb","itemListElement":[{"@type":"ListItem","position":1,"name":"Accueil","item":"https:\/\/www.chateaudegoutelas.fr\/"},{"@type":"ListItem","position":2,"name":"Retour sur les tables rondes du festival Plurielles"}]},{"@type":"WebSite","@id":"https:\/\/www.chateaudegoutelas.fr\/#website","url":"https:\/\/www.chateaudegoutelas.fr\/","name":"Ch\u00e2teau de Goutelas","description":"Un centre culturel de rencontre en Forez","publisher":{"@id":"https:\/\/www.chateaudegoutelas.fr\/#organization"},"potentialAction":[{"@type":"SearchAction","target":{"@type":"EntryPoint","urlTemplate":"https:\/\/www.chateaudegoutelas.fr\/?s={search_term_string}"},"query-input":{"@type":"PropertyValueSpecification","valueRequired":true,"valueName":"search_term_string"}}],"inLanguage":"en-GB"},{"@type":"Organization","@id":"https:\/\/www.chateaudegoutelas.fr\/#organization","name":"Ch\u00e2teau de Goutelas","url":"https:\/\/www.chateaudegoutelas.fr\/","logo":{"@type":"ImageObject","inLanguage":"en-GB","@id":"https:\/\/www.chateaudegoutelas.fr\/#\/schema\/logo\/image\/","url":"https:\/\/www.chateaudegoutelas.fr\/wp-content\/uploads\/2023\/05\/logo-chateau-goutelas-bleu.png","contentUrl":"https:\/\/www.chateaudegoutelas.fr\/wp-content\/uploads\/2023\/05\/logo-chateau-goutelas-bleu.png","width":1123,"height":327,"caption":"Ch\u00e2teau de Goutelas"},"image":{"@id":"https:\/\/www.chateaudegoutelas.fr\/#\/schema\/logo\/image\/"}},{"@type":"Person","@id":"https:\/\/www.chateaudegoutelas.fr\/#\/schema\/person\/7e406e8ae114bb86bb9b82d52e6a1738","name":"chateau@goutelas","image":{"@type":"ImageObject","inLanguage":"en-GB","@id":"https:\/\/secure.gravatar.com\/avatar\/81dca52e038e1e2a8e548cbc7a6a4752e4b1b2df1c0ab48a36029d14ad9c944f?s=96&d=mm&r=g","url":"https:\/\/secure.gravatar.com\/avatar\/81dca52e038e1e2a8e548cbc7a6a4752e4b1b2df1c0ab48a36029d14ad9c944f?s=96&d=mm&r=g","contentUrl":"https:\/\/secure.gravatar.com\/avatar\/81dca52e038e1e2a8e548cbc7a6a4752e4b1b2df1c0ab48a36029d14ad9c944f?s=96&d=mm&r=g","caption":"chateau@goutelas"},"url":"https:\/\/www.chateaudegoutelas.fr\/en\/author\/chateaugoutelas\/"}]}},"_links":{"self":[{"href":"https:\/\/www.chateaudegoutelas.fr\/en\/wp-json\/wp\/v2\/posts\/9015","targetHints":{"allow":["GET"]}}],"collection":[{"href":"https:\/\/www.chateaudegoutelas.fr\/en\/wp-json\/wp\/v2\/posts"}],"about":[{"href":"https:\/\/www.chateaudegoutelas.fr\/en\/wp-json\/wp\/v2\/types\/post"}],"author":[{"embeddable":true,"href":"https:\/\/www.chateaudegoutelas.fr\/en\/wp-json\/wp\/v2\/users\/7"}],"replies":[{"embeddable":true,"href":"https:\/\/www.chateaudegoutelas.fr\/en\/wp-json\/wp\/v2\/comments?post=9015"}],"version-history":[{"count":3,"href":"https:\/\/www.chateaudegoutelas.fr\/en\/wp-json\/wp\/v2\/posts\/9015\/revisions"}],"predecessor-version":[{"id":9024,"href":"https:\/\/www.chateaudegoutelas.fr\/en\/wp-json\/wp\/v2\/posts\/9015\/revisions\/9024"}],"wp:featuredmedia":[{"embeddable":true,"href":"https:\/\/www.chateaudegoutelas.fr\/en\/wp-json\/wp\/v2\/media\/9016"}],"wp:attachment":[{"href":"https:\/\/www.chateaudegoutelas.fr\/en\/wp-json\/wp\/v2\/media?parent=9015"}],"wp:term":[{"taxonomy":"category","embeddable":true,"href":"https:\/\/www.chateaudegoutelas.fr\/en\/wp-json\/wp\/v2\/categories?post=9015"},{"taxonomy":"post_tag","embeddable":true,"href":"https:\/\/www.chateaudegoutelas.fr\/en\/wp-json\/wp\/v2\/tags?post=9015"}],"curies":[{"name":"wp","href":"https:\/\/api.w.org\/{rel}","templated":true}]}}