{"id":4296,"date":"2022-01-05T14:18:16","date_gmt":"2022-01-05T13:18:16","guid":{"rendered":"https:\/\/www.chateaudegoutelas.fr\/?p=4296"},"modified":"2023-09-13T11:47:55","modified_gmt":"2023-09-13T09:47:55","slug":"appel-a-candidatures-residences-adamas-pour-jeunes-juristes","status":"publish","type":"post","link":"https:\/\/www.chateaudegoutelas.fr\/en\/appel-a-candidatures-residences-adamas-pour-jeunes-juristes\/","title":{"rendered":"Appel \u00e0 candidatures &#8211; R\u00e9sidences Adamas pour jeunes juristes"},"content":{"rendered":"<h4>Premi\u00e8res r\u00e9sidences europ\u00e9ennes pour jeunes chercheurs en droit<\/h4>\n<div class=\"shmMigrate\"><\/div>\n<p>En 2021, le Ch\u00e2teau de Goutelas, en partenariat avec le<strong> Conseil constitutionnel<\/strong>, l\u2019<strong>Acad\u00e9mie internationale des principes de Nuremberg<\/strong>, l\u2019<strong>Association Internationale de Droit Economique<\/strong> et l&rsquo;<strong>Institut des \u00c9tudes<\/strong><br \/>\n<strong>et de la Recherche sur le Droit et la Justice<\/strong>\u00a0a ouvert le premier programme europ\u00e9en de r\u00e9sidences pour chercheurs en droit : les r\u00e9sidences Adamas.<\/p>\n<p>S\u2019inspirant des r\u00e9sidences d\u2019artistes, ce nouveau programme a pour objectifs d\u2019explorer les enjeux contemporains du droit et de favoriser les croisements entre jeunes juristes, cr\u00e9ateurs et chercheurs issus de diff\u00e9rentes disciplines.<\/p>\n<p>&nbsp;<\/p>\n<p>Les r\u00e9sidences Adamas 2022 auront lieu du <strong>9 au 18 septembre 2022<\/strong>.<\/p>\n<p>&nbsp;<\/p>\n<p><strong>Les appels \u00e0 candidatures de l&rsquo;Acad\u00e9mie de Nuremberg et de l\u2019Association Internationale de Droit Economique sont ouverts<\/strong> : d\u00e9couvrez-les ci-dessous !<\/p>\n<div class=\"shmMigrate\"><\/div>\n<div class=\"shmMigrate\"><\/div>\n<div class=\"shmMigrate\"><\/div>\n<div class=\"shmMigrate\"><\/div>\n<div class=\"shmMigrate\"><\/div>\n<div class=\"shmMigrate\"><\/div>\n<div class=\"shmMigrate\"><\/div>\n<p>Photo \u00a9 Ch\u00e2teau de Goutelas<\/p>","protected":false},"excerpt":{"rendered":"<p>Premi\u00e8res r\u00e9sidences europ\u00e9ennes pour jeunes chercheurs en droit En 2021, le Ch\u00e2teau de Goutelas, en partenariat avec le Conseil constitutionnel, l\u2019Acad\u00e9mie internationale des principes de Nuremberg, l\u2019Association Internationale de Droit Economique et l&rsquo;Institut des \u00c9tudes et de la Recherche sur le Droit et la Justice\u00a0a ouvert le premier programme europ\u00e9en de r\u00e9sidences pour chercheurs en [&hellip;]<\/p>\n","protected":false},"author":7,"featured_media":3670,"comment_status":"closed","ping_status":"closed","sticky":false,"template":"","format":"standard","meta":{"site-sidebar-layout":"default","site-content-layout":null,"ast-site-content-layout":"default","site-content-style":"default","site-sidebar-style":"default","ast-global-header-display":"","ast-banner-title-visibility":"","ast-main-header-display":"","ast-hfb-above-header-display":"","ast-hfb-below-header-display":"","ast-hfb-mobile-header-display":"","site-post-title":"","ast-breadcrumbs-content":null,"ast-featured-img":"","footer-sml-layout":"","ast-disable-related-posts":"","theme-transparent-header-meta":"default","adv-header-id-meta":"","stick-header-meta":"default","header-above-stick-meta":null,"header-main-stick-meta":"","header-below-stick-meta":null,"astra-migrate-meta-layouts":"default","ast-page-background-enabled":"default","ast-page-background-meta":{"desktop":{"background-color":"","background-image":"","background-repeat":"repeat","background-position":"center center","background-size":"auto","background-attachment":"scroll","background-type":"","background-media":"","overlay-type":"","overlay-color":"","overlay-opacity":"","overlay-gradient":""},"tablet":{"background-color":"","background-image":"","background-repeat":"repeat","background-position":"center center","background-size":"auto","background-attachment":"scroll","background-type":"","background-media":"","overlay-type":"","overlay-color":"","overlay-opacity":"","overlay-gradient":""},"mobile":{"background-color":"","background-image":"","background-repeat":"repeat","background-position":"center center","background-size":"auto","background-attachment":"scroll","background-type":"","background-media":"","overlay-type":"","overlay-color":"","overlay-opacity":"","overlay-gradient":""}},"ast-content-background-meta":{"desktop":{"background-color":"var(--ast-global-color-5)","background-image":"","background-repeat":"repeat","background-position":"center center","background-size":"auto","background-attachment":"scroll","background-type":"","background-media":"","overlay-type":"","overlay-color":"","overlay-opacity":"","overlay-gradient":""},"tablet":{"background-color":"var(--ast-global-color-5)","background-image":"","background-repeat":"repeat","background-position":"center center","background-size":"auto","background-attachment":"scroll","background-type":"","background-media":"","overlay-type":"","overlay-color":"","overlay-opacity":"","overlay-gradient":""},"mobile":{"background-color":"var(--ast-global-color-5)","background-image":"","background-repeat":"repeat","background-position":"center center","background-size":"auto","background-attachment":"scroll","background-type":"","background-media":"","overlay-type":"","overlay-color":"","overlay-opacity":"","overlay-gradient":""}},"footnotes":""},"categories":[4,299],"tags":[],"class_list":["post-4296","post","type-post","status-publish","format-standard","has-post-thumbnail","hentry","category-actualites","category-actualite-archivee"],"yoast_head":"<!-- This site is optimized with the Yoast SEO plugin v27.5 - https:\/\/yoast.com\/product\/yoast-seo-wordpress\/ -->\n<title>Appel \u00e0 candidatures - R\u00e9sidences Adamas pour jeunes juristes - Ch\u00e2teau de Goutelas<\/title>\n<meta name=\"robots\" content=\"index, follow, max-snippet:-1, max-image-preview:large, max-video-preview:-1\" \/>\n<link rel=\"canonical\" href=\"https:\/\/www.chateaudegoutelas.fr\/en\/appel-a-candidatures-residences-adamas-pour-jeunes-juristes\/\" \/>\n<meta property=\"og:locale\" content=\"en_GB\" \/>\n<meta property=\"og:type\" content=\"article\" \/>\n<meta property=\"og:title\" content=\"Appel \u00e0 candidatures - R\u00e9sidences Adamas pour jeunes juristes - Ch\u00e2teau de Goutelas\" \/>\n<meta property=\"og:description\" content=\"Premi\u00e8res r\u00e9sidences europ\u00e9ennes pour jeunes chercheurs en droit En 2021, le Ch\u00e2teau de Goutelas, en partenariat avec le Conseil constitutionnel, l\u2019Acad\u00e9mie internationale des principes de Nuremberg, l\u2019Association Internationale de Droit Economique et l&rsquo;Institut des \u00c9tudes et de la Recherche sur le Droit et la Justice\u00a0a ouvert le premier programme europ\u00e9en de r\u00e9sidences pour chercheurs en [&hellip;]\" \/>\n<meta property=\"og:url\" content=\"https:\/\/www.chateaudegoutelas.fr\/en\/appel-a-candidatures-residences-adamas-pour-jeunes-juristes\/\" \/>\n<meta property=\"og:site_name\" content=\"Ch\u00e2teau de Goutelas\" \/>\n<meta property=\"article:published_time\" content=\"2022-01-05T13:18:16+00:00\" \/>\n<meta property=\"article:modified_time\" content=\"2023-09-13T09:47:55+00:00\" \/>\n<meta property=\"og:image\" content=\"https:\/\/www.chateaudegoutelas.fr\/wp-content\/uploads\/2021\/09\/\u00a9Chateau-de-Goutelas4-scaled.jpg\" \/>\n\t<meta property=\"og:image:width\" content=\"2560\" \/>\n\t<meta property=\"og:image:height\" content=\"1920\" \/>\n\t<meta property=\"og:image:type\" content=\"image\/jpeg\" \/>\n<meta name=\"author\" content=\"chateau@goutelas\" \/>\n<meta name=\"twitter:card\" content=\"summary_large_image\" \/>\n<meta name=\"twitter:label1\" content=\"Written by\" \/>\n\t<meta name=\"twitter:data1\" content=\"chateau@goutelas\" \/>\n\t<meta name=\"twitter:label2\" content=\"Estimated reading time\" \/>\n\t<meta name=\"twitter:data2\" content=\"1 minute\" \/>\n<script type=\"application\/ld+json\" class=\"yoast-schema-graph\">{\"@context\":\"https:\\\/\\\/schema.org\",\"@graph\":[{\"@type\":\"Article\",\"@id\":\"https:\\\/\\\/www.chateaudegoutelas.fr\\\/appel-a-candidatures-residences-adamas-pour-jeunes-juristes\\\/#article\",\"isPartOf\":{\"@id\":\"https:\\\/\\\/www.chateaudegoutelas.fr\\\/appel-a-candidatures-residences-adamas-pour-jeunes-juristes\\\/\"},\"author\":{\"name\":\"chateau@goutelas\",\"@id\":\"https:\\\/\\\/www.chateaudegoutelas.fr\\\/#\\\/schema\\\/person\\\/7e406e8ae114bb86bb9b82d52e6a1738\"},\"headline\":\"Appel \u00e0 candidatures &#8211; R\u00e9sidences Adamas pour jeunes juristes\",\"datePublished\":\"2022-01-05T13:18:16+00:00\",\"dateModified\":\"2023-09-13T09:47:55+00:00\",\"mainEntityOfPage\":{\"@id\":\"https:\\\/\\\/www.chateaudegoutelas.fr\\\/appel-a-candidatures-residences-adamas-pour-jeunes-juristes\\\/\"},\"wordCount\":204,\"publisher\":{\"@id\":\"https:\\\/\\\/www.chateaudegoutelas.fr\\\/#organization\"},\"image\":{\"@id\":\"https:\\\/\\\/www.chateaudegoutelas.fr\\\/appel-a-candidatures-residences-adamas-pour-jeunes-juristes\\\/#primaryimage\"},\"thumbnailUrl\":\"https:\\\/\\\/www.chateaudegoutelas.fr\\\/wp-content\\\/uploads\\\/2021\\\/09\\\/\u00a9Chateau-de-Goutelas4-scaled.jpg\",\"articleSection\":[\"Actualit\u00e9\",\"Actualit\u00e9 archiv\u00e9e\"],\"inLanguage\":\"en-GB\"},{\"@type\":\"WebPage\",\"@id\":\"https:\\\/\\\/www.chateaudegoutelas.fr\\\/appel-a-candidatures-residences-adamas-pour-jeunes-juristes\\\/\",\"url\":\"https:\\\/\\\/www.chateaudegoutelas.fr\\\/appel-a-candidatures-residences-adamas-pour-jeunes-juristes\\\/\",\"name\":\"Appel \u00e0 candidatures - R\u00e9sidences Adamas pour jeunes juristes - Ch\u00e2teau de Goutelas\",\"isPartOf\":{\"@id\":\"https:\\\/\\\/www.chateaudegoutelas.fr\\\/#website\"},\"primaryImageOfPage\":{\"@id\":\"https:\\\/\\\/www.chateaudegoutelas.fr\\\/appel-a-candidatures-residences-adamas-pour-jeunes-juristes\\\/#primaryimage\"},\"image\":{\"@id\":\"https:\\\/\\\/www.chateaudegoutelas.fr\\\/appel-a-candidatures-residences-adamas-pour-jeunes-juristes\\\/#primaryimage\"},\"thumbnailUrl\":\"https:\\\/\\\/www.chateaudegoutelas.fr\\\/wp-content\\\/uploads\\\/2021\\\/09\\\/\u00a9Chateau-de-Goutelas4-scaled.jpg\",\"datePublished\":\"2022-01-05T13:18:16+00:00\",\"dateModified\":\"2023-09-13T09:47:55+00:00\",\"breadcrumb\":{\"@id\":\"https:\\\/\\\/www.chateaudegoutelas.fr\\\/appel-a-candidatures-residences-adamas-pour-jeunes-juristes\\\/#breadcrumb\"},\"inLanguage\":\"en-GB\",\"potentialAction\":[{\"@type\":\"ReadAction\",\"target\":[\"https:\\\/\\\/www.chateaudegoutelas.fr\\\/appel-a-candidatures-residences-adamas-pour-jeunes-juristes\\\/\"]}]},{\"@type\":\"ImageObject\",\"inLanguage\":\"en-GB\",\"@id\":\"https:\\\/\\\/www.chateaudegoutelas.fr\\\/appel-a-candidatures-residences-adamas-pour-jeunes-juristes\\\/#primaryimage\",\"url\":\"https:\\\/\\\/www.chateaudegoutelas.fr\\\/wp-content\\\/uploads\\\/2021\\\/09\\\/\u00a9Chateau-de-Goutelas4-scaled.jpg\",\"contentUrl\":\"https:\\\/\\\/www.chateaudegoutelas.fr\\\/wp-content\\\/uploads\\\/2021\\\/09\\\/\u00a9Chateau-de-Goutelas4-scaled.jpg\",\"width\":2560,\"height\":1920,\"caption\":\"Ch\u00e2teau de Goutelas, r\u00e9sidences Adamas\"},{\"@type\":\"BreadcrumbList\",\"@id\":\"https:\\\/\\\/www.chateaudegoutelas.fr\\\/appel-a-candidatures-residences-adamas-pour-jeunes-juristes\\\/#breadcrumb\",\"itemListElement\":[{\"@type\":\"ListItem\",\"position\":1,\"name\":\"Accueil\",\"item\":\"https:\\\/\\\/www.chateaudegoutelas.fr\\\/\"},{\"@type\":\"ListItem\",\"position\":2,\"name\":\"Appel \u00e0 candidatures &#8211; R\u00e9sidences Adamas pour jeunes juristes\"}]},{\"@type\":\"WebSite\",\"@id\":\"https:\\\/\\\/www.chateaudegoutelas.fr\\\/#website\",\"url\":\"https:\\\/\\\/www.chateaudegoutelas.fr\\\/\",\"name\":\"Ch\u00e2teau de Goutelas\",\"description\":\"Un centre culturel de rencontre en Forez\",\"publisher\":{\"@id\":\"https:\\\/\\\/www.chateaudegoutelas.fr\\\/#organization\"},\"potentialAction\":[{\"@type\":\"SearchAction\",\"target\":{\"@type\":\"EntryPoint\",\"urlTemplate\":\"https:\\\/\\\/www.chateaudegoutelas.fr\\\/?s={search_term_string}\"},\"query-input\":{\"@type\":\"PropertyValueSpecification\",\"valueRequired\":true,\"valueName\":\"search_term_string\"}}],\"inLanguage\":\"en-GB\"},{\"@type\":\"Organization\",\"@id\":\"https:\\\/\\\/www.chateaudegoutelas.fr\\\/#organization\",\"name\":\"Ch\u00e2teau de Goutelas\",\"url\":\"https:\\\/\\\/www.chateaudegoutelas.fr\\\/\",\"logo\":{\"@type\":\"ImageObject\",\"inLanguage\":\"en-GB\",\"@id\":\"https:\\\/\\\/www.chateaudegoutelas.fr\\\/#\\\/schema\\\/logo\\\/image\\\/\",\"url\":\"https:\\\/\\\/www.chateaudegoutelas.fr\\\/wp-content\\\/uploads\\\/2023\\\/05\\\/logo-chateau-goutelas-bleu.png\",\"contentUrl\":\"https:\\\/\\\/www.chateaudegoutelas.fr\\\/wp-content\\\/uploads\\\/2023\\\/05\\\/logo-chateau-goutelas-bleu.png\",\"width\":1123,\"height\":327,\"caption\":\"Ch\u00e2teau de Goutelas\"},\"image\":{\"@id\":\"https:\\\/\\\/www.chateaudegoutelas.fr\\\/#\\\/schema\\\/logo\\\/image\\\/\"}},{\"@type\":\"Person\",\"@id\":\"https:\\\/\\\/www.chateaudegoutelas.fr\\\/#\\\/schema\\\/person\\\/7e406e8ae114bb86bb9b82d52e6a1738\",\"name\":\"chateau@goutelas\",\"image\":{\"@type\":\"ImageObject\",\"inLanguage\":\"en-GB\",\"@id\":\"https:\\\/\\\/secure.gravatar.com\\\/avatar\\\/81dca52e038e1e2a8e548cbc7a6a4752e4b1b2df1c0ab48a36029d14ad9c944f?s=96&d=mm&r=g\",\"url\":\"https:\\\/\\\/secure.gravatar.com\\\/avatar\\\/81dca52e038e1e2a8e548cbc7a6a4752e4b1b2df1c0ab48a36029d14ad9c944f?s=96&d=mm&r=g\",\"contentUrl\":\"https:\\\/\\\/secure.gravatar.com\\\/avatar\\\/81dca52e038e1e2a8e548cbc7a6a4752e4b1b2df1c0ab48a36029d14ad9c944f?s=96&d=mm&r=g\",\"caption\":\"chateau@goutelas\"},\"url\":\"https:\\\/\\\/www.chateaudegoutelas.fr\\\/en\\\/author\\\/chateaugoutelas\\\/\"}]}<\/script>\n<!-- \/ Yoast SEO plugin. -->","yoast_head_json":{"title":"Appel \u00e0 candidatures - R\u00e9sidences Adamas pour jeunes juristes - Ch\u00e2teau de Goutelas","robots":{"index":"index","follow":"follow","max-snippet":"max-snippet:-1","max-image-preview":"max-image-preview:large","max-video-preview":"max-video-preview:-1"},"canonical":"https:\/\/www.chateaudegoutelas.fr\/en\/appel-a-candidatures-residences-adamas-pour-jeunes-juristes\/","og_locale":"en_GB","og_type":"article","og_title":"Appel \u00e0 candidatures - R\u00e9sidences Adamas pour jeunes juristes - Ch\u00e2teau de Goutelas","og_description":"Premi\u00e8res r\u00e9sidences europ\u00e9ennes pour jeunes chercheurs en droit En 2021, le Ch\u00e2teau de Goutelas, en partenariat avec le Conseil constitutionnel, l\u2019Acad\u00e9mie internationale des principes de Nuremberg, l\u2019Association Internationale de Droit Economique et l&rsquo;Institut des \u00c9tudes et de la Recherche sur le Droit et la Justice\u00a0a ouvert le premier programme europ\u00e9en de r\u00e9sidences pour chercheurs en [&hellip;]","og_url":"https:\/\/www.chateaudegoutelas.fr\/en\/appel-a-candidatures-residences-adamas-pour-jeunes-juristes\/","og_site_name":"Ch\u00e2teau de Goutelas","article_published_time":"2022-01-05T13:18:16+00:00","article_modified_time":"2023-09-13T09:47:55+00:00","og_image":[{"width":2560,"height":1920,"url":"https:\/\/www.chateaudegoutelas.fr\/wp-content\/uploads\/2021\/09\/\u00a9Chateau-de-Goutelas4-scaled.jpg","type":"image\/jpeg"}],"author":"chateau@goutelas","twitter_card":"summary_large_image","twitter_misc":{"Written by":"chateau@goutelas","Estimated reading time":"1 minute"},"schema":{"@context":"https:\/\/schema.org","@graph":[{"@type":"Article","@id":"https:\/\/www.chateaudegoutelas.fr\/appel-a-candidatures-residences-adamas-pour-jeunes-juristes\/#article","isPartOf":{"@id":"https:\/\/www.chateaudegoutelas.fr\/appel-a-candidatures-residences-adamas-pour-jeunes-juristes\/"},"author":{"name":"chateau@goutelas","@id":"https:\/\/www.chateaudegoutelas.fr\/#\/schema\/person\/7e406e8ae114bb86bb9b82d52e6a1738"},"headline":"Appel \u00e0 candidatures &#8211; R\u00e9sidences Adamas pour jeunes juristes","datePublished":"2022-01-05T13:18:16+00:00","dateModified":"2023-09-13T09:47:55+00:00","mainEntityOfPage":{"@id":"https:\/\/www.chateaudegoutelas.fr\/appel-a-candidatures-residences-adamas-pour-jeunes-juristes\/"},"wordCount":204,"publisher":{"@id":"https:\/\/www.chateaudegoutelas.fr\/#organization"},"image":{"@id":"https:\/\/www.chateaudegoutelas.fr\/appel-a-candidatures-residences-adamas-pour-jeunes-juristes\/#primaryimage"},"thumbnailUrl":"https:\/\/www.chateaudegoutelas.fr\/wp-content\/uploads\/2021\/09\/\u00a9Chateau-de-Goutelas4-scaled.jpg","articleSection":["Actualit\u00e9","Actualit\u00e9 archiv\u00e9e"],"inLanguage":"en-GB"},{"@type":"WebPage","@id":"https:\/\/www.chateaudegoutelas.fr\/appel-a-candidatures-residences-adamas-pour-jeunes-juristes\/","url":"https:\/\/www.chateaudegoutelas.fr\/appel-a-candidatures-residences-adamas-pour-jeunes-juristes\/","name":"Appel \u00e0 candidatures - R\u00e9sidences Adamas pour jeunes juristes - Ch\u00e2teau de Goutelas","isPartOf":{"@id":"https:\/\/www.chateaudegoutelas.fr\/#website"},"primaryImageOfPage":{"@id":"https:\/\/www.chateaudegoutelas.fr\/appel-a-candidatures-residences-adamas-pour-jeunes-juristes\/#primaryimage"},"image":{"@id":"https:\/\/www.chateaudegoutelas.fr\/appel-a-candidatures-residences-adamas-pour-jeunes-juristes\/#primaryimage"},"thumbnailUrl":"https:\/\/www.chateaudegoutelas.fr\/wp-content\/uploads\/2021\/09\/\u00a9Chateau-de-Goutelas4-scaled.jpg","datePublished":"2022-01-05T13:18:16+00:00","dateModified":"2023-09-13T09:47:55+00:00","breadcrumb":{"@id":"https:\/\/www.chateaudegoutelas.fr\/appel-a-candidatures-residences-adamas-pour-jeunes-juristes\/#breadcrumb"},"inLanguage":"en-GB","potentialAction":[{"@type":"ReadAction","target":["https:\/\/www.chateaudegoutelas.fr\/appel-a-candidatures-residences-adamas-pour-jeunes-juristes\/"]}]},{"@type":"ImageObject","inLanguage":"en-GB","@id":"https:\/\/www.chateaudegoutelas.fr\/appel-a-candidatures-residences-adamas-pour-jeunes-juristes\/#primaryimage","url":"https:\/\/www.chateaudegoutelas.fr\/wp-content\/uploads\/2021\/09\/\u00a9Chateau-de-Goutelas4-scaled.jpg","contentUrl":"https:\/\/www.chateaudegoutelas.fr\/wp-content\/uploads\/2021\/09\/\u00a9Chateau-de-Goutelas4-scaled.jpg","width":2560,"height":1920,"caption":"Ch\u00e2teau de Goutelas, r\u00e9sidences Adamas"},{"@type":"BreadcrumbList","@id":"https:\/\/www.chateaudegoutelas.fr\/appel-a-candidatures-residences-adamas-pour-jeunes-juristes\/#breadcrumb","itemListElement":[{"@type":"ListItem","position":1,"name":"Accueil","item":"https:\/\/www.chateaudegoutelas.fr\/"},{"@type":"ListItem","position":2,"name":"Appel \u00e0 candidatures &#8211; R\u00e9sidences Adamas pour jeunes juristes"}]},{"@type":"WebSite","@id":"https:\/\/www.chateaudegoutelas.fr\/#website","url":"https:\/\/www.chateaudegoutelas.fr\/","name":"Ch\u00e2teau de Goutelas","description":"Un centre culturel de rencontre en Forez","publisher":{"@id":"https:\/\/www.chateaudegoutelas.fr\/#organization"},"potentialAction":[{"@type":"SearchAction","target":{"@type":"EntryPoint","urlTemplate":"https:\/\/www.chateaudegoutelas.fr\/?s={search_term_string}"},"query-input":{"@type":"PropertyValueSpecification","valueRequired":true,"valueName":"search_term_string"}}],"inLanguage":"en-GB"},{"@type":"Organization","@id":"https:\/\/www.chateaudegoutelas.fr\/#organization","name":"Ch\u00e2teau de Goutelas","url":"https:\/\/www.chateaudegoutelas.fr\/","logo":{"@type":"ImageObject","inLanguage":"en-GB","@id":"https:\/\/www.chateaudegoutelas.fr\/#\/schema\/logo\/image\/","url":"https:\/\/www.chateaudegoutelas.fr\/wp-content\/uploads\/2023\/05\/logo-chateau-goutelas-bleu.png","contentUrl":"https:\/\/www.chateaudegoutelas.fr\/wp-content\/uploads\/2023\/05\/logo-chateau-goutelas-bleu.png","width":1123,"height":327,"caption":"Ch\u00e2teau de Goutelas"},"image":{"@id":"https:\/\/www.chateaudegoutelas.fr\/#\/schema\/logo\/image\/"}},{"@type":"Person","@id":"https:\/\/www.chateaudegoutelas.fr\/#\/schema\/person\/7e406e8ae114bb86bb9b82d52e6a1738","name":"chateau@goutelas","image":{"@type":"ImageObject","inLanguage":"en-GB","@id":"https:\/\/secure.gravatar.com\/avatar\/81dca52e038e1e2a8e548cbc7a6a4752e4b1b2df1c0ab48a36029d14ad9c944f?s=96&d=mm&r=g","url":"https:\/\/secure.gravatar.com\/avatar\/81dca52e038e1e2a8e548cbc7a6a4752e4b1b2df1c0ab48a36029d14ad9c944f?s=96&d=mm&r=g","contentUrl":"https:\/\/secure.gravatar.com\/avatar\/81dca52e038e1e2a8e548cbc7a6a4752e4b1b2df1c0ab48a36029d14ad9c944f?s=96&d=mm&r=g","caption":"chateau@goutelas"},"url":"https:\/\/www.chateaudegoutelas.fr\/en\/author\/chateaugoutelas\/"}]}},"_links":{"self":[{"href":"https:\/\/www.chateaudegoutelas.fr\/en\/wp-json\/wp\/v2\/posts\/4296","targetHints":{"allow":["GET"]}}],"collection":[{"href":"https:\/\/www.chateaudegoutelas.fr\/en\/wp-json\/wp\/v2\/posts"}],"about":[{"href":"https:\/\/www.chateaudegoutelas.fr\/en\/wp-json\/wp\/v2\/types\/post"}],"author":[{"embeddable":true,"href":"https:\/\/www.chateaudegoutelas.fr\/en\/wp-json\/wp\/v2\/users\/7"}],"replies":[{"embeddable":true,"href":"https:\/\/www.chateaudegoutelas.fr\/en\/wp-json\/wp\/v2\/comments?post=4296"}],"version-history":[{"count":2,"href":"https:\/\/www.chateaudegoutelas.fr\/en\/wp-json\/wp\/v2\/posts\/4296\/revisions"}],"predecessor-version":[{"id":6841,"href":"https:\/\/www.chateaudegoutelas.fr\/en\/wp-json\/wp\/v2\/posts\/4296\/revisions\/6841"}],"wp:featuredmedia":[{"embeddable":true,"href":"https:\/\/www.chateaudegoutelas.fr\/en\/wp-json\/wp\/v2\/media\/3670"}],"wp:attachment":[{"href":"https:\/\/www.chateaudegoutelas.fr\/en\/wp-json\/wp\/v2\/media?parent=4296"}],"wp:term":[{"taxonomy":"category","embeddable":true,"href":"https:\/\/www.chateaudegoutelas.fr\/en\/wp-json\/wp\/v2\/categories?post=4296"},{"taxonomy":"post_tag","embeddable":true,"href":"https:\/\/www.chateaudegoutelas.fr\/en\/wp-json\/wp\/v2\/tags?post=4296"}],"curies":[{"name":"wp","href":"https:\/\/api.w.org\/{rel}","templated":true}]}}