{"id":2130,"date":"2018-06-17T14:35:37","date_gmt":"2018-06-17T12:35:37","guid":{"rendered":"https:\/\/www.chateaudegoutelas.fr\/?p=2130"},"modified":"2023-09-13T11:48:03","modified_gmt":"2023-09-13T09:48:03","slug":"appel-a-candidature-2020-programme-odyssee-de-residence-dartistes","status":"publish","type":"post","link":"https:\/\/www.chateaudegoutelas.fr\/en\/appel-a-candidature-2020-programme-odyssee-de-residence-dartistes\/","title":{"rendered":"Appel \u00e0 candidature 2020 &#8211; Programme Odyss\u00e9e de r\u00e9sidence d&rsquo;artistes"},"content":{"rendered":"<p>L\u2019appel \u00e0 projets Odyss\u00e9e, coordonn\u00e9 par l&rsquo;<strong><a href=\"https:\/\/www.accr-europe.org\/fr\">Association des Centres culturels de rencontre<\/a><\/strong>, s\u2019adresse aux artistes, chercheurs et professionnels de la culture \u00e9trangers et ne r\u00e9sidant pas en France, voulant d\u00e9velopper un projet avec un centre culturel de rencontre, pour vivre une exp\u00e9rience au c\u0153ur d\u2019un lieu patrimonial.<\/p>\n<p>Le Ch\u00e2teau de Goutelas accueille chaque ann\u00e9e des artistes ou professionnels de la culture dans le cadre de ce programme, pour une dur\u00e9e de quelques semaines.<\/p>\n<p>Les candidats ont jusqu&rsquo;au <strong>15 d\u00e9cembre 2019<\/strong> pour envoyer leur dossier de candidature ; les candidatures de femmes artistes, professionnelles, et chercheuses sont vivement encourag\u00e9es.<\/p>\n<p><em>Le programme Odyss\u00e9e est organis\u00e9 avec le soutien du Minist\u00e8re de la Culture.<\/em><\/p>\n<div class=\"shmMigrate\"><a href=\"https:\/\/www.accr-europe.org\/fr\/les-residences\/appel-a-candidature-2020--programme-odyssee-de-residence-dartistes\" target=\"_blank\" rel=\"noopener\">Plus d&rsquo;informations sur le site de l&rsquo;ACCR<\/a><\/div>\n<div class=\"shmMigrate\"><\/div>","protected":false},"excerpt":{"rendered":"<p>L\u2019appel \u00e0 projets Odyss\u00e9e, coordonn\u00e9 par l&rsquo;Association des Centres culturels de rencontre, s\u2019adresse aux artistes, chercheurs et professionnels de la culture \u00e9trangers et ne r\u00e9sidant pas en France, voulant d\u00e9velopper un projet avec un centre culturel de rencontre, pour vivre une exp\u00e9rience au c\u0153ur d\u2019un lieu patrimonial. Le Ch\u00e2teau de Goutelas accueille chaque ann\u00e9e des [&hellip;]<\/p>\n","protected":false},"author":4,"featured_media":2131,"comment_status":"closed","ping_status":"closed","sticky":false,"template":"","format":"standard","meta":{"site-sidebar-layout":"default","site-content-layout":null,"ast-site-content-layout":"default","site-content-style":"default","site-sidebar-style":"default","ast-global-header-display":"","ast-banner-title-visibility":"","ast-main-header-display":"","ast-hfb-above-header-display":"","ast-hfb-below-header-display":"","ast-hfb-mobile-header-display":"","site-post-title":"","ast-breadcrumbs-content":null,"ast-featured-img":"","footer-sml-layout":"","ast-disable-related-posts":"","theme-transparent-header-meta":"default","adv-header-id-meta":"","stick-header-meta":"default","header-above-stick-meta":null,"header-main-stick-meta":"","header-below-stick-meta":null,"astra-migrate-meta-layouts":"default","ast-page-background-enabled":"default","ast-page-background-meta":{"desktop":{"background-color":"","background-image":"","background-repeat":"repeat","background-position":"center center","background-size":"auto","background-attachment":"scroll","background-type":"","background-media":"","overlay-type":"","overlay-color":"","overlay-opacity":"","overlay-gradient":""},"tablet":{"background-color":"","background-image":"","background-repeat":"repeat","background-position":"center center","background-size":"auto","background-attachment":"scroll","background-type":"","background-media":"","overlay-type":"","overlay-color":"","overlay-opacity":"","overlay-gradient":""},"mobile":{"background-color":"","background-image":"","background-repeat":"repeat","background-position":"center center","background-size":"auto","background-attachment":"scroll","background-type":"","background-media":"","overlay-type":"","overlay-color":"","overlay-opacity":"","overlay-gradient":""}},"ast-content-background-meta":{"desktop":{"background-color":"var(--ast-global-color-5)","background-image":"","background-repeat":"repeat","background-position":"center center","background-size":"auto","background-attachment":"scroll","background-type":"","background-media":"","overlay-type":"","overlay-color":"","overlay-opacity":"","overlay-gradient":""},"tablet":{"background-color":"var(--ast-global-color-5)","background-image":"","background-repeat":"repeat","background-position":"center center","background-size":"auto","background-attachment":"scroll","background-type":"","background-media":"","overlay-type":"","overlay-color":"","overlay-opacity":"","overlay-gradient":""},"mobile":{"background-color":"var(--ast-global-color-5)","background-image":"","background-repeat":"repeat","background-position":"center center","background-size":"auto","background-attachment":"scroll","background-type":"","background-media":"","overlay-type":"","overlay-color":"","overlay-opacity":"","overlay-gradient":""}},"footnotes":""},"categories":[4,299],"tags":[11,53],"class_list":["post-2130","post","type-post","status-publish","format-standard","has-post-thumbnail","hentry","category-actualites","category-actualite-archivee","tag-residence","tag-residence-dartistes"],"yoast_head":"<!-- This site is optimized with the Yoast SEO plugin v27.5 - https:\/\/yoast.com\/product\/yoast-seo-wordpress\/ -->\n<title>Appel \u00e0 candidature 2020 - Programme Odyss\u00e9e de r\u00e9sidence d&#039;artistes - Ch\u00e2teau de Goutelas<\/title>\n<meta name=\"robots\" content=\"index, follow, max-snippet:-1, max-image-preview:large, max-video-preview:-1\" \/>\n<link rel=\"canonical\" href=\"https:\/\/www.chateaudegoutelas.fr\/en\/appel-a-candidature-2020-programme-odyssee-de-residence-dartistes\/\" \/>\n<meta property=\"og:locale\" content=\"en_GB\" \/>\n<meta property=\"og:type\" content=\"article\" \/>\n<meta property=\"og:title\" content=\"Appel \u00e0 candidature 2020 - Programme Odyss\u00e9e de r\u00e9sidence d&#039;artistes - Ch\u00e2teau de Goutelas\" \/>\n<meta property=\"og:description\" content=\"L\u2019appel \u00e0 projets Odyss\u00e9e, coordonn\u00e9 par l&rsquo;Association des Centres culturels de rencontre, s\u2019adresse aux artistes, chercheurs et professionnels de la culture \u00e9trangers et ne r\u00e9sidant pas en France, voulant d\u00e9velopper un projet avec un centre culturel de rencontre, pour vivre une exp\u00e9rience au c\u0153ur d\u2019un lieu patrimonial. Le Ch\u00e2teau de Goutelas accueille chaque ann\u00e9e des [&hellip;]\" \/>\n<meta property=\"og:url\" content=\"https:\/\/www.chateaudegoutelas.fr\/en\/appel-a-candidature-2020-programme-odyssee-de-residence-dartistes\/\" \/>\n<meta property=\"og:site_name\" content=\"Ch\u00e2teau de Goutelas\" \/>\n<meta property=\"article:published_time\" content=\"2018-06-17T12:35:37+00:00\" \/>\n<meta property=\"article:modified_time\" content=\"2023-09-13T09:48:03+00:00\" \/>\n<meta property=\"og:image\" content=\"https:\/\/www.chateaudegoutelas.fr\/wp-content\/uploads\/2019\/10\/187560-diapo_re_sidence_odyssee_2020.jpg\" \/>\n\t<meta property=\"og:image:width\" content=\"1100\" \/>\n\t<meta property=\"og:image:height\" content=\"570\" \/>\n\t<meta property=\"og:image:type\" content=\"image\/jpeg\" \/>\n<meta name=\"author\" content=\"Alix Co\" \/>\n<meta name=\"twitter:card\" content=\"summary_large_image\" \/>\n<meta name=\"twitter:label1\" content=\"Written by\" \/>\n\t<meta name=\"twitter:data1\" content=\"Alix Co\" \/>\n\t<meta name=\"twitter:label2\" content=\"Estimated reading time\" \/>\n\t<meta name=\"twitter:data2\" content=\"1 minute\" \/>\n<script type=\"application\/ld+json\" class=\"yoast-schema-graph\">{\"@context\":\"https:\\\/\\\/schema.org\",\"@graph\":[{\"@type\":\"Article\",\"@id\":\"https:\\\/\\\/www.chateaudegoutelas.fr\\\/appel-a-candidature-2020-programme-odyssee-de-residence-dartistes\\\/#article\",\"isPartOf\":{\"@id\":\"https:\\\/\\\/www.chateaudegoutelas.fr\\\/appel-a-candidature-2020-programme-odyssee-de-residence-dartistes\\\/\"},\"author\":{\"name\":\"Alix Co\",\"@id\":\"https:\\\/\\\/www.chateaudegoutelas.fr\\\/#\\\/schema\\\/person\\\/68f64c0eeaac2d55afb42c7290e0b1e5\"},\"headline\":\"Appel \u00e0 candidature 2020 &#8211; Programme Odyss\u00e9e de r\u00e9sidence d&rsquo;artistes\",\"datePublished\":\"2018-06-17T12:35:37+00:00\",\"dateModified\":\"2023-09-13T09:48:03+00:00\",\"mainEntityOfPage\":{\"@id\":\"https:\\\/\\\/www.chateaudegoutelas.fr\\\/appel-a-candidature-2020-programme-odyssee-de-residence-dartistes\\\/\"},\"wordCount\":144,\"publisher\":{\"@id\":\"https:\\\/\\\/www.chateaudegoutelas.fr\\\/#organization\"},\"image\":{\"@id\":\"https:\\\/\\\/www.chateaudegoutelas.fr\\\/appel-a-candidature-2020-programme-odyssee-de-residence-dartistes\\\/#primaryimage\"},\"thumbnailUrl\":\"https:\\\/\\\/www.chateaudegoutelas.fr\\\/wp-content\\\/uploads\\\/2019\\\/10\\\/187560-diapo_re_sidence_odyssee_2020.jpg\",\"keywords\":[\"r\u00e9sidence\",\"r\u00e9sidence d'artistes\"],\"articleSection\":[\"Actualit\u00e9\",\"Actualit\u00e9 archiv\u00e9e\"],\"inLanguage\":\"en-GB\"},{\"@type\":\"WebPage\",\"@id\":\"https:\\\/\\\/www.chateaudegoutelas.fr\\\/appel-a-candidature-2020-programme-odyssee-de-residence-dartistes\\\/\",\"url\":\"https:\\\/\\\/www.chateaudegoutelas.fr\\\/appel-a-candidature-2020-programme-odyssee-de-residence-dartistes\\\/\",\"name\":\"Appel \u00e0 candidature 2020 - Programme Odyss\u00e9e de r\u00e9sidence d'artistes - Ch\u00e2teau de Goutelas\",\"isPartOf\":{\"@id\":\"https:\\\/\\\/www.chateaudegoutelas.fr\\\/#website\"},\"primaryImageOfPage\":{\"@id\":\"https:\\\/\\\/www.chateaudegoutelas.fr\\\/appel-a-candidature-2020-programme-odyssee-de-residence-dartistes\\\/#primaryimage\"},\"image\":{\"@id\":\"https:\\\/\\\/www.chateaudegoutelas.fr\\\/appel-a-candidature-2020-programme-odyssee-de-residence-dartistes\\\/#primaryimage\"},\"thumbnailUrl\":\"https:\\\/\\\/www.chateaudegoutelas.fr\\\/wp-content\\\/uploads\\\/2019\\\/10\\\/187560-diapo_re_sidence_odyssee_2020.jpg\",\"datePublished\":\"2018-06-17T12:35:37+00:00\",\"dateModified\":\"2023-09-13T09:48:03+00:00\",\"breadcrumb\":{\"@id\":\"https:\\\/\\\/www.chateaudegoutelas.fr\\\/appel-a-candidature-2020-programme-odyssee-de-residence-dartistes\\\/#breadcrumb\"},\"inLanguage\":\"en-GB\",\"potentialAction\":[{\"@type\":\"ReadAction\",\"target\":[\"https:\\\/\\\/www.chateaudegoutelas.fr\\\/appel-a-candidature-2020-programme-odyssee-de-residence-dartistes\\\/\"]}]},{\"@type\":\"ImageObject\",\"inLanguage\":\"en-GB\",\"@id\":\"https:\\\/\\\/www.chateaudegoutelas.fr\\\/appel-a-candidature-2020-programme-odyssee-de-residence-dartistes\\\/#primaryimage\",\"url\":\"https:\\\/\\\/www.chateaudegoutelas.fr\\\/wp-content\\\/uploads\\\/2019\\\/10\\\/187560-diapo_re_sidence_odyssee_2020.jpg\",\"contentUrl\":\"https:\\\/\\\/www.chateaudegoutelas.fr\\\/wp-content\\\/uploads\\\/2019\\\/10\\\/187560-diapo_re_sidence_odyssee_2020.jpg\",\"width\":1100,\"height\":570},{\"@type\":\"BreadcrumbList\",\"@id\":\"https:\\\/\\\/www.chateaudegoutelas.fr\\\/appel-a-candidature-2020-programme-odyssee-de-residence-dartistes\\\/#breadcrumb\",\"itemListElement\":[{\"@type\":\"ListItem\",\"position\":1,\"name\":\"Accueil\",\"item\":\"https:\\\/\\\/www.chateaudegoutelas.fr\\\/\"},{\"@type\":\"ListItem\",\"position\":2,\"name\":\"Appel \u00e0 candidature 2020 &#8211; Programme Odyss\u00e9e de r\u00e9sidence d&rsquo;artistes\"}]},{\"@type\":\"WebSite\",\"@id\":\"https:\\\/\\\/www.chateaudegoutelas.fr\\\/#website\",\"url\":\"https:\\\/\\\/www.chateaudegoutelas.fr\\\/\",\"name\":\"Ch\u00e2teau de Goutelas\",\"description\":\"Un centre culturel de rencontre en Forez\",\"publisher\":{\"@id\":\"https:\\\/\\\/www.chateaudegoutelas.fr\\\/#organization\"},\"potentialAction\":[{\"@type\":\"SearchAction\",\"target\":{\"@type\":\"EntryPoint\",\"urlTemplate\":\"https:\\\/\\\/www.chateaudegoutelas.fr\\\/?s={search_term_string}\"},\"query-input\":{\"@type\":\"PropertyValueSpecification\",\"valueRequired\":true,\"valueName\":\"search_term_string\"}}],\"inLanguage\":\"en-GB\"},{\"@type\":\"Organization\",\"@id\":\"https:\\\/\\\/www.chateaudegoutelas.fr\\\/#organization\",\"name\":\"Ch\u00e2teau de Goutelas\",\"url\":\"https:\\\/\\\/www.chateaudegoutelas.fr\\\/\",\"logo\":{\"@type\":\"ImageObject\",\"inLanguage\":\"en-GB\",\"@id\":\"https:\\\/\\\/www.chateaudegoutelas.fr\\\/#\\\/schema\\\/logo\\\/image\\\/\",\"url\":\"https:\\\/\\\/www.chateaudegoutelas.fr\\\/wp-content\\\/uploads\\\/2023\\\/05\\\/logo-chateau-goutelas-bleu.png\",\"contentUrl\":\"https:\\\/\\\/www.chateaudegoutelas.fr\\\/wp-content\\\/uploads\\\/2023\\\/05\\\/logo-chateau-goutelas-bleu.png\",\"width\":1123,\"height\":327,\"caption\":\"Ch\u00e2teau de Goutelas\"},\"image\":{\"@id\":\"https:\\\/\\\/www.chateaudegoutelas.fr\\\/#\\\/schema\\\/logo\\\/image\\\/\"}},{\"@type\":\"Person\",\"@id\":\"https:\\\/\\\/www.chateaudegoutelas.fr\\\/#\\\/schema\\\/person\\\/68f64c0eeaac2d55afb42c7290e0b1e5\",\"name\":\"Alix Co\",\"image\":{\"@type\":\"ImageObject\",\"inLanguage\":\"en-GB\",\"@id\":\"https:\\\/\\\/secure.gravatar.com\\\/avatar\\\/7ec149daaca82dffed2e8973dd70b4bafb9c6c8ca080e7cc4e17343e6c66cb1f?s=96&d=mm&r=g\",\"url\":\"https:\\\/\\\/secure.gravatar.com\\\/avatar\\\/7ec149daaca82dffed2e8973dd70b4bafb9c6c8ca080e7cc4e17343e6c66cb1f?s=96&d=mm&r=g\",\"contentUrl\":\"https:\\\/\\\/secure.gravatar.com\\\/avatar\\\/7ec149daaca82dffed2e8973dd70b4bafb9c6c8ca080e7cc4e17343e6c66cb1f?s=96&d=mm&r=g\",\"caption\":\"Alix Co\"},\"url\":\"https:\\\/\\\/www.chateaudegoutelas.fr\\\/en\\\/author\\\/gestionalix-co\\\/\"}]}<\/script>\n<!-- \/ Yoast SEO plugin. -->","yoast_head_json":{"title":"Appel \u00e0 candidature 2020 - Programme Odyss\u00e9e de r\u00e9sidence d'artistes - Ch\u00e2teau de Goutelas","robots":{"index":"index","follow":"follow","max-snippet":"max-snippet:-1","max-image-preview":"max-image-preview:large","max-video-preview":"max-video-preview:-1"},"canonical":"https:\/\/www.chateaudegoutelas.fr\/en\/appel-a-candidature-2020-programme-odyssee-de-residence-dartistes\/","og_locale":"en_GB","og_type":"article","og_title":"Appel \u00e0 candidature 2020 - Programme Odyss\u00e9e de r\u00e9sidence d'artistes - Ch\u00e2teau de Goutelas","og_description":"L\u2019appel \u00e0 projets Odyss\u00e9e, coordonn\u00e9 par l&rsquo;Association des Centres culturels de rencontre, s\u2019adresse aux artistes, chercheurs et professionnels de la culture \u00e9trangers et ne r\u00e9sidant pas en France, voulant d\u00e9velopper un projet avec un centre culturel de rencontre, pour vivre une exp\u00e9rience au c\u0153ur d\u2019un lieu patrimonial. Le Ch\u00e2teau de Goutelas accueille chaque ann\u00e9e des [&hellip;]","og_url":"https:\/\/www.chateaudegoutelas.fr\/en\/appel-a-candidature-2020-programme-odyssee-de-residence-dartistes\/","og_site_name":"Ch\u00e2teau de Goutelas","article_published_time":"2018-06-17T12:35:37+00:00","article_modified_time":"2023-09-13T09:48:03+00:00","og_image":[{"width":1100,"height":570,"url":"https:\/\/www.chateaudegoutelas.fr\/wp-content\/uploads\/2019\/10\/187560-diapo_re_sidence_odyssee_2020.jpg","type":"image\/jpeg"}],"author":"Alix Co","twitter_card":"summary_large_image","twitter_misc":{"Written by":"Alix Co","Estimated reading time":"1 minute"},"schema":{"@context":"https:\/\/schema.org","@graph":[{"@type":"Article","@id":"https:\/\/www.chateaudegoutelas.fr\/appel-a-candidature-2020-programme-odyssee-de-residence-dartistes\/#article","isPartOf":{"@id":"https:\/\/www.chateaudegoutelas.fr\/appel-a-candidature-2020-programme-odyssee-de-residence-dartistes\/"},"author":{"name":"Alix Co","@id":"https:\/\/www.chateaudegoutelas.fr\/#\/schema\/person\/68f64c0eeaac2d55afb42c7290e0b1e5"},"headline":"Appel \u00e0 candidature 2020 &#8211; Programme Odyss\u00e9e de r\u00e9sidence d&rsquo;artistes","datePublished":"2018-06-17T12:35:37+00:00","dateModified":"2023-09-13T09:48:03+00:00","mainEntityOfPage":{"@id":"https:\/\/www.chateaudegoutelas.fr\/appel-a-candidature-2020-programme-odyssee-de-residence-dartistes\/"},"wordCount":144,"publisher":{"@id":"https:\/\/www.chateaudegoutelas.fr\/#organization"},"image":{"@id":"https:\/\/www.chateaudegoutelas.fr\/appel-a-candidature-2020-programme-odyssee-de-residence-dartistes\/#primaryimage"},"thumbnailUrl":"https:\/\/www.chateaudegoutelas.fr\/wp-content\/uploads\/2019\/10\/187560-diapo_re_sidence_odyssee_2020.jpg","keywords":["r\u00e9sidence","r\u00e9sidence d'artistes"],"articleSection":["Actualit\u00e9","Actualit\u00e9 archiv\u00e9e"],"inLanguage":"en-GB"},{"@type":"WebPage","@id":"https:\/\/www.chateaudegoutelas.fr\/appel-a-candidature-2020-programme-odyssee-de-residence-dartistes\/","url":"https:\/\/www.chateaudegoutelas.fr\/appel-a-candidature-2020-programme-odyssee-de-residence-dartistes\/","name":"Appel \u00e0 candidature 2020 - Programme Odyss\u00e9e de r\u00e9sidence d'artistes - Ch\u00e2teau de Goutelas","isPartOf":{"@id":"https:\/\/www.chateaudegoutelas.fr\/#website"},"primaryImageOfPage":{"@id":"https:\/\/www.chateaudegoutelas.fr\/appel-a-candidature-2020-programme-odyssee-de-residence-dartistes\/#primaryimage"},"image":{"@id":"https:\/\/www.chateaudegoutelas.fr\/appel-a-candidature-2020-programme-odyssee-de-residence-dartistes\/#primaryimage"},"thumbnailUrl":"https:\/\/www.chateaudegoutelas.fr\/wp-content\/uploads\/2019\/10\/187560-diapo_re_sidence_odyssee_2020.jpg","datePublished":"2018-06-17T12:35:37+00:00","dateModified":"2023-09-13T09:48:03+00:00","breadcrumb":{"@id":"https:\/\/www.chateaudegoutelas.fr\/appel-a-candidature-2020-programme-odyssee-de-residence-dartistes\/#breadcrumb"},"inLanguage":"en-GB","potentialAction":[{"@type":"ReadAction","target":["https:\/\/www.chateaudegoutelas.fr\/appel-a-candidature-2020-programme-odyssee-de-residence-dartistes\/"]}]},{"@type":"ImageObject","inLanguage":"en-GB","@id":"https:\/\/www.chateaudegoutelas.fr\/appel-a-candidature-2020-programme-odyssee-de-residence-dartistes\/#primaryimage","url":"https:\/\/www.chateaudegoutelas.fr\/wp-content\/uploads\/2019\/10\/187560-diapo_re_sidence_odyssee_2020.jpg","contentUrl":"https:\/\/www.chateaudegoutelas.fr\/wp-content\/uploads\/2019\/10\/187560-diapo_re_sidence_odyssee_2020.jpg","width":1100,"height":570},{"@type":"BreadcrumbList","@id":"https:\/\/www.chateaudegoutelas.fr\/appel-a-candidature-2020-programme-odyssee-de-residence-dartistes\/#breadcrumb","itemListElement":[{"@type":"ListItem","position":1,"name":"Accueil","item":"https:\/\/www.chateaudegoutelas.fr\/"},{"@type":"ListItem","position":2,"name":"Appel \u00e0 candidature 2020 &#8211; Programme Odyss\u00e9e de r\u00e9sidence d&rsquo;artistes"}]},{"@type":"WebSite","@id":"https:\/\/www.chateaudegoutelas.fr\/#website","url":"https:\/\/www.chateaudegoutelas.fr\/","name":"Ch\u00e2teau de Goutelas","description":"Un centre culturel de rencontre en Forez","publisher":{"@id":"https:\/\/www.chateaudegoutelas.fr\/#organization"},"potentialAction":[{"@type":"SearchAction","target":{"@type":"EntryPoint","urlTemplate":"https:\/\/www.chateaudegoutelas.fr\/?s={search_term_string}"},"query-input":{"@type":"PropertyValueSpecification","valueRequired":true,"valueName":"search_term_string"}}],"inLanguage":"en-GB"},{"@type":"Organization","@id":"https:\/\/www.chateaudegoutelas.fr\/#organization","name":"Ch\u00e2teau de Goutelas","url":"https:\/\/www.chateaudegoutelas.fr\/","logo":{"@type":"ImageObject","inLanguage":"en-GB","@id":"https:\/\/www.chateaudegoutelas.fr\/#\/schema\/logo\/image\/","url":"https:\/\/www.chateaudegoutelas.fr\/wp-content\/uploads\/2023\/05\/logo-chateau-goutelas-bleu.png","contentUrl":"https:\/\/www.chateaudegoutelas.fr\/wp-content\/uploads\/2023\/05\/logo-chateau-goutelas-bleu.png","width":1123,"height":327,"caption":"Ch\u00e2teau de Goutelas"},"image":{"@id":"https:\/\/www.chateaudegoutelas.fr\/#\/schema\/logo\/image\/"}},{"@type":"Person","@id":"https:\/\/www.chateaudegoutelas.fr\/#\/schema\/person\/68f64c0eeaac2d55afb42c7290e0b1e5","name":"Alix Co","image":{"@type":"ImageObject","inLanguage":"en-GB","@id":"https:\/\/secure.gravatar.com\/avatar\/7ec149daaca82dffed2e8973dd70b4bafb9c6c8ca080e7cc4e17343e6c66cb1f?s=96&d=mm&r=g","url":"https:\/\/secure.gravatar.com\/avatar\/7ec149daaca82dffed2e8973dd70b4bafb9c6c8ca080e7cc4e17343e6c66cb1f?s=96&d=mm&r=g","contentUrl":"https:\/\/secure.gravatar.com\/avatar\/7ec149daaca82dffed2e8973dd70b4bafb9c6c8ca080e7cc4e17343e6c66cb1f?s=96&d=mm&r=g","caption":"Alix Co"},"url":"https:\/\/www.chateaudegoutelas.fr\/en\/author\/gestionalix-co\/"}]}},"_links":{"self":[{"href":"https:\/\/www.chateaudegoutelas.fr\/en\/wp-json\/wp\/v2\/posts\/2130","targetHints":{"allow":["GET"]}}],"collection":[{"href":"https:\/\/www.chateaudegoutelas.fr\/en\/wp-json\/wp\/v2\/posts"}],"about":[{"href":"https:\/\/www.chateaudegoutelas.fr\/en\/wp-json\/wp\/v2\/types\/post"}],"author":[{"embeddable":true,"href":"https:\/\/www.chateaudegoutelas.fr\/en\/wp-json\/wp\/v2\/users\/4"}],"replies":[{"embeddable":true,"href":"https:\/\/www.chateaudegoutelas.fr\/en\/wp-json\/wp\/v2\/comments?post=2130"}],"version-history":[{"count":2,"href":"https:\/\/www.chateaudegoutelas.fr\/en\/wp-json\/wp\/v2\/posts\/2130\/revisions"}],"predecessor-version":[{"id":6769,"href":"https:\/\/www.chateaudegoutelas.fr\/en\/wp-json\/wp\/v2\/posts\/2130\/revisions\/6769"}],"wp:featuredmedia":[{"embeddable":true,"href":"https:\/\/www.chateaudegoutelas.fr\/en\/wp-json\/wp\/v2\/media\/2131"}],"wp:attachment":[{"href":"https:\/\/www.chateaudegoutelas.fr\/en\/wp-json\/wp\/v2\/media?parent=2130"}],"wp:term":[{"taxonomy":"category","embeddable":true,"href":"https:\/\/www.chateaudegoutelas.fr\/en\/wp-json\/wp\/v2\/categories?post=2130"},{"taxonomy":"post_tag","embeddable":true,"href":"https:\/\/www.chateaudegoutelas.fr\/en\/wp-json\/wp\/v2\/tags?post=2130"}],"curies":[{"name":"wp","href":"https:\/\/api.w.org\/{rel}","templated":true}]}}