{"id":1807,"date":"2019-07-07T10:56:06","date_gmt":"2019-07-07T08:56:06","guid":{"rendered":"https:\/\/www.chateaudegoutelas.fr\/?p=1807"},"modified":"2023-09-13T11:48:02","modified_gmt":"2023-09-13T09:48:02","slug":"notre-cafe-boutique-vous-accueille","status":"publish","type":"post","link":"https:\/\/www.chateaudegoutelas.fr\/en\/notre-cafe-boutique-vous-accueille\/","title":{"rendered":"Notre caf\u00e9-boutique vous accueille !"},"content":{"rendered":"<div class=\"shmMigrate\"><\/div>\n<div class=\"shmMigrate\"><\/div>\n<div class=\"shmMigrate\"><\/div>\n<div class=\"shmMigrate\"><\/div>\n<h4>Dans un cadre paisible et propice \u00e0 la d\u00e9tente, notre nouveau caf\u00e9-boutique vous accueille du lundi au vendredi de 9h30 \u00e0 18h30, le samedi de 14h \u00e0 18h.<\/h4>\n<div class=\"shmMigrate\"><\/div>\n<div class=\"shmMigrate\"><\/div>\n<div class=\"shmMigrate\"><\/div>\n<p>Les espaces conviviaux de ce nouveau caf\u00e9, am\u00e9nag\u00e9s en int\u00e9rieur et en ext\u00e9rieur, vous permettent de prendre un verre en profitant d&rsquo;une vue imprenable sur la plaine du Forez.<\/p>\n<p>Dans le d\u00e9cor de l\u2019ancienne cuisine du ch\u00e2teau, la boutique offre quant \u00e0 elle un large choix de gourmandises propos\u00e9es par des artisans locaux : miels et confitures, th\u00e9s, vins, chocolats,&#8230; Livres, cartes postales et documentation touristique viennent compl\u00e9ter cette offre.<\/p>\n<p>L&rsquo;\u00e9quipe est \u00e0 votre disposition pour vous faire d\u00e9couvrir ces produits et vous renseigner sur le ch\u00e2teau, son histoire et sa r\u00e9gion.<\/p>\n<div class=\"shmMigrate\"><\/div>\n<div class=\"shmMigrate\"><\/div>\n<div class=\"shmMigrate\"><\/div>\n<div class=\"shmMigrate\"><\/div>\n<div class=\"shmMigrate\"><\/div>\n<div class=\"shmMigrate\"><\/div>\n<div class=\"shmMigrate\"><\/div>\n<div class=\"shmMigrate\"><\/div>\n<div class=\"shmMigrate\"><\/div>\n<div class=\"shmMigrate\"><\/div>\n<div class=\"shmMigrate\"><\/div>\n<div class=\"shmMigrate\"><\/div>\n<div class=\"shmMigrate\"><\/div>\n<div class=\"shmMigrate\"><\/div>","protected":false},"excerpt":{"rendered":"<p>Dans un cadre paisible et propice \u00e0 la d\u00e9tente, notre nouveau caf\u00e9-boutique vous accueille du lundi au vendredi de 9h30 \u00e0 18h30, le samedi de 14h \u00e0 18h. Les espaces conviviaux de ce nouveau caf\u00e9, am\u00e9nag\u00e9s en int\u00e9rieur et en ext\u00e9rieur, vous permettent de prendre un verre en profitant d&rsquo;une vue imprenable sur la plaine [&hellip;]<\/p>\n","protected":false},"author":4,"featured_media":1808,"comment_status":"closed","ping_status":"closed","sticky":true,"template":"","format":"standard","meta":{"site-sidebar-layout":"default","site-content-layout":null,"ast-site-content-layout":"default","site-content-style":"default","site-sidebar-style":"default","ast-global-header-display":"","ast-banner-title-visibility":"","ast-main-header-display":"","ast-hfb-above-header-display":"","ast-hfb-below-header-display":"","ast-hfb-mobile-header-display":"","site-post-title":"","ast-breadcrumbs-content":null,"ast-featured-img":"","footer-sml-layout":"","ast-disable-related-posts":"","theme-transparent-header-meta":"","adv-header-id-meta":"","stick-header-meta":"","header-above-stick-meta":null,"header-main-stick-meta":"","header-below-stick-meta":null,"astra-migrate-meta-layouts":"default","ast-page-background-enabled":"default","ast-page-background-meta":{"desktop":{"background-color":"","background-image":"","background-repeat":"repeat","background-position":"center center","background-size":"auto","background-attachment":"scroll","background-type":"","background-media":"","overlay-type":"","overlay-color":"","overlay-opacity":"","overlay-gradient":""},"tablet":{"background-color":"","background-image":"","background-repeat":"repeat","background-position":"center center","background-size":"auto","background-attachment":"scroll","background-type":"","background-media":"","overlay-type":"","overlay-color":"","overlay-opacity":"","overlay-gradient":""},"mobile":{"background-color":"","background-image":"","background-repeat":"repeat","background-position":"center center","background-size":"auto","background-attachment":"scroll","background-type":"","background-media":"","overlay-type":"","overlay-color":"","overlay-opacity":"","overlay-gradient":""}},"ast-content-background-meta":{"desktop":{"background-color":"var(--ast-global-color-5)","background-image":"","background-repeat":"repeat","background-position":"center center","background-size":"auto","background-attachment":"scroll","background-type":"","background-media":"","overlay-type":"","overlay-color":"","overlay-opacity":"","overlay-gradient":""},"tablet":{"background-color":"var(--ast-global-color-5)","background-image":"","background-repeat":"repeat","background-position":"center center","background-size":"auto","background-attachment":"scroll","background-type":"","background-media":"","overlay-type":"","overlay-color":"","overlay-opacity":"","overlay-gradient":""},"mobile":{"background-color":"var(--ast-global-color-5)","background-image":"","background-repeat":"repeat","background-position":"center center","background-size":"auto","background-attachment":"scroll","background-type":"","background-media":"","overlay-type":"","overlay-color":"","overlay-opacity":"","overlay-gradient":""}},"footnotes":""},"categories":[4,299],"tags":[],"class_list":["post-1807","post","type-post","status-publish","format-standard","has-post-thumbnail","hentry","category-actualites","category-actualite-archivee"],"yoast_head":"<!-- This site is optimized with the Yoast SEO plugin v27.5 - https:\/\/yoast.com\/product\/yoast-seo-wordpress\/ -->\n<title>Notre caf\u00e9-boutique vous accueille ! - Ch\u00e2teau de Goutelas<\/title>\n<meta name=\"robots\" content=\"index, follow, max-snippet:-1, max-image-preview:large, max-video-preview:-1\" \/>\n<link rel=\"canonical\" href=\"https:\/\/www.chateaudegoutelas.fr\/en\/notre-cafe-boutique-vous-accueille\/\" \/>\n<meta property=\"og:locale\" content=\"en_GB\" \/>\n<meta property=\"og:type\" content=\"article\" \/>\n<meta property=\"og:title\" content=\"Notre caf\u00e9-boutique vous accueille ! - Ch\u00e2teau de Goutelas\" \/>\n<meta property=\"og:description\" content=\"Dans un cadre paisible et propice \u00e0 la d\u00e9tente, notre nouveau caf\u00e9-boutique vous accueille du lundi au vendredi de 9h30 \u00e0 18h30, le samedi de 14h \u00e0 18h. Les espaces conviviaux de ce nouveau caf\u00e9, am\u00e9nag\u00e9s en int\u00e9rieur et en ext\u00e9rieur, vous permettent de prendre un verre en profitant d&rsquo;une vue imprenable sur la plaine [&hellip;]\" \/>\n<meta property=\"og:url\" content=\"https:\/\/www.chateaudegoutelas.fr\/en\/notre-cafe-boutique-vous-accueille\/\" \/>\n<meta property=\"og:site_name\" content=\"Ch\u00e2teau de Goutelas\" \/>\n<meta property=\"article:published_time\" content=\"2019-07-07T08:56:06+00:00\" \/>\n<meta property=\"article:modified_time\" content=\"2023-09-13T09:48:02+00:00\" \/>\n<meta property=\"og:image\" content=\"https:\/\/www.chateaudegoutelas.fr\/wp-content\/uploads\/2019\/07\/IMG_20190717_153756.jpg\" \/>\n\t<meta property=\"og:image:width\" content=\"1100\" \/>\n\t<meta property=\"og:image:height\" content=\"825\" \/>\n\t<meta property=\"og:image:type\" content=\"image\/jpeg\" \/>\n<meta name=\"author\" content=\"Alix Co\" \/>\n<meta name=\"twitter:card\" content=\"summary_large_image\" \/>\n<meta name=\"twitter:label1\" content=\"Written by\" \/>\n\t<meta name=\"twitter:data1\" content=\"Alix Co\" \/>\n\t<meta name=\"twitter:label2\" content=\"Estimated reading time\" \/>\n\t<meta name=\"twitter:data2\" content=\"1 minute\" \/>\n<script type=\"application\/ld+json\" class=\"yoast-schema-graph\">{\"@context\":\"https:\\\/\\\/schema.org\",\"@graph\":[{\"@type\":\"Article\",\"@id\":\"https:\\\/\\\/www.chateaudegoutelas.fr\\\/notre-cafe-boutique-vous-accueille\\\/#article\",\"isPartOf\":{\"@id\":\"https:\\\/\\\/www.chateaudegoutelas.fr\\\/notre-cafe-boutique-vous-accueille\\\/\"},\"author\":{\"name\":\"Alix Co\",\"@id\":\"https:\\\/\\\/www.chateaudegoutelas.fr\\\/#\\\/schema\\\/person\\\/68f64c0eeaac2d55afb42c7290e0b1e5\"},\"headline\":\"Notre caf\u00e9-boutique vous accueille !\",\"datePublished\":\"2019-07-07T08:56:06+00:00\",\"dateModified\":\"2023-09-13T09:48:02+00:00\",\"mainEntityOfPage\":{\"@id\":\"https:\\\/\\\/www.chateaudegoutelas.fr\\\/notre-cafe-boutique-vous-accueille\\\/\"},\"wordCount\":136,\"publisher\":{\"@id\":\"https:\\\/\\\/www.chateaudegoutelas.fr\\\/#organization\"},\"image\":{\"@id\":\"https:\\\/\\\/www.chateaudegoutelas.fr\\\/notre-cafe-boutique-vous-accueille\\\/#primaryimage\"},\"thumbnailUrl\":\"https:\\\/\\\/www.chateaudegoutelas.fr\\\/wp-content\\\/uploads\\\/2019\\\/07\\\/IMG_20190717_153756.jpg\",\"articleSection\":[\"Actualit\u00e9\",\"Actualit\u00e9 archiv\u00e9e\"],\"inLanguage\":\"en-GB\"},{\"@type\":\"WebPage\",\"@id\":\"https:\\\/\\\/www.chateaudegoutelas.fr\\\/notre-cafe-boutique-vous-accueille\\\/\",\"url\":\"https:\\\/\\\/www.chateaudegoutelas.fr\\\/notre-cafe-boutique-vous-accueille\\\/\",\"name\":\"Notre caf\u00e9-boutique vous accueille ! - Ch\u00e2teau de Goutelas\",\"isPartOf\":{\"@id\":\"https:\\\/\\\/www.chateaudegoutelas.fr\\\/#website\"},\"primaryImageOfPage\":{\"@id\":\"https:\\\/\\\/www.chateaudegoutelas.fr\\\/notre-cafe-boutique-vous-accueille\\\/#primaryimage\"},\"image\":{\"@id\":\"https:\\\/\\\/www.chateaudegoutelas.fr\\\/notre-cafe-boutique-vous-accueille\\\/#primaryimage\"},\"thumbnailUrl\":\"https:\\\/\\\/www.chateaudegoutelas.fr\\\/wp-content\\\/uploads\\\/2019\\\/07\\\/IMG_20190717_153756.jpg\",\"datePublished\":\"2019-07-07T08:56:06+00:00\",\"dateModified\":\"2023-09-13T09:48:02+00:00\",\"breadcrumb\":{\"@id\":\"https:\\\/\\\/www.chateaudegoutelas.fr\\\/notre-cafe-boutique-vous-accueille\\\/#breadcrumb\"},\"inLanguage\":\"en-GB\",\"potentialAction\":[{\"@type\":\"ReadAction\",\"target\":[\"https:\\\/\\\/www.chateaudegoutelas.fr\\\/notre-cafe-boutique-vous-accueille\\\/\"]}]},{\"@type\":\"ImageObject\",\"inLanguage\":\"en-GB\",\"@id\":\"https:\\\/\\\/www.chateaudegoutelas.fr\\\/notre-cafe-boutique-vous-accueille\\\/#primaryimage\",\"url\":\"https:\\\/\\\/www.chateaudegoutelas.fr\\\/wp-content\\\/uploads\\\/2019\\\/07\\\/IMG_20190717_153756.jpg\",\"contentUrl\":\"https:\\\/\\\/www.chateaudegoutelas.fr\\\/wp-content\\\/uploads\\\/2019\\\/07\\\/IMG_20190717_153756.jpg\",\"width\":1100,\"height\":825},{\"@type\":\"BreadcrumbList\",\"@id\":\"https:\\\/\\\/www.chateaudegoutelas.fr\\\/notre-cafe-boutique-vous-accueille\\\/#breadcrumb\",\"itemListElement\":[{\"@type\":\"ListItem\",\"position\":1,\"name\":\"Accueil\",\"item\":\"https:\\\/\\\/www.chateaudegoutelas.fr\\\/\"},{\"@type\":\"ListItem\",\"position\":2,\"name\":\"Notre caf\u00e9-boutique vous accueille !\"}]},{\"@type\":\"WebSite\",\"@id\":\"https:\\\/\\\/www.chateaudegoutelas.fr\\\/#website\",\"url\":\"https:\\\/\\\/www.chateaudegoutelas.fr\\\/\",\"name\":\"Ch\u00e2teau de Goutelas\",\"description\":\"Un centre culturel de rencontre en Forez\",\"publisher\":{\"@id\":\"https:\\\/\\\/www.chateaudegoutelas.fr\\\/#organization\"},\"potentialAction\":[{\"@type\":\"SearchAction\",\"target\":{\"@type\":\"EntryPoint\",\"urlTemplate\":\"https:\\\/\\\/www.chateaudegoutelas.fr\\\/?s={search_term_string}\"},\"query-input\":{\"@type\":\"PropertyValueSpecification\",\"valueRequired\":true,\"valueName\":\"search_term_string\"}}],\"inLanguage\":\"en-GB\"},{\"@type\":\"Organization\",\"@id\":\"https:\\\/\\\/www.chateaudegoutelas.fr\\\/#organization\",\"name\":\"Ch\u00e2teau de Goutelas\",\"url\":\"https:\\\/\\\/www.chateaudegoutelas.fr\\\/\",\"logo\":{\"@type\":\"ImageObject\",\"inLanguage\":\"en-GB\",\"@id\":\"https:\\\/\\\/www.chateaudegoutelas.fr\\\/#\\\/schema\\\/logo\\\/image\\\/\",\"url\":\"https:\\\/\\\/www.chateaudegoutelas.fr\\\/wp-content\\\/uploads\\\/2023\\\/05\\\/logo-chateau-goutelas-bleu.png\",\"contentUrl\":\"https:\\\/\\\/www.chateaudegoutelas.fr\\\/wp-content\\\/uploads\\\/2023\\\/05\\\/logo-chateau-goutelas-bleu.png\",\"width\":1123,\"height\":327,\"caption\":\"Ch\u00e2teau de Goutelas\"},\"image\":{\"@id\":\"https:\\\/\\\/www.chateaudegoutelas.fr\\\/#\\\/schema\\\/logo\\\/image\\\/\"}},{\"@type\":\"Person\",\"@id\":\"https:\\\/\\\/www.chateaudegoutelas.fr\\\/#\\\/schema\\\/person\\\/68f64c0eeaac2d55afb42c7290e0b1e5\",\"name\":\"Alix Co\",\"image\":{\"@type\":\"ImageObject\",\"inLanguage\":\"en-GB\",\"@id\":\"https:\\\/\\\/secure.gravatar.com\\\/avatar\\\/7ec149daaca82dffed2e8973dd70b4bafb9c6c8ca080e7cc4e17343e6c66cb1f?s=96&d=mm&r=g\",\"url\":\"https:\\\/\\\/secure.gravatar.com\\\/avatar\\\/7ec149daaca82dffed2e8973dd70b4bafb9c6c8ca080e7cc4e17343e6c66cb1f?s=96&d=mm&r=g\",\"contentUrl\":\"https:\\\/\\\/secure.gravatar.com\\\/avatar\\\/7ec149daaca82dffed2e8973dd70b4bafb9c6c8ca080e7cc4e17343e6c66cb1f?s=96&d=mm&r=g\",\"caption\":\"Alix Co\"},\"url\":\"https:\\\/\\\/www.chateaudegoutelas.fr\\\/en\\\/author\\\/gestionalix-co\\\/\"}]}<\/script>\n<!-- \/ Yoast SEO plugin. -->","yoast_head_json":{"title":"Notre caf\u00e9-boutique vous accueille ! - Ch\u00e2teau de Goutelas","robots":{"index":"index","follow":"follow","max-snippet":"max-snippet:-1","max-image-preview":"max-image-preview:large","max-video-preview":"max-video-preview:-1"},"canonical":"https:\/\/www.chateaudegoutelas.fr\/en\/notre-cafe-boutique-vous-accueille\/","og_locale":"en_GB","og_type":"article","og_title":"Notre caf\u00e9-boutique vous accueille ! - Ch\u00e2teau de Goutelas","og_description":"Dans un cadre paisible et propice \u00e0 la d\u00e9tente, notre nouveau caf\u00e9-boutique vous accueille du lundi au vendredi de 9h30 \u00e0 18h30, le samedi de 14h \u00e0 18h. Les espaces conviviaux de ce nouveau caf\u00e9, am\u00e9nag\u00e9s en int\u00e9rieur et en ext\u00e9rieur, vous permettent de prendre un verre en profitant d&rsquo;une vue imprenable sur la plaine [&hellip;]","og_url":"https:\/\/www.chateaudegoutelas.fr\/en\/notre-cafe-boutique-vous-accueille\/","og_site_name":"Ch\u00e2teau de Goutelas","article_published_time":"2019-07-07T08:56:06+00:00","article_modified_time":"2023-09-13T09:48:02+00:00","og_image":[{"width":1100,"height":825,"url":"https:\/\/www.chateaudegoutelas.fr\/wp-content\/uploads\/2019\/07\/IMG_20190717_153756.jpg","type":"image\/jpeg"}],"author":"Alix Co","twitter_card":"summary_large_image","twitter_misc":{"Written by":"Alix Co","Estimated reading time":"1 minute"},"schema":{"@context":"https:\/\/schema.org","@graph":[{"@type":"Article","@id":"https:\/\/www.chateaudegoutelas.fr\/notre-cafe-boutique-vous-accueille\/#article","isPartOf":{"@id":"https:\/\/www.chateaudegoutelas.fr\/notre-cafe-boutique-vous-accueille\/"},"author":{"name":"Alix Co","@id":"https:\/\/www.chateaudegoutelas.fr\/#\/schema\/person\/68f64c0eeaac2d55afb42c7290e0b1e5"},"headline":"Notre caf\u00e9-boutique vous accueille !","datePublished":"2019-07-07T08:56:06+00:00","dateModified":"2023-09-13T09:48:02+00:00","mainEntityOfPage":{"@id":"https:\/\/www.chateaudegoutelas.fr\/notre-cafe-boutique-vous-accueille\/"},"wordCount":136,"publisher":{"@id":"https:\/\/www.chateaudegoutelas.fr\/#organization"},"image":{"@id":"https:\/\/www.chateaudegoutelas.fr\/notre-cafe-boutique-vous-accueille\/#primaryimage"},"thumbnailUrl":"https:\/\/www.chateaudegoutelas.fr\/wp-content\/uploads\/2019\/07\/IMG_20190717_153756.jpg","articleSection":["Actualit\u00e9","Actualit\u00e9 archiv\u00e9e"],"inLanguage":"en-GB"},{"@type":"WebPage","@id":"https:\/\/www.chateaudegoutelas.fr\/notre-cafe-boutique-vous-accueille\/","url":"https:\/\/www.chateaudegoutelas.fr\/notre-cafe-boutique-vous-accueille\/","name":"Notre caf\u00e9-boutique vous accueille ! - Ch\u00e2teau de Goutelas","isPartOf":{"@id":"https:\/\/www.chateaudegoutelas.fr\/#website"},"primaryImageOfPage":{"@id":"https:\/\/www.chateaudegoutelas.fr\/notre-cafe-boutique-vous-accueille\/#primaryimage"},"image":{"@id":"https:\/\/www.chateaudegoutelas.fr\/notre-cafe-boutique-vous-accueille\/#primaryimage"},"thumbnailUrl":"https:\/\/www.chateaudegoutelas.fr\/wp-content\/uploads\/2019\/07\/IMG_20190717_153756.jpg","datePublished":"2019-07-07T08:56:06+00:00","dateModified":"2023-09-13T09:48:02+00:00","breadcrumb":{"@id":"https:\/\/www.chateaudegoutelas.fr\/notre-cafe-boutique-vous-accueille\/#breadcrumb"},"inLanguage":"en-GB","potentialAction":[{"@type":"ReadAction","target":["https:\/\/www.chateaudegoutelas.fr\/notre-cafe-boutique-vous-accueille\/"]}]},{"@type":"ImageObject","inLanguage":"en-GB","@id":"https:\/\/www.chateaudegoutelas.fr\/notre-cafe-boutique-vous-accueille\/#primaryimage","url":"https:\/\/www.chateaudegoutelas.fr\/wp-content\/uploads\/2019\/07\/IMG_20190717_153756.jpg","contentUrl":"https:\/\/www.chateaudegoutelas.fr\/wp-content\/uploads\/2019\/07\/IMG_20190717_153756.jpg","width":1100,"height":825},{"@type":"BreadcrumbList","@id":"https:\/\/www.chateaudegoutelas.fr\/notre-cafe-boutique-vous-accueille\/#breadcrumb","itemListElement":[{"@type":"ListItem","position":1,"name":"Accueil","item":"https:\/\/www.chateaudegoutelas.fr\/"},{"@type":"ListItem","position":2,"name":"Notre caf\u00e9-boutique vous accueille !"}]},{"@type":"WebSite","@id":"https:\/\/www.chateaudegoutelas.fr\/#website","url":"https:\/\/www.chateaudegoutelas.fr\/","name":"Ch\u00e2teau de Goutelas","description":"Un centre culturel de rencontre en Forez","publisher":{"@id":"https:\/\/www.chateaudegoutelas.fr\/#organization"},"potentialAction":[{"@type":"SearchAction","target":{"@type":"EntryPoint","urlTemplate":"https:\/\/www.chateaudegoutelas.fr\/?s={search_term_string}"},"query-input":{"@type":"PropertyValueSpecification","valueRequired":true,"valueName":"search_term_string"}}],"inLanguage":"en-GB"},{"@type":"Organization","@id":"https:\/\/www.chateaudegoutelas.fr\/#organization","name":"Ch\u00e2teau de Goutelas","url":"https:\/\/www.chateaudegoutelas.fr\/","logo":{"@type":"ImageObject","inLanguage":"en-GB","@id":"https:\/\/www.chateaudegoutelas.fr\/#\/schema\/logo\/image\/","url":"https:\/\/www.chateaudegoutelas.fr\/wp-content\/uploads\/2023\/05\/logo-chateau-goutelas-bleu.png","contentUrl":"https:\/\/www.chateaudegoutelas.fr\/wp-content\/uploads\/2023\/05\/logo-chateau-goutelas-bleu.png","width":1123,"height":327,"caption":"Ch\u00e2teau de Goutelas"},"image":{"@id":"https:\/\/www.chateaudegoutelas.fr\/#\/schema\/logo\/image\/"}},{"@type":"Person","@id":"https:\/\/www.chateaudegoutelas.fr\/#\/schema\/person\/68f64c0eeaac2d55afb42c7290e0b1e5","name":"Alix Co","image":{"@type":"ImageObject","inLanguage":"en-GB","@id":"https:\/\/secure.gravatar.com\/avatar\/7ec149daaca82dffed2e8973dd70b4bafb9c6c8ca080e7cc4e17343e6c66cb1f?s=96&d=mm&r=g","url":"https:\/\/secure.gravatar.com\/avatar\/7ec149daaca82dffed2e8973dd70b4bafb9c6c8ca080e7cc4e17343e6c66cb1f?s=96&d=mm&r=g","contentUrl":"https:\/\/secure.gravatar.com\/avatar\/7ec149daaca82dffed2e8973dd70b4bafb9c6c8ca080e7cc4e17343e6c66cb1f?s=96&d=mm&r=g","caption":"Alix Co"},"url":"https:\/\/www.chateaudegoutelas.fr\/en\/author\/gestionalix-co\/"}]}},"_links":{"self":[{"href":"https:\/\/www.chateaudegoutelas.fr\/en\/wp-json\/wp\/v2\/posts\/1807","targetHints":{"allow":["GET"]}}],"collection":[{"href":"https:\/\/www.chateaudegoutelas.fr\/en\/wp-json\/wp\/v2\/posts"}],"about":[{"href":"https:\/\/www.chateaudegoutelas.fr\/en\/wp-json\/wp\/v2\/types\/post"}],"author":[{"embeddable":true,"href":"https:\/\/www.chateaudegoutelas.fr\/en\/wp-json\/wp\/v2\/users\/4"}],"replies":[{"embeddable":true,"href":"https:\/\/www.chateaudegoutelas.fr\/en\/wp-json\/wp\/v2\/comments?post=1807"}],"version-history":[{"count":1,"href":"https:\/\/www.chateaudegoutelas.fr\/en\/wp-json\/wp\/v2\/posts\/1807\/revisions"}],"predecessor-version":[{"id":7996,"href":"https:\/\/www.chateaudegoutelas.fr\/en\/wp-json\/wp\/v2\/posts\/1807\/revisions\/7996"}],"wp:featuredmedia":[{"embeddable":true,"href":"https:\/\/www.chateaudegoutelas.fr\/en\/wp-json\/wp\/v2\/media\/1808"}],"wp:attachment":[{"href":"https:\/\/www.chateaudegoutelas.fr\/en\/wp-json\/wp\/v2\/media?parent=1807"}],"wp:term":[{"taxonomy":"category","embeddable":true,"href":"https:\/\/www.chateaudegoutelas.fr\/en\/wp-json\/wp\/v2\/categories?post=1807"},{"taxonomy":"post_tag","embeddable":true,"href":"https:\/\/www.chateaudegoutelas.fr\/en\/wp-json\/wp\/v2\/tags?post=1807"}],"curies":[{"name":"wp","href":"https:\/\/api.w.org\/{rel}","templated":true}]}}