{"id":1450,"date":"2018-01-12T12:01:45","date_gmt":"2018-01-12T11:01:45","guid":{"rendered":"https:\/\/www.chateaudegoutelas.fr\/?p=1450"},"modified":"2023-09-14T16:46:40","modified_gmt":"2023-09-14T14:46:40","slug":"le-programme-des-rendez-vous-de-printemps-est-arrive","status":"publish","type":"post","link":"https:\/\/www.chateaudegoutelas.fr\/en\/le-programme-des-rendez-vous-de-printemps-est-arrive\/","title":{"rendered":"Le programme des rendez-vous de printemps est arriv\u00e9 !"},"content":{"rendered":"<p>D&rsquo;avril \u00e0 juillet, spectacles, r\u00e9sidences, concerts, expositions, ateliers, conf\u00e9rences, actions artistiques se succ\u00e8dent au ch\u00e2teau et hors les murs pour une deuxi\u00e8me partie de saison bien rythm\u00e9e.<\/p>\n<p>Retrouvez le programme dans la rubrique <a href=\"https:\/\/www.chateaudegoutelas.fr\/en\/action-culturelle\/saison-culturelle\/\"><span style=\"color: #993366;\"><strong>Saison culturelle<\/strong><\/span><\/a><span style=\"color: #000000;\"> , dans les bureaux des <span style=\"color: #993366;\"><strong><a style=\"color: #993366;\" href=\"https:\/\/loireforez.com\/\">Offices de tourisme Loire Forez<\/a><\/strong><\/span> et chez nos partenaires.<\/span><\/p>\n<p><span style=\"color: #008080;\"><em>Merci aux b\u00e9n\u00e9voles de la Retraite sportive de la Loire pour la photo qui illustre cet article !<\/em><\/span><\/p>","protected":false},"excerpt":{"rendered":"<p>D&rsquo;avril \u00e0 juillet, spectacles, r\u00e9sidences, concerts, expositions, ateliers, conf\u00e9rences, actions artistiques se succ\u00e8dent au ch\u00e2teau et hors les murs pour une deuxi\u00e8me partie de saison bien rythm\u00e9e. Retrouvez le programme dans la rubrique Saison culturelle , dans les bureaux des Offices de tourisme Loire Forez et chez nos partenaires. Merci aux b\u00e9n\u00e9voles de la Retraite [&hellip;]<\/p>\n","protected":false},"author":4,"featured_media":1451,"comment_status":"closed","ping_status":"closed","sticky":false,"template":"","format":"standard","meta":{"site-sidebar-layout":"default","site-content-layout":"default","ast-site-content-layout":"default","site-content-style":"default","site-sidebar-style":"default","ast-global-header-display":"","ast-banner-title-visibility":"","ast-main-header-display":"","ast-hfb-above-header-display":"","ast-hfb-below-header-display":"","ast-hfb-mobile-header-display":"","site-post-title":"","ast-breadcrumbs-content":"","ast-featured-img":"","footer-sml-layout":"","ast-disable-related-posts":"","theme-transparent-header-meta":"default","adv-header-id-meta":"","stick-header-meta":"default","header-above-stick-meta":"","header-main-stick-meta":"","header-below-stick-meta":"","astra-migrate-meta-layouts":"set","ast-page-background-enabled":"default","ast-page-background-meta":{"desktop":{"background-color":"","background-image":"","background-repeat":"repeat","background-position":"center center","background-size":"auto","background-attachment":"scroll","background-type":"","background-media":"","overlay-type":"","overlay-color":"","overlay-opacity":"","overlay-gradient":""},"tablet":{"background-color":"","background-image":"","background-repeat":"repeat","background-position":"center center","background-size":"auto","background-attachment":"scroll","background-type":"","background-media":"","overlay-type":"","overlay-color":"","overlay-opacity":"","overlay-gradient":""},"mobile":{"background-color":"","background-image":"","background-repeat":"repeat","background-position":"center center","background-size":"auto","background-attachment":"scroll","background-type":"","background-media":"","overlay-type":"","overlay-color":"","overlay-opacity":"","overlay-gradient":""}},"ast-content-background-meta":{"desktop":{"background-color":"var(--ast-global-color-5)","background-image":"","background-repeat":"repeat","background-position":"center center","background-size":"auto","background-attachment":"scroll","background-type":"","background-media":"","overlay-type":"","overlay-color":"","overlay-opacity":"","overlay-gradient":""},"tablet":{"background-color":"var(--ast-global-color-5)","background-image":"","background-repeat":"repeat","background-position":"center center","background-size":"auto","background-attachment":"scroll","background-type":"","background-media":"","overlay-type":"","overlay-color":"","overlay-opacity":"","overlay-gradient":""},"mobile":{"background-color":"var(--ast-global-color-5)","background-image":"","background-repeat":"repeat","background-position":"center center","background-size":"auto","background-attachment":"scroll","background-type":"","background-media":"","overlay-type":"","overlay-color":"","overlay-opacity":"","overlay-gradient":""}},"footnotes":""},"categories":[299],"tags":[31],"class_list":["post-1450","post","type-post","status-publish","format-standard","has-post-thumbnail","hentry","category-actualite-archivee","tag-programme"],"yoast_head":"<!-- This site is optimized with the Yoast SEO plugin v27.5 - https:\/\/yoast.com\/product\/yoast-seo-wordpress\/ -->\n<title>Le programme des rendez-vous de printemps est arriv\u00e9 ! - Ch\u00e2teau de Goutelas<\/title>\n<meta name=\"robots\" content=\"index, follow, max-snippet:-1, max-image-preview:large, max-video-preview:-1\" \/>\n<link rel=\"canonical\" href=\"https:\/\/www.chateaudegoutelas.fr\/en\/le-programme-des-rendez-vous-de-printemps-est-arrive\/\" \/>\n<meta property=\"og:locale\" content=\"en_GB\" \/>\n<meta property=\"og:type\" content=\"article\" \/>\n<meta property=\"og:title\" content=\"Le programme des rendez-vous de printemps est arriv\u00e9 ! - Ch\u00e2teau de Goutelas\" \/>\n<meta property=\"og:description\" content=\"D&rsquo;avril \u00e0 juillet, spectacles, r\u00e9sidences, concerts, expositions, ateliers, conf\u00e9rences, actions artistiques se succ\u00e8dent au ch\u00e2teau et hors les murs pour une deuxi\u00e8me partie de saison bien rythm\u00e9e. Retrouvez le programme dans la rubrique Saison culturelle , dans les bureaux des Offices de tourisme Loire Forez et chez nos partenaires. Merci aux b\u00e9n\u00e9voles de la Retraite [&hellip;]\" \/>\n<meta property=\"og:url\" content=\"https:\/\/www.chateaudegoutelas.fr\/en\/le-programme-des-rendez-vous-de-printemps-est-arrive\/\" \/>\n<meta property=\"og:site_name\" content=\"Ch\u00e2teau de Goutelas\" \/>\n<meta property=\"article:published_time\" content=\"2018-01-12T11:01:45+00:00\" \/>\n<meta property=\"article:modified_time\" content=\"2023-09-14T14:46:40+00:00\" \/>\n<meta property=\"og:image\" content=\"https:\/\/www.chateaudegoutelas.fr\/wp-content\/uploads\/2019\/04\/IMG_0817.jpg\" \/>\n\t<meta property=\"og:image:width\" content=\"1100\" \/>\n\t<meta property=\"og:image:height\" content=\"825\" \/>\n\t<meta property=\"og:image:type\" content=\"image\/jpeg\" \/>\n<meta name=\"author\" content=\"Alix Co\" \/>\n<meta name=\"twitter:card\" content=\"summary_large_image\" \/>\n<meta name=\"twitter:label1\" content=\"Written by\" \/>\n\t<meta name=\"twitter:data1\" content=\"Alix Co\" \/>\n\t<meta name=\"twitter:label2\" content=\"Estimated reading time\" \/>\n\t<meta name=\"twitter:data2\" content=\"1 minute\" \/>\n<script type=\"application\/ld+json\" class=\"yoast-schema-graph\">{\"@context\":\"https:\\\/\\\/schema.org\",\"@graph\":[{\"@type\":\"Article\",\"@id\":\"https:\\\/\\\/www.chateaudegoutelas.fr\\\/le-programme-des-rendez-vous-de-printemps-est-arrive\\\/#article\",\"isPartOf\":{\"@id\":\"https:\\\/\\\/www.chateaudegoutelas.fr\\\/le-programme-des-rendez-vous-de-printemps-est-arrive\\\/\"},\"author\":{\"name\":\"Alix Co\",\"@id\":\"https:\\\/\\\/www.chateaudegoutelas.fr\\\/#\\\/schema\\\/person\\\/68f64c0eeaac2d55afb42c7290e0b1e5\"},\"headline\":\"Le programme des rendez-vous de printemps est arriv\u00e9 !\",\"datePublished\":\"2018-01-12T11:01:45+00:00\",\"dateModified\":\"2023-09-14T14:46:40+00:00\",\"mainEntityOfPage\":{\"@id\":\"https:\\\/\\\/www.chateaudegoutelas.fr\\\/le-programme-des-rendez-vous-de-printemps-est-arrive\\\/\"},\"wordCount\":81,\"publisher\":{\"@id\":\"https:\\\/\\\/www.chateaudegoutelas.fr\\\/#organization\"},\"image\":{\"@id\":\"https:\\\/\\\/www.chateaudegoutelas.fr\\\/le-programme-des-rendez-vous-de-printemps-est-arrive\\\/#primaryimage\"},\"thumbnailUrl\":\"https:\\\/\\\/www.chateaudegoutelas.fr\\\/wp-content\\\/uploads\\\/2019\\\/04\\\/IMG_0817.jpg\",\"keywords\":[\"programme\"],\"articleSection\":[\"Actualit\u00e9 archiv\u00e9e\"],\"inLanguage\":\"en-GB\"},{\"@type\":\"WebPage\",\"@id\":\"https:\\\/\\\/www.chateaudegoutelas.fr\\\/le-programme-des-rendez-vous-de-printemps-est-arrive\\\/\",\"url\":\"https:\\\/\\\/www.chateaudegoutelas.fr\\\/le-programme-des-rendez-vous-de-printemps-est-arrive\\\/\",\"name\":\"Le programme des rendez-vous de printemps est arriv\u00e9 ! - Ch\u00e2teau de Goutelas\",\"isPartOf\":{\"@id\":\"https:\\\/\\\/www.chateaudegoutelas.fr\\\/#website\"},\"primaryImageOfPage\":{\"@id\":\"https:\\\/\\\/www.chateaudegoutelas.fr\\\/le-programme-des-rendez-vous-de-printemps-est-arrive\\\/#primaryimage\"},\"image\":{\"@id\":\"https:\\\/\\\/www.chateaudegoutelas.fr\\\/le-programme-des-rendez-vous-de-printemps-est-arrive\\\/#primaryimage\"},\"thumbnailUrl\":\"https:\\\/\\\/www.chateaudegoutelas.fr\\\/wp-content\\\/uploads\\\/2019\\\/04\\\/IMG_0817.jpg\",\"datePublished\":\"2018-01-12T11:01:45+00:00\",\"dateModified\":\"2023-09-14T14:46:40+00:00\",\"breadcrumb\":{\"@id\":\"https:\\\/\\\/www.chateaudegoutelas.fr\\\/le-programme-des-rendez-vous-de-printemps-est-arrive\\\/#breadcrumb\"},\"inLanguage\":\"en-GB\",\"potentialAction\":[{\"@type\":\"ReadAction\",\"target\":[\"https:\\\/\\\/www.chateaudegoutelas.fr\\\/le-programme-des-rendez-vous-de-printemps-est-arrive\\\/\"]}]},{\"@type\":\"ImageObject\",\"inLanguage\":\"en-GB\",\"@id\":\"https:\\\/\\\/www.chateaudegoutelas.fr\\\/le-programme-des-rendez-vous-de-printemps-est-arrive\\\/#primaryimage\",\"url\":\"https:\\\/\\\/www.chateaudegoutelas.fr\\\/wp-content\\\/uploads\\\/2019\\\/04\\\/IMG_0817.jpg\",\"contentUrl\":\"https:\\\/\\\/www.chateaudegoutelas.fr\\\/wp-content\\\/uploads\\\/2019\\\/04\\\/IMG_0817.jpg\",\"width\":1100,\"height\":825},{\"@type\":\"BreadcrumbList\",\"@id\":\"https:\\\/\\\/www.chateaudegoutelas.fr\\\/le-programme-des-rendez-vous-de-printemps-est-arrive\\\/#breadcrumb\",\"itemListElement\":[{\"@type\":\"ListItem\",\"position\":1,\"name\":\"Accueil\",\"item\":\"https:\\\/\\\/www.chateaudegoutelas.fr\\\/\"},{\"@type\":\"ListItem\",\"position\":2,\"name\":\"Le programme des rendez-vous de printemps est arriv\u00e9 !\"}]},{\"@type\":\"WebSite\",\"@id\":\"https:\\\/\\\/www.chateaudegoutelas.fr\\\/#website\",\"url\":\"https:\\\/\\\/www.chateaudegoutelas.fr\\\/\",\"name\":\"Ch\u00e2teau de Goutelas\",\"description\":\"Un centre culturel de rencontre en Forez\",\"publisher\":{\"@id\":\"https:\\\/\\\/www.chateaudegoutelas.fr\\\/#organization\"},\"potentialAction\":[{\"@type\":\"SearchAction\",\"target\":{\"@type\":\"EntryPoint\",\"urlTemplate\":\"https:\\\/\\\/www.chateaudegoutelas.fr\\\/?s={search_term_string}\"},\"query-input\":{\"@type\":\"PropertyValueSpecification\",\"valueRequired\":true,\"valueName\":\"search_term_string\"}}],\"inLanguage\":\"en-GB\"},{\"@type\":\"Organization\",\"@id\":\"https:\\\/\\\/www.chateaudegoutelas.fr\\\/#organization\",\"name\":\"Ch\u00e2teau de Goutelas\",\"url\":\"https:\\\/\\\/www.chateaudegoutelas.fr\\\/\",\"logo\":{\"@type\":\"ImageObject\",\"inLanguage\":\"en-GB\",\"@id\":\"https:\\\/\\\/www.chateaudegoutelas.fr\\\/#\\\/schema\\\/logo\\\/image\\\/\",\"url\":\"https:\\\/\\\/www.chateaudegoutelas.fr\\\/wp-content\\\/uploads\\\/2023\\\/05\\\/logo-chateau-goutelas-bleu.png\",\"contentUrl\":\"https:\\\/\\\/www.chateaudegoutelas.fr\\\/wp-content\\\/uploads\\\/2023\\\/05\\\/logo-chateau-goutelas-bleu.png\",\"width\":1123,\"height\":327,\"caption\":\"Ch\u00e2teau de Goutelas\"},\"image\":{\"@id\":\"https:\\\/\\\/www.chateaudegoutelas.fr\\\/#\\\/schema\\\/logo\\\/image\\\/\"}},{\"@type\":\"Person\",\"@id\":\"https:\\\/\\\/www.chateaudegoutelas.fr\\\/#\\\/schema\\\/person\\\/68f64c0eeaac2d55afb42c7290e0b1e5\",\"name\":\"Alix Co\",\"image\":{\"@type\":\"ImageObject\",\"inLanguage\":\"en-GB\",\"@id\":\"https:\\\/\\\/secure.gravatar.com\\\/avatar\\\/7ec149daaca82dffed2e8973dd70b4bafb9c6c8ca080e7cc4e17343e6c66cb1f?s=96&d=mm&r=g\",\"url\":\"https:\\\/\\\/secure.gravatar.com\\\/avatar\\\/7ec149daaca82dffed2e8973dd70b4bafb9c6c8ca080e7cc4e17343e6c66cb1f?s=96&d=mm&r=g\",\"contentUrl\":\"https:\\\/\\\/secure.gravatar.com\\\/avatar\\\/7ec149daaca82dffed2e8973dd70b4bafb9c6c8ca080e7cc4e17343e6c66cb1f?s=96&d=mm&r=g\",\"caption\":\"Alix Co\"},\"url\":\"https:\\\/\\\/www.chateaudegoutelas.fr\\\/en\\\/author\\\/gestionalix-co\\\/\"}]}<\/script>\n<!-- \/ Yoast SEO plugin. -->","yoast_head_json":{"title":"Le programme des rendez-vous de printemps est arriv\u00e9 ! - Ch\u00e2teau de Goutelas","robots":{"index":"index","follow":"follow","max-snippet":"max-snippet:-1","max-image-preview":"max-image-preview:large","max-video-preview":"max-video-preview:-1"},"canonical":"https:\/\/www.chateaudegoutelas.fr\/en\/le-programme-des-rendez-vous-de-printemps-est-arrive\/","og_locale":"en_GB","og_type":"article","og_title":"Le programme des rendez-vous de printemps est arriv\u00e9 ! - Ch\u00e2teau de Goutelas","og_description":"D&rsquo;avril \u00e0 juillet, spectacles, r\u00e9sidences, concerts, expositions, ateliers, conf\u00e9rences, actions artistiques se succ\u00e8dent au ch\u00e2teau et hors les murs pour une deuxi\u00e8me partie de saison bien rythm\u00e9e. Retrouvez le programme dans la rubrique Saison culturelle , dans les bureaux des Offices de tourisme Loire Forez et chez nos partenaires. Merci aux b\u00e9n\u00e9voles de la Retraite [&hellip;]","og_url":"https:\/\/www.chateaudegoutelas.fr\/en\/le-programme-des-rendez-vous-de-printemps-est-arrive\/","og_site_name":"Ch\u00e2teau de Goutelas","article_published_time":"2018-01-12T11:01:45+00:00","article_modified_time":"2023-09-14T14:46:40+00:00","og_image":[{"width":1100,"height":825,"url":"https:\/\/www.chateaudegoutelas.fr\/wp-content\/uploads\/2019\/04\/IMG_0817.jpg","type":"image\/jpeg"}],"author":"Alix Co","twitter_card":"summary_large_image","twitter_misc":{"Written by":"Alix Co","Estimated reading time":"1 minute"},"schema":{"@context":"https:\/\/schema.org","@graph":[{"@type":"Article","@id":"https:\/\/www.chateaudegoutelas.fr\/le-programme-des-rendez-vous-de-printemps-est-arrive\/#article","isPartOf":{"@id":"https:\/\/www.chateaudegoutelas.fr\/le-programme-des-rendez-vous-de-printemps-est-arrive\/"},"author":{"name":"Alix Co","@id":"https:\/\/www.chateaudegoutelas.fr\/#\/schema\/person\/68f64c0eeaac2d55afb42c7290e0b1e5"},"headline":"Le programme des rendez-vous de printemps est arriv\u00e9 !","datePublished":"2018-01-12T11:01:45+00:00","dateModified":"2023-09-14T14:46:40+00:00","mainEntityOfPage":{"@id":"https:\/\/www.chateaudegoutelas.fr\/le-programme-des-rendez-vous-de-printemps-est-arrive\/"},"wordCount":81,"publisher":{"@id":"https:\/\/www.chateaudegoutelas.fr\/#organization"},"image":{"@id":"https:\/\/www.chateaudegoutelas.fr\/le-programme-des-rendez-vous-de-printemps-est-arrive\/#primaryimage"},"thumbnailUrl":"https:\/\/www.chateaudegoutelas.fr\/wp-content\/uploads\/2019\/04\/IMG_0817.jpg","keywords":["programme"],"articleSection":["Actualit\u00e9 archiv\u00e9e"],"inLanguage":"en-GB"},{"@type":"WebPage","@id":"https:\/\/www.chateaudegoutelas.fr\/le-programme-des-rendez-vous-de-printemps-est-arrive\/","url":"https:\/\/www.chateaudegoutelas.fr\/le-programme-des-rendez-vous-de-printemps-est-arrive\/","name":"Le programme des rendez-vous de printemps est arriv\u00e9 ! - Ch\u00e2teau de Goutelas","isPartOf":{"@id":"https:\/\/www.chateaudegoutelas.fr\/#website"},"primaryImageOfPage":{"@id":"https:\/\/www.chateaudegoutelas.fr\/le-programme-des-rendez-vous-de-printemps-est-arrive\/#primaryimage"},"image":{"@id":"https:\/\/www.chateaudegoutelas.fr\/le-programme-des-rendez-vous-de-printemps-est-arrive\/#primaryimage"},"thumbnailUrl":"https:\/\/www.chateaudegoutelas.fr\/wp-content\/uploads\/2019\/04\/IMG_0817.jpg","datePublished":"2018-01-12T11:01:45+00:00","dateModified":"2023-09-14T14:46:40+00:00","breadcrumb":{"@id":"https:\/\/www.chateaudegoutelas.fr\/le-programme-des-rendez-vous-de-printemps-est-arrive\/#breadcrumb"},"inLanguage":"en-GB","potentialAction":[{"@type":"ReadAction","target":["https:\/\/www.chateaudegoutelas.fr\/le-programme-des-rendez-vous-de-printemps-est-arrive\/"]}]},{"@type":"ImageObject","inLanguage":"en-GB","@id":"https:\/\/www.chateaudegoutelas.fr\/le-programme-des-rendez-vous-de-printemps-est-arrive\/#primaryimage","url":"https:\/\/www.chateaudegoutelas.fr\/wp-content\/uploads\/2019\/04\/IMG_0817.jpg","contentUrl":"https:\/\/www.chateaudegoutelas.fr\/wp-content\/uploads\/2019\/04\/IMG_0817.jpg","width":1100,"height":825},{"@type":"BreadcrumbList","@id":"https:\/\/www.chateaudegoutelas.fr\/le-programme-des-rendez-vous-de-printemps-est-arrive\/#breadcrumb","itemListElement":[{"@type":"ListItem","position":1,"name":"Accueil","item":"https:\/\/www.chateaudegoutelas.fr\/"},{"@type":"ListItem","position":2,"name":"Le programme des rendez-vous de printemps est arriv\u00e9 !"}]},{"@type":"WebSite","@id":"https:\/\/www.chateaudegoutelas.fr\/#website","url":"https:\/\/www.chateaudegoutelas.fr\/","name":"Ch\u00e2teau de Goutelas","description":"Un centre culturel de rencontre en Forez","publisher":{"@id":"https:\/\/www.chateaudegoutelas.fr\/#organization"},"potentialAction":[{"@type":"SearchAction","target":{"@type":"EntryPoint","urlTemplate":"https:\/\/www.chateaudegoutelas.fr\/?s={search_term_string}"},"query-input":{"@type":"PropertyValueSpecification","valueRequired":true,"valueName":"search_term_string"}}],"inLanguage":"en-GB"},{"@type":"Organization","@id":"https:\/\/www.chateaudegoutelas.fr\/#organization","name":"Ch\u00e2teau de Goutelas","url":"https:\/\/www.chateaudegoutelas.fr\/","logo":{"@type":"ImageObject","inLanguage":"en-GB","@id":"https:\/\/www.chateaudegoutelas.fr\/#\/schema\/logo\/image\/","url":"https:\/\/www.chateaudegoutelas.fr\/wp-content\/uploads\/2023\/05\/logo-chateau-goutelas-bleu.png","contentUrl":"https:\/\/www.chateaudegoutelas.fr\/wp-content\/uploads\/2023\/05\/logo-chateau-goutelas-bleu.png","width":1123,"height":327,"caption":"Ch\u00e2teau de Goutelas"},"image":{"@id":"https:\/\/www.chateaudegoutelas.fr\/#\/schema\/logo\/image\/"}},{"@type":"Person","@id":"https:\/\/www.chateaudegoutelas.fr\/#\/schema\/person\/68f64c0eeaac2d55afb42c7290e0b1e5","name":"Alix Co","image":{"@type":"ImageObject","inLanguage":"en-GB","@id":"https:\/\/secure.gravatar.com\/avatar\/7ec149daaca82dffed2e8973dd70b4bafb9c6c8ca080e7cc4e17343e6c66cb1f?s=96&d=mm&r=g","url":"https:\/\/secure.gravatar.com\/avatar\/7ec149daaca82dffed2e8973dd70b4bafb9c6c8ca080e7cc4e17343e6c66cb1f?s=96&d=mm&r=g","contentUrl":"https:\/\/secure.gravatar.com\/avatar\/7ec149daaca82dffed2e8973dd70b4bafb9c6c8ca080e7cc4e17343e6c66cb1f?s=96&d=mm&r=g","caption":"Alix Co"},"url":"https:\/\/www.chateaudegoutelas.fr\/en\/author\/gestionalix-co\/"}]}},"_links":{"self":[{"href":"https:\/\/www.chateaudegoutelas.fr\/en\/wp-json\/wp\/v2\/posts\/1450","targetHints":{"allow":["GET"]}}],"collection":[{"href":"https:\/\/www.chateaudegoutelas.fr\/en\/wp-json\/wp\/v2\/posts"}],"about":[{"href":"https:\/\/www.chateaudegoutelas.fr\/en\/wp-json\/wp\/v2\/types\/post"}],"author":[{"embeddable":true,"href":"https:\/\/www.chateaudegoutelas.fr\/en\/wp-json\/wp\/v2\/users\/4"}],"replies":[{"embeddable":true,"href":"https:\/\/www.chateaudegoutelas.fr\/en\/wp-json\/wp\/v2\/comments?post=1450"}],"version-history":[{"count":2,"href":"https:\/\/www.chateaudegoutelas.fr\/en\/wp-json\/wp\/v2\/posts\/1450\/revisions"}],"predecessor-version":[{"id":8175,"href":"https:\/\/www.chateaudegoutelas.fr\/en\/wp-json\/wp\/v2\/posts\/1450\/revisions\/8175"}],"wp:featuredmedia":[{"embeddable":true,"href":"https:\/\/www.chateaudegoutelas.fr\/en\/wp-json\/wp\/v2\/media\/1451"}],"wp:attachment":[{"href":"https:\/\/www.chateaudegoutelas.fr\/en\/wp-json\/wp\/v2\/media?parent=1450"}],"wp:term":[{"taxonomy":"category","embeddable":true,"href":"https:\/\/www.chateaudegoutelas.fr\/en\/wp-json\/wp\/v2\/categories?post=1450"},{"taxonomy":"post_tag","embeddable":true,"href":"https:\/\/www.chateaudegoutelas.fr\/en\/wp-json\/wp\/v2\/tags?post=1450"}],"curies":[{"name":"wp","href":"https:\/\/api.w.org\/{rel}","templated":true}]}}