{"id":1322,"date":"2018-03-15T15:07:05","date_gmt":"2018-03-15T14:07:05","guid":{"rendered":"https:\/\/www.chateaudegoutelas.fr\/?p=1322"},"modified":"2023-09-13T11:48:03","modified_gmt":"2023-09-13T09:48:03","slug":"concours-abris-de-fortune-2019","status":"publish","type":"post","link":"https:\/\/www.chateaudegoutelas.fr\/en\/concours-abris-de-fortune-2019\/","title":{"rendered":"Concours d&rsquo;architectes Abris de Fortune 2019 : bient\u00f4t les r\u00e9sultats du premier jury !"},"content":{"rendered":"<div class=\"shmMigrate\"><\/div>\n<div class=\"shmMigrate\"><\/div>\n<div class=\"shmMigrate\"><\/div>\n<div class=\"shmMigrate\"><\/div>\n<p>La troisi\u00e8me \u00e9dition des <strong>Abris de Fortune<\/strong>, parcours de cabanes \u00e9ph\u00e9m\u00e8res en Loire-Forez, autour du th\u00e8me de l&rsquo;hospitalit\u00e9, est lanc\u00e9e !<\/p>\n<p>&nbsp;<\/p>\n<p>Le jury du concours, co-pr\u00e9sid\u00e9 par <strong>Pierre Janin<\/strong> (agence Fabriques Architectures Paysages) et <strong>Florent Ottello<\/strong> (collectif LALCA), s&rsquo;est r\u00e9uni une premi\u00e8re fois le mardi 16 mai pour \u00e9tudier les pr\u00e9-projets des candidats au concours (architectes et \u00e9tudiants en \u00e9cole d&rsquo;architecture, en solo ou en \u00e9quipe).<\/p>\n<p>Les laur\u00e9ats seront connus apr\u00e8s le second jury, organis\u00e9 mi-mai.<\/p>\n<p>&nbsp;<\/p>\n<p>Retrouvez toutes les actualit\u00e9s du programme sur les r\u00e9seaux sociaux avec le hashtag <strong>#Abrisdefortune2019<\/strong> !<\/p>\n<div class=\"shmMigrate\"><\/div>\n<div class=\"shmMigrate\"><\/div>\n<div class=\"shmMigrate\"><\/div>","protected":false},"excerpt":{"rendered":"<p>La troisi\u00e8me \u00e9dition des Abris de Fortune, parcours de cabanes \u00e9ph\u00e9m\u00e8res en Loire-Forez, autour du th\u00e8me de l&rsquo;hospitalit\u00e9, est lanc\u00e9e ! &nbsp; Le jury du concours, co-pr\u00e9sid\u00e9 par Pierre Janin (agence Fabriques Architectures Paysages) et Florent Ottello (collectif LALCA), s&rsquo;est r\u00e9uni une premi\u00e8re fois le mardi 16 mai pour \u00e9tudier les pr\u00e9-projets des candidats au [&hellip;]<\/p>\n","protected":false},"author":4,"featured_media":1323,"comment_status":"closed","ping_status":"closed","sticky":false,"template":"","format":"standard","meta":{"site-sidebar-layout":"default","site-content-layout":null,"ast-site-content-layout":"default","site-content-style":"default","site-sidebar-style":"default","ast-global-header-display":"","ast-banner-title-visibility":"","ast-main-header-display":"","ast-hfb-above-header-display":"","ast-hfb-below-header-display":"","ast-hfb-mobile-header-display":"","site-post-title":"","ast-breadcrumbs-content":null,"ast-featured-img":"","footer-sml-layout":"","ast-disable-related-posts":"","theme-transparent-header-meta":"","adv-header-id-meta":"","stick-header-meta":"","header-above-stick-meta":null,"header-main-stick-meta":"","header-below-stick-meta":null,"astra-migrate-meta-layouts":"default","ast-page-background-enabled":"default","ast-page-background-meta":{"desktop":{"background-color":"","background-image":"","background-repeat":"repeat","background-position":"center center","background-size":"auto","background-attachment":"scroll","background-type":"","background-media":"","overlay-type":"","overlay-color":"","overlay-opacity":"","overlay-gradient":""},"tablet":{"background-color":"","background-image":"","background-repeat":"repeat","background-position":"center center","background-size":"auto","background-attachment":"scroll","background-type":"","background-media":"","overlay-type":"","overlay-color":"","overlay-opacity":"","overlay-gradient":""},"mobile":{"background-color":"","background-image":"","background-repeat":"repeat","background-position":"center center","background-size":"auto","background-attachment":"scroll","background-type":"","background-media":"","overlay-type":"","overlay-color":"","overlay-opacity":"","overlay-gradient":""}},"ast-content-background-meta":{"desktop":{"background-color":"var(--ast-global-color-5)","background-image":"","background-repeat":"repeat","background-position":"center center","background-size":"auto","background-attachment":"scroll","background-type":"","background-media":"","overlay-type":"","overlay-color":"","overlay-opacity":"","overlay-gradient":""},"tablet":{"background-color":"var(--ast-global-color-5)","background-image":"","background-repeat":"repeat","background-position":"center center","background-size":"auto","background-attachment":"scroll","background-type":"","background-media":"","overlay-type":"","overlay-color":"","overlay-opacity":"","overlay-gradient":""},"mobile":{"background-color":"var(--ast-global-color-5)","background-image":"","background-repeat":"repeat","background-position":"center center","background-size":"auto","background-attachment":"scroll","background-type":"","background-media":"","overlay-type":"","overlay-color":"","overlay-opacity":"","overlay-gradient":""}},"footnotes":""},"categories":[4,299],"tags":[20],"class_list":["post-1322","post","type-post","status-publish","format-standard","has-post-thumbnail","hentry","category-actualites","category-actualite-archivee","tag-abris-de-fortune"],"yoast_head":"<!-- This site is optimized with the Yoast SEO plugin v27.5 - https:\/\/yoast.com\/product\/yoast-seo-wordpress\/ -->\n<title>Concours d&#039;architectes Abris de Fortune 2019 : bient\u00f4t les r\u00e9sultats du premier jury ! - Ch\u00e2teau de Goutelas<\/title>\n<meta name=\"robots\" content=\"index, follow, max-snippet:-1, max-image-preview:large, max-video-preview:-1\" \/>\n<link rel=\"canonical\" href=\"https:\/\/www.chateaudegoutelas.fr\/en\/concours-abris-de-fortune-2019\/\" \/>\n<meta property=\"og:locale\" content=\"en_GB\" \/>\n<meta property=\"og:type\" content=\"article\" \/>\n<meta property=\"og:title\" content=\"Concours d&#039;architectes Abris de Fortune 2019 : bient\u00f4t les r\u00e9sultats du premier jury ! - Ch\u00e2teau de Goutelas\" \/>\n<meta property=\"og:description\" content=\"La troisi\u00e8me \u00e9dition des Abris de Fortune, parcours de cabanes \u00e9ph\u00e9m\u00e8res en Loire-Forez, autour du th\u00e8me de l&rsquo;hospitalit\u00e9, est lanc\u00e9e ! &nbsp; Le jury du concours, co-pr\u00e9sid\u00e9 par Pierre Janin (agence Fabriques Architectures Paysages) et Florent Ottello (collectif LALCA), s&rsquo;est r\u00e9uni une premi\u00e8re fois le mardi 16 mai pour \u00e9tudier les pr\u00e9-projets des candidats au [&hellip;]\" \/>\n<meta property=\"og:url\" content=\"https:\/\/www.chateaudegoutelas.fr\/en\/concours-abris-de-fortune-2019\/\" \/>\n<meta property=\"og:site_name\" content=\"Ch\u00e2teau de Goutelas\" \/>\n<meta property=\"article:published_time\" content=\"2018-03-15T14:07:05+00:00\" \/>\n<meta property=\"article:modified_time\" content=\"2023-09-13T09:48:03+00:00\" \/>\n<meta property=\"og:image\" content=\"https:\/\/www.chateaudegoutelas.fr\/wp-content\/uploads\/2019\/02\/goutelas_logo-abris-de-fortune-jpg.jpg\" \/>\n\t<meta property=\"og:image:width\" content=\"874\" \/>\n\t<meta property=\"og:image:height\" content=\"871\" \/>\n\t<meta property=\"og:image:type\" content=\"image\/jpeg\" \/>\n<meta name=\"author\" content=\"Alix Co\" \/>\n<meta name=\"twitter:card\" content=\"summary_large_image\" \/>\n<meta name=\"twitter:label1\" content=\"Written by\" \/>\n\t<meta name=\"twitter:data1\" content=\"Alix Co\" \/>\n\t<meta name=\"twitter:label2\" content=\"Estimated reading time\" \/>\n\t<meta name=\"twitter:data2\" content=\"1 minute\" \/>\n<script type=\"application\/ld+json\" class=\"yoast-schema-graph\">{\"@context\":\"https:\\\/\\\/schema.org\",\"@graph\":[{\"@type\":\"Article\",\"@id\":\"https:\\\/\\\/www.chateaudegoutelas.fr\\\/concours-abris-de-fortune-2019\\\/#article\",\"isPartOf\":{\"@id\":\"https:\\\/\\\/www.chateaudegoutelas.fr\\\/concours-abris-de-fortune-2019\\\/\"},\"author\":{\"name\":\"Alix Co\",\"@id\":\"https:\\\/\\\/www.chateaudegoutelas.fr\\\/#\\\/schema\\\/person\\\/68f64c0eeaac2d55afb42c7290e0b1e5\"},\"headline\":\"Concours d&rsquo;architectes Abris de Fortune 2019 : bient\u00f4t les r\u00e9sultats du premier jury !\",\"datePublished\":\"2018-03-15T14:07:05+00:00\",\"dateModified\":\"2023-09-13T09:48:03+00:00\",\"mainEntityOfPage\":{\"@id\":\"https:\\\/\\\/www.chateaudegoutelas.fr\\\/concours-abris-de-fortune-2019\\\/\"},\"wordCount\":120,\"publisher\":{\"@id\":\"https:\\\/\\\/www.chateaudegoutelas.fr\\\/#organization\"},\"image\":{\"@id\":\"https:\\\/\\\/www.chateaudegoutelas.fr\\\/concours-abris-de-fortune-2019\\\/#primaryimage\"},\"thumbnailUrl\":\"https:\\\/\\\/www.chateaudegoutelas.fr\\\/wp-content\\\/uploads\\\/2019\\\/02\\\/goutelas_logo-abris-de-fortune-jpg.jpg\",\"keywords\":[\"Abris de Fortune\"],\"articleSection\":[\"Actualit\u00e9\",\"Actualit\u00e9 archiv\u00e9e\"],\"inLanguage\":\"en-GB\"},{\"@type\":\"WebPage\",\"@id\":\"https:\\\/\\\/www.chateaudegoutelas.fr\\\/concours-abris-de-fortune-2019\\\/\",\"url\":\"https:\\\/\\\/www.chateaudegoutelas.fr\\\/concours-abris-de-fortune-2019\\\/\",\"name\":\"Concours d'architectes Abris de Fortune 2019 : bient\u00f4t les r\u00e9sultats du premier jury ! - Ch\u00e2teau de Goutelas\",\"isPartOf\":{\"@id\":\"https:\\\/\\\/www.chateaudegoutelas.fr\\\/#website\"},\"primaryImageOfPage\":{\"@id\":\"https:\\\/\\\/www.chateaudegoutelas.fr\\\/concours-abris-de-fortune-2019\\\/#primaryimage\"},\"image\":{\"@id\":\"https:\\\/\\\/www.chateaudegoutelas.fr\\\/concours-abris-de-fortune-2019\\\/#primaryimage\"},\"thumbnailUrl\":\"https:\\\/\\\/www.chateaudegoutelas.fr\\\/wp-content\\\/uploads\\\/2019\\\/02\\\/goutelas_logo-abris-de-fortune-jpg.jpg\",\"datePublished\":\"2018-03-15T14:07:05+00:00\",\"dateModified\":\"2023-09-13T09:48:03+00:00\",\"breadcrumb\":{\"@id\":\"https:\\\/\\\/www.chateaudegoutelas.fr\\\/concours-abris-de-fortune-2019\\\/#breadcrumb\"},\"inLanguage\":\"en-GB\",\"potentialAction\":[{\"@type\":\"ReadAction\",\"target\":[\"https:\\\/\\\/www.chateaudegoutelas.fr\\\/concours-abris-de-fortune-2019\\\/\"]}]},{\"@type\":\"ImageObject\",\"inLanguage\":\"en-GB\",\"@id\":\"https:\\\/\\\/www.chateaudegoutelas.fr\\\/concours-abris-de-fortune-2019\\\/#primaryimage\",\"url\":\"https:\\\/\\\/www.chateaudegoutelas.fr\\\/wp-content\\\/uploads\\\/2019\\\/02\\\/goutelas_logo-abris-de-fortune-jpg.jpg\",\"contentUrl\":\"https:\\\/\\\/www.chateaudegoutelas.fr\\\/wp-content\\\/uploads\\\/2019\\\/02\\\/goutelas_logo-abris-de-fortune-jpg.jpg\",\"width\":874,\"height\":871},{\"@type\":\"BreadcrumbList\",\"@id\":\"https:\\\/\\\/www.chateaudegoutelas.fr\\\/concours-abris-de-fortune-2019\\\/#breadcrumb\",\"itemListElement\":[{\"@type\":\"ListItem\",\"position\":1,\"name\":\"Accueil\",\"item\":\"https:\\\/\\\/www.chateaudegoutelas.fr\\\/\"},{\"@type\":\"ListItem\",\"position\":2,\"name\":\"Concours d&rsquo;architectes Abris de Fortune 2019 : bient\u00f4t les r\u00e9sultats du premier jury !\"}]},{\"@type\":\"WebSite\",\"@id\":\"https:\\\/\\\/www.chateaudegoutelas.fr\\\/#website\",\"url\":\"https:\\\/\\\/www.chateaudegoutelas.fr\\\/\",\"name\":\"Ch\u00e2teau de Goutelas\",\"description\":\"Un centre culturel de rencontre en Forez\",\"publisher\":{\"@id\":\"https:\\\/\\\/www.chateaudegoutelas.fr\\\/#organization\"},\"potentialAction\":[{\"@type\":\"SearchAction\",\"target\":{\"@type\":\"EntryPoint\",\"urlTemplate\":\"https:\\\/\\\/www.chateaudegoutelas.fr\\\/?s={search_term_string}\"},\"query-input\":{\"@type\":\"PropertyValueSpecification\",\"valueRequired\":true,\"valueName\":\"search_term_string\"}}],\"inLanguage\":\"en-GB\"},{\"@type\":\"Organization\",\"@id\":\"https:\\\/\\\/www.chateaudegoutelas.fr\\\/#organization\",\"name\":\"Ch\u00e2teau de Goutelas\",\"url\":\"https:\\\/\\\/www.chateaudegoutelas.fr\\\/\",\"logo\":{\"@type\":\"ImageObject\",\"inLanguage\":\"en-GB\",\"@id\":\"https:\\\/\\\/www.chateaudegoutelas.fr\\\/#\\\/schema\\\/logo\\\/image\\\/\",\"url\":\"https:\\\/\\\/www.chateaudegoutelas.fr\\\/wp-content\\\/uploads\\\/2023\\\/05\\\/logo-chateau-goutelas-bleu.png\",\"contentUrl\":\"https:\\\/\\\/www.chateaudegoutelas.fr\\\/wp-content\\\/uploads\\\/2023\\\/05\\\/logo-chateau-goutelas-bleu.png\",\"width\":1123,\"height\":327,\"caption\":\"Ch\u00e2teau de Goutelas\"},\"image\":{\"@id\":\"https:\\\/\\\/www.chateaudegoutelas.fr\\\/#\\\/schema\\\/logo\\\/image\\\/\"}},{\"@type\":\"Person\",\"@id\":\"https:\\\/\\\/www.chateaudegoutelas.fr\\\/#\\\/schema\\\/person\\\/68f64c0eeaac2d55afb42c7290e0b1e5\",\"name\":\"Alix Co\",\"image\":{\"@type\":\"ImageObject\",\"inLanguage\":\"en-GB\",\"@id\":\"https:\\\/\\\/secure.gravatar.com\\\/avatar\\\/7ec149daaca82dffed2e8973dd70b4bafb9c6c8ca080e7cc4e17343e6c66cb1f?s=96&d=mm&r=g\",\"url\":\"https:\\\/\\\/secure.gravatar.com\\\/avatar\\\/7ec149daaca82dffed2e8973dd70b4bafb9c6c8ca080e7cc4e17343e6c66cb1f?s=96&d=mm&r=g\",\"contentUrl\":\"https:\\\/\\\/secure.gravatar.com\\\/avatar\\\/7ec149daaca82dffed2e8973dd70b4bafb9c6c8ca080e7cc4e17343e6c66cb1f?s=96&d=mm&r=g\",\"caption\":\"Alix Co\"},\"url\":\"https:\\\/\\\/www.chateaudegoutelas.fr\\\/en\\\/author\\\/gestionalix-co\\\/\"}]}<\/script>\n<!-- \/ Yoast SEO plugin. -->","yoast_head_json":{"title":"Concours d'architectes Abris de Fortune 2019 : bient\u00f4t les r\u00e9sultats du premier jury ! - Ch\u00e2teau de Goutelas","robots":{"index":"index","follow":"follow","max-snippet":"max-snippet:-1","max-image-preview":"max-image-preview:large","max-video-preview":"max-video-preview:-1"},"canonical":"https:\/\/www.chateaudegoutelas.fr\/en\/concours-abris-de-fortune-2019\/","og_locale":"en_GB","og_type":"article","og_title":"Concours d'architectes Abris de Fortune 2019 : bient\u00f4t les r\u00e9sultats du premier jury ! - Ch\u00e2teau de Goutelas","og_description":"La troisi\u00e8me \u00e9dition des Abris de Fortune, parcours de cabanes \u00e9ph\u00e9m\u00e8res en Loire-Forez, autour du th\u00e8me de l&rsquo;hospitalit\u00e9, est lanc\u00e9e ! &nbsp; Le jury du concours, co-pr\u00e9sid\u00e9 par Pierre Janin (agence Fabriques Architectures Paysages) et Florent Ottello (collectif LALCA), s&rsquo;est r\u00e9uni une premi\u00e8re fois le mardi 16 mai pour \u00e9tudier les pr\u00e9-projets des candidats au [&hellip;]","og_url":"https:\/\/www.chateaudegoutelas.fr\/en\/concours-abris-de-fortune-2019\/","og_site_name":"Ch\u00e2teau de Goutelas","article_published_time":"2018-03-15T14:07:05+00:00","article_modified_time":"2023-09-13T09:48:03+00:00","og_image":[{"width":874,"height":871,"url":"https:\/\/www.chateaudegoutelas.fr\/wp-content\/uploads\/2019\/02\/goutelas_logo-abris-de-fortune-jpg.jpg","type":"image\/jpeg"}],"author":"Alix Co","twitter_card":"summary_large_image","twitter_misc":{"Written by":"Alix Co","Estimated reading time":"1 minute"},"schema":{"@context":"https:\/\/schema.org","@graph":[{"@type":"Article","@id":"https:\/\/www.chateaudegoutelas.fr\/concours-abris-de-fortune-2019\/#article","isPartOf":{"@id":"https:\/\/www.chateaudegoutelas.fr\/concours-abris-de-fortune-2019\/"},"author":{"name":"Alix Co","@id":"https:\/\/www.chateaudegoutelas.fr\/#\/schema\/person\/68f64c0eeaac2d55afb42c7290e0b1e5"},"headline":"Concours d&rsquo;architectes Abris de Fortune 2019 : bient\u00f4t les r\u00e9sultats du premier jury !","datePublished":"2018-03-15T14:07:05+00:00","dateModified":"2023-09-13T09:48:03+00:00","mainEntityOfPage":{"@id":"https:\/\/www.chateaudegoutelas.fr\/concours-abris-de-fortune-2019\/"},"wordCount":120,"publisher":{"@id":"https:\/\/www.chateaudegoutelas.fr\/#organization"},"image":{"@id":"https:\/\/www.chateaudegoutelas.fr\/concours-abris-de-fortune-2019\/#primaryimage"},"thumbnailUrl":"https:\/\/www.chateaudegoutelas.fr\/wp-content\/uploads\/2019\/02\/goutelas_logo-abris-de-fortune-jpg.jpg","keywords":["Abris de Fortune"],"articleSection":["Actualit\u00e9","Actualit\u00e9 archiv\u00e9e"],"inLanguage":"en-GB"},{"@type":"WebPage","@id":"https:\/\/www.chateaudegoutelas.fr\/concours-abris-de-fortune-2019\/","url":"https:\/\/www.chateaudegoutelas.fr\/concours-abris-de-fortune-2019\/","name":"Concours d'architectes Abris de Fortune 2019 : bient\u00f4t les r\u00e9sultats du premier jury ! - Ch\u00e2teau de Goutelas","isPartOf":{"@id":"https:\/\/www.chateaudegoutelas.fr\/#website"},"primaryImageOfPage":{"@id":"https:\/\/www.chateaudegoutelas.fr\/concours-abris-de-fortune-2019\/#primaryimage"},"image":{"@id":"https:\/\/www.chateaudegoutelas.fr\/concours-abris-de-fortune-2019\/#primaryimage"},"thumbnailUrl":"https:\/\/www.chateaudegoutelas.fr\/wp-content\/uploads\/2019\/02\/goutelas_logo-abris-de-fortune-jpg.jpg","datePublished":"2018-03-15T14:07:05+00:00","dateModified":"2023-09-13T09:48:03+00:00","breadcrumb":{"@id":"https:\/\/www.chateaudegoutelas.fr\/concours-abris-de-fortune-2019\/#breadcrumb"},"inLanguage":"en-GB","potentialAction":[{"@type":"ReadAction","target":["https:\/\/www.chateaudegoutelas.fr\/concours-abris-de-fortune-2019\/"]}]},{"@type":"ImageObject","inLanguage":"en-GB","@id":"https:\/\/www.chateaudegoutelas.fr\/concours-abris-de-fortune-2019\/#primaryimage","url":"https:\/\/www.chateaudegoutelas.fr\/wp-content\/uploads\/2019\/02\/goutelas_logo-abris-de-fortune-jpg.jpg","contentUrl":"https:\/\/www.chateaudegoutelas.fr\/wp-content\/uploads\/2019\/02\/goutelas_logo-abris-de-fortune-jpg.jpg","width":874,"height":871},{"@type":"BreadcrumbList","@id":"https:\/\/www.chateaudegoutelas.fr\/concours-abris-de-fortune-2019\/#breadcrumb","itemListElement":[{"@type":"ListItem","position":1,"name":"Accueil","item":"https:\/\/www.chateaudegoutelas.fr\/"},{"@type":"ListItem","position":2,"name":"Concours d&rsquo;architectes Abris de Fortune 2019 : bient\u00f4t les r\u00e9sultats du premier jury !"}]},{"@type":"WebSite","@id":"https:\/\/www.chateaudegoutelas.fr\/#website","url":"https:\/\/www.chateaudegoutelas.fr\/","name":"Ch\u00e2teau de Goutelas","description":"Un centre culturel de rencontre en Forez","publisher":{"@id":"https:\/\/www.chateaudegoutelas.fr\/#organization"},"potentialAction":[{"@type":"SearchAction","target":{"@type":"EntryPoint","urlTemplate":"https:\/\/www.chateaudegoutelas.fr\/?s={search_term_string}"},"query-input":{"@type":"PropertyValueSpecification","valueRequired":true,"valueName":"search_term_string"}}],"inLanguage":"en-GB"},{"@type":"Organization","@id":"https:\/\/www.chateaudegoutelas.fr\/#organization","name":"Ch\u00e2teau de Goutelas","url":"https:\/\/www.chateaudegoutelas.fr\/","logo":{"@type":"ImageObject","inLanguage":"en-GB","@id":"https:\/\/www.chateaudegoutelas.fr\/#\/schema\/logo\/image\/","url":"https:\/\/www.chateaudegoutelas.fr\/wp-content\/uploads\/2023\/05\/logo-chateau-goutelas-bleu.png","contentUrl":"https:\/\/www.chateaudegoutelas.fr\/wp-content\/uploads\/2023\/05\/logo-chateau-goutelas-bleu.png","width":1123,"height":327,"caption":"Ch\u00e2teau de Goutelas"},"image":{"@id":"https:\/\/www.chateaudegoutelas.fr\/#\/schema\/logo\/image\/"}},{"@type":"Person","@id":"https:\/\/www.chateaudegoutelas.fr\/#\/schema\/person\/68f64c0eeaac2d55afb42c7290e0b1e5","name":"Alix Co","image":{"@type":"ImageObject","inLanguage":"en-GB","@id":"https:\/\/secure.gravatar.com\/avatar\/7ec149daaca82dffed2e8973dd70b4bafb9c6c8ca080e7cc4e17343e6c66cb1f?s=96&d=mm&r=g","url":"https:\/\/secure.gravatar.com\/avatar\/7ec149daaca82dffed2e8973dd70b4bafb9c6c8ca080e7cc4e17343e6c66cb1f?s=96&d=mm&r=g","contentUrl":"https:\/\/secure.gravatar.com\/avatar\/7ec149daaca82dffed2e8973dd70b4bafb9c6c8ca080e7cc4e17343e6c66cb1f?s=96&d=mm&r=g","caption":"Alix Co"},"url":"https:\/\/www.chateaudegoutelas.fr\/en\/author\/gestionalix-co\/"}]}},"_links":{"self":[{"href":"https:\/\/www.chateaudegoutelas.fr\/en\/wp-json\/wp\/v2\/posts\/1322","targetHints":{"allow":["GET"]}}],"collection":[{"href":"https:\/\/www.chateaudegoutelas.fr\/en\/wp-json\/wp\/v2\/posts"}],"about":[{"href":"https:\/\/www.chateaudegoutelas.fr\/en\/wp-json\/wp\/v2\/types\/post"}],"author":[{"embeddable":true,"href":"https:\/\/www.chateaudegoutelas.fr\/en\/wp-json\/wp\/v2\/users\/4"}],"replies":[{"embeddable":true,"href":"https:\/\/www.chateaudegoutelas.fr\/en\/wp-json\/wp\/v2\/comments?post=1322"}],"version-history":[{"count":1,"href":"https:\/\/www.chateaudegoutelas.fr\/en\/wp-json\/wp\/v2\/posts\/1322\/revisions"}],"predecessor-version":[{"id":7998,"href":"https:\/\/www.chateaudegoutelas.fr\/en\/wp-json\/wp\/v2\/posts\/1322\/revisions\/7998"}],"wp:featuredmedia":[{"embeddable":true,"href":"https:\/\/www.chateaudegoutelas.fr\/en\/wp-json\/wp\/v2\/media\/1323"}],"wp:attachment":[{"href":"https:\/\/www.chateaudegoutelas.fr\/en\/wp-json\/wp\/v2\/media?parent=1322"}],"wp:term":[{"taxonomy":"category","embeddable":true,"href":"https:\/\/www.chateaudegoutelas.fr\/en\/wp-json\/wp\/v2\/categories?post=1322"},{"taxonomy":"post_tag","embeddable":true,"href":"https:\/\/www.chateaudegoutelas.fr\/en\/wp-json\/wp\/v2\/tags?post=1322"}],"curies":[{"name":"wp","href":"https:\/\/api.w.org\/{rel}","templated":true}]}}