{"id":11711,"date":"2026-02-03T17:33:42","date_gmt":"2026-02-03T16:33:42","guid":{"rendered":"https:\/\/www.chateaudegoutelas.fr\/?p=11711"},"modified":"2026-03-17T11:11:57","modified_gmt":"2026-03-17T10:11:57","slug":"appel-a-candidatures-incroyables-foreziens-2026","status":"publish","type":"post","link":"https:\/\/www.chateaudegoutelas.fr\/en\/appel-a-candidatures-incroyables-foreziens-2026\/","title":{"rendered":"Incroyables For\u00e9zien\u00b7nes : appel \u00e0 candidatures pour les spectacles amateurs"},"content":{"rendered":"<h5>Groupes amateurs de toutes disciplines : pr\u00e9sentez votre spectacle au Ch\u00e2teau de Goutelas !<\/h5>\n<h3>th\u00e9\u00e2tre \u00b7 danse \u00b7 chant \u00b7 musique \u00b7 arts du cirque et de la rue \u00b7 th\u00e9\u00e2tre d&rsquo;impro \u00b7 cabaret \u00b7<br \/>\nspectacle vivant sous toutes ses formes !<\/h3>\n\t<img loading=\"lazy\" decoding=\"async\" width=\"2560\" height=\"1707\" src=\"https:\/\/www.chateaudegoutelas.fr\/wp-content\/uploads\/2026\/02\/inauguration-zephyr-43_min-scaled.jpg\" class=\"attachment-post-thumbnail size-post-thumbnail wp-post-image\" alt=\"\" srcset=\"https:\/\/www.chateaudegoutelas.fr\/wp-content\/uploads\/2026\/02\/inauguration-zephyr-43_min-scaled.jpg 2560w, https:\/\/www.chateaudegoutelas.fr\/wp-content\/uploads\/2026\/02\/inauguration-zephyr-43_min-1200x800.jpg 1200w, https:\/\/www.chateaudegoutelas.fr\/wp-content\/uploads\/2026\/02\/inauguration-zephyr-43_min-1920x1280.jpg 1920w, https:\/\/www.chateaudegoutelas.fr\/wp-content\/uploads\/2026\/02\/inauguration-zephyr-43_min-768x512.jpg 768w, https:\/\/www.chateaudegoutelas.fr\/wp-content\/uploads\/2026\/02\/inauguration-zephyr-43_min-1536x1024.jpg 1536w, https:\/\/www.chateaudegoutelas.fr\/wp-content\/uploads\/2026\/02\/inauguration-zephyr-43_min-2048x1365.jpg 2048w, https:\/\/www.chateaudegoutelas.fr\/wp-content\/uploads\/2026\/02\/inauguration-zephyr-43_min-18x12.jpg 18w\" sizes=\"auto, (max-width: 2560px) 100vw, 2560px\" \/>\n\t<p>\u00a9 Ch\u00e2teau de Goutelas<\/p>\n\t\t\t\t<p><b>L&rsquo;appel \u00e0 candidatures est clos depuis le 15 mars 2026.<br \/>Merci pour vos participations !<\/b><\/p>\n<strong>Vous faites partie d&rsquo;une troupe de th\u00e9\u00e2tre ?<\/strong><br \/>\n<strong>Vous chantez dans une chorale ?<\/strong><br \/>\n<strong>Vous passez vos week-ends \u00e0 pr\u00e9parer un spectacle ?<\/strong>\n<p>Le <strong>samedi 25 juillet 2026<\/strong>, le Ch\u00e2teau de Goutelas vous invite pour une journ\u00e9e qui rassemble et valorise les artistes amateurs du Forez.<\/p>\n<p>Autour de <strong>Z\u00e9phyr, nouvelle sc\u00e8ne ext\u00e9rieure<\/strong> dans les bois, venez pr\u00e9senter votre spectacle, transmettre vos pratiques ou en d\u00e9couvrir de nouvelles, et \u00e9changer avec d&rsquo;autres groupes amateurs et le public.<\/p>\n<strong>3 \u00e0 5 spectacles<\/strong> seront s\u00e9lectionn\u00e9s par un jury parmi toutes les disciplines du spectacle vivant (hors musiques actuelles amplifi\u00e9es) et programm\u00e9s au ch\u00e2teau.<br \/>\nDes <strong>ateliers<\/strong> de pratique et transmission sont \u00e9galement programm\u00e9s.\n<p>Les candidatures sont ouvertes jusqu&rsquo;au <strong>dimanche 15 mars 2026<\/strong>.<\/p>\n\t\t\t<h4>R\u00e9capitulatif du calendrier<\/h4>\t\t\t\n\t\t\t\t<p><strong>Vendredi 6 f\u00e9vrier 2026<\/strong> : ouverture de l&rsquo;appel \u00e0 candidatures<br \/><strong>Dimanche 15 mars 2026<\/strong> : date limite de candidature<br \/><strong>Semaine du 30 mars 2026<\/strong> : annonce des projets s\u00e9lectionn\u00e9s<br \/><strong>Samedi 25 juillet 2026<\/strong> : \u00e9v\u00e9nement Incroyables For\u00e9zien\u00b7nes au Ch\u00e2teau de Goutelas<\/p>\n<h4>Le contexte<\/h4>\n<p>Situ\u00e9 dans le Forez, \u00e0 5 min de Bo\u00ebn, 20 min de Montbrison et Feurs, 50 min de Saint-\u00c9tienne, le Ch\u00e2teau de Goutelas, labellis\u00e9 <a href=\"https:\/\/www.youtube.com\/watch?v=mk1JIz1uGDw\" target=\"_blank\" rel=\"noopener\"><strong>heritage site for culture<\/strong><\/a>, est un lieu de vie et de cr\u00e9ation, anim\u00e9 tout au long de l&rsquo;ann\u00e9e : spectacles, concerts, expositions, rencontres, r\u00e9sidences d&rsquo;artistes, visites et accueil de groupes.<\/p>\n<p>Un nouvel espace a vu le jour en 2025 et se pr\u00eate particuli\u00e8rement \u00e0 l&rsquo;accueil de spectacles pendant l&rsquo;\u00e9t\u00e9 : <a href=\"https:\/\/www.chateaudegoutelas.fr\/en\/zephyr\/\" target=\"_blank\" rel=\"noopener\"><strong>Z\u00e9phyr<\/strong><\/a>, sc\u00e8ne de plein air \u00e0 l&rsquo;or\u00e9e du bois.<\/p>\nPour sa programmation d&rsquo;\u00e9t\u00e9 2026, le Ch\u00e2teau de Goutelas lance <strong>une journ\u00e9e d\u00e9di\u00e9e aux pratiques artistiques amateurs<\/strong>.<br \/>\nSur cette sc\u00e8ne ext\u00e9rieure et dans diff\u00e9rents espaces du ch\u00e2teau, cette journ\u00e9e offrira des spectacles et ateliers pour le grand public, des rencontres entre artistes amateurs, des moments conviviaux entre artistes et public autour de la buvette et du food truck <a href=\"https:\/\/www.chateaudegoutelas.fr\/en\/votre-visite\/la-caravane\/\" target=\"_blank\" rel=\"noopener\">La Caravane de Goutelas<\/a>.\n<p>Dans ce cadre, nous recherchons des spectacles amateurs et ateliers de pratique et transmission qui seront programm\u00e9s le <strong>samedi 25 juillet 2026<\/strong>.<\/p>\n<figure itemscope itemtype=\"https:\/\/schema.org\/ImageObject\">\n\t\t\t\t<img decoding=\"async\" src=\"https:\/\/www.chateaudegoutelas.fr\/wp-content\/uploads\/2026\/02\/inauguration-zephyr-64_min-scaled.jpg\" alt=\"inauguration-zephyr-64_min\" height=\"1706\" width=\"2560\" title=\"inauguration-zephyr-64_min\" onerror=\"this.style.display='none'\" loading=\"lazy\" \/>\n\t<\/figure>\n\t<p>\u00a9 Ch\u00e2teau de Goutelas<\/p>\n<h4>Projets \u00e9ligibles<\/h4>\n<p>L&rsquo;appel est ouvert aux <strong>artistes amateurs regroup\u00e9s en collectif<\/strong> (troupes, compagnies, ensembles, orchestres, ch\u0153urs, bandas, ateliers d&rsquo;\u00e9cole de musique ou de danse, etc), habitant ou r\u00e9p\u00e9tant dans le Forez notamment sur le territoire de <strong>Loire Forez agglom\u00e9ration<\/strong>, et proposant un spectacle ou une d\u00e9monstration dans leur discipline artistique.<\/p>\nLes disciplines \u00e9ligibles rel\u00e8vent du <strong>spectacle vivant<\/strong> : th\u00e9\u00e2tre, danse, arts du cirque et de la rue, chant, orchestre, th\u00e9\u00e2tre d&rsquo;impro, illusionnisme, cabaret&#8230;<br \/>\nSeule exception : cet appel ne s&rsquo;adresse pas aux groupes de musiques actuelles amplifi\u00e9es, \u00e0 qui un <a href=\"https:\/\/www.chateaudegoutelas.fr\/en\/appel-groupes-musicaux-amateurs\/\">autre programme<\/a> est d\u00e9di\u00e9.\n<p>Retrouvez le d\u00e9tail des projets \u00e9ligibles dans le document <a href=\"https:\/\/www.chateaudegoutelas.fr\/wp-content\/uploads\/2026\/02\/MODALITES-INCROYABLES-FOREZIENS-2026.pdf\"><strong>Modalit\u00e9s <\/strong><\/a>!<\/p>\n<p><strong>Modalit\u00e9s et r\u00e8glement de l&rsquo;appel <\/strong>(\u00e0 lire avant toute candidature) :<\/p>\n\t\t\t<a href=\"https:\/\/www.chateaudegoutelas.fr\/wp-content\/uploads\/2026\/02\/MODALITES-INCROYABLES-FOREZIENS-2026.pdf\"  target=\"_self\">\n\t\t\t\t\t\t\tMODALIT\u00c9S\n\t\t\t\t\t<\/a>\n<p><strong>Formulaire de candidature en ligne :<\/strong><\/p>\n\t\t\t<a href=\"https:\/\/forms.gle\/TS6Krv4PnHNKWhRY7\"  target=\"_self\">\n\t\t\t\t\t\t\tFORMULAIRE\n\t\t\t\t\t<\/a>\n<p><strong>Autorisation de participation pour les mineur\u00b7es :<\/strong><\/p>\n\t\t\t<a href=\"https:\/\/www.chateaudegoutelas.fr\/wp-content\/uploads\/2026\/02\/AUTORISATION-MINEURS_Incroyables-Foreziens-2026.pdf\"  target=\"_self\">\n\t\t\t\t\t\t\tFORMULAIRE\n\t\t\t\t\t<\/a>\n\t\t\t\t<p>Cet appel s&rsquo;inscrit dans le cadre du <strong><a href=\"https:\/\/www.loireforez.fr\/connaitre-agglo\/actions-projets\/projet-culturel-de-territoire-developper-la-vie-culturelle-locale\/\">Projet culturel de territoire<\/a><\/strong> de Loire Forez agglom\u00e9ration. Il s&rsquo;agit d&rsquo;exp\u00e9rimenter la mise en place de propositions artistiques port\u00e9es par des habitant\u00b7es amateurs du territoire, soutenue et coordonn\u00e9e par des structures culturelles locales.<\/p>\n<figure itemscope itemtype=\"https:\/\/schema.org\/ImageObject\">\n\t\t\t\t<img decoding=\"async\" src=\"https:\/\/www.chateaudegoutelas.fr\/wp-content\/uploads\/2026\/02\/inauguration-zephyr-66_min-scaled-e1770118985907.jpg\" alt=\"inauguration-zephyr-66_min\" height=\"1434\" width=\"1707\" title=\"inauguration-zephyr-66_min\" onerror=\"this.style.display='none'\" loading=\"lazy\" \/>\n\t<\/figure>\n\t<p>\u00a9 Ch\u00e2teau de Goutelas<\/p>\n<figure itemscope itemtype=\"https:\/\/schema.org\/ImageObject\">\n\t\t\t\t<img decoding=\"async\" src=\"https:\/\/www.chateaudegoutelas.fr\/wp-content\/plugins\/beaver-builder-lite-version\/img\/pixel.png\" alt=\"\" onerror=\"this.style.display='none'\" loading=\"lazy\" \/>\n\t<\/figure>","protected":false},"excerpt":{"rendered":"<p>Groupes amateurs de toutes disciplines : pr\u00e9sentez votre spectacle au Ch\u00e2teau de Goutelas ! th\u00e9\u00e2tre \u00b7 danse \u00b7 chant \u00b7 musique \u00b7 arts du cirque et de la rue \u00b7 th\u00e9\u00e2tre d&rsquo;impro \u00b7 cabaret \u00b7 spectacle vivant sous toutes ses formes ! \u00a9 Ch\u00e2teau de Goutelas L&rsquo;appel \u00e0 candidatures est clos depuis le 15 mars [&hellip;]<\/p>\n","protected":false},"author":7,"featured_media":11712,"comment_status":"closed","ping_status":"closed","sticky":false,"template":"","format":"standard","meta":{"site-sidebar-layout":"default","site-content-layout":"","ast-site-content-layout":"default","site-content-style":"default","site-sidebar-style":"default","ast-global-header-display":"","ast-banner-title-visibility":"","ast-main-header-display":"","ast-hfb-above-header-display":"","ast-hfb-below-header-display":"","ast-hfb-mobile-header-display":"","site-post-title":"","ast-breadcrumbs-content":"","ast-featured-img":"disabled","footer-sml-layout":"","ast-disable-related-posts":"","theme-transparent-header-meta":"default","adv-header-id-meta":"","stick-header-meta":"default","header-above-stick-meta":"","header-main-stick-meta":"","header-below-stick-meta":"","astra-migrate-meta-layouts":"set","ast-page-background-enabled":"default","ast-page-background-meta":{"desktop":{"background-color":"","background-image":"","background-repeat":"repeat","background-position":"center center","background-size":"auto","background-attachment":"scroll","background-type":"","background-media":"","overlay-type":"","overlay-color":"","overlay-opacity":"","overlay-gradient":""},"tablet":{"background-color":"","background-image":"","background-repeat":"repeat","background-position":"center center","background-size":"auto","background-attachment":"scroll","background-type":"","background-media":"","overlay-type":"","overlay-color":"","overlay-opacity":"","overlay-gradient":""},"mobile":{"background-color":"","background-image":"","background-repeat":"repeat","background-position":"center center","background-size":"auto","background-attachment":"scroll","background-type":"","background-media":"","overlay-type":"","overlay-color":"","overlay-opacity":"","overlay-gradient":""}},"ast-content-background-meta":{"desktop":{"background-color":"var(--ast-global-color-5)","background-image":"","background-repeat":"repeat","background-position":"center center","background-size":"auto","background-attachment":"scroll","background-type":"","background-media":"","overlay-type":"","overlay-color":"","overlay-opacity":"","overlay-gradient":""},"tablet":{"background-color":"var(--ast-global-color-5)","background-image":"","background-repeat":"repeat","background-position":"center center","background-size":"auto","background-attachment":"scroll","background-type":"","background-media":"","overlay-type":"","overlay-color":"","overlay-opacity":"","overlay-gradient":""},"mobile":{"background-color":"var(--ast-global-color-5)","background-image":"","background-repeat":"repeat","background-position":"center center","background-size":"auto","background-attachment":"scroll","background-type":"","background-media":"","overlay-type":"","overlay-color":"","overlay-opacity":"","overlay-gradient":""}},"footnotes":""},"categories":[4],"tags":[],"class_list":["post-11711","post","type-post","status-publish","format-standard","has-post-thumbnail","hentry","category-actualites"],"yoast_head":"<!-- This site is optimized with the Yoast SEO plugin v27.5 - https:\/\/yoast.com\/product\/yoast-seo-wordpress\/ -->\n<title>Incroyables For\u00e9zien\u00b7nes : appel \u00e0 candidatures pour les spectacles amateurs - Ch\u00e2teau de Goutelas<\/title>\n<meta name=\"robots\" content=\"index, follow, max-snippet:-1, max-image-preview:large, max-video-preview:-1\" \/>\n<link rel=\"canonical\" href=\"https:\/\/www.chateaudegoutelas.fr\/en\/appel-a-candidatures-incroyables-foreziens-2026\/\" \/>\n<meta property=\"og:locale\" content=\"en_GB\" \/>\n<meta property=\"og:type\" content=\"article\" \/>\n<meta property=\"og:title\" content=\"Incroyables For\u00e9zien\u00b7nes : appel \u00e0 candidatures pour les spectacles amateurs - Ch\u00e2teau de Goutelas\" \/>\n<meta property=\"og:description\" content=\"Groupes amateurs de toutes disciplines : pr\u00e9sentez votre spectacle au Ch\u00e2teau de Goutelas ! th\u00e9\u00e2tre \u00b7 danse \u00b7 chant \u00b7 musique \u00b7 arts du cirque et de la rue \u00b7 th\u00e9\u00e2tre d&rsquo;impro \u00b7 cabaret \u00b7 spectacle vivant sous toutes ses formes ! \u00a9 Ch\u00e2teau de Goutelas L&rsquo;appel \u00e0 candidatures est clos depuis le 15 mars [&hellip;]\" \/>\n<meta property=\"og:url\" content=\"https:\/\/www.chateaudegoutelas.fr\/en\/appel-a-candidatures-incroyables-foreziens-2026\/\" \/>\n<meta property=\"og:site_name\" content=\"Ch\u00e2teau de Goutelas\" \/>\n<meta property=\"article:published_time\" content=\"2026-02-03T16:33:42+00:00\" \/>\n<meta property=\"article:modified_time\" content=\"2026-03-17T10:11:57+00:00\" \/>\n<meta property=\"og:image\" content=\"https:\/\/www.chateaudegoutelas.fr\/wp-content\/uploads\/2026\/02\/inauguration-zephyr-43_min-scaled.jpg\" \/>\n\t<meta property=\"og:image:width\" content=\"2560\" \/>\n\t<meta property=\"og:image:height\" content=\"1707\" \/>\n\t<meta property=\"og:image:type\" content=\"image\/jpeg\" \/>\n<meta name=\"author\" content=\"chateau@goutelas\" \/>\n<meta name=\"twitter:card\" content=\"summary_large_image\" \/>\n<meta name=\"twitter:label1\" content=\"Written by\" \/>\n\t<meta name=\"twitter:data1\" content=\"chateau@goutelas\" \/>\n\t<meta name=\"twitter:label2\" content=\"Estimated reading time\" \/>\n\t<meta name=\"twitter:data2\" content=\"4 minutes\" \/>\n<script type=\"application\/ld+json\" class=\"yoast-schema-graph\">{\"@context\":\"https:\\\/\\\/schema.org\",\"@graph\":[{\"@type\":\"Article\",\"@id\":\"https:\\\/\\\/www.chateaudegoutelas.fr\\\/appel-a-candidatures-incroyables-foreziens-2026\\\/#article\",\"isPartOf\":{\"@id\":\"https:\\\/\\\/www.chateaudegoutelas.fr\\\/appel-a-candidatures-incroyables-foreziens-2026\\\/\"},\"author\":{\"name\":\"chateau@goutelas\",\"@id\":\"https:\\\/\\\/www.chateaudegoutelas.fr\\\/#\\\/schema\\\/person\\\/7e406e8ae114bb86bb9b82d52e6a1738\"},\"headline\":\"Incroyables For\u00e9zien\u00b7nes : appel \u00e0 candidatures pour les spectacles amateurs\",\"datePublished\":\"2026-02-03T16:33:42+00:00\",\"dateModified\":\"2026-03-17T10:11:57+00:00\",\"mainEntityOfPage\":{\"@id\":\"https:\\\/\\\/www.chateaudegoutelas.fr\\\/appel-a-candidatures-incroyables-foreziens-2026\\\/\"},\"wordCount\":617,\"publisher\":{\"@id\":\"https:\\\/\\\/www.chateaudegoutelas.fr\\\/#organization\"},\"image\":{\"@id\":\"https:\\\/\\\/www.chateaudegoutelas.fr\\\/appel-a-candidatures-incroyables-foreziens-2026\\\/#primaryimage\"},\"thumbnailUrl\":\"https:\\\/\\\/www.chateaudegoutelas.fr\\\/wp-content\\\/uploads\\\/2026\\\/02\\\/inauguration-zephyr-43_min-scaled.jpg\",\"articleSection\":[\"Actualit\u00e9\"],\"inLanguage\":\"en-GB\"},{\"@type\":\"WebPage\",\"@id\":\"https:\\\/\\\/www.chateaudegoutelas.fr\\\/appel-a-candidatures-incroyables-foreziens-2026\\\/\",\"url\":\"https:\\\/\\\/www.chateaudegoutelas.fr\\\/appel-a-candidatures-incroyables-foreziens-2026\\\/\",\"name\":\"Incroyables For\u00e9zien\u00b7nes : appel \u00e0 candidatures pour les spectacles amateurs - Ch\u00e2teau de Goutelas\",\"isPartOf\":{\"@id\":\"https:\\\/\\\/www.chateaudegoutelas.fr\\\/#website\"},\"primaryImageOfPage\":{\"@id\":\"https:\\\/\\\/www.chateaudegoutelas.fr\\\/appel-a-candidatures-incroyables-foreziens-2026\\\/#primaryimage\"},\"image\":{\"@id\":\"https:\\\/\\\/www.chateaudegoutelas.fr\\\/appel-a-candidatures-incroyables-foreziens-2026\\\/#primaryimage\"},\"thumbnailUrl\":\"https:\\\/\\\/www.chateaudegoutelas.fr\\\/wp-content\\\/uploads\\\/2026\\\/02\\\/inauguration-zephyr-43_min-scaled.jpg\",\"datePublished\":\"2026-02-03T16:33:42+00:00\",\"dateModified\":\"2026-03-17T10:11:57+00:00\",\"breadcrumb\":{\"@id\":\"https:\\\/\\\/www.chateaudegoutelas.fr\\\/appel-a-candidatures-incroyables-foreziens-2026\\\/#breadcrumb\"},\"inLanguage\":\"en-GB\",\"potentialAction\":[{\"@type\":\"ReadAction\",\"target\":[\"https:\\\/\\\/www.chateaudegoutelas.fr\\\/appel-a-candidatures-incroyables-foreziens-2026\\\/\"]}]},{\"@type\":\"ImageObject\",\"inLanguage\":\"en-GB\",\"@id\":\"https:\\\/\\\/www.chateaudegoutelas.fr\\\/appel-a-candidatures-incroyables-foreziens-2026\\\/#primaryimage\",\"url\":\"https:\\\/\\\/www.chateaudegoutelas.fr\\\/wp-content\\\/uploads\\\/2026\\\/02\\\/inauguration-zephyr-43_min-scaled.jpg\",\"contentUrl\":\"https:\\\/\\\/www.chateaudegoutelas.fr\\\/wp-content\\\/uploads\\\/2026\\\/02\\\/inauguration-zephyr-43_min-scaled.jpg\",\"width\":2560,\"height\":1707},{\"@type\":\"BreadcrumbList\",\"@id\":\"https:\\\/\\\/www.chateaudegoutelas.fr\\\/appel-a-candidatures-incroyables-foreziens-2026\\\/#breadcrumb\",\"itemListElement\":[{\"@type\":\"ListItem\",\"position\":1,\"name\":\"Accueil\",\"item\":\"https:\\\/\\\/www.chateaudegoutelas.fr\\\/\"},{\"@type\":\"ListItem\",\"position\":2,\"name\":\"Incroyables For\u00e9zien\u00b7nes : appel \u00e0 candidatures pour les spectacles amateurs\"}]},{\"@type\":\"WebSite\",\"@id\":\"https:\\\/\\\/www.chateaudegoutelas.fr\\\/#website\",\"url\":\"https:\\\/\\\/www.chateaudegoutelas.fr\\\/\",\"name\":\"Ch\u00e2teau de Goutelas\",\"description\":\"Un centre culturel de rencontre en Forez\",\"publisher\":{\"@id\":\"https:\\\/\\\/www.chateaudegoutelas.fr\\\/#organization\"},\"potentialAction\":[{\"@type\":\"SearchAction\",\"target\":{\"@type\":\"EntryPoint\",\"urlTemplate\":\"https:\\\/\\\/www.chateaudegoutelas.fr\\\/?s={search_term_string}\"},\"query-input\":{\"@type\":\"PropertyValueSpecification\",\"valueRequired\":true,\"valueName\":\"search_term_string\"}}],\"inLanguage\":\"en-GB\"},{\"@type\":\"Organization\",\"@id\":\"https:\\\/\\\/www.chateaudegoutelas.fr\\\/#organization\",\"name\":\"Ch\u00e2teau de Goutelas\",\"url\":\"https:\\\/\\\/www.chateaudegoutelas.fr\\\/\",\"logo\":{\"@type\":\"ImageObject\",\"inLanguage\":\"en-GB\",\"@id\":\"https:\\\/\\\/www.chateaudegoutelas.fr\\\/#\\\/schema\\\/logo\\\/image\\\/\",\"url\":\"https:\\\/\\\/www.chateaudegoutelas.fr\\\/wp-content\\\/uploads\\\/2023\\\/05\\\/logo-chateau-goutelas-bleu.png\",\"contentUrl\":\"https:\\\/\\\/www.chateaudegoutelas.fr\\\/wp-content\\\/uploads\\\/2023\\\/05\\\/logo-chateau-goutelas-bleu.png\",\"width\":1123,\"height\":327,\"caption\":\"Ch\u00e2teau de Goutelas\"},\"image\":{\"@id\":\"https:\\\/\\\/www.chateaudegoutelas.fr\\\/#\\\/schema\\\/logo\\\/image\\\/\"}},{\"@type\":\"Person\",\"@id\":\"https:\\\/\\\/www.chateaudegoutelas.fr\\\/#\\\/schema\\\/person\\\/7e406e8ae114bb86bb9b82d52e6a1738\",\"name\":\"chateau@goutelas\",\"image\":{\"@type\":\"ImageObject\",\"inLanguage\":\"en-GB\",\"@id\":\"https:\\\/\\\/secure.gravatar.com\\\/avatar\\\/81dca52e038e1e2a8e548cbc7a6a4752e4b1b2df1c0ab48a36029d14ad9c944f?s=96&d=mm&r=g\",\"url\":\"https:\\\/\\\/secure.gravatar.com\\\/avatar\\\/81dca52e038e1e2a8e548cbc7a6a4752e4b1b2df1c0ab48a36029d14ad9c944f?s=96&d=mm&r=g\",\"contentUrl\":\"https:\\\/\\\/secure.gravatar.com\\\/avatar\\\/81dca52e038e1e2a8e548cbc7a6a4752e4b1b2df1c0ab48a36029d14ad9c944f?s=96&d=mm&r=g\",\"caption\":\"chateau@goutelas\"},\"url\":\"https:\\\/\\\/www.chateaudegoutelas.fr\\\/en\\\/author\\\/chateaugoutelas\\\/\"}]}<\/script>\n<!-- \/ Yoast SEO plugin. -->","yoast_head_json":{"title":"Incroyables For\u00e9zien\u00b7nes : appel \u00e0 candidatures pour les spectacles amateurs - Ch\u00e2teau de Goutelas","robots":{"index":"index","follow":"follow","max-snippet":"max-snippet:-1","max-image-preview":"max-image-preview:large","max-video-preview":"max-video-preview:-1"},"canonical":"https:\/\/www.chateaudegoutelas.fr\/en\/appel-a-candidatures-incroyables-foreziens-2026\/","og_locale":"en_GB","og_type":"article","og_title":"Incroyables For\u00e9zien\u00b7nes : appel \u00e0 candidatures pour les spectacles amateurs - Ch\u00e2teau de Goutelas","og_description":"Groupes amateurs de toutes disciplines : pr\u00e9sentez votre spectacle au Ch\u00e2teau de Goutelas ! th\u00e9\u00e2tre \u00b7 danse \u00b7 chant \u00b7 musique \u00b7 arts du cirque et de la rue \u00b7 th\u00e9\u00e2tre d&rsquo;impro \u00b7 cabaret \u00b7 spectacle vivant sous toutes ses formes ! \u00a9 Ch\u00e2teau de Goutelas L&rsquo;appel \u00e0 candidatures est clos depuis le 15 mars [&hellip;]","og_url":"https:\/\/www.chateaudegoutelas.fr\/en\/appel-a-candidatures-incroyables-foreziens-2026\/","og_site_name":"Ch\u00e2teau de Goutelas","article_published_time":"2026-02-03T16:33:42+00:00","article_modified_time":"2026-03-17T10:11:57+00:00","og_image":[{"width":2560,"height":1707,"url":"https:\/\/www.chateaudegoutelas.fr\/wp-content\/uploads\/2026\/02\/inauguration-zephyr-43_min-scaled.jpg","type":"image\/jpeg"}],"author":"chateau@goutelas","twitter_card":"summary_large_image","twitter_misc":{"Written by":"chateau@goutelas","Estimated reading time":"4 minutes"},"schema":{"@context":"https:\/\/schema.org","@graph":[{"@type":"Article","@id":"https:\/\/www.chateaudegoutelas.fr\/appel-a-candidatures-incroyables-foreziens-2026\/#article","isPartOf":{"@id":"https:\/\/www.chateaudegoutelas.fr\/appel-a-candidatures-incroyables-foreziens-2026\/"},"author":{"name":"chateau@goutelas","@id":"https:\/\/www.chateaudegoutelas.fr\/#\/schema\/person\/7e406e8ae114bb86bb9b82d52e6a1738"},"headline":"Incroyables For\u00e9zien\u00b7nes : appel \u00e0 candidatures pour les spectacles amateurs","datePublished":"2026-02-03T16:33:42+00:00","dateModified":"2026-03-17T10:11:57+00:00","mainEntityOfPage":{"@id":"https:\/\/www.chateaudegoutelas.fr\/appel-a-candidatures-incroyables-foreziens-2026\/"},"wordCount":617,"publisher":{"@id":"https:\/\/www.chateaudegoutelas.fr\/#organization"},"image":{"@id":"https:\/\/www.chateaudegoutelas.fr\/appel-a-candidatures-incroyables-foreziens-2026\/#primaryimage"},"thumbnailUrl":"https:\/\/www.chateaudegoutelas.fr\/wp-content\/uploads\/2026\/02\/inauguration-zephyr-43_min-scaled.jpg","articleSection":["Actualit\u00e9"],"inLanguage":"en-GB"},{"@type":"WebPage","@id":"https:\/\/www.chateaudegoutelas.fr\/appel-a-candidatures-incroyables-foreziens-2026\/","url":"https:\/\/www.chateaudegoutelas.fr\/appel-a-candidatures-incroyables-foreziens-2026\/","name":"Incroyables For\u00e9zien\u00b7nes : appel \u00e0 candidatures pour les spectacles amateurs - Ch\u00e2teau de Goutelas","isPartOf":{"@id":"https:\/\/www.chateaudegoutelas.fr\/#website"},"primaryImageOfPage":{"@id":"https:\/\/www.chateaudegoutelas.fr\/appel-a-candidatures-incroyables-foreziens-2026\/#primaryimage"},"image":{"@id":"https:\/\/www.chateaudegoutelas.fr\/appel-a-candidatures-incroyables-foreziens-2026\/#primaryimage"},"thumbnailUrl":"https:\/\/www.chateaudegoutelas.fr\/wp-content\/uploads\/2026\/02\/inauguration-zephyr-43_min-scaled.jpg","datePublished":"2026-02-03T16:33:42+00:00","dateModified":"2026-03-17T10:11:57+00:00","breadcrumb":{"@id":"https:\/\/www.chateaudegoutelas.fr\/appel-a-candidatures-incroyables-foreziens-2026\/#breadcrumb"},"inLanguage":"en-GB","potentialAction":[{"@type":"ReadAction","target":["https:\/\/www.chateaudegoutelas.fr\/appel-a-candidatures-incroyables-foreziens-2026\/"]}]},{"@type":"ImageObject","inLanguage":"en-GB","@id":"https:\/\/www.chateaudegoutelas.fr\/appel-a-candidatures-incroyables-foreziens-2026\/#primaryimage","url":"https:\/\/www.chateaudegoutelas.fr\/wp-content\/uploads\/2026\/02\/inauguration-zephyr-43_min-scaled.jpg","contentUrl":"https:\/\/www.chateaudegoutelas.fr\/wp-content\/uploads\/2026\/02\/inauguration-zephyr-43_min-scaled.jpg","width":2560,"height":1707},{"@type":"BreadcrumbList","@id":"https:\/\/www.chateaudegoutelas.fr\/appel-a-candidatures-incroyables-foreziens-2026\/#breadcrumb","itemListElement":[{"@type":"ListItem","position":1,"name":"Accueil","item":"https:\/\/www.chateaudegoutelas.fr\/"},{"@type":"ListItem","position":2,"name":"Incroyables For\u00e9zien\u00b7nes : appel \u00e0 candidatures pour les spectacles amateurs"}]},{"@type":"WebSite","@id":"https:\/\/www.chateaudegoutelas.fr\/#website","url":"https:\/\/www.chateaudegoutelas.fr\/","name":"Ch\u00e2teau de Goutelas","description":"Un centre culturel de rencontre en Forez","publisher":{"@id":"https:\/\/www.chateaudegoutelas.fr\/#organization"},"potentialAction":[{"@type":"SearchAction","target":{"@type":"EntryPoint","urlTemplate":"https:\/\/www.chateaudegoutelas.fr\/?s={search_term_string}"},"query-input":{"@type":"PropertyValueSpecification","valueRequired":true,"valueName":"search_term_string"}}],"inLanguage":"en-GB"},{"@type":"Organization","@id":"https:\/\/www.chateaudegoutelas.fr\/#organization","name":"Ch\u00e2teau de Goutelas","url":"https:\/\/www.chateaudegoutelas.fr\/","logo":{"@type":"ImageObject","inLanguage":"en-GB","@id":"https:\/\/www.chateaudegoutelas.fr\/#\/schema\/logo\/image\/","url":"https:\/\/www.chateaudegoutelas.fr\/wp-content\/uploads\/2023\/05\/logo-chateau-goutelas-bleu.png","contentUrl":"https:\/\/www.chateaudegoutelas.fr\/wp-content\/uploads\/2023\/05\/logo-chateau-goutelas-bleu.png","width":1123,"height":327,"caption":"Ch\u00e2teau de Goutelas"},"image":{"@id":"https:\/\/www.chateaudegoutelas.fr\/#\/schema\/logo\/image\/"}},{"@type":"Person","@id":"https:\/\/www.chateaudegoutelas.fr\/#\/schema\/person\/7e406e8ae114bb86bb9b82d52e6a1738","name":"chateau@goutelas","image":{"@type":"ImageObject","inLanguage":"en-GB","@id":"https:\/\/secure.gravatar.com\/avatar\/81dca52e038e1e2a8e548cbc7a6a4752e4b1b2df1c0ab48a36029d14ad9c944f?s=96&d=mm&r=g","url":"https:\/\/secure.gravatar.com\/avatar\/81dca52e038e1e2a8e548cbc7a6a4752e4b1b2df1c0ab48a36029d14ad9c944f?s=96&d=mm&r=g","contentUrl":"https:\/\/secure.gravatar.com\/avatar\/81dca52e038e1e2a8e548cbc7a6a4752e4b1b2df1c0ab48a36029d14ad9c944f?s=96&d=mm&r=g","caption":"chateau@goutelas"},"url":"https:\/\/www.chateaudegoutelas.fr\/en\/author\/chateaugoutelas\/"}]}},"_links":{"self":[{"href":"https:\/\/www.chateaudegoutelas.fr\/en\/wp-json\/wp\/v2\/posts\/11711","targetHints":{"allow":["GET"]}}],"collection":[{"href":"https:\/\/www.chateaudegoutelas.fr\/en\/wp-json\/wp\/v2\/posts"}],"about":[{"href":"https:\/\/www.chateaudegoutelas.fr\/en\/wp-json\/wp\/v2\/types\/post"}],"author":[{"embeddable":true,"href":"https:\/\/www.chateaudegoutelas.fr\/en\/wp-json\/wp\/v2\/users\/7"}],"replies":[{"embeddable":true,"href":"https:\/\/www.chateaudegoutelas.fr\/en\/wp-json\/wp\/v2\/comments?post=11711"}],"version-history":[{"count":6,"href":"https:\/\/www.chateaudegoutelas.fr\/en\/wp-json\/wp\/v2\/posts\/11711\/revisions"}],"predecessor-version":[{"id":11806,"href":"https:\/\/www.chateaudegoutelas.fr\/en\/wp-json\/wp\/v2\/posts\/11711\/revisions\/11806"}],"wp:featuredmedia":[{"embeddable":true,"href":"https:\/\/www.chateaudegoutelas.fr\/en\/wp-json\/wp\/v2\/media\/11712"}],"wp:attachment":[{"href":"https:\/\/www.chateaudegoutelas.fr\/en\/wp-json\/wp\/v2\/media?parent=11711"}],"wp:term":[{"taxonomy":"category","embeddable":true,"href":"https:\/\/www.chateaudegoutelas.fr\/en\/wp-json\/wp\/v2\/categories?post=11711"},{"taxonomy":"post_tag","embeddable":true,"href":"https:\/\/www.chateaudegoutelas.fr\/en\/wp-json\/wp\/v2\/tags?post=11711"}],"curies":[{"name":"wp","href":"https:\/\/api.w.org\/{rel}","templated":true}]}}