{"id":11704,"date":"2026-01-28T17:56:39","date_gmt":"2026-01-28T16:56:39","guid":{"rendered":"https:\/\/www.chateaudegoutelas.fr\/?p=11704"},"modified":"2026-01-28T17:56:39","modified_gmt":"2026-01-28T16:56:39","slug":"residences-odyssee-nora-2026-accr","status":"publish","type":"post","link":"https:\/\/www.chateaudegoutelas.fr\/en\/residences-odyssee-nora-2026-accr\/","title":{"rendered":"Appel \u00e0 candidatures : r\u00e9sidences Odyss\u00e9e\/Nora 2026"},"content":{"rendered":"<img loading=\"lazy\" decoding=\"async\" width=\"2560\" height=\"1707\" src=\"https:\/\/www.chateaudegoutelas.fr\/wp-content\/uploads\/2026\/01\/credit-Valentin-Touly_1-min-scaled.jpg\" class=\"attachment-post-thumbnail size-post-thumbnail wp-post-image\" alt=\"\" srcset=\"https:\/\/www.chateaudegoutelas.fr\/wp-content\/uploads\/2026\/01\/credit-Valentin-Touly_1-min-scaled.jpg 2560w, https:\/\/www.chateaudegoutelas.fr\/wp-content\/uploads\/2026\/01\/credit-Valentin-Touly_1-min-1200x800.jpg 1200w, https:\/\/www.chateaudegoutelas.fr\/wp-content\/uploads\/2026\/01\/credit-Valentin-Touly_1-min-1920x1280.jpg 1920w, https:\/\/www.chateaudegoutelas.fr\/wp-content\/uploads\/2026\/01\/credit-Valentin-Touly_1-min-768x512.jpg 768w, https:\/\/www.chateaudegoutelas.fr\/wp-content\/uploads\/2026\/01\/credit-Valentin-Touly_1-min-1536x1024.jpg 1536w, https:\/\/www.chateaudegoutelas.fr\/wp-content\/uploads\/2026\/01\/credit-Valentin-Touly_1-min-2048x1365.jpg 2048w, https:\/\/www.chateaudegoutelas.fr\/wp-content\/uploads\/2026\/01\/credit-Valentin-Touly_1-min-18x12.jpg 18w\" sizes=\"auto, (max-width: 2560px) 100vw, 2560px\" \/>\n\t<p>\u00a9 Valentin Touly<\/p>\nAvec le soutien du Minist\u00e8re de la Culture, l&rsquo;<a href=\"https:\/\/www.accr-europe.org\/fr\/\">Association des Centres Culturels de Rencontre<\/a> coordonne le programme de r\u00e9sidence \u00ab <strong>Odyss\u00e9e\/Nora<\/strong> \u00bb au sein du r\u00e9seau des <strong>Centres culturels de rencontre<\/strong>. Ce programme s&rsquo;adresse aux artistes ou professionnel\u00b7les de la culture venant d&rsquo;autres pays ou d\u00e9plac\u00e9\u00b7es en France, souhaitant r\u00e9aliser une r\u00e9sidence de cr\u00e9ation, de r\u00e9flexion ou de recherche dans un CCR.\nDepuis 2003, plus de 900 artistes et professionnel\u00b7les de la culture repr\u00e9sentant 85 nationalit\u00e9s diff\u00e9rentes ont b\u00e9n\u00e9fici\u00e9 de ce programme, dans des domaines aussi vari\u00e9s que les arts num\u00e9riques, les arts plastiques, les arts visuels, les arts du cirque, les arts sonores, l&rsquo;architecture, l&rsquo;artisanat, le cin\u00e9ma d&rsquo;animation, le design, la danse, l&rsquo;\u00e9criture, le th\u00e9\u00e2tre, les jardins et le paysage, le journalisme, la litt\u00e9rature, la musique, la photographie, la philosophie, les sciences humaines, etc.\nLes candidatures sont ouvertes jusqu&rsquo;au <strong>15 mars 2026<\/strong>.\n\t\t\t<a href=\"https:\/\/www.accr-europe.org\/fr\/appel-a-candidatures-2026-programme-de-residences-odyssee-nora\" target=\"_self\">\n\t\t\t\t\t\t\tEN SAVOIR PLUS\n\t\t\t\t\t<\/a>\n\t\t\t\t<a href=\"https:\/\/www.accr-europe.org\/fr\/\"  target=\"_self\" itemprop=\"url\">\n\t\t\t\t<img decoding=\"async\" src=\"https:\/\/www.chateaudegoutelas.fr\/wp-content\/uploads\/2023\/09\/logoACCR2022_RVB_couleur_transparent.png\" alt=\"logoACCR2022_RVB_couleur_transparent\" itemprop=\"image\" height=\"870\" width=\"1457\" title=\"logoACCR2022_RVB_couleur_transparent\" onerror=\"this.style.display='none'\" loading=\"lazy\" \/>\n\t\t\t\t<\/a>\n<h4>\n\t\t\tAutres actualit\u00e9s\t<\/h4>\n\t\t<a href=\"https:\/\/www.chateaudegoutelas.fr\/en\/rencontres-aurasv-fevrier-2026\/\" title=\"Afficher le contenu de la bo\u00eete\" target=\"_self\"  aria-label=\"Post Element\"><\/a>\t\t\n\t\t\t\t\t\t\t\t\t\t\t\t\t\t<a href=\"https:\/\/www.chateaudegoutelas.fr\/en\/rencontres-aurasv-fevrier-2026\/\" target=\"_self\" title=\"Auvergne Rh\u00f4ne-Alpes Spectacle Vivant : deux rencontres professionnelles en f\u00e9vrier 2026\">\n\t\t\t\t<img decoding=\"async\" src=\"https:\/\/www.chateaudegoutelas.fr\/wp-content\/uploads\/2026\/01\/seminaire_credit-Chateau-de-Goutelas-720x720.jpg\" alt=\"\" \/>\n\t\t\t\t<\/a>\n\t\t\t\t<a href=\"https:\/\/www.chateaudegoutelas.fr\/en\/rencontres-aurasv-fevrier-2026\/\" title=\"Auvergne Rh\u00f4ne-Alpes Spectacle Vivant : deux rencontres professionnelles en f\u00e9vrier 2026\">Auvergne Rh\u00f4ne-Alpes Spectacle Vivant : deux rencontres professionnelles en f\u00e9vrier 2026<\/a>\t\t\t\n\t\t<a href=\"https:\/\/www.chateaudegoutelas.fr\/en\/voeux-2026\/\" title=\"Afficher le contenu de la bo\u00eete\" target=\"_self\"  aria-label=\"Post Element\"><\/a>\t\t\n\t\t\t\t\t\t\t\t\t\t\t\t\t\t<a href=\"https:\/\/www.chateaudegoutelas.fr\/en\/voeux-2026\/\" target=\"_self\" title=\"Meilleurs v\u0153ux pour 2026\">\n\t\t\t\t<img decoding=\"async\" src=\"https:\/\/www.chateaudegoutelas.fr\/wp-content\/uploads\/2026\/01\/Visuel_seul-min-720x720.png\" alt=\"\" \/>\n\t\t\t\t<\/a>\n\t\t\t\t<a href=\"https:\/\/www.chateaudegoutelas.fr\/en\/voeux-2026\/\" title=\"Meilleurs v\u0153ux pour 2026\">Meilleurs v\u0153ux pour 2026<\/a>\t\t\t\n\t\t<a href=\"https:\/\/www.chateaudegoutelas.fr\/en\/projets-cooperatifs-accr\/\" title=\"Afficher le contenu de la bo\u00eete\" target=\"_self\"  aria-label=\"Post Element\"><\/a>\t\t\n\t\t\t\t\t\t\t\t\t\t\t\t\t\t<a href=\"https:\/\/www.chateaudegoutelas.fr\/en\/projets-cooperatifs-accr\/\" target=\"_self\" title=\"Panorama des projets coop\u00e9ratifs au sein de l'ACCR\">\n\t\t\t\t<img decoding=\"async\" src=\"https:\/\/www.chateaudegoutelas.fr\/wp-content\/uploads\/2025\/12\/accr-panorama-apercu-couv-720x720.png\" alt=\"\" \/>\n\t\t\t\t<\/a>\n\t\t\t\t<a href=\"https:\/\/www.chateaudegoutelas.fr\/en\/projets-cooperatifs-accr\/\" title=\"Panorama des projets coop\u00e9ratifs au sein de l'ACCR\">Panorama des projets coop\u00e9ratifs au sein de l&rsquo;ACCR<\/a>\t\t\t\n\t\t\t<a href=\"https:\/\/www.chateaudegoutelas.fr\/en\/actualites\/\" target=\"_self\">\n\t\t\t\t\t\t\tVOIR TOUT\n\t\t\t\t\t<\/a>\n<h2>\n\t\t\tvoir aussi\t<\/h2>\n\t\t<a href=\"https:\/\/www.chateaudegoutelas.fr\/en\/residences\/\" title=\"Afficher le contenu de la bo\u00eete\" target=\"_self\"  aria-label=\"Post Element\"><\/a>\t\t\n\t\t\t\t\t\t\t\t\t\t\t\t\t\t<a href=\"https:\/\/www.chateaudegoutelas.fr\/en\/residences\/\" target=\"_self\" title=\"R\u00e9sidences\">\n\t\t\t\t<img decoding=\"async\" src=\"https:\/\/www.chateaudegoutelas.fr\/wp-content\/uploads\/2024\/12\/residence-cycles-21-720x720.jpg\" alt=\"\" \/>\n\t\t\t\t<\/a>\n\t\t\t\t<a href=\"https:\/\/www.chateaudegoutelas.fr\/en\/residences\/\" title=\"R\u00e9sidences\">R\u00e9sidences<\/a>\t\t\t\n\t\t<a href=\"https:\/\/www.chateaudegoutelas.fr\/en\/residences\/artistes-et-juristes-en-residence\/\" title=\"Afficher le contenu de la bo\u00eete\" target=\"_self\"  aria-label=\"Post Element\"><\/a>\t\t\n\t\t\t\t\t\t\t\t\t\t\t\t\t\t<a href=\"https:\/\/www.chateaudegoutelas.fr\/en\/residences\/artistes-et-juristes-en-residence\/\" target=\"_self\" title=\"Portraits des r\u00e9sident.e.s\">\n\t\t\t\t<img decoding=\"async\" src=\"https:\/\/www.chateaudegoutelas.fr\/wp-content\/uploads\/2023\/09\/P1120024-720x720.jpg\" alt=\"\" \/>\n\t\t\t\t<\/a>\n\t\t\t\t<a href=\"https:\/\/www.chateaudegoutelas.fr\/en\/residences\/artistes-et-juristes-en-residence\/\" title=\"Portraits des r\u00e9sident.e.s\">Portraits des r\u00e9sident.e.s<\/a>\t\t\t\n\t\t<a href=\"https:\/\/www.chateaudegoutelas.fr\/en\/le-chateau-de-goutelas\/un-patrimoine-vivant\/\" title=\"Afficher le contenu de la bo\u00eete\" target=\"_self\"  aria-label=\"Post Element\"><\/a>\t\t\n\t\t\t\t\t\t\t\t\t\t\t\t\t\t<a href=\"https:\/\/www.chateaudegoutelas.fr\/en\/le-chateau-de-goutelas\/un-patrimoine-vivant\/\" target=\"_self\" title=\"Un patrimoine vivant\">\n\t\t\t\t<img decoding=\"async\" src=\"https:\/\/www.chateaudegoutelas.fr\/wp-content\/uploads\/2023\/03\/le-mystere-du-h-600x600.jpg\" alt=\"\" \/>\n\t\t\t\t<\/a>\n\t\t\t\t<a href=\"https:\/\/www.chateaudegoutelas.fr\/en\/le-chateau-de-goutelas\/un-patrimoine-vivant\/\" title=\"Un patrimoine vivant\">Un patrimoine vivant<\/a>","protected":false},"excerpt":{"rendered":"<p>\u00a9 Valentin Touly Avec le soutien du Minist\u00e8re de la Culture, l&rsquo;Association des Centres Culturels de Rencontre coordonne le programme de r\u00e9sidence \u00ab Odyss\u00e9e\/Nora \u00bb au sein du r\u00e9seau des Centres culturels de rencontre. Ce programme s&rsquo;adresse aux artistes ou professionnel\u00b7les de la culture venant d&rsquo;autres pays ou d\u00e9plac\u00e9\u00b7es en France, souhaitant r\u00e9aliser une r\u00e9sidence [&hellip;]<\/p>\n","protected":false},"author":7,"featured_media":11705,"comment_status":"closed","ping_status":"closed","sticky":false,"template":"","format":"standard","meta":{"site-sidebar-layout":"default","site-content-layout":"","ast-site-content-layout":"default","site-content-style":"default","site-sidebar-style":"default","ast-global-header-display":"","ast-banner-title-visibility":"","ast-main-header-display":"","ast-hfb-above-header-display":"","ast-hfb-below-header-display":"","ast-hfb-mobile-header-display":"","site-post-title":"","ast-breadcrumbs-content":"","ast-featured-img":"disabled","footer-sml-layout":"","ast-disable-related-posts":"","theme-transparent-header-meta":"default","adv-header-id-meta":"","stick-header-meta":"default","header-above-stick-meta":"","header-main-stick-meta":"","header-below-stick-meta":"","astra-migrate-meta-layouts":"set","ast-page-background-enabled":"default","ast-page-background-meta":{"desktop":{"background-color":"","background-image":"","background-repeat":"repeat","background-position":"center center","background-size":"auto","background-attachment":"scroll","background-type":"","background-media":"","overlay-type":"","overlay-color":"","overlay-opacity":"","overlay-gradient":""},"tablet":{"background-color":"","background-image":"","background-repeat":"repeat","background-position":"center center","background-size":"auto","background-attachment":"scroll","background-type":"","background-media":"","overlay-type":"","overlay-color":"","overlay-opacity":"","overlay-gradient":""},"mobile":{"background-color":"","background-image":"","background-repeat":"repeat","background-position":"center center","background-size":"auto","background-attachment":"scroll","background-type":"","background-media":"","overlay-type":"","overlay-color":"","overlay-opacity":"","overlay-gradient":""}},"ast-content-background-meta":{"desktop":{"background-color":"var(--ast-global-color-5)","background-image":"","background-repeat":"repeat","background-position":"center center","background-size":"auto","background-attachment":"scroll","background-type":"","background-media":"","overlay-type":"","overlay-color":"","overlay-opacity":"","overlay-gradient":""},"tablet":{"background-color":"var(--ast-global-color-5)","background-image":"","background-repeat":"repeat","background-position":"center center","background-size":"auto","background-attachment":"scroll","background-type":"","background-media":"","overlay-type":"","overlay-color":"","overlay-opacity":"","overlay-gradient":""},"mobile":{"background-color":"var(--ast-global-color-5)","background-image":"","background-repeat":"repeat","background-position":"center center","background-size":"auto","background-attachment":"scroll","background-type":"","background-media":"","overlay-type":"","overlay-color":"","overlay-opacity":"","overlay-gradient":""}},"footnotes":""},"categories":[4],"tags":[476,478,477],"class_list":["post-11704","post","type-post","status-publish","format-standard","has-post-thumbnail","hentry","category-actualites","tag-accueil","tag-entretien","tag-groupes"],"yoast_head":"<!-- This site is optimized with the Yoast SEO plugin v27.5 - https:\/\/yoast.com\/product\/yoast-seo-wordpress\/ -->\n<title>Appel \u00e0 candidatures : r\u00e9sidences Odyss\u00e9e\/Nora 2026 - Ch\u00e2teau de Goutelas<\/title>\n<meta name=\"robots\" content=\"index, follow, max-snippet:-1, max-image-preview:large, max-video-preview:-1\" \/>\n<link rel=\"canonical\" href=\"https:\/\/www.chateaudegoutelas.fr\/en\/residences-odyssee-nora-2026-accr\/\" \/>\n<meta property=\"og:locale\" content=\"en_GB\" \/>\n<meta property=\"og:type\" content=\"article\" \/>\n<meta property=\"og:title\" content=\"Appel \u00e0 candidatures : r\u00e9sidences Odyss\u00e9e\/Nora 2026 - Ch\u00e2teau de Goutelas\" \/>\n<meta property=\"og:description\" content=\"\u00a9 Valentin Touly Avec le soutien du Minist\u00e8re de la Culture, l&rsquo;Association des Centres Culturels de Rencontre coordonne le programme de r\u00e9sidence \u00ab Odyss\u00e9e\/Nora \u00bb au sein du r\u00e9seau des Centres culturels de rencontre. Ce programme s&rsquo;adresse aux artistes ou professionnel\u00b7les de la culture venant d&rsquo;autres pays ou d\u00e9plac\u00e9\u00b7es en France, souhaitant r\u00e9aliser une r\u00e9sidence [&hellip;]\" \/>\n<meta property=\"og:url\" content=\"https:\/\/www.chateaudegoutelas.fr\/en\/residences-odyssee-nora-2026-accr\/\" \/>\n<meta property=\"og:site_name\" content=\"Ch\u00e2teau de Goutelas\" \/>\n<meta property=\"article:published_time\" content=\"2026-01-28T16:56:39+00:00\" \/>\n<meta property=\"og:image\" content=\"https:\/\/www.chateaudegoutelas.fr\/wp-content\/uploads\/2026\/01\/credit-Valentin-Touly_1-min-scaled.jpg\" \/>\n\t<meta property=\"og:image:width\" content=\"2560\" \/>\n\t<meta property=\"og:image:height\" content=\"1707\" \/>\n\t<meta property=\"og:image:type\" content=\"image\/jpeg\" \/>\n<meta name=\"author\" content=\"chateau@goutelas\" \/>\n<meta name=\"twitter:card\" content=\"summary_large_image\" \/>\n<meta name=\"twitter:label1\" content=\"Written by\" \/>\n\t<meta name=\"twitter:data1\" content=\"chateau@goutelas\" \/>\n\t<meta name=\"twitter:label2\" content=\"Estimated reading time\" \/>\n\t<meta name=\"twitter:data2\" content=\"3 minutes\" \/>\n<script type=\"application\/ld+json\" class=\"yoast-schema-graph\">{\"@context\":\"https:\\\/\\\/schema.org\",\"@graph\":[{\"@type\":\"Article\",\"@id\":\"https:\\\/\\\/www.chateaudegoutelas.fr\\\/residences-odyssee-nora-2026-accr\\\/#article\",\"isPartOf\":{\"@id\":\"https:\\\/\\\/www.chateaudegoutelas.fr\\\/residences-odyssee-nora-2026-accr\\\/\"},\"author\":{\"name\":\"chateau@goutelas\",\"@id\":\"https:\\\/\\\/www.chateaudegoutelas.fr\\\/#\\\/schema\\\/person\\\/7e406e8ae114bb86bb9b82d52e6a1738\"},\"headline\":\"Appel \u00e0 candidatures : r\u00e9sidences Odyss\u00e9e\\\/Nora 2026\",\"datePublished\":\"2026-01-28T16:56:39+00:00\",\"mainEntityOfPage\":{\"@id\":\"https:\\\/\\\/www.chateaudegoutelas.fr\\\/residences-odyssee-nora-2026-accr\\\/\"},\"wordCount\":225,\"publisher\":{\"@id\":\"https:\\\/\\\/www.chateaudegoutelas.fr\\\/#organization\"},\"image\":{\"@id\":\"https:\\\/\\\/www.chateaudegoutelas.fr\\\/residences-odyssee-nora-2026-accr\\\/#primaryimage\"},\"thumbnailUrl\":\"https:\\\/\\\/www.chateaudegoutelas.fr\\\/wp-content\\\/uploads\\\/2026\\\/01\\\/credit-Valentin-Touly_1-min-scaled.jpg\",\"keywords\":[\"accueil\",\"entretien\",\"groupes\"],\"articleSection\":[\"Actualit\u00e9\"],\"inLanguage\":\"en-GB\"},{\"@type\":\"WebPage\",\"@id\":\"https:\\\/\\\/www.chateaudegoutelas.fr\\\/residences-odyssee-nora-2026-accr\\\/\",\"url\":\"https:\\\/\\\/www.chateaudegoutelas.fr\\\/residences-odyssee-nora-2026-accr\\\/\",\"name\":\"Appel \u00e0 candidatures : r\u00e9sidences Odyss\u00e9e\\\/Nora 2026 - Ch\u00e2teau de Goutelas\",\"isPartOf\":{\"@id\":\"https:\\\/\\\/www.chateaudegoutelas.fr\\\/#website\"},\"primaryImageOfPage\":{\"@id\":\"https:\\\/\\\/www.chateaudegoutelas.fr\\\/residences-odyssee-nora-2026-accr\\\/#primaryimage\"},\"image\":{\"@id\":\"https:\\\/\\\/www.chateaudegoutelas.fr\\\/residences-odyssee-nora-2026-accr\\\/#primaryimage\"},\"thumbnailUrl\":\"https:\\\/\\\/www.chateaudegoutelas.fr\\\/wp-content\\\/uploads\\\/2026\\\/01\\\/credit-Valentin-Touly_1-min-scaled.jpg\",\"datePublished\":\"2026-01-28T16:56:39+00:00\",\"breadcrumb\":{\"@id\":\"https:\\\/\\\/www.chateaudegoutelas.fr\\\/residences-odyssee-nora-2026-accr\\\/#breadcrumb\"},\"inLanguage\":\"en-GB\",\"potentialAction\":[{\"@type\":\"ReadAction\",\"target\":[\"https:\\\/\\\/www.chateaudegoutelas.fr\\\/residences-odyssee-nora-2026-accr\\\/\"]}]},{\"@type\":\"ImageObject\",\"inLanguage\":\"en-GB\",\"@id\":\"https:\\\/\\\/www.chateaudegoutelas.fr\\\/residences-odyssee-nora-2026-accr\\\/#primaryimage\",\"url\":\"https:\\\/\\\/www.chateaudegoutelas.fr\\\/wp-content\\\/uploads\\\/2026\\\/01\\\/credit-Valentin-Touly_1-min-scaled.jpg\",\"contentUrl\":\"https:\\\/\\\/www.chateaudegoutelas.fr\\\/wp-content\\\/uploads\\\/2026\\\/01\\\/credit-Valentin-Touly_1-min-scaled.jpg\",\"width\":2560,\"height\":1707},{\"@type\":\"BreadcrumbList\",\"@id\":\"https:\\\/\\\/www.chateaudegoutelas.fr\\\/residences-odyssee-nora-2026-accr\\\/#breadcrumb\",\"itemListElement\":[{\"@type\":\"ListItem\",\"position\":1,\"name\":\"Accueil\",\"item\":\"https:\\\/\\\/www.chateaudegoutelas.fr\\\/\"},{\"@type\":\"ListItem\",\"position\":2,\"name\":\"Appel \u00e0 candidatures : r\u00e9sidences Odyss\u00e9e\\\/Nora 2026\"}]},{\"@type\":\"WebSite\",\"@id\":\"https:\\\/\\\/www.chateaudegoutelas.fr\\\/#website\",\"url\":\"https:\\\/\\\/www.chateaudegoutelas.fr\\\/\",\"name\":\"Ch\u00e2teau de Goutelas\",\"description\":\"Un centre culturel de rencontre en Forez\",\"publisher\":{\"@id\":\"https:\\\/\\\/www.chateaudegoutelas.fr\\\/#organization\"},\"potentialAction\":[{\"@type\":\"SearchAction\",\"target\":{\"@type\":\"EntryPoint\",\"urlTemplate\":\"https:\\\/\\\/www.chateaudegoutelas.fr\\\/?s={search_term_string}\"},\"query-input\":{\"@type\":\"PropertyValueSpecification\",\"valueRequired\":true,\"valueName\":\"search_term_string\"}}],\"inLanguage\":\"en-GB\"},{\"@type\":\"Organization\",\"@id\":\"https:\\\/\\\/www.chateaudegoutelas.fr\\\/#organization\",\"name\":\"Ch\u00e2teau de Goutelas\",\"url\":\"https:\\\/\\\/www.chateaudegoutelas.fr\\\/\",\"logo\":{\"@type\":\"ImageObject\",\"inLanguage\":\"en-GB\",\"@id\":\"https:\\\/\\\/www.chateaudegoutelas.fr\\\/#\\\/schema\\\/logo\\\/image\\\/\",\"url\":\"https:\\\/\\\/www.chateaudegoutelas.fr\\\/wp-content\\\/uploads\\\/2023\\\/05\\\/logo-chateau-goutelas-bleu.png\",\"contentUrl\":\"https:\\\/\\\/www.chateaudegoutelas.fr\\\/wp-content\\\/uploads\\\/2023\\\/05\\\/logo-chateau-goutelas-bleu.png\",\"width\":1123,\"height\":327,\"caption\":\"Ch\u00e2teau de Goutelas\"},\"image\":{\"@id\":\"https:\\\/\\\/www.chateaudegoutelas.fr\\\/#\\\/schema\\\/logo\\\/image\\\/\"}},{\"@type\":\"Person\",\"@id\":\"https:\\\/\\\/www.chateaudegoutelas.fr\\\/#\\\/schema\\\/person\\\/7e406e8ae114bb86bb9b82d52e6a1738\",\"name\":\"chateau@goutelas\",\"image\":{\"@type\":\"ImageObject\",\"inLanguage\":\"en-GB\",\"@id\":\"https:\\\/\\\/secure.gravatar.com\\\/avatar\\\/81dca52e038e1e2a8e548cbc7a6a4752e4b1b2df1c0ab48a36029d14ad9c944f?s=96&d=mm&r=g\",\"url\":\"https:\\\/\\\/secure.gravatar.com\\\/avatar\\\/81dca52e038e1e2a8e548cbc7a6a4752e4b1b2df1c0ab48a36029d14ad9c944f?s=96&d=mm&r=g\",\"contentUrl\":\"https:\\\/\\\/secure.gravatar.com\\\/avatar\\\/81dca52e038e1e2a8e548cbc7a6a4752e4b1b2df1c0ab48a36029d14ad9c944f?s=96&d=mm&r=g\",\"caption\":\"chateau@goutelas\"},\"url\":\"https:\\\/\\\/www.chateaudegoutelas.fr\\\/en\\\/author\\\/chateaugoutelas\\\/\"}]}<\/script>\n<!-- \/ Yoast SEO plugin. -->","yoast_head_json":{"title":"Appel \u00e0 candidatures : r\u00e9sidences Odyss\u00e9e\/Nora 2026 - Ch\u00e2teau de Goutelas","robots":{"index":"index","follow":"follow","max-snippet":"max-snippet:-1","max-image-preview":"max-image-preview:large","max-video-preview":"max-video-preview:-1"},"canonical":"https:\/\/www.chateaudegoutelas.fr\/en\/residences-odyssee-nora-2026-accr\/","og_locale":"en_GB","og_type":"article","og_title":"Appel \u00e0 candidatures : r\u00e9sidences Odyss\u00e9e\/Nora 2026 - Ch\u00e2teau de Goutelas","og_description":"\u00a9 Valentin Touly Avec le soutien du Minist\u00e8re de la Culture, l&rsquo;Association des Centres Culturels de Rencontre coordonne le programme de r\u00e9sidence \u00ab Odyss\u00e9e\/Nora \u00bb au sein du r\u00e9seau des Centres culturels de rencontre. Ce programme s&rsquo;adresse aux artistes ou professionnel\u00b7les de la culture venant d&rsquo;autres pays ou d\u00e9plac\u00e9\u00b7es en France, souhaitant r\u00e9aliser une r\u00e9sidence [&hellip;]","og_url":"https:\/\/www.chateaudegoutelas.fr\/en\/residences-odyssee-nora-2026-accr\/","og_site_name":"Ch\u00e2teau de Goutelas","article_published_time":"2026-01-28T16:56:39+00:00","og_image":[{"width":2560,"height":1707,"url":"https:\/\/www.chateaudegoutelas.fr\/wp-content\/uploads\/2026\/01\/credit-Valentin-Touly_1-min-scaled.jpg","type":"image\/jpeg"}],"author":"chateau@goutelas","twitter_card":"summary_large_image","twitter_misc":{"Written by":"chateau@goutelas","Estimated reading time":"3 minutes"},"schema":{"@context":"https:\/\/schema.org","@graph":[{"@type":"Article","@id":"https:\/\/www.chateaudegoutelas.fr\/residences-odyssee-nora-2026-accr\/#article","isPartOf":{"@id":"https:\/\/www.chateaudegoutelas.fr\/residences-odyssee-nora-2026-accr\/"},"author":{"name":"chateau@goutelas","@id":"https:\/\/www.chateaudegoutelas.fr\/#\/schema\/person\/7e406e8ae114bb86bb9b82d52e6a1738"},"headline":"Appel \u00e0 candidatures : r\u00e9sidences Odyss\u00e9e\/Nora 2026","datePublished":"2026-01-28T16:56:39+00:00","mainEntityOfPage":{"@id":"https:\/\/www.chateaudegoutelas.fr\/residences-odyssee-nora-2026-accr\/"},"wordCount":225,"publisher":{"@id":"https:\/\/www.chateaudegoutelas.fr\/#organization"},"image":{"@id":"https:\/\/www.chateaudegoutelas.fr\/residences-odyssee-nora-2026-accr\/#primaryimage"},"thumbnailUrl":"https:\/\/www.chateaudegoutelas.fr\/wp-content\/uploads\/2026\/01\/credit-Valentin-Touly_1-min-scaled.jpg","keywords":["accueil","entretien","groupes"],"articleSection":["Actualit\u00e9"],"inLanguage":"en-GB"},{"@type":"WebPage","@id":"https:\/\/www.chateaudegoutelas.fr\/residences-odyssee-nora-2026-accr\/","url":"https:\/\/www.chateaudegoutelas.fr\/residences-odyssee-nora-2026-accr\/","name":"Appel \u00e0 candidatures : r\u00e9sidences Odyss\u00e9e\/Nora 2026 - Ch\u00e2teau de Goutelas","isPartOf":{"@id":"https:\/\/www.chateaudegoutelas.fr\/#website"},"primaryImageOfPage":{"@id":"https:\/\/www.chateaudegoutelas.fr\/residences-odyssee-nora-2026-accr\/#primaryimage"},"image":{"@id":"https:\/\/www.chateaudegoutelas.fr\/residences-odyssee-nora-2026-accr\/#primaryimage"},"thumbnailUrl":"https:\/\/www.chateaudegoutelas.fr\/wp-content\/uploads\/2026\/01\/credit-Valentin-Touly_1-min-scaled.jpg","datePublished":"2026-01-28T16:56:39+00:00","breadcrumb":{"@id":"https:\/\/www.chateaudegoutelas.fr\/residences-odyssee-nora-2026-accr\/#breadcrumb"},"inLanguage":"en-GB","potentialAction":[{"@type":"ReadAction","target":["https:\/\/www.chateaudegoutelas.fr\/residences-odyssee-nora-2026-accr\/"]}]},{"@type":"ImageObject","inLanguage":"en-GB","@id":"https:\/\/www.chateaudegoutelas.fr\/residences-odyssee-nora-2026-accr\/#primaryimage","url":"https:\/\/www.chateaudegoutelas.fr\/wp-content\/uploads\/2026\/01\/credit-Valentin-Touly_1-min-scaled.jpg","contentUrl":"https:\/\/www.chateaudegoutelas.fr\/wp-content\/uploads\/2026\/01\/credit-Valentin-Touly_1-min-scaled.jpg","width":2560,"height":1707},{"@type":"BreadcrumbList","@id":"https:\/\/www.chateaudegoutelas.fr\/residences-odyssee-nora-2026-accr\/#breadcrumb","itemListElement":[{"@type":"ListItem","position":1,"name":"Accueil","item":"https:\/\/www.chateaudegoutelas.fr\/"},{"@type":"ListItem","position":2,"name":"Appel \u00e0 candidatures : r\u00e9sidences Odyss\u00e9e\/Nora 2026"}]},{"@type":"WebSite","@id":"https:\/\/www.chateaudegoutelas.fr\/#website","url":"https:\/\/www.chateaudegoutelas.fr\/","name":"Ch\u00e2teau de Goutelas","description":"Un centre culturel de rencontre en Forez","publisher":{"@id":"https:\/\/www.chateaudegoutelas.fr\/#organization"},"potentialAction":[{"@type":"SearchAction","target":{"@type":"EntryPoint","urlTemplate":"https:\/\/www.chateaudegoutelas.fr\/?s={search_term_string}"},"query-input":{"@type":"PropertyValueSpecification","valueRequired":true,"valueName":"search_term_string"}}],"inLanguage":"en-GB"},{"@type":"Organization","@id":"https:\/\/www.chateaudegoutelas.fr\/#organization","name":"Ch\u00e2teau de Goutelas","url":"https:\/\/www.chateaudegoutelas.fr\/","logo":{"@type":"ImageObject","inLanguage":"en-GB","@id":"https:\/\/www.chateaudegoutelas.fr\/#\/schema\/logo\/image\/","url":"https:\/\/www.chateaudegoutelas.fr\/wp-content\/uploads\/2023\/05\/logo-chateau-goutelas-bleu.png","contentUrl":"https:\/\/www.chateaudegoutelas.fr\/wp-content\/uploads\/2023\/05\/logo-chateau-goutelas-bleu.png","width":1123,"height":327,"caption":"Ch\u00e2teau de Goutelas"},"image":{"@id":"https:\/\/www.chateaudegoutelas.fr\/#\/schema\/logo\/image\/"}},{"@type":"Person","@id":"https:\/\/www.chateaudegoutelas.fr\/#\/schema\/person\/7e406e8ae114bb86bb9b82d52e6a1738","name":"chateau@goutelas","image":{"@type":"ImageObject","inLanguage":"en-GB","@id":"https:\/\/secure.gravatar.com\/avatar\/81dca52e038e1e2a8e548cbc7a6a4752e4b1b2df1c0ab48a36029d14ad9c944f?s=96&d=mm&r=g","url":"https:\/\/secure.gravatar.com\/avatar\/81dca52e038e1e2a8e548cbc7a6a4752e4b1b2df1c0ab48a36029d14ad9c944f?s=96&d=mm&r=g","contentUrl":"https:\/\/secure.gravatar.com\/avatar\/81dca52e038e1e2a8e548cbc7a6a4752e4b1b2df1c0ab48a36029d14ad9c944f?s=96&d=mm&r=g","caption":"chateau@goutelas"},"url":"https:\/\/www.chateaudegoutelas.fr\/en\/author\/chateaugoutelas\/"}]}},"_links":{"self":[{"href":"https:\/\/www.chateaudegoutelas.fr\/en\/wp-json\/wp\/v2\/posts\/11704","targetHints":{"allow":["GET"]}}],"collection":[{"href":"https:\/\/www.chateaudegoutelas.fr\/en\/wp-json\/wp\/v2\/posts"}],"about":[{"href":"https:\/\/www.chateaudegoutelas.fr\/en\/wp-json\/wp\/v2\/types\/post"}],"author":[{"embeddable":true,"href":"https:\/\/www.chateaudegoutelas.fr\/en\/wp-json\/wp\/v2\/users\/7"}],"replies":[{"embeddable":true,"href":"https:\/\/www.chateaudegoutelas.fr\/en\/wp-json\/wp\/v2\/comments?post=11704"}],"version-history":[{"count":2,"href":"https:\/\/www.chateaudegoutelas.fr\/en\/wp-json\/wp\/v2\/posts\/11704\/revisions"}],"predecessor-version":[{"id":11708,"href":"https:\/\/www.chateaudegoutelas.fr\/en\/wp-json\/wp\/v2\/posts\/11704\/revisions\/11708"}],"wp:featuredmedia":[{"embeddable":true,"href":"https:\/\/www.chateaudegoutelas.fr\/en\/wp-json\/wp\/v2\/media\/11705"}],"wp:attachment":[{"href":"https:\/\/www.chateaudegoutelas.fr\/en\/wp-json\/wp\/v2\/media?parent=11704"}],"wp:term":[{"taxonomy":"category","embeddable":true,"href":"https:\/\/www.chateaudegoutelas.fr\/en\/wp-json\/wp\/v2\/categories?post=11704"},{"taxonomy":"post_tag","embeddable":true,"href":"https:\/\/www.chateaudegoutelas.fr\/en\/wp-json\/wp\/v2\/tags?post=11704"}],"curies":[{"name":"wp","href":"https:\/\/api.w.org\/{rel}","templated":true}]}}