{"id":11686,"date":"2026-01-23T15:29:27","date_gmt":"2026-01-23T14:29:27","guid":{"rendered":"https:\/\/www.chateaudegoutelas.fr\/?p=11686"},"modified":"2026-01-23T15:29:27","modified_gmt":"2026-01-23T14:29:27","slug":"rencontres-aurasv-fevrier-2026","status":"publish","type":"post","link":"https:\/\/www.chateaudegoutelas.fr\/en\/rencontres-aurasv-fevrier-2026\/","title":{"rendered":"Auvergne Rh\u00f4ne-Alpes Spectacle Vivant : deux rencontres professionnelles en f\u00e9vrier 2026"},"content":{"rendered":"<img loading=\"lazy\" decoding=\"async\" width=\"2560\" height=\"1706\" src=\"https:\/\/www.chateaudegoutelas.fr\/wp-content\/uploads\/2026\/01\/seminaire_credit-Chateau-de-Goutelas-scaled.jpg\" class=\"attachment-post-thumbnail size-post-thumbnail wp-post-image\" alt=\"\" srcset=\"https:\/\/www.chateaudegoutelas.fr\/wp-content\/uploads\/2026\/01\/seminaire_credit-Chateau-de-Goutelas-scaled.jpg 2560w, https:\/\/www.chateaudegoutelas.fr\/wp-content\/uploads\/2026\/01\/seminaire_credit-Chateau-de-Goutelas-1200x800.jpg 1200w, https:\/\/www.chateaudegoutelas.fr\/wp-content\/uploads\/2026\/01\/seminaire_credit-Chateau-de-Goutelas-1920x1280.jpg 1920w, https:\/\/www.chateaudegoutelas.fr\/wp-content\/uploads\/2026\/01\/seminaire_credit-Chateau-de-Goutelas-768x512.jpg 768w, https:\/\/www.chateaudegoutelas.fr\/wp-content\/uploads\/2026\/01\/seminaire_credit-Chateau-de-Goutelas-1536x1024.jpg 1536w, https:\/\/www.chateaudegoutelas.fr\/wp-content\/uploads\/2026\/01\/seminaire_credit-Chateau-de-Goutelas-2048x1365.jpg 2048w, https:\/\/www.chateaudegoutelas.fr\/wp-content\/uploads\/2026\/01\/seminaire_credit-Chateau-de-Goutelas-18x12.jpg 18w\" sizes=\"auto, (max-width: 2560px) 100vw, 2560px\" \/>\n\t<p>\u00a9 Ch\u00e2teau de Goutelas<\/p>\n\t<p><strong>Lundi 23 f\u00e9vrier 2026<\/strong>, Goutelas accueille l&rsquo;agence <a href=\"https:\/\/auvergnerhonealpes-spectaclevivant.fr\/\">Auvergne-Rh\u00f4ne-Alpes Spectacle Vivant<\/a> pour deux \u00ab\u00a0rencontres ing\u00e9nieuses\u00a0\u00bb adress\u00e9es \u00e0 des professionnel\u00b7les de diff\u00e9rents secteurs :<\/p>\n<ul>\n<li>9h30 \u00e0 12h30 : Atelier <a href=\"https:\/\/auvergnerhonealpes-spectaclevivant.fr\/agenda\/rencontre-ingenieuse-atelier-evolution-des-projets-et-des-services-culturels-en-collectivite\/\">\u00c9volution des projets et des services culturels en collectivit\u00e9 <\/a>(agents et agentes de service culture des diff\u00e9rentes collectivit\u00e9s, de l&rsquo;\u00e9chelon municipal \u00e0 d\u00e9partemental)<\/li>\n<li>14h30 \u00e0 17h30 : Table ronde <a href=\"https:\/\/auvergnerhonealpes-spectaclevivant.fr\/agenda\/rencontre-ingenieuse-table-ronde-agriculture-alimentation-et-pratiques-artistiques-et-culturelles\/\">Agriculture, alimentation et pratiques artistiques et culturelles<\/a>\u00a0(professionnel\u00b7les des secteurs culturel et\/ou agricoles, lieux (agri)culturels, compagnies artistiques, collectifs agricoles et associations&#8230;)<\/li>\n<\/ul>\n<p>Retrouvez toutes les informations et inscriptions en suivant les liens.<\/p>\n\t\t\t\t<a href=\"https:\/\/auvergnerhonealpes-spectaclevivant.fr\/\"  target=\"_self\" itemprop=\"url\">\n\t\t\t\t<img decoding=\"async\" src=\"https:\/\/www.chateaudegoutelas.fr\/wp-content\/uploads\/2023\/09\/Auvergne-Rhone-Alpes-spectacle-vivant-e1769178479580.jpg\" alt=\"Auvergne Rhone Alpes spectacle vivant\" itemprop=\"image\" height=\"178\" width=\"400\" title=\"Auvergne Rhone Alpes spectacle vivant\" onerror=\"this.style.display='none'\" loading=\"lazy\" \/>\n\t\t\t\t<\/a>\n<h4>\n\t\t\tAutres actualit\u00e9s\t<\/h4>\n\t\t<a href=\"https:\/\/www.chateaudegoutelas.fr\/en\/voeux-2026\/\" title=\"Afficher le contenu de la bo\u00eete\" target=\"_self\"  aria-label=\"Post Element\"><\/a>\t\t\n\t\t\t\t\t\t\t\t\t\t\t\t\t\t<a href=\"https:\/\/www.chateaudegoutelas.fr\/en\/voeux-2026\/\" target=\"_self\" title=\"Meilleurs v\u0153ux pour 2026\">\n\t\t\t\t<img decoding=\"async\" src=\"https:\/\/www.chateaudegoutelas.fr\/wp-content\/uploads\/2026\/01\/Visuel_seul-min-720x720.png\" alt=\"\" \/>\n\t\t\t\t<\/a>\n\t\t\t\t<a href=\"https:\/\/www.chateaudegoutelas.fr\/en\/voeux-2026\/\" title=\"Meilleurs v\u0153ux pour 2026\">Meilleurs v\u0153ux pour 2026<\/a>\t\t\t\n\t\t<a href=\"https:\/\/www.chateaudegoutelas.fr\/en\/projets-cooperatifs-accr\/\" title=\"Afficher le contenu de la bo\u00eete\" target=\"_self\"  aria-label=\"Post Element\"><\/a>\t\t\n\t\t\t\t\t\t\t\t\t\t\t\t\t\t<a href=\"https:\/\/www.chateaudegoutelas.fr\/en\/projets-cooperatifs-accr\/\" target=\"_self\" title=\"Panorama des projets coop\u00e9ratifs au sein de l'ACCR\">\n\t\t\t\t<img decoding=\"async\" src=\"https:\/\/www.chateaudegoutelas.fr\/wp-content\/uploads\/2025\/12\/accr-panorama-apercu-couv-720x720.png\" alt=\"\" \/>\n\t\t\t\t<\/a>\n\t\t\t\t<a href=\"https:\/\/www.chateaudegoutelas.fr\/en\/projets-cooperatifs-accr\/\" title=\"Panorama des projets coop\u00e9ratifs au sein de l'ACCR\">Panorama des projets coop\u00e9ratifs au sein de l&rsquo;ACCR<\/a>\t\t\t\n\t\t<a href=\"https:\/\/www.chateaudegoutelas.fr\/en\/rencontre-bernard-rivoire-resolia\/\" title=\"Afficher le contenu de la bo\u00eete\" target=\"_self\"  aria-label=\"Post Element\"><\/a>\t\t\n\t\t\t\t\t\t\t\t\t\t\t\t\t\t<a href=\"https:\/\/www.chateaudegoutelas.fr\/en\/rencontre-bernard-rivoire-resolia\/\" target=\"_self\" title=\"Rencontre : Bernard Rivoire et les formations RESOLIA \u00e0 Goutelas\">\n\t\t\t\t<img decoding=\"async\" src=\"https:\/\/www.chateaudegoutelas.fr\/wp-content\/uploads\/2025\/11\/IMG-20250926-WA0001-720x720.jpg\" alt=\"\" \/>\n\t\t\t\t<\/a>\n\t\t\t\t<a href=\"https:\/\/www.chateaudegoutelas.fr\/en\/rencontre-bernard-rivoire-resolia\/\" title=\"Rencontre : Bernard Rivoire et les formations RESOLIA \u00e0 Goutelas\">Rencontre : Bernard Rivoire et les formations RESOLIA \u00e0 Goutelas<\/a>\t\t\t\n\t\t\t<a href=\"https:\/\/www.chateaudegoutelas.fr\/en\/actualites\/\" target=\"_self\">\n\t\t\t\t\t\t\tVOIR TOUT\n\t\t\t\t\t<\/a>\n<h2>\n\t\t\tvoir aussi\t<\/h2>\n\t\t<a href=\"https:\/\/www.chateaudegoutelas.fr\/en\/femmes-de-goutelas\/\" title=\"Afficher le contenu de la bo\u00eete\" target=\"_self\"  aria-label=\"Post Element\"><\/a>\t\t\n\t\t\t\t\t\t\t\t\t\t\t\t\t\t<a href=\"https:\/\/www.chateaudegoutelas.fr\/en\/femmes-de-goutelas\/\" target=\"_self\" title=\"Femmes de Goutelas\">\n\t\t\t\t<img decoding=\"async\" src=\"https:\/\/www.chateaudegoutelas.fr\/wp-content\/uploads\/2024\/12\/image8-720x720.jpg\" alt=\"\" \/>\n\t\t\t\t<\/a>\n\t\t\t\t<a href=\"https:\/\/www.chateaudegoutelas.fr\/en\/femmes-de-goutelas\/\" title=\"Femmes de Goutelas\">Femmes de Goutelas<\/a>\t\t\t\n\t\t<a href=\"https:\/\/www.chateaudegoutelas.fr\/en\/femmes-au-chateau\/\" title=\"Afficher le contenu de la bo\u00eete\" target=\"_self\"  aria-label=\"Post Element\"><\/a>\t\t\n\t\t\t\t\t\t\t\t\t\t\t\t\t\t<a href=\"https:\/\/www.chateaudegoutelas.fr\/en\/femmes-au-chateau\/\" target=\"_self\" title=\"Livre \u00ab\u00a0Femmes, au ch\u00e2teau ! Reprendre le r\u00e9cit de Goutelas\u00a0\u00bb\">\n\t\t\t\t<img decoding=\"async\" src=\"https:\/\/www.chateaudegoutelas.fr\/wp-content\/uploads\/2025\/09\/visuel-carre-720x720.png\" alt=\"\" \/>\n\t\t\t\t<\/a>\n\t\t\t\t<a href=\"https:\/\/www.chateaudegoutelas.fr\/en\/femmes-au-chateau\/\" title=\"Livre \u00ab\u00a0Femmes, au ch\u00e2teau ! Reprendre le r\u00e9cit de Goutelas\u00a0\u00bb\">Livre \u00ab\u00a0Femmes, au ch\u00e2teau ! Reprendre le r\u00e9cit de Goutelas\u00a0\u00bb<\/a>\t\t\t\n\t\t<a href=\"https:\/\/www.chateaudegoutelas.fr\/en\/le-chateau-de-goutelas\/les-vies-du-chateau\/\" title=\"Afficher le contenu de la bo\u00eete\" target=\"_self\"  aria-label=\"Post Element\"><\/a>\t\t\n\t\t\t\t\t\t\t\t\t\t\t\t\t\t<a href=\"https:\/\/www.chateaudegoutelas.fr\/en\/le-chateau-de-goutelas\/les-vies-du-chateau\/\" target=\"_self\" title=\"Histoire\">\n\t\t\t\t<img decoding=\"async\" src=\"https:\/\/www.chateaudegoutelas.fr\/wp-content\/uploads\/2023\/09\/\u00a9Chateau-de-Goutelas2-1-720x720.jpg\" alt=\"\" \/>\n\t\t\t\t<\/a>\n\t\t\t\t<a href=\"https:\/\/www.chateaudegoutelas.fr\/en\/le-chateau-de-goutelas\/les-vies-du-chateau\/\" title=\"Histoire\">Histoire<\/a>","protected":false},"excerpt":{"rendered":"<p>\u00a9 Ch\u00e2teau de Goutelas Lundi 23 f\u00e9vrier 2026, Goutelas accueille l&rsquo;agence Auvergne-Rh\u00f4ne-Alpes Spectacle Vivant pour deux \u00ab\u00a0rencontres ing\u00e9nieuses\u00a0\u00bb adress\u00e9es \u00e0 des professionnel\u00b7les de diff\u00e9rents secteurs : 9h30 \u00e0 12h30 : Atelier \u00c9volution des projets et des services culturels en collectivit\u00e9 (agents et agentes de service culture des diff\u00e9rentes collectivit\u00e9s, de l&rsquo;\u00e9chelon municipal \u00e0 d\u00e9partemental) 14h30 [&hellip;]<\/p>\n","protected":false},"author":7,"featured_media":11687,"comment_status":"closed","ping_status":"closed","sticky":false,"template":"","format":"standard","meta":{"site-sidebar-layout":"default","site-content-layout":"","ast-site-content-layout":"default","site-content-style":"default","site-sidebar-style":"default","ast-global-header-display":"","ast-banner-title-visibility":"","ast-main-header-display":"","ast-hfb-above-header-display":"","ast-hfb-below-header-display":"","ast-hfb-mobile-header-display":"","site-post-title":"","ast-breadcrumbs-content":"","ast-featured-img":"disabled","footer-sml-layout":"","ast-disable-related-posts":"","theme-transparent-header-meta":"default","adv-header-id-meta":"","stick-header-meta":"default","header-above-stick-meta":"","header-main-stick-meta":"","header-below-stick-meta":"","astra-migrate-meta-layouts":"set","ast-page-background-enabled":"default","ast-page-background-meta":{"desktop":{"background-color":"","background-image":"","background-repeat":"repeat","background-position":"center center","background-size":"auto","background-attachment":"scroll","background-type":"","background-media":"","overlay-type":"","overlay-color":"","overlay-opacity":"","overlay-gradient":""},"tablet":{"background-color":"","background-image":"","background-repeat":"repeat","background-position":"center center","background-size":"auto","background-attachment":"scroll","background-type":"","background-media":"","overlay-type":"","overlay-color":"","overlay-opacity":"","overlay-gradient":""},"mobile":{"background-color":"","background-image":"","background-repeat":"repeat","background-position":"center center","background-size":"auto","background-attachment":"scroll","background-type":"","background-media":"","overlay-type":"","overlay-color":"","overlay-opacity":"","overlay-gradient":""}},"ast-content-background-meta":{"desktop":{"background-color":"var(--ast-global-color-5)","background-image":"","background-repeat":"repeat","background-position":"center center","background-size":"auto","background-attachment":"scroll","background-type":"","background-media":"","overlay-type":"","overlay-color":"","overlay-opacity":"","overlay-gradient":""},"tablet":{"background-color":"var(--ast-global-color-5)","background-image":"","background-repeat":"repeat","background-position":"center center","background-size":"auto","background-attachment":"scroll","background-type":"","background-media":"","overlay-type":"","overlay-color":"","overlay-opacity":"","overlay-gradient":""},"mobile":{"background-color":"var(--ast-global-color-5)","background-image":"","background-repeat":"repeat","background-position":"center center","background-size":"auto","background-attachment":"scroll","background-type":"","background-media":"","overlay-type":"","overlay-color":"","overlay-opacity":"","overlay-gradient":""}},"footnotes":""},"categories":[4],"tags":[476,478,477],"class_list":["post-11686","post","type-post","status-publish","format-standard","has-post-thumbnail","hentry","category-actualites","tag-accueil","tag-entretien","tag-groupes"],"yoast_head":"<!-- This site is optimized with the Yoast SEO plugin v27.4 - https:\/\/yoast.com\/product\/yoast-seo-wordpress\/ -->\n<title>Auvergne Rh\u00f4ne-Alpes Spectacle Vivant : deux rencontres professionnelles en f\u00e9vrier 2026 - Ch\u00e2teau de Goutelas<\/title>\n<meta name=\"robots\" content=\"index, follow, max-snippet:-1, max-image-preview:large, max-video-preview:-1\" \/>\n<link rel=\"canonical\" href=\"https:\/\/www.chateaudegoutelas.fr\/en\/rencontres-aurasv-fevrier-2026\/\" \/>\n<meta property=\"og:locale\" content=\"en_GB\" \/>\n<meta property=\"og:type\" content=\"article\" \/>\n<meta property=\"og:title\" content=\"Auvergne Rh\u00f4ne-Alpes Spectacle Vivant : deux rencontres professionnelles en f\u00e9vrier 2026 - Ch\u00e2teau de Goutelas\" \/>\n<meta property=\"og:description\" content=\"\u00a9 Ch\u00e2teau de Goutelas Lundi 23 f\u00e9vrier 2026, Goutelas accueille l&rsquo;agence Auvergne-Rh\u00f4ne-Alpes Spectacle Vivant pour deux \u00ab\u00a0rencontres ing\u00e9nieuses\u00a0\u00bb adress\u00e9es \u00e0 des professionnel\u00b7les de diff\u00e9rents secteurs : 9h30 \u00e0 12h30 : Atelier \u00c9volution des projets et des services culturels en collectivit\u00e9 (agents et agentes de service culture des diff\u00e9rentes collectivit\u00e9s, de l&rsquo;\u00e9chelon municipal \u00e0 d\u00e9partemental) 14h30 [&hellip;]\" \/>\n<meta property=\"og:url\" content=\"https:\/\/www.chateaudegoutelas.fr\/en\/rencontres-aurasv-fevrier-2026\/\" \/>\n<meta property=\"og:site_name\" content=\"Ch\u00e2teau de Goutelas\" \/>\n<meta property=\"article:published_time\" content=\"2026-01-23T14:29:27+00:00\" \/>\n<meta property=\"og:image\" content=\"https:\/\/www.chateaudegoutelas.fr\/wp-content\/uploads\/2026\/01\/seminaire_credit-Chateau-de-Goutelas-scaled.jpg\" \/>\n\t<meta property=\"og:image:width\" content=\"2560\" \/>\n\t<meta property=\"og:image:height\" content=\"1706\" \/>\n\t<meta property=\"og:image:type\" content=\"image\/jpeg\" \/>\n<meta name=\"author\" content=\"chateau@goutelas\" \/>\n<meta name=\"twitter:card\" content=\"summary_large_image\" \/>\n<meta name=\"twitter:label1\" content=\"Written by\" \/>\n\t<meta name=\"twitter:data1\" content=\"chateau@goutelas\" \/>\n\t<meta name=\"twitter:label2\" content=\"Estimated reading time\" \/>\n\t<meta name=\"twitter:data2\" content=\"3 minutes\" \/>\n<script type=\"application\/ld+json\" class=\"yoast-schema-graph\">{\"@context\":\"https:\\\/\\\/schema.org\",\"@graph\":[{\"@type\":\"Article\",\"@id\":\"https:\\\/\\\/www.chateaudegoutelas.fr\\\/rencontres-aurasv-fevrier-2026\\\/#article\",\"isPartOf\":{\"@id\":\"https:\\\/\\\/www.chateaudegoutelas.fr\\\/rencontres-aurasv-fevrier-2026\\\/\"},\"author\":{\"name\":\"chateau@goutelas\",\"@id\":\"https:\\\/\\\/www.chateaudegoutelas.fr\\\/#\\\/schema\\\/person\\\/7e406e8ae114bb86bb9b82d52e6a1738\"},\"headline\":\"Auvergne Rh\u00f4ne-Alpes Spectacle Vivant : deux rencontres professionnelles en f\u00e9vrier 2026\",\"datePublished\":\"2026-01-23T14:29:27+00:00\",\"mainEntityOfPage\":{\"@id\":\"https:\\\/\\\/www.chateaudegoutelas.fr\\\/rencontres-aurasv-fevrier-2026\\\/\"},\"wordCount\":154,\"publisher\":{\"@id\":\"https:\\\/\\\/www.chateaudegoutelas.fr\\\/#organization\"},\"image\":{\"@id\":\"https:\\\/\\\/www.chateaudegoutelas.fr\\\/rencontres-aurasv-fevrier-2026\\\/#primaryimage\"},\"thumbnailUrl\":\"https:\\\/\\\/www.chateaudegoutelas.fr\\\/wp-content\\\/uploads\\\/2026\\\/01\\\/seminaire_credit-Chateau-de-Goutelas-scaled.jpg\",\"keywords\":[\"accueil\",\"entretien\",\"groupes\"],\"articleSection\":[\"Actualit\u00e9\"],\"inLanguage\":\"en-GB\"},{\"@type\":\"WebPage\",\"@id\":\"https:\\\/\\\/www.chateaudegoutelas.fr\\\/rencontres-aurasv-fevrier-2026\\\/\",\"url\":\"https:\\\/\\\/www.chateaudegoutelas.fr\\\/rencontres-aurasv-fevrier-2026\\\/\",\"name\":\"Auvergne Rh\u00f4ne-Alpes Spectacle Vivant : deux rencontres professionnelles en f\u00e9vrier 2026 - Ch\u00e2teau de Goutelas\",\"isPartOf\":{\"@id\":\"https:\\\/\\\/www.chateaudegoutelas.fr\\\/#website\"},\"primaryImageOfPage\":{\"@id\":\"https:\\\/\\\/www.chateaudegoutelas.fr\\\/rencontres-aurasv-fevrier-2026\\\/#primaryimage\"},\"image\":{\"@id\":\"https:\\\/\\\/www.chateaudegoutelas.fr\\\/rencontres-aurasv-fevrier-2026\\\/#primaryimage\"},\"thumbnailUrl\":\"https:\\\/\\\/www.chateaudegoutelas.fr\\\/wp-content\\\/uploads\\\/2026\\\/01\\\/seminaire_credit-Chateau-de-Goutelas-scaled.jpg\",\"datePublished\":\"2026-01-23T14:29:27+00:00\",\"breadcrumb\":{\"@id\":\"https:\\\/\\\/www.chateaudegoutelas.fr\\\/rencontres-aurasv-fevrier-2026\\\/#breadcrumb\"},\"inLanguage\":\"en-GB\",\"potentialAction\":[{\"@type\":\"ReadAction\",\"target\":[\"https:\\\/\\\/www.chateaudegoutelas.fr\\\/rencontres-aurasv-fevrier-2026\\\/\"]}]},{\"@type\":\"ImageObject\",\"inLanguage\":\"en-GB\",\"@id\":\"https:\\\/\\\/www.chateaudegoutelas.fr\\\/rencontres-aurasv-fevrier-2026\\\/#primaryimage\",\"url\":\"https:\\\/\\\/www.chateaudegoutelas.fr\\\/wp-content\\\/uploads\\\/2026\\\/01\\\/seminaire_credit-Chateau-de-Goutelas-scaled.jpg\",\"contentUrl\":\"https:\\\/\\\/www.chateaudegoutelas.fr\\\/wp-content\\\/uploads\\\/2026\\\/01\\\/seminaire_credit-Chateau-de-Goutelas-scaled.jpg\",\"width\":2560,\"height\":1706},{\"@type\":\"BreadcrumbList\",\"@id\":\"https:\\\/\\\/www.chateaudegoutelas.fr\\\/rencontres-aurasv-fevrier-2026\\\/#breadcrumb\",\"itemListElement\":[{\"@type\":\"ListItem\",\"position\":1,\"name\":\"Accueil\",\"item\":\"https:\\\/\\\/www.chateaudegoutelas.fr\\\/\"},{\"@type\":\"ListItem\",\"position\":2,\"name\":\"Auvergne Rh\u00f4ne-Alpes Spectacle Vivant : deux rencontres professionnelles en f\u00e9vrier 2026\"}]},{\"@type\":\"WebSite\",\"@id\":\"https:\\\/\\\/www.chateaudegoutelas.fr\\\/#website\",\"url\":\"https:\\\/\\\/www.chateaudegoutelas.fr\\\/\",\"name\":\"Ch\u00e2teau de Goutelas\",\"description\":\"Un centre culturel de rencontre en Forez\",\"publisher\":{\"@id\":\"https:\\\/\\\/www.chateaudegoutelas.fr\\\/#organization\"},\"potentialAction\":[{\"@type\":\"SearchAction\",\"target\":{\"@type\":\"EntryPoint\",\"urlTemplate\":\"https:\\\/\\\/www.chateaudegoutelas.fr\\\/?s={search_term_string}\"},\"query-input\":{\"@type\":\"PropertyValueSpecification\",\"valueRequired\":true,\"valueName\":\"search_term_string\"}}],\"inLanguage\":\"en-GB\"},{\"@type\":\"Organization\",\"@id\":\"https:\\\/\\\/www.chateaudegoutelas.fr\\\/#organization\",\"name\":\"Ch\u00e2teau de Goutelas\",\"url\":\"https:\\\/\\\/www.chateaudegoutelas.fr\\\/\",\"logo\":{\"@type\":\"ImageObject\",\"inLanguage\":\"en-GB\",\"@id\":\"https:\\\/\\\/www.chateaudegoutelas.fr\\\/#\\\/schema\\\/logo\\\/image\\\/\",\"url\":\"https:\\\/\\\/www.chateaudegoutelas.fr\\\/wp-content\\\/uploads\\\/2023\\\/05\\\/logo-chateau-goutelas-bleu.png\",\"contentUrl\":\"https:\\\/\\\/www.chateaudegoutelas.fr\\\/wp-content\\\/uploads\\\/2023\\\/05\\\/logo-chateau-goutelas-bleu.png\",\"width\":1123,\"height\":327,\"caption\":\"Ch\u00e2teau de Goutelas\"},\"image\":{\"@id\":\"https:\\\/\\\/www.chateaudegoutelas.fr\\\/#\\\/schema\\\/logo\\\/image\\\/\"}},{\"@type\":\"Person\",\"@id\":\"https:\\\/\\\/www.chateaudegoutelas.fr\\\/#\\\/schema\\\/person\\\/7e406e8ae114bb86bb9b82d52e6a1738\",\"name\":\"chateau@goutelas\",\"image\":{\"@type\":\"ImageObject\",\"inLanguage\":\"en-GB\",\"@id\":\"https:\\\/\\\/secure.gravatar.com\\\/avatar\\\/81dca52e038e1e2a8e548cbc7a6a4752e4b1b2df1c0ab48a36029d14ad9c944f?s=96&d=mm&r=g\",\"url\":\"https:\\\/\\\/secure.gravatar.com\\\/avatar\\\/81dca52e038e1e2a8e548cbc7a6a4752e4b1b2df1c0ab48a36029d14ad9c944f?s=96&d=mm&r=g\",\"contentUrl\":\"https:\\\/\\\/secure.gravatar.com\\\/avatar\\\/81dca52e038e1e2a8e548cbc7a6a4752e4b1b2df1c0ab48a36029d14ad9c944f?s=96&d=mm&r=g\",\"caption\":\"chateau@goutelas\"},\"url\":\"https:\\\/\\\/www.chateaudegoutelas.fr\\\/en\\\/author\\\/chateaugoutelas\\\/\"}]}<\/script>\n<!-- \/ Yoast SEO plugin. -->","yoast_head_json":{"title":"Auvergne Rh\u00f4ne-Alpes Spectacle Vivant : deux rencontres professionnelles en f\u00e9vrier 2026 - Ch\u00e2teau de Goutelas","robots":{"index":"index","follow":"follow","max-snippet":"max-snippet:-1","max-image-preview":"max-image-preview:large","max-video-preview":"max-video-preview:-1"},"canonical":"https:\/\/www.chateaudegoutelas.fr\/en\/rencontres-aurasv-fevrier-2026\/","og_locale":"en_GB","og_type":"article","og_title":"Auvergne Rh\u00f4ne-Alpes Spectacle Vivant : deux rencontres professionnelles en f\u00e9vrier 2026 - Ch\u00e2teau de Goutelas","og_description":"\u00a9 Ch\u00e2teau de Goutelas Lundi 23 f\u00e9vrier 2026, Goutelas accueille l&rsquo;agence Auvergne-Rh\u00f4ne-Alpes Spectacle Vivant pour deux \u00ab\u00a0rencontres ing\u00e9nieuses\u00a0\u00bb adress\u00e9es \u00e0 des professionnel\u00b7les de diff\u00e9rents secteurs : 9h30 \u00e0 12h30 : Atelier \u00c9volution des projets et des services culturels en collectivit\u00e9 (agents et agentes de service culture des diff\u00e9rentes collectivit\u00e9s, de l&rsquo;\u00e9chelon municipal \u00e0 d\u00e9partemental) 14h30 [&hellip;]","og_url":"https:\/\/www.chateaudegoutelas.fr\/en\/rencontres-aurasv-fevrier-2026\/","og_site_name":"Ch\u00e2teau de Goutelas","article_published_time":"2026-01-23T14:29:27+00:00","og_image":[{"width":2560,"height":1706,"url":"https:\/\/www.chateaudegoutelas.fr\/wp-content\/uploads\/2026\/01\/seminaire_credit-Chateau-de-Goutelas-scaled.jpg","type":"image\/jpeg"}],"author":"chateau@goutelas","twitter_card":"summary_large_image","twitter_misc":{"Written by":"chateau@goutelas","Estimated reading time":"3 minutes"},"schema":{"@context":"https:\/\/schema.org","@graph":[{"@type":"Article","@id":"https:\/\/www.chateaudegoutelas.fr\/rencontres-aurasv-fevrier-2026\/#article","isPartOf":{"@id":"https:\/\/www.chateaudegoutelas.fr\/rencontres-aurasv-fevrier-2026\/"},"author":{"name":"chateau@goutelas","@id":"https:\/\/www.chateaudegoutelas.fr\/#\/schema\/person\/7e406e8ae114bb86bb9b82d52e6a1738"},"headline":"Auvergne Rh\u00f4ne-Alpes Spectacle Vivant : deux rencontres professionnelles en f\u00e9vrier 2026","datePublished":"2026-01-23T14:29:27+00:00","mainEntityOfPage":{"@id":"https:\/\/www.chateaudegoutelas.fr\/rencontres-aurasv-fevrier-2026\/"},"wordCount":154,"publisher":{"@id":"https:\/\/www.chateaudegoutelas.fr\/#organization"},"image":{"@id":"https:\/\/www.chateaudegoutelas.fr\/rencontres-aurasv-fevrier-2026\/#primaryimage"},"thumbnailUrl":"https:\/\/www.chateaudegoutelas.fr\/wp-content\/uploads\/2026\/01\/seminaire_credit-Chateau-de-Goutelas-scaled.jpg","keywords":["accueil","entretien","groupes"],"articleSection":["Actualit\u00e9"],"inLanguage":"en-GB"},{"@type":"WebPage","@id":"https:\/\/www.chateaudegoutelas.fr\/rencontres-aurasv-fevrier-2026\/","url":"https:\/\/www.chateaudegoutelas.fr\/rencontres-aurasv-fevrier-2026\/","name":"Auvergne Rh\u00f4ne-Alpes Spectacle Vivant : deux rencontres professionnelles en f\u00e9vrier 2026 - Ch\u00e2teau de Goutelas","isPartOf":{"@id":"https:\/\/www.chateaudegoutelas.fr\/#website"},"primaryImageOfPage":{"@id":"https:\/\/www.chateaudegoutelas.fr\/rencontres-aurasv-fevrier-2026\/#primaryimage"},"image":{"@id":"https:\/\/www.chateaudegoutelas.fr\/rencontres-aurasv-fevrier-2026\/#primaryimage"},"thumbnailUrl":"https:\/\/www.chateaudegoutelas.fr\/wp-content\/uploads\/2026\/01\/seminaire_credit-Chateau-de-Goutelas-scaled.jpg","datePublished":"2026-01-23T14:29:27+00:00","breadcrumb":{"@id":"https:\/\/www.chateaudegoutelas.fr\/rencontres-aurasv-fevrier-2026\/#breadcrumb"},"inLanguage":"en-GB","potentialAction":[{"@type":"ReadAction","target":["https:\/\/www.chateaudegoutelas.fr\/rencontres-aurasv-fevrier-2026\/"]}]},{"@type":"ImageObject","inLanguage":"en-GB","@id":"https:\/\/www.chateaudegoutelas.fr\/rencontres-aurasv-fevrier-2026\/#primaryimage","url":"https:\/\/www.chateaudegoutelas.fr\/wp-content\/uploads\/2026\/01\/seminaire_credit-Chateau-de-Goutelas-scaled.jpg","contentUrl":"https:\/\/www.chateaudegoutelas.fr\/wp-content\/uploads\/2026\/01\/seminaire_credit-Chateau-de-Goutelas-scaled.jpg","width":2560,"height":1706},{"@type":"BreadcrumbList","@id":"https:\/\/www.chateaudegoutelas.fr\/rencontres-aurasv-fevrier-2026\/#breadcrumb","itemListElement":[{"@type":"ListItem","position":1,"name":"Accueil","item":"https:\/\/www.chateaudegoutelas.fr\/"},{"@type":"ListItem","position":2,"name":"Auvergne Rh\u00f4ne-Alpes Spectacle Vivant : deux rencontres professionnelles en f\u00e9vrier 2026"}]},{"@type":"WebSite","@id":"https:\/\/www.chateaudegoutelas.fr\/#website","url":"https:\/\/www.chateaudegoutelas.fr\/","name":"Ch\u00e2teau de Goutelas","description":"Un centre culturel de rencontre en Forez","publisher":{"@id":"https:\/\/www.chateaudegoutelas.fr\/#organization"},"potentialAction":[{"@type":"SearchAction","target":{"@type":"EntryPoint","urlTemplate":"https:\/\/www.chateaudegoutelas.fr\/?s={search_term_string}"},"query-input":{"@type":"PropertyValueSpecification","valueRequired":true,"valueName":"search_term_string"}}],"inLanguage":"en-GB"},{"@type":"Organization","@id":"https:\/\/www.chateaudegoutelas.fr\/#organization","name":"Ch\u00e2teau de Goutelas","url":"https:\/\/www.chateaudegoutelas.fr\/","logo":{"@type":"ImageObject","inLanguage":"en-GB","@id":"https:\/\/www.chateaudegoutelas.fr\/#\/schema\/logo\/image\/","url":"https:\/\/www.chateaudegoutelas.fr\/wp-content\/uploads\/2023\/05\/logo-chateau-goutelas-bleu.png","contentUrl":"https:\/\/www.chateaudegoutelas.fr\/wp-content\/uploads\/2023\/05\/logo-chateau-goutelas-bleu.png","width":1123,"height":327,"caption":"Ch\u00e2teau de Goutelas"},"image":{"@id":"https:\/\/www.chateaudegoutelas.fr\/#\/schema\/logo\/image\/"}},{"@type":"Person","@id":"https:\/\/www.chateaudegoutelas.fr\/#\/schema\/person\/7e406e8ae114bb86bb9b82d52e6a1738","name":"chateau@goutelas","image":{"@type":"ImageObject","inLanguage":"en-GB","@id":"https:\/\/secure.gravatar.com\/avatar\/81dca52e038e1e2a8e548cbc7a6a4752e4b1b2df1c0ab48a36029d14ad9c944f?s=96&d=mm&r=g","url":"https:\/\/secure.gravatar.com\/avatar\/81dca52e038e1e2a8e548cbc7a6a4752e4b1b2df1c0ab48a36029d14ad9c944f?s=96&d=mm&r=g","contentUrl":"https:\/\/secure.gravatar.com\/avatar\/81dca52e038e1e2a8e548cbc7a6a4752e4b1b2df1c0ab48a36029d14ad9c944f?s=96&d=mm&r=g","caption":"chateau@goutelas"},"url":"https:\/\/www.chateaudegoutelas.fr\/en\/author\/chateaugoutelas\/"}]}},"_links":{"self":[{"href":"https:\/\/www.chateaudegoutelas.fr\/en\/wp-json\/wp\/v2\/posts\/11686","targetHints":{"allow":["GET"]}}],"collection":[{"href":"https:\/\/www.chateaudegoutelas.fr\/en\/wp-json\/wp\/v2\/posts"}],"about":[{"href":"https:\/\/www.chateaudegoutelas.fr\/en\/wp-json\/wp\/v2\/types\/post"}],"author":[{"embeddable":true,"href":"https:\/\/www.chateaudegoutelas.fr\/en\/wp-json\/wp\/v2\/users\/7"}],"replies":[{"embeddable":true,"href":"https:\/\/www.chateaudegoutelas.fr\/en\/wp-json\/wp\/v2\/comments?post=11686"}],"version-history":[{"count":2,"href":"https:\/\/www.chateaudegoutelas.fr\/en\/wp-json\/wp\/v2\/posts\/11686\/revisions"}],"predecessor-version":[{"id":11690,"href":"https:\/\/www.chateaudegoutelas.fr\/en\/wp-json\/wp\/v2\/posts\/11686\/revisions\/11690"}],"wp:featuredmedia":[{"embeddable":true,"href":"https:\/\/www.chateaudegoutelas.fr\/en\/wp-json\/wp\/v2\/media\/11687"}],"wp:attachment":[{"href":"https:\/\/www.chateaudegoutelas.fr\/en\/wp-json\/wp\/v2\/media?parent=11686"}],"wp:term":[{"taxonomy":"category","embeddable":true,"href":"https:\/\/www.chateaudegoutelas.fr\/en\/wp-json\/wp\/v2\/categories?post=11686"},{"taxonomy":"post_tag","embeddable":true,"href":"https:\/\/www.chateaudegoutelas.fr\/en\/wp-json\/wp\/v2\/tags?post=11686"}],"curies":[{"name":"wp","href":"https:\/\/api.w.org\/{rel}","templated":true}]}}