{"id":11667,"date":"2026-01-14T17:23:37","date_gmt":"2026-01-14T16:23:37","guid":{"rendered":"https:\/\/www.chateaudegoutelas.fr\/?p=11667"},"modified":"2026-01-14T17:23:37","modified_gmt":"2026-01-14T16:23:37","slug":"voeux-2026","status":"publish","type":"post","link":"https:\/\/www.chateaudegoutelas.fr\/en\/voeux-2026\/","title":{"rendered":"Meilleurs v\u0153ux pour 2026"},"content":{"rendered":"<img loading=\"lazy\" decoding=\"async\" width=\"1654\" height=\"2362\" src=\"https:\/\/www.chateaudegoutelas.fr\/wp-content\/uploads\/2026\/01\/Visuel_seul-min.png\" class=\"attachment-post-thumbnail size-post-thumbnail wp-post-image\" alt=\"\" srcset=\"https:\/\/www.chateaudegoutelas.fr\/wp-content\/uploads\/2026\/01\/Visuel_seul-min.png 1654w, https:\/\/www.chateaudegoutelas.fr\/wp-content\/uploads\/2026\/01\/Visuel_seul-min-840x1200.png 840w, https:\/\/www.chateaudegoutelas.fr\/wp-content\/uploads\/2026\/01\/Visuel_seul-min-1344x1920.png 1344w, https:\/\/www.chateaudegoutelas.fr\/wp-content\/uploads\/2026\/01\/Visuel_seul-min-768x1097.png 768w, https:\/\/www.chateaudegoutelas.fr\/wp-content\/uploads\/2026\/01\/Visuel_seul-min-1076x1536.png 1076w, https:\/\/www.chateaudegoutelas.fr\/wp-content\/uploads\/2026\/01\/Visuel_seul-min-1434x2048.png 1434w, https:\/\/www.chateaudegoutelas.fr\/wp-content\/uploads\/2026\/01\/Visuel_seul-min-8x12.png 8w\" sizes=\"auto, (max-width: 1654px) 100vw, 1654px\" \/>\n\t<p>\u00a9 Atelier Pers<\/p>\n\t<p>Face \u00e0 la brutalit\u00e9 du monde qui se perd, s&rsquo;ab\u00eeme et se d\u00e9chire, o\u00f9 la loi du plus fort pi\u00e9tine le droit, o\u00f9 nos libert\u00e9s sont frontalement attaqu\u00e9es (libert\u00e9 de la cr\u00e9ation artistique, libert\u00e9 d&rsquo;expression, libert\u00e9 de la presse&#8230;) nous exprimons notre Hospitalit\u00e9.<\/p>\n<p>Le Ch\u00e2teau de Goutelas porte les valeurs du droit, de l&rsquo;humanisme, de la cr\u00e9ation et de l&rsquo;\u00e9ducation populaire.<\/p>\n<p>Dans ce lieu patrimonial charg\u00e9 d&rsquo;histoires, de r\u00e9cits et d&rsquo;utopie, nous accueillons, nous cr\u00e9ons, nous exp\u00e9rimentons, nous r\u00e9fl\u00e9chissons ensemble et nous partageons : une bonne table, des savoirs, de l&rsquo;art et de la culture. Ces valeurs, que toute l&rsquo;\u00e9quipe du ch\u00e2teau r\u00e9unie incarne avec force chaque jour, se multiplient \u00e0 la dynamique associative et \u00e0 l&rsquo;implication des b\u00e9n\u00e9voles et adh\u00e9rent\u00b7es. Nous croyons \u00e0 la puissance du \u00ab faire ensemble \u00bb et nous d\u00e9fendons l&rsquo;hospitalit\u00e9 pour toutes et tous, que l&rsquo;on soit d&rsquo;ici ou d&rsquo;ailleurs. Au Ch\u00e2teau de Goutelas vous serez toujours bien accueilli\u00b7es.<\/p>\n<p>Nous formulons le v\u0153u que cette nouvelle ann\u00e9e 2026 puisse \u00e0 nouveau nous r\u00e9unir, lucides mais positifs, forts de nos imaginaires et de notre volont\u00e9 d&rsquo;agir en faveur d&rsquo;un humanisme ardent. Nous avons la joie de vous retrouver !<\/p>\n<p><strong>Myriam Plet, pr\u00e9sidente<\/strong><\/p>\n<p><strong>C\u00e9line Le Roux, directrice<\/strong><\/p>\n\t<p>L&rsquo;\u00e9quipe du Ch\u00e2teau de Goutelas vous adresse ses meilleurs v\u0153ux pour 2026.<\/p>\n<h4>\n\t\t\tAutres actualit\u00e9s\t<\/h4>\n\t\t<a href=\"https:\/\/www.chateaudegoutelas.fr\/en\/projets-cooperatifs-accr\/\" title=\"Afficher le contenu de la bo\u00eete\" target=\"_self\"  aria-label=\"Post Element\"><\/a>\t\t\n\t\t\t\t\t\t\t\t\t\t\t\t\t\t<a href=\"https:\/\/www.chateaudegoutelas.fr\/en\/projets-cooperatifs-accr\/\" target=\"_self\" title=\"Panorama des projets coop\u00e9ratifs au sein de l'ACCR\">\n\t\t\t\t<img decoding=\"async\" src=\"https:\/\/www.chateaudegoutelas.fr\/wp-content\/uploads\/2025\/12\/accr-panorama-apercu-couv-720x720.png\" alt=\"\" \/>\n\t\t\t\t<\/a>\n\t\t\t\t<a href=\"https:\/\/www.chateaudegoutelas.fr\/en\/projets-cooperatifs-accr\/\" title=\"Panorama des projets coop\u00e9ratifs au sein de l'ACCR\">Panorama des projets coop\u00e9ratifs au sein de l&rsquo;ACCR<\/a>\t\t\t\n\t\t<a href=\"https:\/\/www.chateaudegoutelas.fr\/en\/rencontre-bernard-rivoire-resolia\/\" title=\"Afficher le contenu de la bo\u00eete\" target=\"_self\"  aria-label=\"Post Element\"><\/a>\t\t\n\t\t\t\t\t\t\t\t\t\t\t\t\t\t<a href=\"https:\/\/www.chateaudegoutelas.fr\/en\/rencontre-bernard-rivoire-resolia\/\" target=\"_self\" title=\"Rencontre : Bernard Rivoire et les formations RESOLIA \u00e0 Goutelas\">\n\t\t\t\t<img decoding=\"async\" src=\"https:\/\/www.chateaudegoutelas.fr\/wp-content\/uploads\/2025\/11\/IMG-20250926-WA0001-720x720.jpg\" alt=\"\" \/>\n\t\t\t\t<\/a>\n\t\t\t\t<a href=\"https:\/\/www.chateaudegoutelas.fr\/en\/rencontre-bernard-rivoire-resolia\/\" title=\"Rencontre : Bernard Rivoire et les formations RESOLIA \u00e0 Goutelas\">Rencontre : Bernard Rivoire et les formations RESOLIA \u00e0 Goutelas<\/a>\t\t\t\n\t\t<a href=\"https:\/\/www.chateaudegoutelas.fr\/en\/celine-le-roux-directrice-chateau-de-goutelas\/\" title=\"Afficher le contenu de la bo\u00eete\" target=\"_self\"  aria-label=\"Post Element\"><\/a>\t\t\n\t\t\t\t\t\t\t\t\t\t\t\t\t\t<a href=\"https:\/\/www.chateaudegoutelas.fr\/en\/celine-le-roux-directrice-chateau-de-goutelas\/\" target=\"_self\" title=\"C\u00e9line Le Roux, nouvelle directrice du Ch\u00e2teau de Goutelas\">\n\t\t\t\t<img decoding=\"async\" src=\"https:\/\/www.chateaudegoutelas.fr\/wp-content\/uploads\/2025\/11\/Celine-Le-Roux_cClaire-Rolland-e1763557754204.jpg\" alt=\"\" \/>\n\t\t\t\t<\/a>\n\t\t\t\t<a href=\"https:\/\/www.chateaudegoutelas.fr\/en\/celine-le-roux-directrice-chateau-de-goutelas\/\" title=\"C\u00e9line Le Roux, nouvelle directrice du Ch\u00e2teau de Goutelas\">C\u00e9line Le Roux, nouvelle directrice du Ch\u00e2teau de Goutelas<\/a>\t\t\t\n\t\t\t<a href=\"https:\/\/www.chateaudegoutelas.fr\/en\/actualites\/\" target=\"_self\">\n\t\t\t\t\t\t\tVOIR TOUT\n\t\t\t\t\t<\/a>\n<h2>\n\t\t\tvoir aussi\t<\/h2>\n\t\t<a href=\"https:\/\/www.chateaudegoutelas.fr\/en\/femmes-de-goutelas\/\" title=\"Afficher le contenu de la bo\u00eete\" target=\"_self\"  aria-label=\"Post Element\"><\/a>\t\t\n\t\t\t\t\t\t\t\t\t\t\t\t\t\t<a href=\"https:\/\/www.chateaudegoutelas.fr\/en\/femmes-de-goutelas\/\" target=\"_self\" title=\"Femmes de Goutelas\">\n\t\t\t\t<img decoding=\"async\" src=\"https:\/\/www.chateaudegoutelas.fr\/wp-content\/uploads\/2024\/12\/image8-720x720.jpg\" alt=\"\" \/>\n\t\t\t\t<\/a>\n\t\t\t\t<a href=\"https:\/\/www.chateaudegoutelas.fr\/en\/femmes-de-goutelas\/\" title=\"Femmes de Goutelas\">Femmes de Goutelas<\/a>\t\t\t\n\t\t<a href=\"https:\/\/www.chateaudegoutelas.fr\/en\/femmes-au-chateau\/\" title=\"Afficher le contenu de la bo\u00eete\" target=\"_self\"  aria-label=\"Post Element\"><\/a>\t\t\n\t\t\t\t\t\t\t\t\t\t\t\t\t\t<a href=\"https:\/\/www.chateaudegoutelas.fr\/en\/femmes-au-chateau\/\" target=\"_self\" title=\"Livre \u00ab\u00a0Femmes, au ch\u00e2teau ! Reprendre le r\u00e9cit de Goutelas\u00a0\u00bb\">\n\t\t\t\t<img decoding=\"async\" src=\"https:\/\/www.chateaudegoutelas.fr\/wp-content\/uploads\/2025\/09\/visuel-carre-720x720.png\" alt=\"\" \/>\n\t\t\t\t<\/a>\n\t\t\t\t<a href=\"https:\/\/www.chateaudegoutelas.fr\/en\/femmes-au-chateau\/\" title=\"Livre \u00ab\u00a0Femmes, au ch\u00e2teau ! Reprendre le r\u00e9cit de Goutelas\u00a0\u00bb\">Livre \u00ab\u00a0Femmes, au ch\u00e2teau ! Reprendre le r\u00e9cit de Goutelas\u00a0\u00bb<\/a>\t\t\t\n\t\t<a href=\"https:\/\/www.chateaudegoutelas.fr\/en\/le-chateau-de-goutelas\/les-vies-du-chateau\/\" title=\"Afficher le contenu de la bo\u00eete\" target=\"_self\"  aria-label=\"Post Element\"><\/a>\t\t\n\t\t\t\t\t\t\t\t\t\t\t\t\t\t<a href=\"https:\/\/www.chateaudegoutelas.fr\/en\/le-chateau-de-goutelas\/les-vies-du-chateau\/\" target=\"_self\" title=\"Histoire\">\n\t\t\t\t<img decoding=\"async\" src=\"https:\/\/www.chateaudegoutelas.fr\/wp-content\/uploads\/2023\/09\/\u00a9Chateau-de-Goutelas2-1-720x720.jpg\" alt=\"\" \/>\n\t\t\t\t<\/a>\n\t\t\t\t<a href=\"https:\/\/www.chateaudegoutelas.fr\/en\/le-chateau-de-goutelas\/les-vies-du-chateau\/\" title=\"Histoire\">Histoire<\/a>","protected":false},"excerpt":{"rendered":"<p>\u00a9 Atelier Pers Face \u00e0 la brutalit\u00e9 du monde qui se perd, s&rsquo;ab\u00eeme et se d\u00e9chire, o\u00f9 la loi du plus fort pi\u00e9tine le droit, o\u00f9 nos libert\u00e9s sont frontalement attaqu\u00e9es (libert\u00e9 de la cr\u00e9ation artistique, libert\u00e9 d&rsquo;expression, libert\u00e9 de la presse&#8230;) nous exprimons notre Hospitalit\u00e9. Le Ch\u00e2teau de Goutelas porte les valeurs du droit, [&hellip;]<\/p>\n","protected":false},"author":7,"featured_media":11668,"comment_status":"closed","ping_status":"closed","sticky":false,"template":"","format":"standard","meta":{"site-sidebar-layout":"default","site-content-layout":"","ast-site-content-layout":"default","site-content-style":"default","site-sidebar-style":"default","ast-global-header-display":"","ast-banner-title-visibility":"","ast-main-header-display":"","ast-hfb-above-header-display":"","ast-hfb-below-header-display":"","ast-hfb-mobile-header-display":"","site-post-title":"","ast-breadcrumbs-content":"","ast-featured-img":"disabled","footer-sml-layout":"","ast-disable-related-posts":"","theme-transparent-header-meta":"default","adv-header-id-meta":"","stick-header-meta":"default","header-above-stick-meta":"","header-main-stick-meta":"","header-below-stick-meta":"","astra-migrate-meta-layouts":"set","ast-page-background-enabled":"default","ast-page-background-meta":{"desktop":{"background-color":"","background-image":"","background-repeat":"repeat","background-position":"center center","background-size":"auto","background-attachment":"scroll","background-type":"","background-media":"","overlay-type":"","overlay-color":"","overlay-opacity":"","overlay-gradient":""},"tablet":{"background-color":"","background-image":"","background-repeat":"repeat","background-position":"center center","background-size":"auto","background-attachment":"scroll","background-type":"","background-media":"","overlay-type":"","overlay-color":"","overlay-opacity":"","overlay-gradient":""},"mobile":{"background-color":"","background-image":"","background-repeat":"repeat","background-position":"center center","background-size":"auto","background-attachment":"scroll","background-type":"","background-media":"","overlay-type":"","overlay-color":"","overlay-opacity":"","overlay-gradient":""}},"ast-content-background-meta":{"desktop":{"background-color":"var(--ast-global-color-5)","background-image":"","background-repeat":"repeat","background-position":"center center","background-size":"auto","background-attachment":"scroll","background-type":"","background-media":"","overlay-type":"","overlay-color":"","overlay-opacity":"","overlay-gradient":""},"tablet":{"background-color":"var(--ast-global-color-5)","background-image":"","background-repeat":"repeat","background-position":"center center","background-size":"auto","background-attachment":"scroll","background-type":"","background-media":"","overlay-type":"","overlay-color":"","overlay-opacity":"","overlay-gradient":""},"mobile":{"background-color":"var(--ast-global-color-5)","background-image":"","background-repeat":"repeat","background-position":"center center","background-size":"auto","background-attachment":"scroll","background-type":"","background-media":"","overlay-type":"","overlay-color":"","overlay-opacity":"","overlay-gradient":""}},"footnotes":""},"categories":[4],"tags":[476,478,477],"class_list":["post-11667","post","type-post","status-publish","format-standard","has-post-thumbnail","hentry","category-actualites","tag-accueil","tag-entretien","tag-groupes"],"yoast_head":"<!-- This site is optimized with the Yoast SEO plugin v27.4 - https:\/\/yoast.com\/product\/yoast-seo-wordpress\/ -->\n<title>Meilleurs v\u0153ux pour 2026 - Ch\u00e2teau de Goutelas<\/title>\n<meta name=\"robots\" content=\"index, follow, max-snippet:-1, max-image-preview:large, max-video-preview:-1\" \/>\n<link rel=\"canonical\" href=\"https:\/\/www.chateaudegoutelas.fr\/en\/voeux-2026\/\" \/>\n<meta property=\"og:locale\" content=\"en_GB\" \/>\n<meta property=\"og:type\" content=\"article\" \/>\n<meta property=\"og:title\" content=\"Meilleurs v\u0153ux pour 2026 - Ch\u00e2teau de Goutelas\" \/>\n<meta property=\"og:description\" content=\"\u00a9 Atelier Pers Face \u00e0 la brutalit\u00e9 du monde qui se perd, s&rsquo;ab\u00eeme et se d\u00e9chire, o\u00f9 la loi du plus fort pi\u00e9tine le droit, o\u00f9 nos libert\u00e9s sont frontalement attaqu\u00e9es (libert\u00e9 de la cr\u00e9ation artistique, libert\u00e9 d&rsquo;expression, libert\u00e9 de la presse&#8230;) nous exprimons notre Hospitalit\u00e9. Le Ch\u00e2teau de Goutelas porte les valeurs du droit, [&hellip;]\" \/>\n<meta property=\"og:url\" content=\"https:\/\/www.chateaudegoutelas.fr\/en\/voeux-2026\/\" \/>\n<meta property=\"og:site_name\" content=\"Ch\u00e2teau de Goutelas\" \/>\n<meta property=\"article:published_time\" content=\"2026-01-14T16:23:37+00:00\" \/>\n<meta property=\"og:image\" content=\"https:\/\/www.chateaudegoutelas.fr\/wp-content\/uploads\/2026\/01\/Visuel_seul-min.png\" \/>\n\t<meta property=\"og:image:width\" content=\"1654\" \/>\n\t<meta property=\"og:image:height\" content=\"2362\" \/>\n\t<meta property=\"og:image:type\" content=\"image\/png\" \/>\n<meta name=\"author\" content=\"chateau@goutelas\" \/>\n<meta name=\"twitter:card\" content=\"summary_large_image\" \/>\n<meta name=\"twitter:label1\" content=\"Written by\" \/>\n\t<meta name=\"twitter:data1\" content=\"chateau@goutelas\" \/>\n\t<meta name=\"twitter:label2\" content=\"Estimated reading time\" \/>\n\t<meta name=\"twitter:data2\" content=\"4 minutes\" \/>\n<script type=\"application\/ld+json\" class=\"yoast-schema-graph\">{\"@context\":\"https:\\\/\\\/schema.org\",\"@graph\":[{\"@type\":\"Article\",\"@id\":\"https:\\\/\\\/www.chateaudegoutelas.fr\\\/voeux-2026\\\/#article\",\"isPartOf\":{\"@id\":\"https:\\\/\\\/www.chateaudegoutelas.fr\\\/voeux-2026\\\/\"},\"author\":{\"name\":\"chateau@goutelas\",\"@id\":\"https:\\\/\\\/www.chateaudegoutelas.fr\\\/#\\\/schema\\\/person\\\/7e406e8ae114bb86bb9b82d52e6a1738\"},\"headline\":\"Meilleurs v\u0153ux pour 2026\",\"datePublished\":\"2026-01-14T16:23:37+00:00\",\"mainEntityOfPage\":{\"@id\":\"https:\\\/\\\/www.chateaudegoutelas.fr\\\/voeux-2026\\\/\"},\"wordCount\":306,\"publisher\":{\"@id\":\"https:\\\/\\\/www.chateaudegoutelas.fr\\\/#organization\"},\"image\":{\"@id\":\"https:\\\/\\\/www.chateaudegoutelas.fr\\\/voeux-2026\\\/#primaryimage\"},\"thumbnailUrl\":\"https:\\\/\\\/www.chateaudegoutelas.fr\\\/wp-content\\\/uploads\\\/2026\\\/01\\\/Visuel_seul-min.png\",\"keywords\":[\"accueil\",\"entretien\",\"groupes\"],\"articleSection\":[\"Actualit\u00e9\"],\"inLanguage\":\"en-GB\"},{\"@type\":\"WebPage\",\"@id\":\"https:\\\/\\\/www.chateaudegoutelas.fr\\\/voeux-2026\\\/\",\"url\":\"https:\\\/\\\/www.chateaudegoutelas.fr\\\/voeux-2026\\\/\",\"name\":\"Meilleurs v\u0153ux pour 2026 - Ch\u00e2teau de Goutelas\",\"isPartOf\":{\"@id\":\"https:\\\/\\\/www.chateaudegoutelas.fr\\\/#website\"},\"primaryImageOfPage\":{\"@id\":\"https:\\\/\\\/www.chateaudegoutelas.fr\\\/voeux-2026\\\/#primaryimage\"},\"image\":{\"@id\":\"https:\\\/\\\/www.chateaudegoutelas.fr\\\/voeux-2026\\\/#primaryimage\"},\"thumbnailUrl\":\"https:\\\/\\\/www.chateaudegoutelas.fr\\\/wp-content\\\/uploads\\\/2026\\\/01\\\/Visuel_seul-min.png\",\"datePublished\":\"2026-01-14T16:23:37+00:00\",\"breadcrumb\":{\"@id\":\"https:\\\/\\\/www.chateaudegoutelas.fr\\\/voeux-2026\\\/#breadcrumb\"},\"inLanguage\":\"en-GB\",\"potentialAction\":[{\"@type\":\"ReadAction\",\"target\":[\"https:\\\/\\\/www.chateaudegoutelas.fr\\\/voeux-2026\\\/\"]}]},{\"@type\":\"ImageObject\",\"inLanguage\":\"en-GB\",\"@id\":\"https:\\\/\\\/www.chateaudegoutelas.fr\\\/voeux-2026\\\/#primaryimage\",\"url\":\"https:\\\/\\\/www.chateaudegoutelas.fr\\\/wp-content\\\/uploads\\\/2026\\\/01\\\/Visuel_seul-min.png\",\"contentUrl\":\"https:\\\/\\\/www.chateaudegoutelas.fr\\\/wp-content\\\/uploads\\\/2026\\\/01\\\/Visuel_seul-min.png\",\"width\":1654,\"height\":2362},{\"@type\":\"BreadcrumbList\",\"@id\":\"https:\\\/\\\/www.chateaudegoutelas.fr\\\/voeux-2026\\\/#breadcrumb\",\"itemListElement\":[{\"@type\":\"ListItem\",\"position\":1,\"name\":\"Accueil\",\"item\":\"https:\\\/\\\/www.chateaudegoutelas.fr\\\/\"},{\"@type\":\"ListItem\",\"position\":2,\"name\":\"Meilleurs v\u0153ux pour 2026\"}]},{\"@type\":\"WebSite\",\"@id\":\"https:\\\/\\\/www.chateaudegoutelas.fr\\\/#website\",\"url\":\"https:\\\/\\\/www.chateaudegoutelas.fr\\\/\",\"name\":\"Ch\u00e2teau de Goutelas\",\"description\":\"Un centre culturel de rencontre en Forez\",\"publisher\":{\"@id\":\"https:\\\/\\\/www.chateaudegoutelas.fr\\\/#organization\"},\"potentialAction\":[{\"@type\":\"SearchAction\",\"target\":{\"@type\":\"EntryPoint\",\"urlTemplate\":\"https:\\\/\\\/www.chateaudegoutelas.fr\\\/?s={search_term_string}\"},\"query-input\":{\"@type\":\"PropertyValueSpecification\",\"valueRequired\":true,\"valueName\":\"search_term_string\"}}],\"inLanguage\":\"en-GB\"},{\"@type\":\"Organization\",\"@id\":\"https:\\\/\\\/www.chateaudegoutelas.fr\\\/#organization\",\"name\":\"Ch\u00e2teau de Goutelas\",\"url\":\"https:\\\/\\\/www.chateaudegoutelas.fr\\\/\",\"logo\":{\"@type\":\"ImageObject\",\"inLanguage\":\"en-GB\",\"@id\":\"https:\\\/\\\/www.chateaudegoutelas.fr\\\/#\\\/schema\\\/logo\\\/image\\\/\",\"url\":\"https:\\\/\\\/www.chateaudegoutelas.fr\\\/wp-content\\\/uploads\\\/2023\\\/05\\\/logo-chateau-goutelas-bleu.png\",\"contentUrl\":\"https:\\\/\\\/www.chateaudegoutelas.fr\\\/wp-content\\\/uploads\\\/2023\\\/05\\\/logo-chateau-goutelas-bleu.png\",\"width\":1123,\"height\":327,\"caption\":\"Ch\u00e2teau de Goutelas\"},\"image\":{\"@id\":\"https:\\\/\\\/www.chateaudegoutelas.fr\\\/#\\\/schema\\\/logo\\\/image\\\/\"}},{\"@type\":\"Person\",\"@id\":\"https:\\\/\\\/www.chateaudegoutelas.fr\\\/#\\\/schema\\\/person\\\/7e406e8ae114bb86bb9b82d52e6a1738\",\"name\":\"chateau@goutelas\",\"image\":{\"@type\":\"ImageObject\",\"inLanguage\":\"en-GB\",\"@id\":\"https:\\\/\\\/secure.gravatar.com\\\/avatar\\\/81dca52e038e1e2a8e548cbc7a6a4752e4b1b2df1c0ab48a36029d14ad9c944f?s=96&d=mm&r=g\",\"url\":\"https:\\\/\\\/secure.gravatar.com\\\/avatar\\\/81dca52e038e1e2a8e548cbc7a6a4752e4b1b2df1c0ab48a36029d14ad9c944f?s=96&d=mm&r=g\",\"contentUrl\":\"https:\\\/\\\/secure.gravatar.com\\\/avatar\\\/81dca52e038e1e2a8e548cbc7a6a4752e4b1b2df1c0ab48a36029d14ad9c944f?s=96&d=mm&r=g\",\"caption\":\"chateau@goutelas\"},\"url\":\"https:\\\/\\\/www.chateaudegoutelas.fr\\\/en\\\/author\\\/chateaugoutelas\\\/\"}]}<\/script>\n<!-- \/ Yoast SEO plugin. -->","yoast_head_json":{"title":"Meilleurs v\u0153ux pour 2026 - Ch\u00e2teau de Goutelas","robots":{"index":"index","follow":"follow","max-snippet":"max-snippet:-1","max-image-preview":"max-image-preview:large","max-video-preview":"max-video-preview:-1"},"canonical":"https:\/\/www.chateaudegoutelas.fr\/en\/voeux-2026\/","og_locale":"en_GB","og_type":"article","og_title":"Meilleurs v\u0153ux pour 2026 - Ch\u00e2teau de Goutelas","og_description":"\u00a9 Atelier Pers Face \u00e0 la brutalit\u00e9 du monde qui se perd, s&rsquo;ab\u00eeme et se d\u00e9chire, o\u00f9 la loi du plus fort pi\u00e9tine le droit, o\u00f9 nos libert\u00e9s sont frontalement attaqu\u00e9es (libert\u00e9 de la cr\u00e9ation artistique, libert\u00e9 d&rsquo;expression, libert\u00e9 de la presse&#8230;) nous exprimons notre Hospitalit\u00e9. Le Ch\u00e2teau de Goutelas porte les valeurs du droit, [&hellip;]","og_url":"https:\/\/www.chateaudegoutelas.fr\/en\/voeux-2026\/","og_site_name":"Ch\u00e2teau de Goutelas","article_published_time":"2026-01-14T16:23:37+00:00","og_image":[{"width":1654,"height":2362,"url":"https:\/\/www.chateaudegoutelas.fr\/wp-content\/uploads\/2026\/01\/Visuel_seul-min.png","type":"image\/png"}],"author":"chateau@goutelas","twitter_card":"summary_large_image","twitter_misc":{"Written by":"chateau@goutelas","Estimated reading time":"4 minutes"},"schema":{"@context":"https:\/\/schema.org","@graph":[{"@type":"Article","@id":"https:\/\/www.chateaudegoutelas.fr\/voeux-2026\/#article","isPartOf":{"@id":"https:\/\/www.chateaudegoutelas.fr\/voeux-2026\/"},"author":{"name":"chateau@goutelas","@id":"https:\/\/www.chateaudegoutelas.fr\/#\/schema\/person\/7e406e8ae114bb86bb9b82d52e6a1738"},"headline":"Meilleurs v\u0153ux pour 2026","datePublished":"2026-01-14T16:23:37+00:00","mainEntityOfPage":{"@id":"https:\/\/www.chateaudegoutelas.fr\/voeux-2026\/"},"wordCount":306,"publisher":{"@id":"https:\/\/www.chateaudegoutelas.fr\/#organization"},"image":{"@id":"https:\/\/www.chateaudegoutelas.fr\/voeux-2026\/#primaryimage"},"thumbnailUrl":"https:\/\/www.chateaudegoutelas.fr\/wp-content\/uploads\/2026\/01\/Visuel_seul-min.png","keywords":["accueil","entretien","groupes"],"articleSection":["Actualit\u00e9"],"inLanguage":"en-GB"},{"@type":"WebPage","@id":"https:\/\/www.chateaudegoutelas.fr\/voeux-2026\/","url":"https:\/\/www.chateaudegoutelas.fr\/voeux-2026\/","name":"Meilleurs v\u0153ux pour 2026 - Ch\u00e2teau de Goutelas","isPartOf":{"@id":"https:\/\/www.chateaudegoutelas.fr\/#website"},"primaryImageOfPage":{"@id":"https:\/\/www.chateaudegoutelas.fr\/voeux-2026\/#primaryimage"},"image":{"@id":"https:\/\/www.chateaudegoutelas.fr\/voeux-2026\/#primaryimage"},"thumbnailUrl":"https:\/\/www.chateaudegoutelas.fr\/wp-content\/uploads\/2026\/01\/Visuel_seul-min.png","datePublished":"2026-01-14T16:23:37+00:00","breadcrumb":{"@id":"https:\/\/www.chateaudegoutelas.fr\/voeux-2026\/#breadcrumb"},"inLanguage":"en-GB","potentialAction":[{"@type":"ReadAction","target":["https:\/\/www.chateaudegoutelas.fr\/voeux-2026\/"]}]},{"@type":"ImageObject","inLanguage":"en-GB","@id":"https:\/\/www.chateaudegoutelas.fr\/voeux-2026\/#primaryimage","url":"https:\/\/www.chateaudegoutelas.fr\/wp-content\/uploads\/2026\/01\/Visuel_seul-min.png","contentUrl":"https:\/\/www.chateaudegoutelas.fr\/wp-content\/uploads\/2026\/01\/Visuel_seul-min.png","width":1654,"height":2362},{"@type":"BreadcrumbList","@id":"https:\/\/www.chateaudegoutelas.fr\/voeux-2026\/#breadcrumb","itemListElement":[{"@type":"ListItem","position":1,"name":"Accueil","item":"https:\/\/www.chateaudegoutelas.fr\/"},{"@type":"ListItem","position":2,"name":"Meilleurs v\u0153ux pour 2026"}]},{"@type":"WebSite","@id":"https:\/\/www.chateaudegoutelas.fr\/#website","url":"https:\/\/www.chateaudegoutelas.fr\/","name":"Ch\u00e2teau de Goutelas","description":"Un centre culturel de rencontre en Forez","publisher":{"@id":"https:\/\/www.chateaudegoutelas.fr\/#organization"},"potentialAction":[{"@type":"SearchAction","target":{"@type":"EntryPoint","urlTemplate":"https:\/\/www.chateaudegoutelas.fr\/?s={search_term_string}"},"query-input":{"@type":"PropertyValueSpecification","valueRequired":true,"valueName":"search_term_string"}}],"inLanguage":"en-GB"},{"@type":"Organization","@id":"https:\/\/www.chateaudegoutelas.fr\/#organization","name":"Ch\u00e2teau de Goutelas","url":"https:\/\/www.chateaudegoutelas.fr\/","logo":{"@type":"ImageObject","inLanguage":"en-GB","@id":"https:\/\/www.chateaudegoutelas.fr\/#\/schema\/logo\/image\/","url":"https:\/\/www.chateaudegoutelas.fr\/wp-content\/uploads\/2023\/05\/logo-chateau-goutelas-bleu.png","contentUrl":"https:\/\/www.chateaudegoutelas.fr\/wp-content\/uploads\/2023\/05\/logo-chateau-goutelas-bleu.png","width":1123,"height":327,"caption":"Ch\u00e2teau de Goutelas"},"image":{"@id":"https:\/\/www.chateaudegoutelas.fr\/#\/schema\/logo\/image\/"}},{"@type":"Person","@id":"https:\/\/www.chateaudegoutelas.fr\/#\/schema\/person\/7e406e8ae114bb86bb9b82d52e6a1738","name":"chateau@goutelas","image":{"@type":"ImageObject","inLanguage":"en-GB","@id":"https:\/\/secure.gravatar.com\/avatar\/81dca52e038e1e2a8e548cbc7a6a4752e4b1b2df1c0ab48a36029d14ad9c944f?s=96&d=mm&r=g","url":"https:\/\/secure.gravatar.com\/avatar\/81dca52e038e1e2a8e548cbc7a6a4752e4b1b2df1c0ab48a36029d14ad9c944f?s=96&d=mm&r=g","contentUrl":"https:\/\/secure.gravatar.com\/avatar\/81dca52e038e1e2a8e548cbc7a6a4752e4b1b2df1c0ab48a36029d14ad9c944f?s=96&d=mm&r=g","caption":"chateau@goutelas"},"url":"https:\/\/www.chateaudegoutelas.fr\/en\/author\/chateaugoutelas\/"}]}},"_links":{"self":[{"href":"https:\/\/www.chateaudegoutelas.fr\/en\/wp-json\/wp\/v2\/posts\/11667","targetHints":{"allow":["GET"]}}],"collection":[{"href":"https:\/\/www.chateaudegoutelas.fr\/en\/wp-json\/wp\/v2\/posts"}],"about":[{"href":"https:\/\/www.chateaudegoutelas.fr\/en\/wp-json\/wp\/v2\/types\/post"}],"author":[{"embeddable":true,"href":"https:\/\/www.chateaudegoutelas.fr\/en\/wp-json\/wp\/v2\/users\/7"}],"replies":[{"embeddable":true,"href":"https:\/\/www.chateaudegoutelas.fr\/en\/wp-json\/wp\/v2\/comments?post=11667"}],"version-history":[{"count":2,"href":"https:\/\/www.chateaudegoutelas.fr\/en\/wp-json\/wp\/v2\/posts\/11667\/revisions"}],"predecessor-version":[{"id":11671,"href":"https:\/\/www.chateaudegoutelas.fr\/en\/wp-json\/wp\/v2\/posts\/11667\/revisions\/11671"}],"wp:featuredmedia":[{"embeddable":true,"href":"https:\/\/www.chateaudegoutelas.fr\/en\/wp-json\/wp\/v2\/media\/11668"}],"wp:attachment":[{"href":"https:\/\/www.chateaudegoutelas.fr\/en\/wp-json\/wp\/v2\/media?parent=11667"}],"wp:term":[{"taxonomy":"category","embeddable":true,"href":"https:\/\/www.chateaudegoutelas.fr\/en\/wp-json\/wp\/v2\/categories?post=11667"},{"taxonomy":"post_tag","embeddable":true,"href":"https:\/\/www.chateaudegoutelas.fr\/en\/wp-json\/wp\/v2\/tags?post=11667"}],"curies":[{"name":"wp","href":"https:\/\/api.w.org\/{rel}","templated":true}]}}