{"id":11396,"date":"2025-11-19T14:05:08","date_gmt":"2025-11-19T13:05:08","guid":{"rendered":"https:\/\/www.chateaudegoutelas.fr\/?p=11396"},"modified":"2025-12-02T11:19:18","modified_gmt":"2025-12-02T10:19:18","slug":"celine-le-roux-directrice-chateau-de-goutelas","status":"publish","type":"post","link":"https:\/\/www.chateaudegoutelas.fr\/en\/celine-le-roux-directrice-chateau-de-goutelas\/","title":{"rendered":"C\u00e9line Le Roux, nouvelle directrice du Ch\u00e2teau de Goutelas"},"content":{"rendered":"<img loading=\"lazy\" decoding=\"async\" width=\"427\" height=\"427\" src=\"https:\/\/www.chateaudegoutelas.fr\/wp-content\/uploads\/2025\/11\/Celine-Le-Roux_cClaire-Rolland-e1763557754204.jpg\" class=\"attachment-post-thumbnail size-post-thumbnail wp-post-image\" alt=\"\" srcset=\"https:\/\/www.chateaudegoutelas.fr\/wp-content\/uploads\/2025\/11\/Celine-Le-Roux_cClaire-Rolland-e1763557754204.jpg 427w, https:\/\/www.chateaudegoutelas.fr\/wp-content\/uploads\/2025\/11\/Celine-Le-Roux_cClaire-Rolland-e1763557754204-12x12.jpg 12w\" sizes=\"auto, (max-width: 427px) 100vw, 427px\" \/>\n\t<p>Photo \u00a9 Claire Rolland<\/p>\n\t<strong>Suite \u00e0 un processus de recrutement qui a associ\u00e9 ses principaux partenaires publics, le Conseil d&rsquo;administration de l&rsquo;association Ch\u00e2teau de Goutelas a nomm\u00e9 C\u00e9line Le Roux au poste de directrice du Ch\u00e2teau de Goutelas, Centre culturel de rencontre (CCR). Elle prendra ses fonctions en janvier 2026.<\/strong>\nEngag\u00e9e pour le service public de la Culture depuis pr\u00e8s de 30 ans, professionnelle du secteur artistique et culturel, C\u00e9line Le Roux a \u00e9t\u00e9 directrice adjointe du Th\u00e9\u00e2tre Nouvelle G\u00e9n\u00e9ration &#8211; Centre dramatique national de Lyon (2015-2024). Elle a fond\u00e9 et dirig\u00e9 Micro Mondes &#8211; Festival des arts immersifs (2009-2024). Elle fut coordinatrice artistique de la Biennale de la danse de Lyon de 2006 \u00e0 2012, charg\u00e9e des relations publiques et charg\u00e9e de production au Th\u00e9\u00e2tre National de Bretagne de 1997 \u00e0 2005.<br \/>\nTr\u00e8s impliqu\u00e9e en faveur de la jeunesse, elle fut co-fondatrice et co-pr\u00e9sidente de doMino, Plateforme Jeune Public &#8211; Auvergne-Rh\u00f4neAlpes (2020-2024).<br \/>\nC\u00e9line Le Roux s&rsquo;investit par ailleurs dans la d\u00e9mocratie citoyenne en tant que conseill\u00e8re au Conseil \u00c9conomique Social et Environnemental R\u00e9gional (CESER) mandat\u00e9e par le Synd\u00e9ac.\nLe projet artistique et culturel qu&rsquo;elle souhaite d\u00e9velopper pour le Ch\u00e2teau de Goutelas se nomme \u00ab Hospitalit\u00e9 \u00bb. Inspir\u00e9e par l&rsquo;architecture en H du ch\u00e2teau et l&rsquo;id\u00e9al humaniste de son fondateur Jean Papon au XVIe si\u00e8cle, l&rsquo;hospitalit\u00e9 est la philosophie au c\u0153ur du nouveau projet du Centre culturel de rencontre.<br \/>\nUn lieu patrimonial qui re\u00e7oit et h\u00e9berge, qui r\u00e9fl\u00e9chit et qui cr\u00e9e, ouvert en partage, chaleureux et fraternel. Un lieu o\u00f9 peuvent advenir par \u00e9clats le merveilleux et l&rsquo;enchantement. Un lieu convivial et festif pour se r\u00e9unir et se rencontrer. Le lieu o\u00f9 les valeurs de l&rsquo;Humanisme s&rsquo;\u00e9rigent en embl\u00e8me.\nPrenant pour appui l&rsquo;identit\u00e9 du CCR : droit, humanisme, cr\u00e9ation et \u00e9ducation populaire, le projet artistique et culturel \u00ab Hospitalit\u00e9 \u00bb s&rsquo;articule autour de 4 axes : la valorisation du patrimoine mat\u00e9riel et immat\u00e9riel de Goutelas, les r\u00e9sidences d&rsquo;artistes et de juristes, l&rsquo;organisation de conf\u00e9rences et d\u00e9bats d&rsquo;id\u00e9es sur des sujets soci\u00e9taux d&rsquo;actualit\u00e9, une<br \/>\nprogrammation pluridisciplinaire (concerts, spectacles, expositions, land art, banquets et pique-niques g\u00e9ants&#8230;). Un projet largement ouvert, dans toutes ses dimensions, aux habitant\u00b7es et touristes du Forez (enfants, ados, adultes, familles) avec une attention constante port\u00e9e aux droits culturels et \u00e0 l&rsquo;\u00e9ducation artistique et culturelle.\nCe nouveau projet, port\u00e9 par l&rsquo;ensemble de l&rsquo;\u00e9quipe du Ch\u00e2teau de Goutelas &#8211; Centre culturel de rencontre, les b\u00e9n\u00e9voles, les adh\u00e9rent\u00b7es et les partenaires, contribuera \u00e0 faire rayonner sur le territoire un lieu patrimonial inspirant, curieux et ouvert, en prise avec l&rsquo;effervescence, les secousses et palpitations du monde.\n<h4>\n\t\t\tAutres actualit\u00e9s\t<\/h4>\n\t\t<a href=\"https:\/\/www.chateaudegoutelas.fr\/en\/rencontre-bernard-rivoire-resolia\/\" title=\"Afficher le contenu de la bo\u00eete\" target=\"_self\"  aria-label=\"Post Element\"><\/a>\t\t\n\t\t\t\t\t\t\t\t\t\t\t\t\t\t<a href=\"https:\/\/www.chateaudegoutelas.fr\/en\/rencontre-bernard-rivoire-resolia\/\" target=\"_self\" title=\"Rencontre : Bernard Rivoire et les formations RESOLIA \u00e0 Goutelas\">\n\t\t\t\t<img decoding=\"async\" src=\"https:\/\/www.chateaudegoutelas.fr\/wp-content\/uploads\/2025\/11\/IMG-20250926-WA0001-720x720.jpg\" alt=\"\" \/>\n\t\t\t\t<\/a>\n\t\t\t\t<a href=\"https:\/\/www.chateaudegoutelas.fr\/en\/rencontre-bernard-rivoire-resolia\/\" title=\"Rencontre : Bernard Rivoire et les formations RESOLIA \u00e0 Goutelas\">Rencontre : Bernard Rivoire et les formations RESOLIA \u00e0 Goutelas<\/a>\t\t\t\n\t\t<a href=\"https:\/\/www.chateaudegoutelas.fr\/en\/concert-elodie-chapeland-trio-ehpad-de-boen\/\" title=\"Afficher le contenu de la bo\u00eete\" target=\"_self\"  aria-label=\"Post Element\"><\/a>\t\t\n\t\t\t\t\t\t\t\t\t\t\t\t\t\t<a href=\"https:\/\/www.chateaudegoutelas.fr\/en\/concert-elodie-chapeland-trio-ehpad-de-boen\/\" target=\"_self\" title=\"EHPAD(s) EN JAZZ(s) : un concert avec les r\u00e9sident\u00b7es de l&rsquo;EHPAD de Bo\u00ebn\">\n\t\t\t\t<img decoding=\"async\" src=\"https:\/\/www.chateaudegoutelas.fr\/wp-content\/uploads\/2025\/11\/elodiechapeland-boen-credit-chateau-de-goutelas-6-720x720.jpg\" alt=\"\" \/>\n\t\t\t\t<\/a>\n\t\t\t\t<a href=\"https:\/\/www.chateaudegoutelas.fr\/en\/concert-elodie-chapeland-trio-ehpad-de-boen\/\" title=\"EHPAD(s) EN JAZZ(s) : un concert avec les r\u00e9sident\u00b7es de l&rsquo;EHPAD de Bo\u00ebn\">EHPAD(s) EN JAZZ(s) : un concert avec les r\u00e9sident\u00b7es de l&rsquo;EHPAD de Bo\u00ebn<\/a>\t\t\t\n\t\t<a href=\"https:\/\/www.chateaudegoutelas.fr\/en\/rencontre-egale-dignite-paris-novembre-2025\/\" title=\"Afficher le contenu de la bo\u00eete\" target=\"_self\"  aria-label=\"Post Element\"><\/a>\t\t\n\t\t\t\t\t\t\t\t\t\t\t\t\t\t<a href=\"https:\/\/www.chateaudegoutelas.fr\/en\/rencontre-egale-dignite-paris-novembre-2025\/\" target=\"_self\" title=\"\u00ab\u00a0L'\u00e9gale dignit\u00e9 : chemins crois\u00e9s d'une pens\u00e9e partag\u00e9e\u00a0\u00bb : rencontres autour de Paul Bouchet et Mireille Delmas-Marty\">\n\t\t\t\t<img decoding=\"async\" src=\"https:\/\/www.chateaudegoutelas.fr\/wp-content\/uploads\/2025\/11\/Goutelas103-720x720.jpg\" alt=\"\" \/>\n\t\t\t\t<\/a>\n\t\t\t\t<a href=\"https:\/\/www.chateaudegoutelas.fr\/en\/rencontre-egale-dignite-paris-novembre-2025\/\" title=\"\u00ab\u00a0L'\u00e9gale dignit\u00e9 : chemins crois\u00e9s d'une pens\u00e9e partag\u00e9e\u00a0\u00bb : rencontres autour de Paul Bouchet et Mireille Delmas-Marty\">\u00ab\u00a0L&rsquo;\u00e9gale dignit\u00e9 : chemins crois\u00e9s d&rsquo;une pens\u00e9e partag\u00e9e\u00a0\u00bb : rencontres autour de Paul Bouchet et Mireille Delmas-Marty<\/a>\t\t\t\n\t\t\t<a href=\"https:\/\/www.chateaudegoutelas.fr\/en\/actualites\/\" target=\"_self\">\n\t\t\t\t\t\t\tVOIR TOUT\n\t\t\t\t\t<\/a>","protected":false},"excerpt":{"rendered":"<p>Photo \u00a9 Claire Rolland Suite \u00e0 un processus de recrutement qui a associ\u00e9 ses principaux partenaires publics, le Conseil d&rsquo;administration de l&rsquo;association Ch\u00e2teau de Goutelas a nomm\u00e9 C\u00e9line Le Roux au poste de directrice du Ch\u00e2teau de Goutelas, Centre culturel de rencontre (CCR). Elle prendra ses fonctions en janvier 2026. Engag\u00e9e pour le service public [&hellip;]<\/p>\n","protected":false},"author":7,"featured_media":11397,"comment_status":"closed","ping_status":"closed","sticky":false,"template":"","format":"standard","meta":{"site-sidebar-layout":"default","site-content-layout":"","ast-site-content-layout":"default","site-content-style":"default","site-sidebar-style":"default","ast-global-header-display":"","ast-banner-title-visibility":"","ast-main-header-display":"","ast-hfb-above-header-display":"","ast-hfb-below-header-display":"","ast-hfb-mobile-header-display":"","site-post-title":"","ast-breadcrumbs-content":"","ast-featured-img":"disabled","footer-sml-layout":"","ast-disable-related-posts":"","theme-transparent-header-meta":"default","adv-header-id-meta":"","stick-header-meta":"default","header-above-stick-meta":"","header-main-stick-meta":"","header-below-stick-meta":"","astra-migrate-meta-layouts":"set","ast-page-background-enabled":"default","ast-page-background-meta":{"desktop":{"background-color":"","background-image":"","background-repeat":"repeat","background-position":"center center","background-size":"auto","background-attachment":"scroll","background-type":"","background-media":"","overlay-type":"","overlay-color":"","overlay-opacity":"","overlay-gradient":""},"tablet":{"background-color":"","background-image":"","background-repeat":"repeat","background-position":"center center","background-size":"auto","background-attachment":"scroll","background-type":"","background-media":"","overlay-type":"","overlay-color":"","overlay-opacity":"","overlay-gradient":""},"mobile":{"background-color":"","background-image":"","background-repeat":"repeat","background-position":"center center","background-size":"auto","background-attachment":"scroll","background-type":"","background-media":"","overlay-type":"","overlay-color":"","overlay-opacity":"","overlay-gradient":""}},"ast-content-background-meta":{"desktop":{"background-color":"var(--ast-global-color-5)","background-image":"","background-repeat":"repeat","background-position":"center center","background-size":"auto","background-attachment":"scroll","background-type":"","background-media":"","overlay-type":"","overlay-color":"","overlay-opacity":"","overlay-gradient":""},"tablet":{"background-color":"var(--ast-global-color-5)","background-image":"","background-repeat":"repeat","background-position":"center center","background-size":"auto","background-attachment":"scroll","background-type":"","background-media":"","overlay-type":"","overlay-color":"","overlay-opacity":"","overlay-gradient":""},"mobile":{"background-color":"var(--ast-global-color-5)","background-image":"","background-repeat":"repeat","background-position":"center center","background-size":"auto","background-attachment":"scroll","background-type":"","background-media":"","overlay-type":"","overlay-color":"","overlay-opacity":"","overlay-gradient":""}},"footnotes":""},"categories":[4],"tags":[465,323,466],"class_list":["post-11396","post","type-post","status-publish","format-standard","has-post-thumbnail","hentry","category-actualites","tag-femmes","tag-patrimoine","tag-recherche-action"],"yoast_head":"<!-- This site is optimized with the Yoast SEO plugin v27.4 - https:\/\/yoast.com\/product\/yoast-seo-wordpress\/ -->\n<title>C\u00e9line Le Roux, nouvelle directrice du Ch\u00e2teau de Goutelas - Ch\u00e2teau de Goutelas<\/title>\n<meta name=\"robots\" content=\"index, follow, max-snippet:-1, max-image-preview:large, max-video-preview:-1\" \/>\n<link rel=\"canonical\" href=\"https:\/\/www.chateaudegoutelas.fr\/en\/celine-le-roux-directrice-chateau-de-goutelas\/\" \/>\n<meta property=\"og:locale\" content=\"en_GB\" \/>\n<meta property=\"og:type\" content=\"article\" \/>\n<meta property=\"og:title\" content=\"C\u00e9line Le Roux, nouvelle directrice du Ch\u00e2teau de Goutelas - Ch\u00e2teau de Goutelas\" \/>\n<meta property=\"og:description\" content=\"Photo \u00a9 Claire Rolland Suite \u00e0 un processus de recrutement qui a associ\u00e9 ses principaux partenaires publics, le Conseil d&rsquo;administration de l&rsquo;association Ch\u00e2teau de Goutelas a nomm\u00e9 C\u00e9line Le Roux au poste de directrice du Ch\u00e2teau de Goutelas, Centre culturel de rencontre (CCR). Elle prendra ses fonctions en janvier 2026. Engag\u00e9e pour le service public [&hellip;]\" \/>\n<meta property=\"og:url\" content=\"https:\/\/www.chateaudegoutelas.fr\/en\/celine-le-roux-directrice-chateau-de-goutelas\/\" \/>\n<meta property=\"og:site_name\" content=\"Ch\u00e2teau de Goutelas\" \/>\n<meta property=\"article:published_time\" content=\"2025-11-19T13:05:08+00:00\" \/>\n<meta property=\"article:modified_time\" content=\"2025-12-02T10:19:18+00:00\" \/>\n<meta property=\"og:image\" content=\"https:\/\/www.chateaudegoutelas.fr\/wp-content\/uploads\/2025\/11\/Celine-Le-Roux_cClaire-Rolland-e1763557754204.jpg\" \/>\n\t<meta property=\"og:image:width\" content=\"427\" \/>\n\t<meta property=\"og:image:height\" content=\"427\" \/>\n\t<meta property=\"og:image:type\" content=\"image\/jpeg\" \/>\n<meta name=\"author\" content=\"chateau@goutelas\" \/>\n<meta name=\"twitter:card\" content=\"summary_large_image\" \/>\n<meta name=\"twitter:label1\" content=\"Written by\" \/>\n\t<meta name=\"twitter:data1\" content=\"chateau@goutelas\" \/>\n\t<meta name=\"twitter:label2\" content=\"Estimated reading time\" \/>\n\t<meta name=\"twitter:data2\" content=\"4 minutes\" \/>\n<script type=\"application\/ld+json\" class=\"yoast-schema-graph\">{\"@context\":\"https:\\\/\\\/schema.org\",\"@graph\":[{\"@type\":\"Article\",\"@id\":\"https:\\\/\\\/www.chateaudegoutelas.fr\\\/celine-le-roux-directrice-chateau-de-goutelas\\\/#article\",\"isPartOf\":{\"@id\":\"https:\\\/\\\/www.chateaudegoutelas.fr\\\/celine-le-roux-directrice-chateau-de-goutelas\\\/\"},\"author\":{\"name\":\"chateau@goutelas\",\"@id\":\"https:\\\/\\\/www.chateaudegoutelas.fr\\\/#\\\/schema\\\/person\\\/7e406e8ae114bb86bb9b82d52e6a1738\"},\"headline\":\"C\u00e9line Le Roux, nouvelle directrice du Ch\u00e2teau de Goutelas\",\"datePublished\":\"2025-11-19T13:05:08+00:00\",\"dateModified\":\"2025-12-02T10:19:18+00:00\",\"mainEntityOfPage\":{\"@id\":\"https:\\\/\\\/www.chateaudegoutelas.fr\\\/celine-le-roux-directrice-chateau-de-goutelas\\\/\"},\"wordCount\":543,\"publisher\":{\"@id\":\"https:\\\/\\\/www.chateaudegoutelas.fr\\\/#organization\"},\"image\":{\"@id\":\"https:\\\/\\\/www.chateaudegoutelas.fr\\\/celine-le-roux-directrice-chateau-de-goutelas\\\/#primaryimage\"},\"thumbnailUrl\":\"https:\\\/\\\/www.chateaudegoutelas.fr\\\/wp-content\\\/uploads\\\/2025\\\/11\\\/Celine-Le-Roux_cClaire-Rolland-e1763557754204.jpg\",\"keywords\":[\"femmes\",\"patrimoine\",\"recherche-action\"],\"articleSection\":[\"Actualit\u00e9\"],\"inLanguage\":\"en-GB\"},{\"@type\":\"WebPage\",\"@id\":\"https:\\\/\\\/www.chateaudegoutelas.fr\\\/celine-le-roux-directrice-chateau-de-goutelas\\\/\",\"url\":\"https:\\\/\\\/www.chateaudegoutelas.fr\\\/celine-le-roux-directrice-chateau-de-goutelas\\\/\",\"name\":\"C\u00e9line Le Roux, nouvelle directrice du Ch\u00e2teau de Goutelas - Ch\u00e2teau de Goutelas\",\"isPartOf\":{\"@id\":\"https:\\\/\\\/www.chateaudegoutelas.fr\\\/#website\"},\"primaryImageOfPage\":{\"@id\":\"https:\\\/\\\/www.chateaudegoutelas.fr\\\/celine-le-roux-directrice-chateau-de-goutelas\\\/#primaryimage\"},\"image\":{\"@id\":\"https:\\\/\\\/www.chateaudegoutelas.fr\\\/celine-le-roux-directrice-chateau-de-goutelas\\\/#primaryimage\"},\"thumbnailUrl\":\"https:\\\/\\\/www.chateaudegoutelas.fr\\\/wp-content\\\/uploads\\\/2025\\\/11\\\/Celine-Le-Roux_cClaire-Rolland-e1763557754204.jpg\",\"datePublished\":\"2025-11-19T13:05:08+00:00\",\"dateModified\":\"2025-12-02T10:19:18+00:00\",\"breadcrumb\":{\"@id\":\"https:\\\/\\\/www.chateaudegoutelas.fr\\\/celine-le-roux-directrice-chateau-de-goutelas\\\/#breadcrumb\"},\"inLanguage\":\"en-GB\",\"potentialAction\":[{\"@type\":\"ReadAction\",\"target\":[\"https:\\\/\\\/www.chateaudegoutelas.fr\\\/celine-le-roux-directrice-chateau-de-goutelas\\\/\"]}]},{\"@type\":\"ImageObject\",\"inLanguage\":\"en-GB\",\"@id\":\"https:\\\/\\\/www.chateaudegoutelas.fr\\\/celine-le-roux-directrice-chateau-de-goutelas\\\/#primaryimage\",\"url\":\"https:\\\/\\\/www.chateaudegoutelas.fr\\\/wp-content\\\/uploads\\\/2025\\\/11\\\/Celine-Le-Roux_cClaire-Rolland-e1763557754204.jpg\",\"contentUrl\":\"https:\\\/\\\/www.chateaudegoutelas.fr\\\/wp-content\\\/uploads\\\/2025\\\/11\\\/Celine-Le-Roux_cClaire-Rolland-e1763557754204.jpg\",\"width\":427,\"height\":427},{\"@type\":\"BreadcrumbList\",\"@id\":\"https:\\\/\\\/www.chateaudegoutelas.fr\\\/celine-le-roux-directrice-chateau-de-goutelas\\\/#breadcrumb\",\"itemListElement\":[{\"@type\":\"ListItem\",\"position\":1,\"name\":\"Accueil\",\"item\":\"https:\\\/\\\/www.chateaudegoutelas.fr\\\/\"},{\"@type\":\"ListItem\",\"position\":2,\"name\":\"C\u00e9line Le Roux, nouvelle directrice du Ch\u00e2teau de Goutelas\"}]},{\"@type\":\"WebSite\",\"@id\":\"https:\\\/\\\/www.chateaudegoutelas.fr\\\/#website\",\"url\":\"https:\\\/\\\/www.chateaudegoutelas.fr\\\/\",\"name\":\"Ch\u00e2teau de Goutelas\",\"description\":\"Un centre culturel de rencontre en Forez\",\"publisher\":{\"@id\":\"https:\\\/\\\/www.chateaudegoutelas.fr\\\/#organization\"},\"potentialAction\":[{\"@type\":\"SearchAction\",\"target\":{\"@type\":\"EntryPoint\",\"urlTemplate\":\"https:\\\/\\\/www.chateaudegoutelas.fr\\\/?s={search_term_string}\"},\"query-input\":{\"@type\":\"PropertyValueSpecification\",\"valueRequired\":true,\"valueName\":\"search_term_string\"}}],\"inLanguage\":\"en-GB\"},{\"@type\":\"Organization\",\"@id\":\"https:\\\/\\\/www.chateaudegoutelas.fr\\\/#organization\",\"name\":\"Ch\u00e2teau de Goutelas\",\"url\":\"https:\\\/\\\/www.chateaudegoutelas.fr\\\/\",\"logo\":{\"@type\":\"ImageObject\",\"inLanguage\":\"en-GB\",\"@id\":\"https:\\\/\\\/www.chateaudegoutelas.fr\\\/#\\\/schema\\\/logo\\\/image\\\/\",\"url\":\"https:\\\/\\\/www.chateaudegoutelas.fr\\\/wp-content\\\/uploads\\\/2023\\\/05\\\/logo-chateau-goutelas-bleu.png\",\"contentUrl\":\"https:\\\/\\\/www.chateaudegoutelas.fr\\\/wp-content\\\/uploads\\\/2023\\\/05\\\/logo-chateau-goutelas-bleu.png\",\"width\":1123,\"height\":327,\"caption\":\"Ch\u00e2teau de Goutelas\"},\"image\":{\"@id\":\"https:\\\/\\\/www.chateaudegoutelas.fr\\\/#\\\/schema\\\/logo\\\/image\\\/\"}},{\"@type\":\"Person\",\"@id\":\"https:\\\/\\\/www.chateaudegoutelas.fr\\\/#\\\/schema\\\/person\\\/7e406e8ae114bb86bb9b82d52e6a1738\",\"name\":\"chateau@goutelas\",\"image\":{\"@type\":\"ImageObject\",\"inLanguage\":\"en-GB\",\"@id\":\"https:\\\/\\\/secure.gravatar.com\\\/avatar\\\/81dca52e038e1e2a8e548cbc7a6a4752e4b1b2df1c0ab48a36029d14ad9c944f?s=96&d=mm&r=g\",\"url\":\"https:\\\/\\\/secure.gravatar.com\\\/avatar\\\/81dca52e038e1e2a8e548cbc7a6a4752e4b1b2df1c0ab48a36029d14ad9c944f?s=96&d=mm&r=g\",\"contentUrl\":\"https:\\\/\\\/secure.gravatar.com\\\/avatar\\\/81dca52e038e1e2a8e548cbc7a6a4752e4b1b2df1c0ab48a36029d14ad9c944f?s=96&d=mm&r=g\",\"caption\":\"chateau@goutelas\"},\"url\":\"https:\\\/\\\/www.chateaudegoutelas.fr\\\/en\\\/author\\\/chateaugoutelas\\\/\"}]}<\/script>\n<!-- \/ Yoast SEO plugin. -->","yoast_head_json":{"title":"C\u00e9line Le Roux, nouvelle directrice du Ch\u00e2teau de Goutelas - Ch\u00e2teau de Goutelas","robots":{"index":"index","follow":"follow","max-snippet":"max-snippet:-1","max-image-preview":"max-image-preview:large","max-video-preview":"max-video-preview:-1"},"canonical":"https:\/\/www.chateaudegoutelas.fr\/en\/celine-le-roux-directrice-chateau-de-goutelas\/","og_locale":"en_GB","og_type":"article","og_title":"C\u00e9line Le Roux, nouvelle directrice du Ch\u00e2teau de Goutelas - Ch\u00e2teau de Goutelas","og_description":"Photo \u00a9 Claire Rolland Suite \u00e0 un processus de recrutement qui a associ\u00e9 ses principaux partenaires publics, le Conseil d&rsquo;administration de l&rsquo;association Ch\u00e2teau de Goutelas a nomm\u00e9 C\u00e9line Le Roux au poste de directrice du Ch\u00e2teau de Goutelas, Centre culturel de rencontre (CCR). Elle prendra ses fonctions en janvier 2026. Engag\u00e9e pour le service public [&hellip;]","og_url":"https:\/\/www.chateaudegoutelas.fr\/en\/celine-le-roux-directrice-chateau-de-goutelas\/","og_site_name":"Ch\u00e2teau de Goutelas","article_published_time":"2025-11-19T13:05:08+00:00","article_modified_time":"2025-12-02T10:19:18+00:00","og_image":[{"width":427,"height":427,"url":"https:\/\/www.chateaudegoutelas.fr\/wp-content\/uploads\/2025\/11\/Celine-Le-Roux_cClaire-Rolland-e1763557754204.jpg","type":"image\/jpeg"}],"author":"chateau@goutelas","twitter_card":"summary_large_image","twitter_misc":{"Written by":"chateau@goutelas","Estimated reading time":"4 minutes"},"schema":{"@context":"https:\/\/schema.org","@graph":[{"@type":"Article","@id":"https:\/\/www.chateaudegoutelas.fr\/celine-le-roux-directrice-chateau-de-goutelas\/#article","isPartOf":{"@id":"https:\/\/www.chateaudegoutelas.fr\/celine-le-roux-directrice-chateau-de-goutelas\/"},"author":{"name":"chateau@goutelas","@id":"https:\/\/www.chateaudegoutelas.fr\/#\/schema\/person\/7e406e8ae114bb86bb9b82d52e6a1738"},"headline":"C\u00e9line Le Roux, nouvelle directrice du Ch\u00e2teau de Goutelas","datePublished":"2025-11-19T13:05:08+00:00","dateModified":"2025-12-02T10:19:18+00:00","mainEntityOfPage":{"@id":"https:\/\/www.chateaudegoutelas.fr\/celine-le-roux-directrice-chateau-de-goutelas\/"},"wordCount":543,"publisher":{"@id":"https:\/\/www.chateaudegoutelas.fr\/#organization"},"image":{"@id":"https:\/\/www.chateaudegoutelas.fr\/celine-le-roux-directrice-chateau-de-goutelas\/#primaryimage"},"thumbnailUrl":"https:\/\/www.chateaudegoutelas.fr\/wp-content\/uploads\/2025\/11\/Celine-Le-Roux_cClaire-Rolland-e1763557754204.jpg","keywords":["femmes","patrimoine","recherche-action"],"articleSection":["Actualit\u00e9"],"inLanguage":"en-GB"},{"@type":"WebPage","@id":"https:\/\/www.chateaudegoutelas.fr\/celine-le-roux-directrice-chateau-de-goutelas\/","url":"https:\/\/www.chateaudegoutelas.fr\/celine-le-roux-directrice-chateau-de-goutelas\/","name":"C\u00e9line Le Roux, nouvelle directrice du Ch\u00e2teau de Goutelas - Ch\u00e2teau de Goutelas","isPartOf":{"@id":"https:\/\/www.chateaudegoutelas.fr\/#website"},"primaryImageOfPage":{"@id":"https:\/\/www.chateaudegoutelas.fr\/celine-le-roux-directrice-chateau-de-goutelas\/#primaryimage"},"image":{"@id":"https:\/\/www.chateaudegoutelas.fr\/celine-le-roux-directrice-chateau-de-goutelas\/#primaryimage"},"thumbnailUrl":"https:\/\/www.chateaudegoutelas.fr\/wp-content\/uploads\/2025\/11\/Celine-Le-Roux_cClaire-Rolland-e1763557754204.jpg","datePublished":"2025-11-19T13:05:08+00:00","dateModified":"2025-12-02T10:19:18+00:00","breadcrumb":{"@id":"https:\/\/www.chateaudegoutelas.fr\/celine-le-roux-directrice-chateau-de-goutelas\/#breadcrumb"},"inLanguage":"en-GB","potentialAction":[{"@type":"ReadAction","target":["https:\/\/www.chateaudegoutelas.fr\/celine-le-roux-directrice-chateau-de-goutelas\/"]}]},{"@type":"ImageObject","inLanguage":"en-GB","@id":"https:\/\/www.chateaudegoutelas.fr\/celine-le-roux-directrice-chateau-de-goutelas\/#primaryimage","url":"https:\/\/www.chateaudegoutelas.fr\/wp-content\/uploads\/2025\/11\/Celine-Le-Roux_cClaire-Rolland-e1763557754204.jpg","contentUrl":"https:\/\/www.chateaudegoutelas.fr\/wp-content\/uploads\/2025\/11\/Celine-Le-Roux_cClaire-Rolland-e1763557754204.jpg","width":427,"height":427},{"@type":"BreadcrumbList","@id":"https:\/\/www.chateaudegoutelas.fr\/celine-le-roux-directrice-chateau-de-goutelas\/#breadcrumb","itemListElement":[{"@type":"ListItem","position":1,"name":"Accueil","item":"https:\/\/www.chateaudegoutelas.fr\/"},{"@type":"ListItem","position":2,"name":"C\u00e9line Le Roux, nouvelle directrice du Ch\u00e2teau de Goutelas"}]},{"@type":"WebSite","@id":"https:\/\/www.chateaudegoutelas.fr\/#website","url":"https:\/\/www.chateaudegoutelas.fr\/","name":"Ch\u00e2teau de Goutelas","description":"Un centre culturel de rencontre en Forez","publisher":{"@id":"https:\/\/www.chateaudegoutelas.fr\/#organization"},"potentialAction":[{"@type":"SearchAction","target":{"@type":"EntryPoint","urlTemplate":"https:\/\/www.chateaudegoutelas.fr\/?s={search_term_string}"},"query-input":{"@type":"PropertyValueSpecification","valueRequired":true,"valueName":"search_term_string"}}],"inLanguage":"en-GB"},{"@type":"Organization","@id":"https:\/\/www.chateaudegoutelas.fr\/#organization","name":"Ch\u00e2teau de Goutelas","url":"https:\/\/www.chateaudegoutelas.fr\/","logo":{"@type":"ImageObject","inLanguage":"en-GB","@id":"https:\/\/www.chateaudegoutelas.fr\/#\/schema\/logo\/image\/","url":"https:\/\/www.chateaudegoutelas.fr\/wp-content\/uploads\/2023\/05\/logo-chateau-goutelas-bleu.png","contentUrl":"https:\/\/www.chateaudegoutelas.fr\/wp-content\/uploads\/2023\/05\/logo-chateau-goutelas-bleu.png","width":1123,"height":327,"caption":"Ch\u00e2teau de Goutelas"},"image":{"@id":"https:\/\/www.chateaudegoutelas.fr\/#\/schema\/logo\/image\/"}},{"@type":"Person","@id":"https:\/\/www.chateaudegoutelas.fr\/#\/schema\/person\/7e406e8ae114bb86bb9b82d52e6a1738","name":"chateau@goutelas","image":{"@type":"ImageObject","inLanguage":"en-GB","@id":"https:\/\/secure.gravatar.com\/avatar\/81dca52e038e1e2a8e548cbc7a6a4752e4b1b2df1c0ab48a36029d14ad9c944f?s=96&d=mm&r=g","url":"https:\/\/secure.gravatar.com\/avatar\/81dca52e038e1e2a8e548cbc7a6a4752e4b1b2df1c0ab48a36029d14ad9c944f?s=96&d=mm&r=g","contentUrl":"https:\/\/secure.gravatar.com\/avatar\/81dca52e038e1e2a8e548cbc7a6a4752e4b1b2df1c0ab48a36029d14ad9c944f?s=96&d=mm&r=g","caption":"chateau@goutelas"},"url":"https:\/\/www.chateaudegoutelas.fr\/en\/author\/chateaugoutelas\/"}]}},"_links":{"self":[{"href":"https:\/\/www.chateaudegoutelas.fr\/en\/wp-json\/wp\/v2\/posts\/11396","targetHints":{"allow":["GET"]}}],"collection":[{"href":"https:\/\/www.chateaudegoutelas.fr\/en\/wp-json\/wp\/v2\/posts"}],"about":[{"href":"https:\/\/www.chateaudegoutelas.fr\/en\/wp-json\/wp\/v2\/types\/post"}],"author":[{"embeddable":true,"href":"https:\/\/www.chateaudegoutelas.fr\/en\/wp-json\/wp\/v2\/users\/7"}],"replies":[{"embeddable":true,"href":"https:\/\/www.chateaudegoutelas.fr\/en\/wp-json\/wp\/v2\/comments?post=11396"}],"version-history":[{"count":6,"href":"https:\/\/www.chateaudegoutelas.fr\/en\/wp-json\/wp\/v2\/posts\/11396\/revisions"}],"predecessor-version":[{"id":11514,"href":"https:\/\/www.chateaudegoutelas.fr\/en\/wp-json\/wp\/v2\/posts\/11396\/revisions\/11514"}],"wp:featuredmedia":[{"embeddable":true,"href":"https:\/\/www.chateaudegoutelas.fr\/en\/wp-json\/wp\/v2\/media\/11397"}],"wp:attachment":[{"href":"https:\/\/www.chateaudegoutelas.fr\/en\/wp-json\/wp\/v2\/media?parent=11396"}],"wp:term":[{"taxonomy":"category","embeddable":true,"href":"https:\/\/www.chateaudegoutelas.fr\/en\/wp-json\/wp\/v2\/categories?post=11396"},{"taxonomy":"post_tag","embeddable":true,"href":"https:\/\/www.chateaudegoutelas.fr\/en\/wp-json\/wp\/v2\/tags?post=11396"}],"curies":[{"name":"wp","href":"https:\/\/api.w.org\/{rel}","templated":true}]}}