{"id":11367,"date":"2025-11-14T14:33:46","date_gmt":"2025-11-14T13:33:46","guid":{"rendered":"https:\/\/www.chateaudegoutelas.fr\/?p=11367"},"modified":"2025-12-01T09:55:40","modified_gmt":"2025-12-01T08:55:40","slug":"concert-elodie-chapeland-trio-ehpad-de-boen","status":"publish","type":"post","link":"https:\/\/www.chateaudegoutelas.fr\/en\/concert-elodie-chapeland-trio-ehpad-de-boen\/","title":{"rendered":"EHPAD(s) EN JAZZ(s) : un concert avec les r\u00e9sident\u00b7es de l&rsquo;EHPAD de Bo\u00ebn"},"content":{"rendered":"<img loading=\"lazy\" decoding=\"async\" width=\"2560\" height=\"1707\" src=\"https:\/\/www.chateaudegoutelas.fr\/wp-content\/uploads\/2025\/11\/elodiechapeland-boen-credit-chateau-de-goutelas-6-scaled.jpg\" class=\"attachment-post-thumbnail size-post-thumbnail wp-post-image\" alt=\"\" srcset=\"https:\/\/www.chateaudegoutelas.fr\/wp-content\/uploads\/2025\/11\/elodiechapeland-boen-credit-chateau-de-goutelas-6-scaled.jpg 2560w, https:\/\/www.chateaudegoutelas.fr\/wp-content\/uploads\/2025\/11\/elodiechapeland-boen-credit-chateau-de-goutelas-6-1200x800.jpg 1200w, https:\/\/www.chateaudegoutelas.fr\/wp-content\/uploads\/2025\/11\/elodiechapeland-boen-credit-chateau-de-goutelas-6-1920x1280.jpg 1920w, https:\/\/www.chateaudegoutelas.fr\/wp-content\/uploads\/2025\/11\/elodiechapeland-boen-credit-chateau-de-goutelas-6-768x512.jpg 768w, https:\/\/www.chateaudegoutelas.fr\/wp-content\/uploads\/2025\/11\/elodiechapeland-boen-credit-chateau-de-goutelas-6-1536x1024.jpg 1536w, https:\/\/www.chateaudegoutelas.fr\/wp-content\/uploads\/2025\/11\/elodiechapeland-boen-credit-chateau-de-goutelas-6-2048x1365.jpg 2048w, https:\/\/www.chateaudegoutelas.fr\/wp-content\/uploads\/2025\/11\/elodiechapeland-boen-credit-chateau-de-goutelas-6-18x12.jpg 18w\" sizes=\"auto, (max-width: 2560px) 100vw, 2560px\" \/>\n\t<p>\u00a9 Ch\u00e2teau de Goutelas<\/p>\nEn novembre 2025, le Ch\u00e2teau de Goutelas et <strong><a tabindex=\"0\" role=\"link\" href=\"https:\/\/jazzsra.fr\/\">JAZZ(s) RA<\/a><\/strong><strong>, plateforme des acteur\u00b7ices du jazz en Auvergne-Rh\u00f4ne-Alpes<\/strong>, s&rsquo;associent pour organiser un concert au sein de l&rsquo;EHPAD <strong>La clairi\u00e8re du Lignon<\/strong>\u00a0de Bo\u00ebn-sur-Lignon.\nGoutelas est membre de la plateforme depuis 2021, et prend part pour la premi\u00e8re fois au programme \u00ab\u00a0<strong>EHPAD(s) EN JAZZ(s)<\/strong>\u00ab\u00a0, dispositif de concerts en EHPAD et structures m\u00e9dicalis\u00e9es n\u00e9 suite \u00e0 la crise sanitaire, pour (re)construire du lien social au sein des \u00e9tablissements et soutenir des artistes de la r\u00e9gion.\nLe trio de la saxophoniste <strong>Elodie Chapeland<\/strong> a propos\u00e9 aux r\u00e9sident\u00b7es, aux b\u00e9n\u00e9ficiaires de l&rsquo;accueil de jour et aux familles son r\u00e9pertoire de compositions originales, avec <strong>Yannick Chambre<\/strong> \u00e0 l&rsquo;orgue Hammond et <strong>J\u00e9r\u00f4me Renaud<\/strong> \u00e0 la batterie.\nLa co-organisation de ce concert dans la salle polyvalente de l&rsquo;h\u00f4pital a \u00e9t\u00e9 l&rsquo;occasion de renforcer les liens qui se tissent entre Goutelas, l&rsquo;EHPAD et l&rsquo;Accueil de jour, en invitant trois artistes r\u00e9gionaux pour un moment de partage avec les r\u00e9sident\u00b7es.\n<em>Le programme EHPAD(s) EN JAZZ(s) re\u00e7oit le soutien de la R\u00e9gion Auvergne-Rh\u00f4ne-Alpes, la DRAC Auvergne-Rh\u00f4ne-Alpes, la M\u00e9tropole de Lyon, l&rsquo;Adami et la SPEDIDAM.<\/em>\n\t\t\t\t<p>Goutelas coordonne tout au long de l&rsquo;ann\u00e9e des\u00a0<strong>projets artistiques et culturels avec les habitant\u00b7e\u00b7s du Forez<\/strong>, gr\u00e2ce aux liens forts tiss\u00e9s avec des \u00e9tablissements scolaires, socioculturels, de sant\u00e9,&#8230;\u00a0Toutes ces rencontres sont anim\u00e9es par l&rsquo;\u00e9thique et le r\u00e9f\u00e9rentiel des droits culturels : permettre \u00e0 chacun\u00b7e, seul\u00b7e ou en commun, de participer \u00e0 la vie culturelle, d&rsquo;y contribuer avec ses propres r\u00e9f\u00e9rences, exp\u00e9riences et pratiques tout en ayant acc\u00e8s \u00e0 une diversit\u00e9 de ressources culturelles.<\/p>\n\n\t\t<a href=\"https:\/\/www.chateaudegoutelas.fr\/en\/rencontre-bernard-rivoire-resolia\/\" title=\"Afficher le contenu de la bo\u00eete\" target=\"_self\"  aria-label=\"Post Element\"><\/a>\t\t\n\t\t\t\t\t\t\t\t\t\t\t\t\t\t<a href=\"https:\/\/www.chateaudegoutelas.fr\/en\/rencontre-bernard-rivoire-resolia\/\" target=\"_self\" title=\"Rencontre : Bernard Rivoire et les formations RESOLIA \u00e0 Goutelas\">\n\t\t\t\t<img decoding=\"async\" src=\"https:\/\/www.chateaudegoutelas.fr\/wp-content\/uploads\/2025\/11\/IMG-20250926-WA0001-720x720.jpg\" alt=\"\" \/>\n\t\t\t\t<\/a>\n\t\t\t\t<a href=\"https:\/\/www.chateaudegoutelas.fr\/en\/rencontre-bernard-rivoire-resolia\/\" title=\"Rencontre : Bernard Rivoire et les formations RESOLIA \u00e0 Goutelas\">Rencontre : Bernard Rivoire et les formations RESOLIA \u00e0 Goutelas<\/a>\t\t\t\n\t\t<a href=\"https:\/\/www.chateaudegoutelas.fr\/en\/celine-le-roux-directrice-chateau-de-goutelas\/\" title=\"Afficher le contenu de la bo\u00eete\" target=\"_self\"  aria-label=\"Post Element\"><\/a>\t\t\n\t\t\t\t\t\t\t\t\t\t\t\t\t\t<a href=\"https:\/\/www.chateaudegoutelas.fr\/en\/celine-le-roux-directrice-chateau-de-goutelas\/\" target=\"_self\" title=\"C\u00e9line Le Roux, nouvelle directrice du Ch\u00e2teau de Goutelas\">\n\t\t\t\t<img decoding=\"async\" src=\"https:\/\/www.chateaudegoutelas.fr\/wp-content\/uploads\/2025\/11\/Celine-Le-Roux_cClaire-Rolland-e1763557754204.jpg\" alt=\"\" \/>\n\t\t\t\t<\/a>\n\t\t\t\t<a href=\"https:\/\/www.chateaudegoutelas.fr\/en\/celine-le-roux-directrice-chateau-de-goutelas\/\" title=\"C\u00e9line Le Roux, nouvelle directrice du Ch\u00e2teau de Goutelas\">C\u00e9line Le Roux, nouvelle directrice du Ch\u00e2teau de Goutelas<\/a>\t\t\t\n\t\t<a href=\"https:\/\/www.chateaudegoutelas.fr\/en\/rencontre-egale-dignite-paris-novembre-2025\/\" title=\"Afficher le contenu de la bo\u00eete\" target=\"_self\"  aria-label=\"Post Element\"><\/a>\t\t\n\t\t\t\t\t\t\t\t\t\t\t\t\t\t<a href=\"https:\/\/www.chateaudegoutelas.fr\/en\/rencontre-egale-dignite-paris-novembre-2025\/\" target=\"_self\" title=\"\u00ab\u00a0L'\u00e9gale dignit\u00e9 : chemins crois\u00e9s d'une pens\u00e9e partag\u00e9e\u00a0\u00bb : rencontres autour de Paul Bouchet et Mireille Delmas-Marty\">\n\t\t\t\t<img decoding=\"async\" src=\"https:\/\/www.chateaudegoutelas.fr\/wp-content\/uploads\/2025\/11\/Goutelas103-720x720.jpg\" alt=\"\" \/>\n\t\t\t\t<\/a>\n\t\t\t\t<a href=\"https:\/\/www.chateaudegoutelas.fr\/en\/rencontre-egale-dignite-paris-novembre-2025\/\" title=\"\u00ab\u00a0L'\u00e9gale dignit\u00e9 : chemins crois\u00e9s d'une pens\u00e9e partag\u00e9e\u00a0\u00bb : rencontres autour de Paul Bouchet et Mireille Delmas-Marty\">\u00ab\u00a0L&rsquo;\u00e9gale dignit\u00e9 : chemins crois\u00e9s d&rsquo;une pens\u00e9e partag\u00e9e\u00a0\u00bb : rencontres autour de Paul Bouchet et Mireille Delmas-Marty<\/a>","protected":false},"excerpt":{"rendered":"<p>\u00a9 Ch\u00e2teau de Goutelas En novembre 2025, le Ch\u00e2teau de Goutelas et JAZZ(s) RA, plateforme des acteur\u00b7ices du jazz en Auvergne-Rh\u00f4ne-Alpes, s&rsquo;associent pour organiser un concert au sein de l&rsquo;EHPAD La clairi\u00e8re du Lignon\u00a0de Bo\u00ebn-sur-Lignon. Goutelas est membre de la plateforme depuis 2021, et prend part pour la premi\u00e8re fois au programme \u00ab\u00a0EHPAD(s) EN JAZZ(s)\u00ab\u00a0, [&hellip;]<\/p>\n","protected":false},"author":7,"featured_media":11374,"comment_status":"closed","ping_status":"closed","sticky":false,"template":"","format":"standard","meta":{"site-sidebar-layout":"default","site-content-layout":"","ast-site-content-layout":"default","site-content-style":"default","site-sidebar-style":"default","ast-global-header-display":"","ast-banner-title-visibility":"","ast-main-header-display":"","ast-hfb-above-header-display":"","ast-hfb-below-header-display":"","ast-hfb-mobile-header-display":"","site-post-title":"","ast-breadcrumbs-content":"","ast-featured-img":"disabled","footer-sml-layout":"","ast-disable-related-posts":"","theme-transparent-header-meta":"default","adv-header-id-meta":"","stick-header-meta":"default","header-above-stick-meta":"","header-main-stick-meta":"","header-below-stick-meta":"","astra-migrate-meta-layouts":"set","ast-page-background-enabled":"default","ast-page-background-meta":{"desktop":{"background-color":"","background-image":"","background-repeat":"repeat","background-position":"center center","background-size":"auto","background-attachment":"scroll","background-type":"","background-media":"","overlay-type":"","overlay-color":"","overlay-opacity":"","overlay-gradient":""},"tablet":{"background-color":"","background-image":"","background-repeat":"repeat","background-position":"center center","background-size":"auto","background-attachment":"scroll","background-type":"","background-media":"","overlay-type":"","overlay-color":"","overlay-opacity":"","overlay-gradient":""},"mobile":{"background-color":"","background-image":"","background-repeat":"repeat","background-position":"center center","background-size":"auto","background-attachment":"scroll","background-type":"","background-media":"","overlay-type":"","overlay-color":"","overlay-opacity":"","overlay-gradient":""}},"ast-content-background-meta":{"desktop":{"background-color":"var(--ast-global-color-5)","background-image":"","background-repeat":"repeat","background-position":"center center","background-size":"auto","background-attachment":"scroll","background-type":"","background-media":"","overlay-type":"","overlay-color":"","overlay-opacity":"","overlay-gradient":""},"tablet":{"background-color":"var(--ast-global-color-5)","background-image":"","background-repeat":"repeat","background-position":"center center","background-size":"auto","background-attachment":"scroll","background-type":"","background-media":"","overlay-type":"","overlay-color":"","overlay-opacity":"","overlay-gradient":""},"mobile":{"background-color":"var(--ast-global-color-5)","background-image":"","background-repeat":"repeat","background-position":"center center","background-size":"auto","background-attachment":"scroll","background-type":"","background-media":"","overlay-type":"","overlay-color":"","overlay-opacity":"","overlay-gradient":""}},"footnotes":""},"categories":[4],"tags":[],"class_list":["post-11367","post","type-post","status-publish","format-standard","has-post-thumbnail","hentry","category-actualites"],"yoast_head":"<!-- This site is optimized with the Yoast SEO plugin v27.4 - https:\/\/yoast.com\/product\/yoast-seo-wordpress\/ -->\n<title>EHPAD(s) EN JAZZ(s) : un concert avec les r\u00e9sident\u00b7es de l&#039;EHPAD de Bo\u00ebn - Ch\u00e2teau de Goutelas<\/title>\n<meta name=\"robots\" content=\"index, follow, max-snippet:-1, max-image-preview:large, max-video-preview:-1\" \/>\n<link rel=\"canonical\" href=\"https:\/\/www.chateaudegoutelas.fr\/en\/concert-elodie-chapeland-trio-ehpad-de-boen\/\" \/>\n<meta property=\"og:locale\" content=\"en_GB\" \/>\n<meta property=\"og:type\" content=\"article\" \/>\n<meta property=\"og:title\" content=\"EHPAD(s) EN JAZZ(s) : un concert avec les r\u00e9sident\u00b7es de l&#039;EHPAD de Bo\u00ebn - Ch\u00e2teau de Goutelas\" \/>\n<meta property=\"og:description\" content=\"\u00a9 Ch\u00e2teau de Goutelas En novembre 2025, le Ch\u00e2teau de Goutelas et JAZZ(s) RA, plateforme des acteur\u00b7ices du jazz en Auvergne-Rh\u00f4ne-Alpes, s&rsquo;associent pour organiser un concert au sein de l&rsquo;EHPAD La clairi\u00e8re du Lignon\u00a0de Bo\u00ebn-sur-Lignon. Goutelas est membre de la plateforme depuis 2021, et prend part pour la premi\u00e8re fois au programme \u00ab\u00a0EHPAD(s) EN JAZZ(s)\u00ab\u00a0, [&hellip;]\" \/>\n<meta property=\"og:url\" content=\"https:\/\/www.chateaudegoutelas.fr\/en\/concert-elodie-chapeland-trio-ehpad-de-boen\/\" \/>\n<meta property=\"og:site_name\" content=\"Ch\u00e2teau de Goutelas\" \/>\n<meta property=\"article:published_time\" content=\"2025-11-14T13:33:46+00:00\" \/>\n<meta property=\"article:modified_time\" content=\"2025-12-01T08:55:40+00:00\" \/>\n<meta property=\"og:image\" content=\"https:\/\/www.chateaudegoutelas.fr\/wp-content\/uploads\/2025\/11\/elodiechapeland-boen-credit-chateau-de-goutelas-6-scaled.jpg\" \/>\n\t<meta property=\"og:image:width\" content=\"2560\" \/>\n\t<meta property=\"og:image:height\" content=\"1707\" \/>\n\t<meta property=\"og:image:type\" content=\"image\/jpeg\" \/>\n<meta name=\"author\" content=\"chateau@goutelas\" \/>\n<meta name=\"twitter:card\" content=\"summary_large_image\" \/>\n<meta name=\"twitter:label1\" content=\"Written by\" \/>\n\t<meta name=\"twitter:data1\" content=\"chateau@goutelas\" \/>\n\t<meta name=\"twitter:label2\" content=\"Estimated reading time\" \/>\n\t<meta name=\"twitter:data2\" content=\"3 minutes\" \/>\n<script type=\"application\/ld+json\" class=\"yoast-schema-graph\">{\"@context\":\"https:\\\/\\\/schema.org\",\"@graph\":[{\"@type\":\"Article\",\"@id\":\"https:\\\/\\\/www.chateaudegoutelas.fr\\\/concert-elodie-chapeland-trio-ehpad-de-boen\\\/#article\",\"isPartOf\":{\"@id\":\"https:\\\/\\\/www.chateaudegoutelas.fr\\\/concert-elodie-chapeland-trio-ehpad-de-boen\\\/\"},\"author\":{\"name\":\"chateau@goutelas\",\"@id\":\"https:\\\/\\\/www.chateaudegoutelas.fr\\\/#\\\/schema\\\/person\\\/7e406e8ae114bb86bb9b82d52e6a1738\"},\"headline\":\"EHPAD(s) EN JAZZ(s) : un concert avec les r\u00e9sident\u00b7es de l&rsquo;EHPAD de Bo\u00ebn\",\"datePublished\":\"2025-11-14T13:33:46+00:00\",\"dateModified\":\"2025-12-01T08:55:40+00:00\",\"mainEntityOfPage\":{\"@id\":\"https:\\\/\\\/www.chateaudegoutelas.fr\\\/concert-elodie-chapeland-trio-ehpad-de-boen\\\/\"},\"wordCount\":370,\"publisher\":{\"@id\":\"https:\\\/\\\/www.chateaudegoutelas.fr\\\/#organization\"},\"image\":{\"@id\":\"https:\\\/\\\/www.chateaudegoutelas.fr\\\/concert-elodie-chapeland-trio-ehpad-de-boen\\\/#primaryimage\"},\"thumbnailUrl\":\"https:\\\/\\\/www.chateaudegoutelas.fr\\\/wp-content\\\/uploads\\\/2025\\\/11\\\/elodiechapeland-boen-credit-chateau-de-goutelas-6-scaled.jpg\",\"articleSection\":[\"Actualit\u00e9\"],\"inLanguage\":\"en-GB\"},{\"@type\":\"WebPage\",\"@id\":\"https:\\\/\\\/www.chateaudegoutelas.fr\\\/concert-elodie-chapeland-trio-ehpad-de-boen\\\/\",\"url\":\"https:\\\/\\\/www.chateaudegoutelas.fr\\\/concert-elodie-chapeland-trio-ehpad-de-boen\\\/\",\"name\":\"EHPAD(s) EN JAZZ(s) : un concert avec les r\u00e9sident\u00b7es de l'EHPAD de Bo\u00ebn - Ch\u00e2teau de Goutelas\",\"isPartOf\":{\"@id\":\"https:\\\/\\\/www.chateaudegoutelas.fr\\\/#website\"},\"primaryImageOfPage\":{\"@id\":\"https:\\\/\\\/www.chateaudegoutelas.fr\\\/concert-elodie-chapeland-trio-ehpad-de-boen\\\/#primaryimage\"},\"image\":{\"@id\":\"https:\\\/\\\/www.chateaudegoutelas.fr\\\/concert-elodie-chapeland-trio-ehpad-de-boen\\\/#primaryimage\"},\"thumbnailUrl\":\"https:\\\/\\\/www.chateaudegoutelas.fr\\\/wp-content\\\/uploads\\\/2025\\\/11\\\/elodiechapeland-boen-credit-chateau-de-goutelas-6-scaled.jpg\",\"datePublished\":\"2025-11-14T13:33:46+00:00\",\"dateModified\":\"2025-12-01T08:55:40+00:00\",\"breadcrumb\":{\"@id\":\"https:\\\/\\\/www.chateaudegoutelas.fr\\\/concert-elodie-chapeland-trio-ehpad-de-boen\\\/#breadcrumb\"},\"inLanguage\":\"en-GB\",\"potentialAction\":[{\"@type\":\"ReadAction\",\"target\":[\"https:\\\/\\\/www.chateaudegoutelas.fr\\\/concert-elodie-chapeland-trio-ehpad-de-boen\\\/\"]}]},{\"@type\":\"ImageObject\",\"inLanguage\":\"en-GB\",\"@id\":\"https:\\\/\\\/www.chateaudegoutelas.fr\\\/concert-elodie-chapeland-trio-ehpad-de-boen\\\/#primaryimage\",\"url\":\"https:\\\/\\\/www.chateaudegoutelas.fr\\\/wp-content\\\/uploads\\\/2025\\\/11\\\/elodiechapeland-boen-credit-chateau-de-goutelas-6-scaled.jpg\",\"contentUrl\":\"https:\\\/\\\/www.chateaudegoutelas.fr\\\/wp-content\\\/uploads\\\/2025\\\/11\\\/elodiechapeland-boen-credit-chateau-de-goutelas-6-scaled.jpg\",\"width\":2560,\"height\":1707},{\"@type\":\"BreadcrumbList\",\"@id\":\"https:\\\/\\\/www.chateaudegoutelas.fr\\\/concert-elodie-chapeland-trio-ehpad-de-boen\\\/#breadcrumb\",\"itemListElement\":[{\"@type\":\"ListItem\",\"position\":1,\"name\":\"Accueil\",\"item\":\"https:\\\/\\\/www.chateaudegoutelas.fr\\\/\"},{\"@type\":\"ListItem\",\"position\":2,\"name\":\"EHPAD(s) EN JAZZ(s) : un concert avec les r\u00e9sident\u00b7es de l&rsquo;EHPAD de Bo\u00ebn\"}]},{\"@type\":\"WebSite\",\"@id\":\"https:\\\/\\\/www.chateaudegoutelas.fr\\\/#website\",\"url\":\"https:\\\/\\\/www.chateaudegoutelas.fr\\\/\",\"name\":\"Ch\u00e2teau de Goutelas\",\"description\":\"Un centre culturel de rencontre en Forez\",\"publisher\":{\"@id\":\"https:\\\/\\\/www.chateaudegoutelas.fr\\\/#organization\"},\"potentialAction\":[{\"@type\":\"SearchAction\",\"target\":{\"@type\":\"EntryPoint\",\"urlTemplate\":\"https:\\\/\\\/www.chateaudegoutelas.fr\\\/?s={search_term_string}\"},\"query-input\":{\"@type\":\"PropertyValueSpecification\",\"valueRequired\":true,\"valueName\":\"search_term_string\"}}],\"inLanguage\":\"en-GB\"},{\"@type\":\"Organization\",\"@id\":\"https:\\\/\\\/www.chateaudegoutelas.fr\\\/#organization\",\"name\":\"Ch\u00e2teau de Goutelas\",\"url\":\"https:\\\/\\\/www.chateaudegoutelas.fr\\\/\",\"logo\":{\"@type\":\"ImageObject\",\"inLanguage\":\"en-GB\",\"@id\":\"https:\\\/\\\/www.chateaudegoutelas.fr\\\/#\\\/schema\\\/logo\\\/image\\\/\",\"url\":\"https:\\\/\\\/www.chateaudegoutelas.fr\\\/wp-content\\\/uploads\\\/2023\\\/05\\\/logo-chateau-goutelas-bleu.png\",\"contentUrl\":\"https:\\\/\\\/www.chateaudegoutelas.fr\\\/wp-content\\\/uploads\\\/2023\\\/05\\\/logo-chateau-goutelas-bleu.png\",\"width\":1123,\"height\":327,\"caption\":\"Ch\u00e2teau de Goutelas\"},\"image\":{\"@id\":\"https:\\\/\\\/www.chateaudegoutelas.fr\\\/#\\\/schema\\\/logo\\\/image\\\/\"}},{\"@type\":\"Person\",\"@id\":\"https:\\\/\\\/www.chateaudegoutelas.fr\\\/#\\\/schema\\\/person\\\/7e406e8ae114bb86bb9b82d52e6a1738\",\"name\":\"chateau@goutelas\",\"image\":{\"@type\":\"ImageObject\",\"inLanguage\":\"en-GB\",\"@id\":\"https:\\\/\\\/secure.gravatar.com\\\/avatar\\\/81dca52e038e1e2a8e548cbc7a6a4752e4b1b2df1c0ab48a36029d14ad9c944f?s=96&d=mm&r=g\",\"url\":\"https:\\\/\\\/secure.gravatar.com\\\/avatar\\\/81dca52e038e1e2a8e548cbc7a6a4752e4b1b2df1c0ab48a36029d14ad9c944f?s=96&d=mm&r=g\",\"contentUrl\":\"https:\\\/\\\/secure.gravatar.com\\\/avatar\\\/81dca52e038e1e2a8e548cbc7a6a4752e4b1b2df1c0ab48a36029d14ad9c944f?s=96&d=mm&r=g\",\"caption\":\"chateau@goutelas\"},\"url\":\"https:\\\/\\\/www.chateaudegoutelas.fr\\\/en\\\/author\\\/chateaugoutelas\\\/\"}]}<\/script>\n<!-- \/ Yoast SEO plugin. -->","yoast_head_json":{"title":"EHPAD(s) EN JAZZ(s) : un concert avec les r\u00e9sident\u00b7es de l'EHPAD de Bo\u00ebn - Ch\u00e2teau de Goutelas","robots":{"index":"index","follow":"follow","max-snippet":"max-snippet:-1","max-image-preview":"max-image-preview:large","max-video-preview":"max-video-preview:-1"},"canonical":"https:\/\/www.chateaudegoutelas.fr\/en\/concert-elodie-chapeland-trio-ehpad-de-boen\/","og_locale":"en_GB","og_type":"article","og_title":"EHPAD(s) EN JAZZ(s) : un concert avec les r\u00e9sident\u00b7es de l'EHPAD de Bo\u00ebn - Ch\u00e2teau de Goutelas","og_description":"\u00a9 Ch\u00e2teau de Goutelas En novembre 2025, le Ch\u00e2teau de Goutelas et JAZZ(s) RA, plateforme des acteur\u00b7ices du jazz en Auvergne-Rh\u00f4ne-Alpes, s&rsquo;associent pour organiser un concert au sein de l&rsquo;EHPAD La clairi\u00e8re du Lignon\u00a0de Bo\u00ebn-sur-Lignon. Goutelas est membre de la plateforme depuis 2021, et prend part pour la premi\u00e8re fois au programme \u00ab\u00a0EHPAD(s) EN JAZZ(s)\u00ab\u00a0, [&hellip;]","og_url":"https:\/\/www.chateaudegoutelas.fr\/en\/concert-elodie-chapeland-trio-ehpad-de-boen\/","og_site_name":"Ch\u00e2teau de Goutelas","article_published_time":"2025-11-14T13:33:46+00:00","article_modified_time":"2025-12-01T08:55:40+00:00","og_image":[{"width":2560,"height":1707,"url":"https:\/\/www.chateaudegoutelas.fr\/wp-content\/uploads\/2025\/11\/elodiechapeland-boen-credit-chateau-de-goutelas-6-scaled.jpg","type":"image\/jpeg"}],"author":"chateau@goutelas","twitter_card":"summary_large_image","twitter_misc":{"Written by":"chateau@goutelas","Estimated reading time":"3 minutes"},"schema":{"@context":"https:\/\/schema.org","@graph":[{"@type":"Article","@id":"https:\/\/www.chateaudegoutelas.fr\/concert-elodie-chapeland-trio-ehpad-de-boen\/#article","isPartOf":{"@id":"https:\/\/www.chateaudegoutelas.fr\/concert-elodie-chapeland-trio-ehpad-de-boen\/"},"author":{"name":"chateau@goutelas","@id":"https:\/\/www.chateaudegoutelas.fr\/#\/schema\/person\/7e406e8ae114bb86bb9b82d52e6a1738"},"headline":"EHPAD(s) EN JAZZ(s) : un concert avec les r\u00e9sident\u00b7es de l&rsquo;EHPAD de Bo\u00ebn","datePublished":"2025-11-14T13:33:46+00:00","dateModified":"2025-12-01T08:55:40+00:00","mainEntityOfPage":{"@id":"https:\/\/www.chateaudegoutelas.fr\/concert-elodie-chapeland-trio-ehpad-de-boen\/"},"wordCount":370,"publisher":{"@id":"https:\/\/www.chateaudegoutelas.fr\/#organization"},"image":{"@id":"https:\/\/www.chateaudegoutelas.fr\/concert-elodie-chapeland-trio-ehpad-de-boen\/#primaryimage"},"thumbnailUrl":"https:\/\/www.chateaudegoutelas.fr\/wp-content\/uploads\/2025\/11\/elodiechapeland-boen-credit-chateau-de-goutelas-6-scaled.jpg","articleSection":["Actualit\u00e9"],"inLanguage":"en-GB"},{"@type":"WebPage","@id":"https:\/\/www.chateaudegoutelas.fr\/concert-elodie-chapeland-trio-ehpad-de-boen\/","url":"https:\/\/www.chateaudegoutelas.fr\/concert-elodie-chapeland-trio-ehpad-de-boen\/","name":"EHPAD(s) EN JAZZ(s) : un concert avec les r\u00e9sident\u00b7es de l'EHPAD de Bo\u00ebn - Ch\u00e2teau de Goutelas","isPartOf":{"@id":"https:\/\/www.chateaudegoutelas.fr\/#website"},"primaryImageOfPage":{"@id":"https:\/\/www.chateaudegoutelas.fr\/concert-elodie-chapeland-trio-ehpad-de-boen\/#primaryimage"},"image":{"@id":"https:\/\/www.chateaudegoutelas.fr\/concert-elodie-chapeland-trio-ehpad-de-boen\/#primaryimage"},"thumbnailUrl":"https:\/\/www.chateaudegoutelas.fr\/wp-content\/uploads\/2025\/11\/elodiechapeland-boen-credit-chateau-de-goutelas-6-scaled.jpg","datePublished":"2025-11-14T13:33:46+00:00","dateModified":"2025-12-01T08:55:40+00:00","breadcrumb":{"@id":"https:\/\/www.chateaudegoutelas.fr\/concert-elodie-chapeland-trio-ehpad-de-boen\/#breadcrumb"},"inLanguage":"en-GB","potentialAction":[{"@type":"ReadAction","target":["https:\/\/www.chateaudegoutelas.fr\/concert-elodie-chapeland-trio-ehpad-de-boen\/"]}]},{"@type":"ImageObject","inLanguage":"en-GB","@id":"https:\/\/www.chateaudegoutelas.fr\/concert-elodie-chapeland-trio-ehpad-de-boen\/#primaryimage","url":"https:\/\/www.chateaudegoutelas.fr\/wp-content\/uploads\/2025\/11\/elodiechapeland-boen-credit-chateau-de-goutelas-6-scaled.jpg","contentUrl":"https:\/\/www.chateaudegoutelas.fr\/wp-content\/uploads\/2025\/11\/elodiechapeland-boen-credit-chateau-de-goutelas-6-scaled.jpg","width":2560,"height":1707},{"@type":"BreadcrumbList","@id":"https:\/\/www.chateaudegoutelas.fr\/concert-elodie-chapeland-trio-ehpad-de-boen\/#breadcrumb","itemListElement":[{"@type":"ListItem","position":1,"name":"Accueil","item":"https:\/\/www.chateaudegoutelas.fr\/"},{"@type":"ListItem","position":2,"name":"EHPAD(s) EN JAZZ(s) : un concert avec les r\u00e9sident\u00b7es de l&rsquo;EHPAD de Bo\u00ebn"}]},{"@type":"WebSite","@id":"https:\/\/www.chateaudegoutelas.fr\/#website","url":"https:\/\/www.chateaudegoutelas.fr\/","name":"Ch\u00e2teau de Goutelas","description":"Un centre culturel de rencontre en Forez","publisher":{"@id":"https:\/\/www.chateaudegoutelas.fr\/#organization"},"potentialAction":[{"@type":"SearchAction","target":{"@type":"EntryPoint","urlTemplate":"https:\/\/www.chateaudegoutelas.fr\/?s={search_term_string}"},"query-input":{"@type":"PropertyValueSpecification","valueRequired":true,"valueName":"search_term_string"}}],"inLanguage":"en-GB"},{"@type":"Organization","@id":"https:\/\/www.chateaudegoutelas.fr\/#organization","name":"Ch\u00e2teau de Goutelas","url":"https:\/\/www.chateaudegoutelas.fr\/","logo":{"@type":"ImageObject","inLanguage":"en-GB","@id":"https:\/\/www.chateaudegoutelas.fr\/#\/schema\/logo\/image\/","url":"https:\/\/www.chateaudegoutelas.fr\/wp-content\/uploads\/2023\/05\/logo-chateau-goutelas-bleu.png","contentUrl":"https:\/\/www.chateaudegoutelas.fr\/wp-content\/uploads\/2023\/05\/logo-chateau-goutelas-bleu.png","width":1123,"height":327,"caption":"Ch\u00e2teau de Goutelas"},"image":{"@id":"https:\/\/www.chateaudegoutelas.fr\/#\/schema\/logo\/image\/"}},{"@type":"Person","@id":"https:\/\/www.chateaudegoutelas.fr\/#\/schema\/person\/7e406e8ae114bb86bb9b82d52e6a1738","name":"chateau@goutelas","image":{"@type":"ImageObject","inLanguage":"en-GB","@id":"https:\/\/secure.gravatar.com\/avatar\/81dca52e038e1e2a8e548cbc7a6a4752e4b1b2df1c0ab48a36029d14ad9c944f?s=96&d=mm&r=g","url":"https:\/\/secure.gravatar.com\/avatar\/81dca52e038e1e2a8e548cbc7a6a4752e4b1b2df1c0ab48a36029d14ad9c944f?s=96&d=mm&r=g","contentUrl":"https:\/\/secure.gravatar.com\/avatar\/81dca52e038e1e2a8e548cbc7a6a4752e4b1b2df1c0ab48a36029d14ad9c944f?s=96&d=mm&r=g","caption":"chateau@goutelas"},"url":"https:\/\/www.chateaudegoutelas.fr\/en\/author\/chateaugoutelas\/"}]}},"_links":{"self":[{"href":"https:\/\/www.chateaudegoutelas.fr\/en\/wp-json\/wp\/v2\/posts\/11367","targetHints":{"allow":["GET"]}}],"collection":[{"href":"https:\/\/www.chateaudegoutelas.fr\/en\/wp-json\/wp\/v2\/posts"}],"about":[{"href":"https:\/\/www.chateaudegoutelas.fr\/en\/wp-json\/wp\/v2\/types\/post"}],"author":[{"embeddable":true,"href":"https:\/\/www.chateaudegoutelas.fr\/en\/wp-json\/wp\/v2\/users\/7"}],"replies":[{"embeddable":true,"href":"https:\/\/www.chateaudegoutelas.fr\/en\/wp-json\/wp\/v2\/comments?post=11367"}],"version-history":[{"count":3,"href":"https:\/\/www.chateaudegoutelas.fr\/en\/wp-json\/wp\/v2\/posts\/11367\/revisions"}],"predecessor-version":[{"id":11508,"href":"https:\/\/www.chateaudegoutelas.fr\/en\/wp-json\/wp\/v2\/posts\/11367\/revisions\/11508"}],"wp:featuredmedia":[{"embeddable":true,"href":"https:\/\/www.chateaudegoutelas.fr\/en\/wp-json\/wp\/v2\/media\/11374"}],"wp:attachment":[{"href":"https:\/\/www.chateaudegoutelas.fr\/en\/wp-json\/wp\/v2\/media?parent=11367"}],"wp:term":[{"taxonomy":"category","embeddable":true,"href":"https:\/\/www.chateaudegoutelas.fr\/en\/wp-json\/wp\/v2\/categories?post=11367"},{"taxonomy":"post_tag","embeddable":true,"href":"https:\/\/www.chateaudegoutelas.fr\/en\/wp-json\/wp\/v2\/tags?post=11367"}],"curies":[{"name":"wp","href":"https:\/\/api.w.org\/{rel}","templated":true}]}}