{"id":11168,"date":"2025-09-25T15:01:16","date_gmt":"2025-09-25T13:01:16","guid":{"rendered":"https:\/\/www.chateaudegoutelas.fr\/?p=11168"},"modified":"2026-03-05T10:51:07","modified_gmt":"2026-03-05T09:51:07","slug":"femmes-au-chateau","status":"publish","type":"post","link":"https:\/\/www.chateaudegoutelas.fr\/en\/femmes-au-chateau\/","title":{"rendered":"Livre \u00ab\u00a0Femmes, au ch\u00e2teau ! Reprendre le r\u00e9cit de Goutelas\u00a0\u00bb"},"content":{"rendered":"<img loading=\"lazy\" decoding=\"async\" width=\"1536\" height=\"2040\" src=\"https:\/\/www.chateaudegoutelas.fr\/wp-content\/uploads\/2025\/09\/livre.jpg\" class=\"attachment-post-thumbnail size-post-thumbnail wp-post-image\" alt=\"\" srcset=\"https:\/\/www.chateaudegoutelas.fr\/wp-content\/uploads\/2025\/09\/livre.jpg 1536w, https:\/\/www.chateaudegoutelas.fr\/wp-content\/uploads\/2025\/09\/livre-904x1200.jpg 904w, https:\/\/www.chateaudegoutelas.fr\/wp-content\/uploads\/2025\/09\/livre-1446x1920.jpg 1446w, https:\/\/www.chateaudegoutelas.fr\/wp-content\/uploads\/2025\/09\/livre-768x1020.jpg 768w, https:\/\/www.chateaudegoutelas.fr\/wp-content\/uploads\/2025\/09\/livre-1157x1536.jpg 1157w, https:\/\/www.chateaudegoutelas.fr\/wp-content\/uploads\/2025\/09\/livre-9x12.jpg 9w\" sizes=\"auto, (max-width: 1536px) 100vw, 1536px\" \/>\n\t\t\t<h4>Rencontres autour du livre<\/h4>\t\t\t\n\t\t\t\t<ul>\n<li>Librairie coop\u00e9rative \u00ab\u00a0Nos madeleines de Proust\u00a0\u00bb \u00e0 Saint-Just-Saint-Rambert (42) le <strong>vendredi 27 f\u00e9vrier 2026 \u00e0 20h<\/strong><\/li>\n<li>Librairie \u00ab\u00a0\u00c9criture\u00a0\u00bb \u00e0 Chabeuil (26) le <strong>vendredi 6 mars \u00e0 18h30<\/strong><\/li>\n<li>M\u00e9diath\u00e8que de Bo\u00ebn-sur-Lignon, le <strong>jeudi 26 mars \u00e0 10h<\/strong><\/li>\n<li>Et d&rsquo;autres rencontres \u00e0 venir !<\/li>\n<\/ul>\n\t<strong data-start=\"122\" data-end=\"177\">Femmes, au ch\u00e2teau ! Reprendre le r\u00e9cit de Goutelas<br \/>\n<\/strong>D\u00e9couvrez un autre r\u00e9cit de Goutelas. Depuis sa renaissance en 1961, le Ch\u00e2teau de Goutelas a \u00e9t\u00e9 anim\u00e9 par l&rsquo;engagement de centaines de b\u00e9n\u00e9voles. Si l&rsquo;histoire a souvent mis en avant les figures masculines &#8211; militants\/syndicalistes paysans et ouvriers, juristes, intellectuels, \u00e9lus -, elle ne se raconte pas sans celles qui l&rsquo;ont reconstruite, habit\u00e9e et transmise.\n<strong data-start=\"512\" data-end=\"556\">Un regard neuf sur l&rsquo;histoire du ch\u00e2teau<\/strong><br data-start=\"556\" data-end=\"559\" \/>Longtemps invisibilis\u00e9es, ces femmes retrouvent ici leur place. \u00c0 travers entretiens, r\u00e9cits, archives et illustrations, <em data-start=\"680\" data-end=\"702\">Femmes, au ch\u00e2teau !<\/em> restitue les m\u00e9moires et trajectoires de celles qui ont marqu\u00e9 Goutelas : pionni\u00e8res de la reconstruction, militantes f\u00e9ministes, responsables associatives, chercheuses, salari\u00e9es ou b\u00e9n\u00e9voles d&rsquo;aujourd&rsquo;hui.\n<strong data-start=\"920\" data-end=\"955\">Une recherche-action collective<br \/>\n<\/strong>Fruit d&rsquo;un travail men\u00e9 depuis 2021 par une \u00e9quipe pluridisciplinaire de collecteuses, chercheur\u00b7euses et cr\u00e9atrices &#8211; Marie-Claude Drutel, Ir\u00e8ne Guillot, Marie-Claude Mioche, Marie No\u00ebl Moulin, Michel Rautenberg (anthropologue), Agathe Rochet (sociologue) et Costanza Matteucci (graphiste et illustratrice) &#8211; ce livre donne voix \u00e0 celles que le r\u00e9cit h\u00e9ro\u00efque des \u00ab\u202fchevaliers b\u00e2tisseurs\u202f\u00bb avait rel\u00e9gu\u00e9es dans l&rsquo;ombre.\n<strong data-start=\"1190\" data-end=\"1212\">Entrez ! \u00c9coutez !<\/strong><br data-start=\"1212\" data-end=\"1215\" \/>Ce livre est un v\u00e9ritable banquet de voix et un ch\u0153ur d&rsquo;id\u00e9es. Il fait exister un autre r\u00e9cit de Goutelas, riche et inclusif.\n<strong data-start=\"1344\" data-end=\"1406\">Prix : 25\u20ac<\/strong>\n<strong data-start=\"1344\" data-end=\"1406\">Livre en vente :<\/strong>\n<ul>\n<li data-start=\"1344\" data-end=\"1408\"><strong data-start=\"1344\" data-end=\"1406\">\u00e0 la <a href=\"https:\/\/www.chateaudegoutelas.fr\/en\/votre-visite\/boutique\/\">boutique<\/a> du Ch\u00e2teau de Goutelas<\/strong><\/li>\n<li data-start=\"1344\" data-end=\"1408\"><strong data-start=\"1344\" data-end=\"1406\">sur <a href=\"https:\/\/www.leslibraires.fr\/livre\/26025257-femmes-au-chateau-reprendre-le-recit-de-goutelas-ouvrage-collectif-chateau-de-goutelas-chateau-de-goutelas\">Les libraires.fr<\/a>\u00a0<\/strong><\/li>\n<li data-start=\"1344\" data-end=\"1408\"><strong data-start=\"1344\" data-end=\"1406\">via notre billetterie en ligne : <a href=\"https:\/\/www.billetweb.fr\/femmes-au-chateau-reprendre-le-recit-de-goutelas\">cliquez ici<\/a><\/strong><\/li>\n<\/ul>\n\t\t\t<h4>\u00c9missions radio<\/h4>\t\t\t\n\t\t\t\t<ul>\n<li>RCF 42 le 18 f\u00e9vrier 2026, dans l&rsquo;\u00e9mission \u00ab\u00a0M\u00e9moires vivantes\u00a0\u00bb : <a href=\"https:\/\/www.rcf.fr\/culture\/memoires-vivantes?episode=660303\"><strong>\u00c9COUTER<\/strong><\/a><\/li>\n<li>Radio Dio, f\u00e9vrier 2026<\/li>\n<\/ul>\n<h4>\n\t\t\tActualit\u00e9s en lien\t<\/h4>\n\t\t<a href=\"https:\/\/www.chateaudegoutelas.fr\/en\/femmes-de-goutelas\/\" title=\"Afficher le contenu de la bo\u00eete\" target=\"_self\"  aria-label=\"Post Element\"><\/a>\t\t\n\t\t\t\t\t\t\t\t\t\t\t\t\t\t<a href=\"https:\/\/www.chateaudegoutelas.fr\/en\/femmes-de-goutelas\/\" target=\"_self\" title=\"Femmes de Goutelas\">\n\t\t\t\t<img decoding=\"async\" src=\"https:\/\/www.chateaudegoutelas.fr\/wp-content\/uploads\/2024\/12\/image8-720x720.jpg\" alt=\"\" \/>\n\t\t\t\t<\/a>\n\t\t\t\t<a href=\"https:\/\/www.chateaudegoutelas.fr\/en\/femmes-de-goutelas\/\" title=\"Femmes de Goutelas\">Femmes de Goutelas<\/a>\t\t\t\n\t\t<a href=\"https:\/\/www.chateaudegoutelas.fr\/en\/le-chateau-de-goutelas\/les-vies-du-chateau\/\" title=\"Afficher le contenu de la bo\u00eete\" target=\"_self\"  aria-label=\"Post Element\"><\/a>\t\t\n\t\t\t\t\t\t\t\t\t\t\t\t\t\t<a href=\"https:\/\/www.chateaudegoutelas.fr\/en\/le-chateau-de-goutelas\/les-vies-du-chateau\/\" target=\"_self\" title=\"Histoire\">\n\t\t\t\t<img decoding=\"async\" src=\"https:\/\/www.chateaudegoutelas.fr\/wp-content\/uploads\/2023\/09\/\u00a9Chateau-de-Goutelas2-1-720x720.jpg\" alt=\"\" \/>\n\t\t\t\t<\/a>\n\t\t\t\t<a href=\"https:\/\/www.chateaudegoutelas.fr\/en\/le-chateau-de-goutelas\/les-vies-du-chateau\/\" title=\"Histoire\">Histoire<\/a>\t\t\t\n\t<p><strong>PARTENAIRES<\/strong><\/p>\n<p>En partenariat avec le Centre de recherche Max Weber &#8211; Universit\u00e9 de Saint Etienne et l&rsquo;<a href=\"https:\/\/www.accr-europe.org\/\">ACCR &#8211; Association des Centres Culturels de Rencontre<\/a>. Laur\u00e9at de l&rsquo;appel \u00e0 projets\u00a0<a href=\"https:\/\/www.culture.gouv.fr\/regions\/drac-auvergne-rhone-alpes\/architecture-et-patrimoines\/ethnologie\/appel-a-projet-memoires-des-xxeme-et-xxieme-siecles-liste-des-laureats2\"> \u00ab M\u00e9moires des XXe et XXIe si\u00e8cles en Auvergne Rh\u00f4ne-Alpes \u00bb<\/a>, le projet b\u00e9n\u00e9ficie du soutien de l&rsquo;Etat &#8211; <a href=\"https:\/\/www.culture.gouv.fr\/regions\/drac-auvergne-rhone-alpes\">Direction r\u00e9gionale des affaires culturelles Auvergne-Rh\u00f4ne-Alpes<\/a> et de la <a href=\"https:\/\/www.auvergnerhonealpes.fr\/\">R\u00e9gion Auvergne-Rh\u00f4ne-Alpes<\/a>.<\/p>\n<p><a href=\"https:\/\/www.accr-europe.org\/\"><img loading=\"lazy\" decoding=\"async\" src=\"https:\/\/www.chateaudegoutelas.fr\/wp-content\/uploads\/2023\/09\/ACCR-1-1200x587.png\" alt=\"\" width=\"104\" height=\"49\" \/><\/a>\u00a0 \u00a0 \u00a0<a href=\"https:\/\/www.culture.gouv.fr\/regions\/drac-auvergne-rhone-alpes\"><img loading=\"lazy\" decoding=\"async\" src=\"https:\/\/www.chateaudegoutelas.fr\/wp-content\/uploads\/2020\/01\/Logo-DRACgris-233x300.jpg\" alt=\"\" width=\"57\" height=\"88\" \/><\/a>\u00a0 \u00a0 \u00a0<a href=\"https:\/\/www.auvergnerhonealpes.fr\/\"><img loading=\"lazy\" decoding=\"async\" src=\"https:\/\/www.chateaudegoutelas.fr\/wp-content\/uploads\/2020\/01\/R\u00e9gion-AURA_N_B-300x156.png\" alt=\"\" width=\"142\" height=\"68\" \/><\/a><\/p>\n<h2>\n\t\t\tvoir aussi\t<\/h2>\n\t\t<a href=\"https:\/\/www.chateaudegoutelas.fr\/en\/artiste\/collectif-carton-plein\/\" title=\"Afficher le contenu de la bo\u00eete\" target=\"_self\"  aria-label=\"Post Element\"><\/a>\t\t\n\t\t\t\t\t\t\t\t\t\t\t\t\t\t<a href=\"https:\/\/www.chateaudegoutelas.fr\/en\/artiste\/collectif-carton-plein\/\" target=\"_self\" title=\"Collectif Carton plein\">\n\t\t\t\t<img decoding=\"async\" src=\"https:\/\/www.chateaudegoutelas.fr\/wp-content\/uploads\/2025\/08\/carton-plein-credit-carton-plein-720x720.jpg\" alt=\"\" \/>\n\t\t\t\t<\/a>\n\t\t\t\t<a href=\"https:\/\/www.chateaudegoutelas.fr\/en\/artiste\/collectif-carton-plein\/\" title=\"Collectif Carton plein\">Collectif Carton plein<\/a>\t\t\t\n\t\t<a href=\"https:\/\/www.chateaudegoutelas.fr\/en\/artiste\/agathe-rochet\/\" title=\"Afficher le contenu de la bo\u00eete\" target=\"_self\"  aria-label=\"Post Element\"><\/a>\t\t\n\t\t\t\t\t\t\t\t\t\t\t\t\t\t<a href=\"https:\/\/www.chateaudegoutelas.fr\/en\/artiste\/agathe-rochet\/\" target=\"_self\" title=\"Agathe Rochet\">\n\t\t\t\t<img decoding=\"async\" src=\"https:\/\/www.chateaudegoutelas.fr\/wp-content\/uploads\/2025\/01\/agathe-rochet-720x720.jpg\" alt=\"\" \/>\n\t\t\t\t<\/a>\n\t\t\t\t<a href=\"https:\/\/www.chateaudegoutelas.fr\/en\/artiste\/agathe-rochet\/\" title=\"Agathe Rochet\">Agathe Rochet<\/a>\t\t\t\n\t\t<a href=\"https:\/\/www.chateaudegoutelas.fr\/en\/artiste\/costanza-matteucci\/\" title=\"Afficher le contenu de la bo\u00eete\" target=\"_self\"  aria-label=\"Post Element\"><\/a>\t\t\n\t\t\t\t\t\t\t\t\t\t\t\t\t\t<a href=\"https:\/\/www.chateaudegoutelas.fr\/en\/artiste\/costanza-matteucci\/\" target=\"_self\" title=\"Costanza Matteucci\">\n\t\t\t\t<img decoding=\"async\" src=\"https:\/\/www.chateaudegoutelas.fr\/wp-content\/uploads\/2024\/12\/CMatteucci-oct-2023-NB-720x720.jpg\" alt=\"\" \/>\n\t\t\t\t<\/a>\n\t\t\t\t<a href=\"https:\/\/www.chateaudegoutelas.fr\/en\/artiste\/costanza-matteucci\/\" title=\"Costanza Matteucci\">Costanza Matteucci<\/a>","protected":false},"excerpt":{"rendered":"<p>Rencontres autour du livre Librairie coop\u00e9rative \u00ab\u00a0Nos madeleines de Proust\u00a0\u00bb \u00e0 Saint-Just-Saint-Rambert (42) le vendredi 27 f\u00e9vrier 2026 \u00e0 20h Librairie \u00ab\u00a0\u00c9criture\u00a0\u00bb \u00e0 Chabeuil (26) le vendredi 6 mars \u00e0 18h30 M\u00e9diath\u00e8que de Bo\u00ebn-sur-Lignon, le jeudi 26 mars \u00e0 10h Et d&rsquo;autres rencontres \u00e0 venir ! Femmes, au ch\u00e2teau ! Reprendre le r\u00e9cit de Goutelas [&hellip;]<\/p>\n","protected":false},"author":7,"featured_media":11693,"comment_status":"closed","ping_status":"closed","sticky":false,"template":"","format":"standard","meta":{"site-sidebar-layout":"default","site-content-layout":"","ast-site-content-layout":"default","site-content-style":"default","site-sidebar-style":"default","ast-global-header-display":"","ast-banner-title-visibility":"","ast-main-header-display":"","ast-hfb-above-header-display":"","ast-hfb-below-header-display":"","ast-hfb-mobile-header-display":"","site-post-title":"","ast-breadcrumbs-content":"","ast-featured-img":"disabled","footer-sml-layout":"","ast-disable-related-posts":"","theme-transparent-header-meta":"default","adv-header-id-meta":"","stick-header-meta":"default","header-above-stick-meta":"","header-main-stick-meta":"","header-below-stick-meta":"","astra-migrate-meta-layouts":"set","ast-page-background-enabled":"default","ast-page-background-meta":{"desktop":{"background-color":"","background-image":"","background-repeat":"repeat","background-position":"center center","background-size":"auto","background-attachment":"scroll","background-type":"","background-media":"","overlay-type":"","overlay-color":"","overlay-opacity":"","overlay-gradient":""},"tablet":{"background-color":"","background-image":"","background-repeat":"repeat","background-position":"center center","background-size":"auto","background-attachment":"scroll","background-type":"","background-media":"","overlay-type":"","overlay-color":"","overlay-opacity":"","overlay-gradient":""},"mobile":{"background-color":"","background-image":"","background-repeat":"repeat","background-position":"center center","background-size":"auto","background-attachment":"scroll","background-type":"","background-media":"","overlay-type":"","overlay-color":"","overlay-opacity":"","overlay-gradient":""}},"ast-content-background-meta":{"desktop":{"background-color":"var(--ast-global-color-5)","background-image":"","background-repeat":"repeat","background-position":"center center","background-size":"auto","background-attachment":"scroll","background-type":"","background-media":"","overlay-type":"","overlay-color":"","overlay-opacity":"","overlay-gradient":""},"tablet":{"background-color":"var(--ast-global-color-5)","background-image":"","background-repeat":"repeat","background-position":"center center","background-size":"auto","background-attachment":"scroll","background-type":"","background-media":"","overlay-type":"","overlay-color":"","overlay-opacity":"","overlay-gradient":""},"mobile":{"background-color":"var(--ast-global-color-5)","background-image":"","background-repeat":"repeat","background-position":"center center","background-size":"auto","background-attachment":"scroll","background-type":"","background-media":"","overlay-type":"","overlay-color":"","overlay-opacity":"","overlay-gradient":""}},"footnotes":""},"categories":[4],"tags":[465,323,466],"class_list":["post-11168","post","type-post","status-publish","format-standard","has-post-thumbnail","hentry","category-actualites","tag-femmes","tag-patrimoine","tag-recherche-action"],"yoast_head":"<!-- This site is optimized with the Yoast SEO plugin v27.4 - https:\/\/yoast.com\/product\/yoast-seo-wordpress\/ -->\n<title>Livre &quot;Femmes, au ch\u00e2teau ! Reprendre le r\u00e9cit de Goutelas&quot; - Ch\u00e2teau de Goutelas<\/title>\n<meta name=\"robots\" content=\"index, follow, max-snippet:-1, max-image-preview:large, max-video-preview:-1\" \/>\n<link rel=\"canonical\" href=\"https:\/\/www.chateaudegoutelas.fr\/en\/femmes-au-chateau\/\" \/>\n<meta property=\"og:locale\" content=\"en_GB\" \/>\n<meta property=\"og:type\" content=\"article\" \/>\n<meta property=\"og:title\" content=\"Livre &quot;Femmes, au ch\u00e2teau ! Reprendre le r\u00e9cit de Goutelas&quot; - Ch\u00e2teau de Goutelas\" \/>\n<meta property=\"og:description\" content=\"Rencontres autour du livre Librairie coop\u00e9rative \u00ab\u00a0Nos madeleines de Proust\u00a0\u00bb \u00e0 Saint-Just-Saint-Rambert (42) le vendredi 27 f\u00e9vrier 2026 \u00e0 20h Librairie \u00ab\u00a0\u00c9criture\u00a0\u00bb \u00e0 Chabeuil (26) le vendredi 6 mars \u00e0 18h30 M\u00e9diath\u00e8que de Bo\u00ebn-sur-Lignon, le jeudi 26 mars \u00e0 10h Et d&rsquo;autres rencontres \u00e0 venir ! Femmes, au ch\u00e2teau ! Reprendre le r\u00e9cit de Goutelas [&hellip;]\" \/>\n<meta property=\"og:url\" content=\"https:\/\/www.chateaudegoutelas.fr\/en\/femmes-au-chateau\/\" \/>\n<meta property=\"og:site_name\" content=\"Ch\u00e2teau de Goutelas\" \/>\n<meta property=\"article:published_time\" content=\"2025-09-25T13:01:16+00:00\" \/>\n<meta property=\"article:modified_time\" content=\"2026-03-05T09:51:07+00:00\" \/>\n<meta property=\"og:image\" content=\"https:\/\/www.chateaudegoutelas.fr\/wp-content\/uploads\/2025\/09\/livre.jpg\" \/>\n\t<meta property=\"og:image:width\" content=\"1536\" \/>\n\t<meta property=\"og:image:height\" content=\"2040\" \/>\n\t<meta property=\"og:image:type\" content=\"image\/jpeg\" \/>\n<meta name=\"author\" content=\"chateau@goutelas\" \/>\n<meta name=\"twitter:card\" content=\"summary_large_image\" \/>\n<meta name=\"twitter:label1\" content=\"Written by\" \/>\n\t<meta name=\"twitter:data1\" content=\"chateau@goutelas\" \/>\n\t<meta name=\"twitter:label2\" content=\"Estimated reading time\" \/>\n\t<meta name=\"twitter:data2\" content=\"4 minutes\" \/>\n<script type=\"application\/ld+json\" class=\"yoast-schema-graph\">{\"@context\":\"https:\\\/\\\/schema.org\",\"@graph\":[{\"@type\":\"Article\",\"@id\":\"https:\\\/\\\/www.chateaudegoutelas.fr\\\/femmes-au-chateau\\\/#article\",\"isPartOf\":{\"@id\":\"https:\\\/\\\/www.chateaudegoutelas.fr\\\/femmes-au-chateau\\\/\"},\"author\":{\"name\":\"chateau@goutelas\",\"@id\":\"https:\\\/\\\/www.chateaudegoutelas.fr\\\/#\\\/schema\\\/person\\\/7e406e8ae114bb86bb9b82d52e6a1738\"},\"headline\":\"Livre \u00ab\u00a0Femmes, au ch\u00e2teau ! Reprendre le r\u00e9cit de Goutelas\u00a0\u00bb\",\"datePublished\":\"2025-09-25T13:01:16+00:00\",\"dateModified\":\"2026-03-05T09:51:07+00:00\",\"mainEntityOfPage\":{\"@id\":\"https:\\\/\\\/www.chateaudegoutelas.fr\\\/femmes-au-chateau\\\/\"},\"wordCount\":412,\"publisher\":{\"@id\":\"https:\\\/\\\/www.chateaudegoutelas.fr\\\/#organization\"},\"image\":{\"@id\":\"https:\\\/\\\/www.chateaudegoutelas.fr\\\/femmes-au-chateau\\\/#primaryimage\"},\"thumbnailUrl\":\"https:\\\/\\\/www.chateaudegoutelas.fr\\\/wp-content\\\/uploads\\\/2025\\\/09\\\/livre.jpg\",\"keywords\":[\"femmes\",\"patrimoine\",\"recherche-action\"],\"articleSection\":[\"Actualit\u00e9\"],\"inLanguage\":\"en-GB\"},{\"@type\":\"WebPage\",\"@id\":\"https:\\\/\\\/www.chateaudegoutelas.fr\\\/femmes-au-chateau\\\/\",\"url\":\"https:\\\/\\\/www.chateaudegoutelas.fr\\\/femmes-au-chateau\\\/\",\"name\":\"Livre \\\"Femmes, au ch\u00e2teau ! Reprendre le r\u00e9cit de Goutelas\\\" - Ch\u00e2teau de Goutelas\",\"isPartOf\":{\"@id\":\"https:\\\/\\\/www.chateaudegoutelas.fr\\\/#website\"},\"primaryImageOfPage\":{\"@id\":\"https:\\\/\\\/www.chateaudegoutelas.fr\\\/femmes-au-chateau\\\/#primaryimage\"},\"image\":{\"@id\":\"https:\\\/\\\/www.chateaudegoutelas.fr\\\/femmes-au-chateau\\\/#primaryimage\"},\"thumbnailUrl\":\"https:\\\/\\\/www.chateaudegoutelas.fr\\\/wp-content\\\/uploads\\\/2025\\\/09\\\/livre.jpg\",\"datePublished\":\"2025-09-25T13:01:16+00:00\",\"dateModified\":\"2026-03-05T09:51:07+00:00\",\"breadcrumb\":{\"@id\":\"https:\\\/\\\/www.chateaudegoutelas.fr\\\/femmes-au-chateau\\\/#breadcrumb\"},\"inLanguage\":\"en-GB\",\"potentialAction\":[{\"@type\":\"ReadAction\",\"target\":[\"https:\\\/\\\/www.chateaudegoutelas.fr\\\/femmes-au-chateau\\\/\"]}]},{\"@type\":\"ImageObject\",\"inLanguage\":\"en-GB\",\"@id\":\"https:\\\/\\\/www.chateaudegoutelas.fr\\\/femmes-au-chateau\\\/#primaryimage\",\"url\":\"https:\\\/\\\/www.chateaudegoutelas.fr\\\/wp-content\\\/uploads\\\/2025\\\/09\\\/livre.jpg\",\"contentUrl\":\"https:\\\/\\\/www.chateaudegoutelas.fr\\\/wp-content\\\/uploads\\\/2025\\\/09\\\/livre.jpg\",\"width\":1536,\"height\":2040},{\"@type\":\"BreadcrumbList\",\"@id\":\"https:\\\/\\\/www.chateaudegoutelas.fr\\\/femmes-au-chateau\\\/#breadcrumb\",\"itemListElement\":[{\"@type\":\"ListItem\",\"position\":1,\"name\":\"Accueil\",\"item\":\"https:\\\/\\\/www.chateaudegoutelas.fr\\\/\"},{\"@type\":\"ListItem\",\"position\":2,\"name\":\"Livre \u00ab\u00a0Femmes, au ch\u00e2teau ! Reprendre le r\u00e9cit de Goutelas\u00a0\u00bb\"}]},{\"@type\":\"WebSite\",\"@id\":\"https:\\\/\\\/www.chateaudegoutelas.fr\\\/#website\",\"url\":\"https:\\\/\\\/www.chateaudegoutelas.fr\\\/\",\"name\":\"Ch\u00e2teau de Goutelas\",\"description\":\"Un centre culturel de rencontre en Forez\",\"publisher\":{\"@id\":\"https:\\\/\\\/www.chateaudegoutelas.fr\\\/#organization\"},\"potentialAction\":[{\"@type\":\"SearchAction\",\"target\":{\"@type\":\"EntryPoint\",\"urlTemplate\":\"https:\\\/\\\/www.chateaudegoutelas.fr\\\/?s={search_term_string}\"},\"query-input\":{\"@type\":\"PropertyValueSpecification\",\"valueRequired\":true,\"valueName\":\"search_term_string\"}}],\"inLanguage\":\"en-GB\"},{\"@type\":\"Organization\",\"@id\":\"https:\\\/\\\/www.chateaudegoutelas.fr\\\/#organization\",\"name\":\"Ch\u00e2teau de Goutelas\",\"url\":\"https:\\\/\\\/www.chateaudegoutelas.fr\\\/\",\"logo\":{\"@type\":\"ImageObject\",\"inLanguage\":\"en-GB\",\"@id\":\"https:\\\/\\\/www.chateaudegoutelas.fr\\\/#\\\/schema\\\/logo\\\/image\\\/\",\"url\":\"https:\\\/\\\/www.chateaudegoutelas.fr\\\/wp-content\\\/uploads\\\/2023\\\/05\\\/logo-chateau-goutelas-bleu.png\",\"contentUrl\":\"https:\\\/\\\/www.chateaudegoutelas.fr\\\/wp-content\\\/uploads\\\/2023\\\/05\\\/logo-chateau-goutelas-bleu.png\",\"width\":1123,\"height\":327,\"caption\":\"Ch\u00e2teau de Goutelas\"},\"image\":{\"@id\":\"https:\\\/\\\/www.chateaudegoutelas.fr\\\/#\\\/schema\\\/logo\\\/image\\\/\"}},{\"@type\":\"Person\",\"@id\":\"https:\\\/\\\/www.chateaudegoutelas.fr\\\/#\\\/schema\\\/person\\\/7e406e8ae114bb86bb9b82d52e6a1738\",\"name\":\"chateau@goutelas\",\"image\":{\"@type\":\"ImageObject\",\"inLanguage\":\"en-GB\",\"@id\":\"https:\\\/\\\/secure.gravatar.com\\\/avatar\\\/81dca52e038e1e2a8e548cbc7a6a4752e4b1b2df1c0ab48a36029d14ad9c944f?s=96&d=mm&r=g\",\"url\":\"https:\\\/\\\/secure.gravatar.com\\\/avatar\\\/81dca52e038e1e2a8e548cbc7a6a4752e4b1b2df1c0ab48a36029d14ad9c944f?s=96&d=mm&r=g\",\"contentUrl\":\"https:\\\/\\\/secure.gravatar.com\\\/avatar\\\/81dca52e038e1e2a8e548cbc7a6a4752e4b1b2df1c0ab48a36029d14ad9c944f?s=96&d=mm&r=g\",\"caption\":\"chateau@goutelas\"},\"url\":\"https:\\\/\\\/www.chateaudegoutelas.fr\\\/en\\\/author\\\/chateaugoutelas\\\/\"}]}<\/script>\n<!-- \/ Yoast SEO plugin. -->","yoast_head_json":{"title":"Livre \"Femmes, au ch\u00e2teau ! Reprendre le r\u00e9cit de Goutelas\" - Ch\u00e2teau de Goutelas","robots":{"index":"index","follow":"follow","max-snippet":"max-snippet:-1","max-image-preview":"max-image-preview:large","max-video-preview":"max-video-preview:-1"},"canonical":"https:\/\/www.chateaudegoutelas.fr\/en\/femmes-au-chateau\/","og_locale":"en_GB","og_type":"article","og_title":"Livre \"Femmes, au ch\u00e2teau ! Reprendre le r\u00e9cit de Goutelas\" - Ch\u00e2teau de Goutelas","og_description":"Rencontres autour du livre Librairie coop\u00e9rative \u00ab\u00a0Nos madeleines de Proust\u00a0\u00bb \u00e0 Saint-Just-Saint-Rambert (42) le vendredi 27 f\u00e9vrier 2026 \u00e0 20h Librairie \u00ab\u00a0\u00c9criture\u00a0\u00bb \u00e0 Chabeuil (26) le vendredi 6 mars \u00e0 18h30 M\u00e9diath\u00e8que de Bo\u00ebn-sur-Lignon, le jeudi 26 mars \u00e0 10h Et d&rsquo;autres rencontres \u00e0 venir ! Femmes, au ch\u00e2teau ! Reprendre le r\u00e9cit de Goutelas [&hellip;]","og_url":"https:\/\/www.chateaudegoutelas.fr\/en\/femmes-au-chateau\/","og_site_name":"Ch\u00e2teau de Goutelas","article_published_time":"2025-09-25T13:01:16+00:00","article_modified_time":"2026-03-05T09:51:07+00:00","og_image":[{"width":1536,"height":2040,"url":"https:\/\/www.chateaudegoutelas.fr\/wp-content\/uploads\/2025\/09\/livre.jpg","type":"image\/jpeg"}],"author":"chateau@goutelas","twitter_card":"summary_large_image","twitter_misc":{"Written by":"chateau@goutelas","Estimated reading time":"4 minutes"},"schema":{"@context":"https:\/\/schema.org","@graph":[{"@type":"Article","@id":"https:\/\/www.chateaudegoutelas.fr\/femmes-au-chateau\/#article","isPartOf":{"@id":"https:\/\/www.chateaudegoutelas.fr\/femmes-au-chateau\/"},"author":{"name":"chateau@goutelas","@id":"https:\/\/www.chateaudegoutelas.fr\/#\/schema\/person\/7e406e8ae114bb86bb9b82d52e6a1738"},"headline":"Livre \u00ab\u00a0Femmes, au ch\u00e2teau ! Reprendre le r\u00e9cit de Goutelas\u00a0\u00bb","datePublished":"2025-09-25T13:01:16+00:00","dateModified":"2026-03-05T09:51:07+00:00","mainEntityOfPage":{"@id":"https:\/\/www.chateaudegoutelas.fr\/femmes-au-chateau\/"},"wordCount":412,"publisher":{"@id":"https:\/\/www.chateaudegoutelas.fr\/#organization"},"image":{"@id":"https:\/\/www.chateaudegoutelas.fr\/femmes-au-chateau\/#primaryimage"},"thumbnailUrl":"https:\/\/www.chateaudegoutelas.fr\/wp-content\/uploads\/2025\/09\/livre.jpg","keywords":["femmes","patrimoine","recherche-action"],"articleSection":["Actualit\u00e9"],"inLanguage":"en-GB"},{"@type":"WebPage","@id":"https:\/\/www.chateaudegoutelas.fr\/femmes-au-chateau\/","url":"https:\/\/www.chateaudegoutelas.fr\/femmes-au-chateau\/","name":"Livre \"Femmes, au ch\u00e2teau ! Reprendre le r\u00e9cit de Goutelas\" - Ch\u00e2teau de Goutelas","isPartOf":{"@id":"https:\/\/www.chateaudegoutelas.fr\/#website"},"primaryImageOfPage":{"@id":"https:\/\/www.chateaudegoutelas.fr\/femmes-au-chateau\/#primaryimage"},"image":{"@id":"https:\/\/www.chateaudegoutelas.fr\/femmes-au-chateau\/#primaryimage"},"thumbnailUrl":"https:\/\/www.chateaudegoutelas.fr\/wp-content\/uploads\/2025\/09\/livre.jpg","datePublished":"2025-09-25T13:01:16+00:00","dateModified":"2026-03-05T09:51:07+00:00","breadcrumb":{"@id":"https:\/\/www.chateaudegoutelas.fr\/femmes-au-chateau\/#breadcrumb"},"inLanguage":"en-GB","potentialAction":[{"@type":"ReadAction","target":["https:\/\/www.chateaudegoutelas.fr\/femmes-au-chateau\/"]}]},{"@type":"ImageObject","inLanguage":"en-GB","@id":"https:\/\/www.chateaudegoutelas.fr\/femmes-au-chateau\/#primaryimage","url":"https:\/\/www.chateaudegoutelas.fr\/wp-content\/uploads\/2025\/09\/livre.jpg","contentUrl":"https:\/\/www.chateaudegoutelas.fr\/wp-content\/uploads\/2025\/09\/livre.jpg","width":1536,"height":2040},{"@type":"BreadcrumbList","@id":"https:\/\/www.chateaudegoutelas.fr\/femmes-au-chateau\/#breadcrumb","itemListElement":[{"@type":"ListItem","position":1,"name":"Accueil","item":"https:\/\/www.chateaudegoutelas.fr\/"},{"@type":"ListItem","position":2,"name":"Livre \u00ab\u00a0Femmes, au ch\u00e2teau ! Reprendre le r\u00e9cit de Goutelas\u00a0\u00bb"}]},{"@type":"WebSite","@id":"https:\/\/www.chateaudegoutelas.fr\/#website","url":"https:\/\/www.chateaudegoutelas.fr\/","name":"Ch\u00e2teau de Goutelas","description":"Un centre culturel de rencontre en Forez","publisher":{"@id":"https:\/\/www.chateaudegoutelas.fr\/#organization"},"potentialAction":[{"@type":"SearchAction","target":{"@type":"EntryPoint","urlTemplate":"https:\/\/www.chateaudegoutelas.fr\/?s={search_term_string}"},"query-input":{"@type":"PropertyValueSpecification","valueRequired":true,"valueName":"search_term_string"}}],"inLanguage":"en-GB"},{"@type":"Organization","@id":"https:\/\/www.chateaudegoutelas.fr\/#organization","name":"Ch\u00e2teau de Goutelas","url":"https:\/\/www.chateaudegoutelas.fr\/","logo":{"@type":"ImageObject","inLanguage":"en-GB","@id":"https:\/\/www.chateaudegoutelas.fr\/#\/schema\/logo\/image\/","url":"https:\/\/www.chateaudegoutelas.fr\/wp-content\/uploads\/2023\/05\/logo-chateau-goutelas-bleu.png","contentUrl":"https:\/\/www.chateaudegoutelas.fr\/wp-content\/uploads\/2023\/05\/logo-chateau-goutelas-bleu.png","width":1123,"height":327,"caption":"Ch\u00e2teau de Goutelas"},"image":{"@id":"https:\/\/www.chateaudegoutelas.fr\/#\/schema\/logo\/image\/"}},{"@type":"Person","@id":"https:\/\/www.chateaudegoutelas.fr\/#\/schema\/person\/7e406e8ae114bb86bb9b82d52e6a1738","name":"chateau@goutelas","image":{"@type":"ImageObject","inLanguage":"en-GB","@id":"https:\/\/secure.gravatar.com\/avatar\/81dca52e038e1e2a8e548cbc7a6a4752e4b1b2df1c0ab48a36029d14ad9c944f?s=96&d=mm&r=g","url":"https:\/\/secure.gravatar.com\/avatar\/81dca52e038e1e2a8e548cbc7a6a4752e4b1b2df1c0ab48a36029d14ad9c944f?s=96&d=mm&r=g","contentUrl":"https:\/\/secure.gravatar.com\/avatar\/81dca52e038e1e2a8e548cbc7a6a4752e4b1b2df1c0ab48a36029d14ad9c944f?s=96&d=mm&r=g","caption":"chateau@goutelas"},"url":"https:\/\/www.chateaudegoutelas.fr\/en\/author\/chateaugoutelas\/"}]}},"_links":{"self":[{"href":"https:\/\/www.chateaudegoutelas.fr\/en\/wp-json\/wp\/v2\/posts\/11168","targetHints":{"allow":["GET"]}}],"collection":[{"href":"https:\/\/www.chateaudegoutelas.fr\/en\/wp-json\/wp\/v2\/posts"}],"about":[{"href":"https:\/\/www.chateaudegoutelas.fr\/en\/wp-json\/wp\/v2\/types\/post"}],"author":[{"embeddable":true,"href":"https:\/\/www.chateaudegoutelas.fr\/en\/wp-json\/wp\/v2\/users\/7"}],"replies":[{"embeddable":true,"href":"https:\/\/www.chateaudegoutelas.fr\/en\/wp-json\/wp\/v2\/comments?post=11168"}],"version-history":[{"count":11,"href":"https:\/\/www.chateaudegoutelas.fr\/en\/wp-json\/wp\/v2\/posts\/11168\/revisions"}],"predecessor-version":[{"id":11781,"href":"https:\/\/www.chateaudegoutelas.fr\/en\/wp-json\/wp\/v2\/posts\/11168\/revisions\/11781"}],"wp:featuredmedia":[{"embeddable":true,"href":"https:\/\/www.chateaudegoutelas.fr\/en\/wp-json\/wp\/v2\/media\/11693"}],"wp:attachment":[{"href":"https:\/\/www.chateaudegoutelas.fr\/en\/wp-json\/wp\/v2\/media?parent=11168"}],"wp:term":[{"taxonomy":"category","embeddable":true,"href":"https:\/\/www.chateaudegoutelas.fr\/en\/wp-json\/wp\/v2\/categories?post=11168"},{"taxonomy":"post_tag","embeddable":true,"href":"https:\/\/www.chateaudegoutelas.fr\/en\/wp-json\/wp\/v2\/tags?post=11168"}],"curies":[{"name":"wp","href":"https:\/\/api.w.org\/{rel}","templated":true}]}}