{"id":11069,"date":"2025-09-11T11:47:58","date_gmt":"2025-09-11T09:47:58","guid":{"rendered":"https:\/\/www.chateaudegoutelas.fr\/?p=11069"},"modified":"2025-09-11T11:48:53","modified_gmt":"2025-09-11T09:48:53","slug":"saison-2025-2026-le-regard-de-stephanie-hennette-vauchez-et-antoine-vauchez","status":"publish","type":"post","link":"https:\/\/www.chateaudegoutelas.fr\/en\/saison-2025-2026-le-regard-de-stephanie-hennette-vauchez-et-antoine-vauchez\/","title":{"rendered":"Saison 2025-2026 : le regard de St\u00e9phanie Hennette-Vauchez et Antoine Vauchez"},"content":{"rendered":"<img loading=\"lazy\" decoding=\"async\" width=\"2560\" height=\"1280\" src=\"https:\/\/www.chateaudegoutelas.fr\/wp-content\/uploads\/2025\/09\/stephanie-hennette-antoine-vauchez-min-scaled.png\" class=\"attachment-post-thumbnail size-post-thumbnail wp-post-image\" alt=\"\" srcset=\"https:\/\/www.chateaudegoutelas.fr\/wp-content\/uploads\/2025\/09\/stephanie-hennette-antoine-vauchez-min-scaled.png 2560w, https:\/\/www.chateaudegoutelas.fr\/wp-content\/uploads\/2025\/09\/stephanie-hennette-antoine-vauchez-min-1200x600.png 1200w, https:\/\/www.chateaudegoutelas.fr\/wp-content\/uploads\/2025\/09\/stephanie-hennette-antoine-vauchez-min-1920x960.png 1920w, https:\/\/www.chateaudegoutelas.fr\/wp-content\/uploads\/2025\/09\/stephanie-hennette-antoine-vauchez-min-768x384.png 768w, https:\/\/www.chateaudegoutelas.fr\/wp-content\/uploads\/2025\/09\/stephanie-hennette-antoine-vauchez-min-1536x768.png 1536w, https:\/\/www.chateaudegoutelas.fr\/wp-content\/uploads\/2025\/09\/stephanie-hennette-antoine-vauchez-min-2048x1024.png 2048w, https:\/\/www.chateaudegoutelas.fr\/wp-content\/uploads\/2025\/09\/stephanie-hennette-antoine-vauchez-min-18x9.png 18w\" sizes=\"auto, (max-width: 2560px) 100vw, 2560px\" \/>\n\t<p>St\u00e9phanie Hennette-Vauchez \u00a9 Astrid di Crollalanza \/ Antoine Vauchez \u00a9 DR<\/p>\n\t\n<h6><strong>Grand public<\/strong><\/h6>\n<p>&nbsp;<\/p>\n<p><em>Juriste et politiste, St\u00e9phanie Hennette-Vauchez et Antoine Vauchez s&rsquo;int\u00e9ressent aux enjeux de droits humains, de d\u00e9mocratie et de services publics, \u00e0 travers leurs recherches universitaires, leurs ouvrages, et le podcast <a href=\"https:\/\/www.public-pride.fr\/\">Public Pride<\/a>. Complices de cette saison culturelle, elle et il nous proposent de reprendre ensemble les chemins du \u00ab\u00a0public\u00a0\u00bb, au carrefour de nos d\u00e9mocraties.<\/em><\/p>\nOn avait \u00e9t\u00e9 surpris de la facilit\u00e9 avec laquelle, au c\u0153ur des confinements d\u00e9cid\u00e9s face \u00e0 la pand\u00e9mie de Covid-19, l&rsquo;id\u00e9e de r\u00e9inventer le \u00ab monde d&rsquo;apr\u00e8s \u00bb s&rsquo;\u00e9tait impos\u00e9e.<br \/>\nCertain\u00b7es y avaient vu une fuite en avant vers des futurs improbables, alors que le pr\u00e9sent se d\u00e9robait sous nos pieds. Peut-\u00eatre. Mais cette projection vers l&rsquo;avenir s&rsquo;ancrait dans l&rsquo;exp\u00e9rience collective, concr\u00e8te et imm\u00e9diate des \u00ab d\u00e9fauts de fabrication \u00bb de notre soci\u00e9t\u00e9. Les m\u00e9tiers et t\u00e2ches qui apparaissaient soudain comme les plus essentiels \u00e9taient pourtant les moins valoris\u00e9s : ramassage des ordures, morgues, soins aux malades, aux enfants et aux personnes \u00e2g\u00e9es.\n<p>De la crise elle-m\u00eame, on vit \u00e9merger des ressources et ressorts inattendus, \u00e0 commencer par cet attachement aux m\u00e9tiers du \u00ab public \u00bb qui retrouvaient l\u00e0, de l&rsquo;h\u00f4pital \u00e0 l&rsquo;\u00e9cole, le sens fort de leur utilit\u00e9 commune.<\/p>\n<p>Les mots du \u00ab public \u00bb sont comme un miroir tendu \u00e0 la soci\u00e9t\u00e9. Par leur vitalit\u00e9 (ou leur d\u00e9su\u00e9tude), ils disent l&rsquo;id\u00e9e que celle-ci se fait d&rsquo;elle-m\u00eame : la fa\u00e7on dont elle envisage ses interd\u00e9pendances comme des solidarit\u00e9s, sa capacit\u00e9 \u00e0 prendre soin et \u00e0 r\u00e9parer ses failles. Apr\u00e8s des d\u00e9cennies o\u00f9 les mots du public ont fait figure de stigmates, leur retour en force nous dit, finalement, la volont\u00e9 de la soci\u00e9t\u00e9 \u00e0 renouer avec une forme de confiance en soi, voire de fiert\u00e9 publique (public pride). Une fiert\u00e9 sans arrogance, qui exprime \u00e0 la fois la valeur de tous les m\u00e9tiers qui font tenir la soci\u00e9t\u00e9 et leur capacit\u00e9 unique \u00e0 produire et \u00e0 cultiver le sentiment d&rsquo;une pleine dignit\u00e9 et citoyennet\u00e9.<\/p>\n<p>Dans cet atelier des possibles qui a progressivement ouvert ses portes, le Ch\u00e2teau de Goutelas occupe une place \u00e0 part. Le droit, qui s&rsquo;y pense et s&rsquo;y exp\u00e9rimente, est en effet la technique par excellence de l&rsquo;invention de nouveaux mondes ou de leur r\u00e9paration. C&rsquo;est avec lui que l&rsquo;on ouvre des perc\u00e9es r\u00e9alistes dans l&rsquo;utopie de la r\u00e9paration du monde, avec lui aussi que l&rsquo;on construit les outils qui permettent de desserrer l&rsquo;\u00e9tau des contraintes, avec lui enfin que l&rsquo;on dote les mots du \u00ab public \u00bb et du \u00ab commun \u00bb d&rsquo;effets politiques concrets au c\u0153ur de nos soci\u00e9t\u00e9s.<\/p>\n<h4>\n\t\t\tActualit\u00e9s en lien\t<\/h4>\n\t\t<a href=\"https:\/\/www.chateaudegoutelas.fr\/en\/agenda\/festival-bien-commun-2025\/\" title=\"Afficher le contenu de la bo\u00eete\" target=\"_self\"  aria-label=\"Post Element\"><\/a>\t\t\n\t\t\t\t\t\t\t\t\t\t\t\t\t\t<a href=\"https:\/\/www.chateaudegoutelas.fr\/en\/agenda\/festival-bien-commun-2025\/\" target=\"_self\" title=\"Service public !\">\n\t\t\t\t<img decoding=\"async\" src=\"https:\/\/www.chateaudegoutelas.fr\/wp-content\/uploads\/2025\/04\/Bien-commun_PLS_credit-Michel-Wiart-min-720x720.jpg\" alt=\"\" \/>\n\t\t\t\t<\/a>\n\t\t\t\t\t\t<h4>\n\t\t\t\t<a href=\"https:\/\/www.chateaudegoutelas.fr\/en\/agenda\/festival-bien-commun-2025\/\" title=\"Service public !\">Service public !<\/a>\t\t\t<\/h4>\n\t\t<a href=\"https:\/\/www.chateaudegoutelas.fr\/en\/agenda\/futurs-possibles-2026\/\" title=\"Afficher le contenu de la bo\u00eete\" target=\"_self\"  aria-label=\"Post Element\"><\/a>\t\t\n\t\t\t\t\t\t\t\t\t\t\t\t\t\t<a href=\"https:\/\/www.chateaudegoutelas.fr\/en\/agenda\/futurs-possibles-2026\/\" target=\"_self\" title=\"Futurs possibles 2026\">\n\t\t\t\t<img decoding=\"async\" src=\"https:\/\/www.chateaudegoutelas.fr\/wp-content\/uploads\/2025\/04\/futurs-possibles-2-credit-Chateau-de-Goutelas-min-720x720.jpg\" alt=\"\" \/>\n\t\t\t\t<\/a>\n\t\t\t\t\t\t<h4>\n\t\t\t\t<a href=\"https:\/\/www.chateaudegoutelas.fr\/en\/agenda\/futurs-possibles-2026\/\" title=\"Futurs possibles 2026\">Futurs possibles 2026<\/a>\t\t\t<\/h4>","protected":false},"excerpt":{"rendered":"<p>St\u00e9phanie Hennette-Vauchez \u00a9 Astrid di Crollalanza \/ Antoine Vauchez \u00a9 DR Grand public &nbsp; Juriste et politiste, St\u00e9phanie Hennette-Vauchez et Antoine Vauchez s&rsquo;int\u00e9ressent aux enjeux de droits humains, de d\u00e9mocratie et de services publics, \u00e0 travers leurs recherches universitaires, leurs ouvrages, et le podcast Public Pride. Complices de cette saison culturelle, elle et il nous [&hellip;]<\/p>\n","protected":false},"author":7,"featured_media":11070,"comment_status":"closed","ping_status":"closed","sticky":false,"template":"","format":"standard","meta":{"site-sidebar-layout":"default","site-content-layout":"","ast-site-content-layout":"default","site-content-style":"default","site-sidebar-style":"default","ast-global-header-display":"","ast-banner-title-visibility":"","ast-main-header-display":"","ast-hfb-above-header-display":"","ast-hfb-below-header-display":"","ast-hfb-mobile-header-display":"","site-post-title":"","ast-breadcrumbs-content":"","ast-featured-img":"disabled","footer-sml-layout":"","ast-disable-related-posts":"","theme-transparent-header-meta":"default","adv-header-id-meta":"","stick-header-meta":"default","header-above-stick-meta":"","header-main-stick-meta":"","header-below-stick-meta":"","astra-migrate-meta-layouts":"set","ast-page-background-enabled":"default","ast-page-background-meta":{"desktop":{"background-color":"","background-image":"","background-repeat":"repeat","background-position":"center center","background-size":"auto","background-attachment":"scroll","background-type":"","background-media":"","overlay-type":"","overlay-color":"","overlay-opacity":"","overlay-gradient":""},"tablet":{"background-color":"","background-image":"","background-repeat":"repeat","background-position":"center center","background-size":"auto","background-attachment":"scroll","background-type":"","background-media":"","overlay-type":"","overlay-color":"","overlay-opacity":"","overlay-gradient":""},"mobile":{"background-color":"","background-image":"","background-repeat":"repeat","background-position":"center center","background-size":"auto","background-attachment":"scroll","background-type":"","background-media":"","overlay-type":"","overlay-color":"","overlay-opacity":"","overlay-gradient":""}},"ast-content-background-meta":{"desktop":{"background-color":"var(--ast-global-color-5)","background-image":"","background-repeat":"repeat","background-position":"center center","background-size":"auto","background-attachment":"scroll","background-type":"","background-media":"","overlay-type":"","overlay-color":"","overlay-opacity":"","overlay-gradient":""},"tablet":{"background-color":"var(--ast-global-color-5)","background-image":"","background-repeat":"repeat","background-position":"center center","background-size":"auto","background-attachment":"scroll","background-type":"","background-media":"","overlay-type":"","overlay-color":"","overlay-opacity":"","overlay-gradient":""},"mobile":{"background-color":"var(--ast-global-color-5)","background-image":"","background-repeat":"repeat","background-position":"center center","background-size":"auto","background-attachment":"scroll","background-type":"","background-media":"","overlay-type":"","overlay-color":"","overlay-opacity":"","overlay-gradient":""}},"footnotes":""},"categories":[4],"tags":[306],"class_list":["post-11069","post","type-post","status-publish","format-standard","has-post-thumbnail","hentry","category-actualites","tag-home"],"yoast_head":"<!-- This site is optimized with the Yoast SEO plugin v27.5 - https:\/\/yoast.com\/product\/yoast-seo-wordpress\/ -->\n<title>Saison 2025-2026 : le regard de St\u00e9phanie Hennette-Vauchez et Antoine Vauchez - Ch\u00e2teau de Goutelas<\/title>\n<meta name=\"robots\" content=\"index, follow, max-snippet:-1, max-image-preview:large, max-video-preview:-1\" \/>\n<link rel=\"canonical\" href=\"https:\/\/www.chateaudegoutelas.fr\/en\/saison-2025-2026-le-regard-de-stephanie-hennette-vauchez-et-antoine-vauchez\/\" \/>\n<meta property=\"og:locale\" content=\"en_GB\" \/>\n<meta property=\"og:type\" content=\"article\" \/>\n<meta property=\"og:title\" content=\"Saison 2025-2026 : le regard de St\u00e9phanie Hennette-Vauchez et Antoine Vauchez - Ch\u00e2teau de Goutelas\" \/>\n<meta property=\"og:description\" content=\"St\u00e9phanie Hennette-Vauchez \u00a9 Astrid di Crollalanza \/ Antoine Vauchez \u00a9 DR Grand public &nbsp; Juriste et politiste, St\u00e9phanie Hennette-Vauchez et Antoine Vauchez s&rsquo;int\u00e9ressent aux enjeux de droits humains, de d\u00e9mocratie et de services publics, \u00e0 travers leurs recherches universitaires, leurs ouvrages, et le podcast Public Pride. Complices de cette saison culturelle, elle et il nous [&hellip;]\" \/>\n<meta property=\"og:url\" content=\"https:\/\/www.chateaudegoutelas.fr\/en\/saison-2025-2026-le-regard-de-stephanie-hennette-vauchez-et-antoine-vauchez\/\" \/>\n<meta property=\"og:site_name\" content=\"Ch\u00e2teau de Goutelas\" \/>\n<meta property=\"article:published_time\" content=\"2025-09-11T09:47:58+00:00\" \/>\n<meta property=\"article:modified_time\" content=\"2025-09-11T09:48:53+00:00\" \/>\n<meta property=\"og:image\" content=\"https:\/\/www.chateaudegoutelas.fr\/wp-content\/uploads\/2025\/09\/stephanie-hennette-antoine-vauchez-min-scaled.png\" \/>\n\t<meta property=\"og:image:width\" content=\"2560\" \/>\n\t<meta property=\"og:image:height\" content=\"1280\" \/>\n\t<meta property=\"og:image:type\" content=\"image\/png\" \/>\n<meta name=\"author\" content=\"chateau@goutelas\" \/>\n<meta name=\"twitter:card\" content=\"summary_large_image\" \/>\n<meta name=\"twitter:label1\" content=\"Written by\" \/>\n\t<meta name=\"twitter:data1\" content=\"chateau@goutelas\" \/>\n\t<meta name=\"twitter:label2\" content=\"Estimated reading time\" \/>\n\t<meta name=\"twitter:data2\" content=\"4 minutes\" \/>\n<script type=\"application\/ld+json\" class=\"yoast-schema-graph\">{\"@context\":\"https:\\\/\\\/schema.org\",\"@graph\":[{\"@type\":\"Article\",\"@id\":\"https:\\\/\\\/www.chateaudegoutelas.fr\\\/saison-2025-2026-le-regard-de-stephanie-hennette-vauchez-et-antoine-vauchez\\\/#article\",\"isPartOf\":{\"@id\":\"https:\\\/\\\/www.chateaudegoutelas.fr\\\/saison-2025-2026-le-regard-de-stephanie-hennette-vauchez-et-antoine-vauchez\\\/\"},\"author\":{\"name\":\"chateau@goutelas\",\"@id\":\"https:\\\/\\\/www.chateaudegoutelas.fr\\\/#\\\/schema\\\/person\\\/7e406e8ae114bb86bb9b82d52e6a1738\"},\"headline\":\"Saison 2025-2026 : le regard de St\u00e9phanie Hennette-Vauchez et Antoine Vauchez\",\"datePublished\":\"2025-09-11T09:47:58+00:00\",\"dateModified\":\"2025-09-11T09:48:53+00:00\",\"mainEntityOfPage\":{\"@id\":\"https:\\\/\\\/www.chateaudegoutelas.fr\\\/saison-2025-2026-le-regard-de-stephanie-hennette-vauchez-et-antoine-vauchez\\\/\"},\"wordCount\":500,\"publisher\":{\"@id\":\"https:\\\/\\\/www.chateaudegoutelas.fr\\\/#organization\"},\"image\":{\"@id\":\"https:\\\/\\\/www.chateaudegoutelas.fr\\\/saison-2025-2026-le-regard-de-stephanie-hennette-vauchez-et-antoine-vauchez\\\/#primaryimage\"},\"thumbnailUrl\":\"https:\\\/\\\/www.chateaudegoutelas.fr\\\/wp-content\\\/uploads\\\/2025\\\/09\\\/stephanie-hennette-antoine-vauchez-min-scaled.png\",\"keywords\":[\"home\"],\"articleSection\":[\"Actualit\u00e9\"],\"inLanguage\":\"en-GB\"},{\"@type\":\"WebPage\",\"@id\":\"https:\\\/\\\/www.chateaudegoutelas.fr\\\/saison-2025-2026-le-regard-de-stephanie-hennette-vauchez-et-antoine-vauchez\\\/\",\"url\":\"https:\\\/\\\/www.chateaudegoutelas.fr\\\/saison-2025-2026-le-regard-de-stephanie-hennette-vauchez-et-antoine-vauchez\\\/\",\"name\":\"Saison 2025-2026 : le regard de St\u00e9phanie Hennette-Vauchez et Antoine Vauchez - Ch\u00e2teau de Goutelas\",\"isPartOf\":{\"@id\":\"https:\\\/\\\/www.chateaudegoutelas.fr\\\/#website\"},\"primaryImageOfPage\":{\"@id\":\"https:\\\/\\\/www.chateaudegoutelas.fr\\\/saison-2025-2026-le-regard-de-stephanie-hennette-vauchez-et-antoine-vauchez\\\/#primaryimage\"},\"image\":{\"@id\":\"https:\\\/\\\/www.chateaudegoutelas.fr\\\/saison-2025-2026-le-regard-de-stephanie-hennette-vauchez-et-antoine-vauchez\\\/#primaryimage\"},\"thumbnailUrl\":\"https:\\\/\\\/www.chateaudegoutelas.fr\\\/wp-content\\\/uploads\\\/2025\\\/09\\\/stephanie-hennette-antoine-vauchez-min-scaled.png\",\"datePublished\":\"2025-09-11T09:47:58+00:00\",\"dateModified\":\"2025-09-11T09:48:53+00:00\",\"breadcrumb\":{\"@id\":\"https:\\\/\\\/www.chateaudegoutelas.fr\\\/saison-2025-2026-le-regard-de-stephanie-hennette-vauchez-et-antoine-vauchez\\\/#breadcrumb\"},\"inLanguage\":\"en-GB\",\"potentialAction\":[{\"@type\":\"ReadAction\",\"target\":[\"https:\\\/\\\/www.chateaudegoutelas.fr\\\/saison-2025-2026-le-regard-de-stephanie-hennette-vauchez-et-antoine-vauchez\\\/\"]}]},{\"@type\":\"ImageObject\",\"inLanguage\":\"en-GB\",\"@id\":\"https:\\\/\\\/www.chateaudegoutelas.fr\\\/saison-2025-2026-le-regard-de-stephanie-hennette-vauchez-et-antoine-vauchez\\\/#primaryimage\",\"url\":\"https:\\\/\\\/www.chateaudegoutelas.fr\\\/wp-content\\\/uploads\\\/2025\\\/09\\\/stephanie-hennette-antoine-vauchez-min-scaled.png\",\"contentUrl\":\"https:\\\/\\\/www.chateaudegoutelas.fr\\\/wp-content\\\/uploads\\\/2025\\\/09\\\/stephanie-hennette-antoine-vauchez-min-scaled.png\",\"width\":2560,\"height\":1280},{\"@type\":\"BreadcrumbList\",\"@id\":\"https:\\\/\\\/www.chateaudegoutelas.fr\\\/saison-2025-2026-le-regard-de-stephanie-hennette-vauchez-et-antoine-vauchez\\\/#breadcrumb\",\"itemListElement\":[{\"@type\":\"ListItem\",\"position\":1,\"name\":\"Accueil\",\"item\":\"https:\\\/\\\/www.chateaudegoutelas.fr\\\/\"},{\"@type\":\"ListItem\",\"position\":2,\"name\":\"Saison 2025-2026 : le regard de St\u00e9phanie Hennette-Vauchez et Antoine Vauchez\"}]},{\"@type\":\"WebSite\",\"@id\":\"https:\\\/\\\/www.chateaudegoutelas.fr\\\/#website\",\"url\":\"https:\\\/\\\/www.chateaudegoutelas.fr\\\/\",\"name\":\"Ch\u00e2teau de Goutelas\",\"description\":\"Un centre culturel de rencontre en Forez\",\"publisher\":{\"@id\":\"https:\\\/\\\/www.chateaudegoutelas.fr\\\/#organization\"},\"potentialAction\":[{\"@type\":\"SearchAction\",\"target\":{\"@type\":\"EntryPoint\",\"urlTemplate\":\"https:\\\/\\\/www.chateaudegoutelas.fr\\\/?s={search_term_string}\"},\"query-input\":{\"@type\":\"PropertyValueSpecification\",\"valueRequired\":true,\"valueName\":\"search_term_string\"}}],\"inLanguage\":\"en-GB\"},{\"@type\":\"Organization\",\"@id\":\"https:\\\/\\\/www.chateaudegoutelas.fr\\\/#organization\",\"name\":\"Ch\u00e2teau de Goutelas\",\"url\":\"https:\\\/\\\/www.chateaudegoutelas.fr\\\/\",\"logo\":{\"@type\":\"ImageObject\",\"inLanguage\":\"en-GB\",\"@id\":\"https:\\\/\\\/www.chateaudegoutelas.fr\\\/#\\\/schema\\\/logo\\\/image\\\/\",\"url\":\"https:\\\/\\\/www.chateaudegoutelas.fr\\\/wp-content\\\/uploads\\\/2023\\\/05\\\/logo-chateau-goutelas-bleu.png\",\"contentUrl\":\"https:\\\/\\\/www.chateaudegoutelas.fr\\\/wp-content\\\/uploads\\\/2023\\\/05\\\/logo-chateau-goutelas-bleu.png\",\"width\":1123,\"height\":327,\"caption\":\"Ch\u00e2teau de Goutelas\"},\"image\":{\"@id\":\"https:\\\/\\\/www.chateaudegoutelas.fr\\\/#\\\/schema\\\/logo\\\/image\\\/\"}},{\"@type\":\"Person\",\"@id\":\"https:\\\/\\\/www.chateaudegoutelas.fr\\\/#\\\/schema\\\/person\\\/7e406e8ae114bb86bb9b82d52e6a1738\",\"name\":\"chateau@goutelas\",\"image\":{\"@type\":\"ImageObject\",\"inLanguage\":\"en-GB\",\"@id\":\"https:\\\/\\\/secure.gravatar.com\\\/avatar\\\/81dca52e038e1e2a8e548cbc7a6a4752e4b1b2df1c0ab48a36029d14ad9c944f?s=96&d=mm&r=g\",\"url\":\"https:\\\/\\\/secure.gravatar.com\\\/avatar\\\/81dca52e038e1e2a8e548cbc7a6a4752e4b1b2df1c0ab48a36029d14ad9c944f?s=96&d=mm&r=g\",\"contentUrl\":\"https:\\\/\\\/secure.gravatar.com\\\/avatar\\\/81dca52e038e1e2a8e548cbc7a6a4752e4b1b2df1c0ab48a36029d14ad9c944f?s=96&d=mm&r=g\",\"caption\":\"chateau@goutelas\"},\"url\":\"https:\\\/\\\/www.chateaudegoutelas.fr\\\/en\\\/author\\\/chateaugoutelas\\\/\"}]}<\/script>\n<!-- \/ Yoast SEO plugin. -->","yoast_head_json":{"title":"Saison 2025-2026 : le regard de St\u00e9phanie Hennette-Vauchez et Antoine Vauchez - Ch\u00e2teau de Goutelas","robots":{"index":"index","follow":"follow","max-snippet":"max-snippet:-1","max-image-preview":"max-image-preview:large","max-video-preview":"max-video-preview:-1"},"canonical":"https:\/\/www.chateaudegoutelas.fr\/en\/saison-2025-2026-le-regard-de-stephanie-hennette-vauchez-et-antoine-vauchez\/","og_locale":"en_GB","og_type":"article","og_title":"Saison 2025-2026 : le regard de St\u00e9phanie Hennette-Vauchez et Antoine Vauchez - Ch\u00e2teau de Goutelas","og_description":"St\u00e9phanie Hennette-Vauchez \u00a9 Astrid di Crollalanza \/ Antoine Vauchez \u00a9 DR Grand public &nbsp; Juriste et politiste, St\u00e9phanie Hennette-Vauchez et Antoine Vauchez s&rsquo;int\u00e9ressent aux enjeux de droits humains, de d\u00e9mocratie et de services publics, \u00e0 travers leurs recherches universitaires, leurs ouvrages, et le podcast Public Pride. Complices de cette saison culturelle, elle et il nous [&hellip;]","og_url":"https:\/\/www.chateaudegoutelas.fr\/en\/saison-2025-2026-le-regard-de-stephanie-hennette-vauchez-et-antoine-vauchez\/","og_site_name":"Ch\u00e2teau de Goutelas","article_published_time":"2025-09-11T09:47:58+00:00","article_modified_time":"2025-09-11T09:48:53+00:00","og_image":[{"width":2560,"height":1280,"url":"https:\/\/www.chateaudegoutelas.fr\/wp-content\/uploads\/2025\/09\/stephanie-hennette-antoine-vauchez-min-scaled.png","type":"image\/png"}],"author":"chateau@goutelas","twitter_card":"summary_large_image","twitter_misc":{"Written by":"chateau@goutelas","Estimated reading time":"4 minutes"},"schema":{"@context":"https:\/\/schema.org","@graph":[{"@type":"Article","@id":"https:\/\/www.chateaudegoutelas.fr\/saison-2025-2026-le-regard-de-stephanie-hennette-vauchez-et-antoine-vauchez\/#article","isPartOf":{"@id":"https:\/\/www.chateaudegoutelas.fr\/saison-2025-2026-le-regard-de-stephanie-hennette-vauchez-et-antoine-vauchez\/"},"author":{"name":"chateau@goutelas","@id":"https:\/\/www.chateaudegoutelas.fr\/#\/schema\/person\/7e406e8ae114bb86bb9b82d52e6a1738"},"headline":"Saison 2025-2026 : le regard de St\u00e9phanie Hennette-Vauchez et Antoine Vauchez","datePublished":"2025-09-11T09:47:58+00:00","dateModified":"2025-09-11T09:48:53+00:00","mainEntityOfPage":{"@id":"https:\/\/www.chateaudegoutelas.fr\/saison-2025-2026-le-regard-de-stephanie-hennette-vauchez-et-antoine-vauchez\/"},"wordCount":500,"publisher":{"@id":"https:\/\/www.chateaudegoutelas.fr\/#organization"},"image":{"@id":"https:\/\/www.chateaudegoutelas.fr\/saison-2025-2026-le-regard-de-stephanie-hennette-vauchez-et-antoine-vauchez\/#primaryimage"},"thumbnailUrl":"https:\/\/www.chateaudegoutelas.fr\/wp-content\/uploads\/2025\/09\/stephanie-hennette-antoine-vauchez-min-scaled.png","keywords":["home"],"articleSection":["Actualit\u00e9"],"inLanguage":"en-GB"},{"@type":"WebPage","@id":"https:\/\/www.chateaudegoutelas.fr\/saison-2025-2026-le-regard-de-stephanie-hennette-vauchez-et-antoine-vauchez\/","url":"https:\/\/www.chateaudegoutelas.fr\/saison-2025-2026-le-regard-de-stephanie-hennette-vauchez-et-antoine-vauchez\/","name":"Saison 2025-2026 : le regard de St\u00e9phanie Hennette-Vauchez et Antoine Vauchez - Ch\u00e2teau de Goutelas","isPartOf":{"@id":"https:\/\/www.chateaudegoutelas.fr\/#website"},"primaryImageOfPage":{"@id":"https:\/\/www.chateaudegoutelas.fr\/saison-2025-2026-le-regard-de-stephanie-hennette-vauchez-et-antoine-vauchez\/#primaryimage"},"image":{"@id":"https:\/\/www.chateaudegoutelas.fr\/saison-2025-2026-le-regard-de-stephanie-hennette-vauchez-et-antoine-vauchez\/#primaryimage"},"thumbnailUrl":"https:\/\/www.chateaudegoutelas.fr\/wp-content\/uploads\/2025\/09\/stephanie-hennette-antoine-vauchez-min-scaled.png","datePublished":"2025-09-11T09:47:58+00:00","dateModified":"2025-09-11T09:48:53+00:00","breadcrumb":{"@id":"https:\/\/www.chateaudegoutelas.fr\/saison-2025-2026-le-regard-de-stephanie-hennette-vauchez-et-antoine-vauchez\/#breadcrumb"},"inLanguage":"en-GB","potentialAction":[{"@type":"ReadAction","target":["https:\/\/www.chateaudegoutelas.fr\/saison-2025-2026-le-regard-de-stephanie-hennette-vauchez-et-antoine-vauchez\/"]}]},{"@type":"ImageObject","inLanguage":"en-GB","@id":"https:\/\/www.chateaudegoutelas.fr\/saison-2025-2026-le-regard-de-stephanie-hennette-vauchez-et-antoine-vauchez\/#primaryimage","url":"https:\/\/www.chateaudegoutelas.fr\/wp-content\/uploads\/2025\/09\/stephanie-hennette-antoine-vauchez-min-scaled.png","contentUrl":"https:\/\/www.chateaudegoutelas.fr\/wp-content\/uploads\/2025\/09\/stephanie-hennette-antoine-vauchez-min-scaled.png","width":2560,"height":1280},{"@type":"BreadcrumbList","@id":"https:\/\/www.chateaudegoutelas.fr\/saison-2025-2026-le-regard-de-stephanie-hennette-vauchez-et-antoine-vauchez\/#breadcrumb","itemListElement":[{"@type":"ListItem","position":1,"name":"Accueil","item":"https:\/\/www.chateaudegoutelas.fr\/"},{"@type":"ListItem","position":2,"name":"Saison 2025-2026 : le regard de St\u00e9phanie Hennette-Vauchez et Antoine Vauchez"}]},{"@type":"WebSite","@id":"https:\/\/www.chateaudegoutelas.fr\/#website","url":"https:\/\/www.chateaudegoutelas.fr\/","name":"Ch\u00e2teau de Goutelas","description":"Un centre culturel de rencontre en Forez","publisher":{"@id":"https:\/\/www.chateaudegoutelas.fr\/#organization"},"potentialAction":[{"@type":"SearchAction","target":{"@type":"EntryPoint","urlTemplate":"https:\/\/www.chateaudegoutelas.fr\/?s={search_term_string}"},"query-input":{"@type":"PropertyValueSpecification","valueRequired":true,"valueName":"search_term_string"}}],"inLanguage":"en-GB"},{"@type":"Organization","@id":"https:\/\/www.chateaudegoutelas.fr\/#organization","name":"Ch\u00e2teau de Goutelas","url":"https:\/\/www.chateaudegoutelas.fr\/","logo":{"@type":"ImageObject","inLanguage":"en-GB","@id":"https:\/\/www.chateaudegoutelas.fr\/#\/schema\/logo\/image\/","url":"https:\/\/www.chateaudegoutelas.fr\/wp-content\/uploads\/2023\/05\/logo-chateau-goutelas-bleu.png","contentUrl":"https:\/\/www.chateaudegoutelas.fr\/wp-content\/uploads\/2023\/05\/logo-chateau-goutelas-bleu.png","width":1123,"height":327,"caption":"Ch\u00e2teau de Goutelas"},"image":{"@id":"https:\/\/www.chateaudegoutelas.fr\/#\/schema\/logo\/image\/"}},{"@type":"Person","@id":"https:\/\/www.chateaudegoutelas.fr\/#\/schema\/person\/7e406e8ae114bb86bb9b82d52e6a1738","name":"chateau@goutelas","image":{"@type":"ImageObject","inLanguage":"en-GB","@id":"https:\/\/secure.gravatar.com\/avatar\/81dca52e038e1e2a8e548cbc7a6a4752e4b1b2df1c0ab48a36029d14ad9c944f?s=96&d=mm&r=g","url":"https:\/\/secure.gravatar.com\/avatar\/81dca52e038e1e2a8e548cbc7a6a4752e4b1b2df1c0ab48a36029d14ad9c944f?s=96&d=mm&r=g","contentUrl":"https:\/\/secure.gravatar.com\/avatar\/81dca52e038e1e2a8e548cbc7a6a4752e4b1b2df1c0ab48a36029d14ad9c944f?s=96&d=mm&r=g","caption":"chateau@goutelas"},"url":"https:\/\/www.chateaudegoutelas.fr\/en\/author\/chateaugoutelas\/"}]}},"_links":{"self":[{"href":"https:\/\/www.chateaudegoutelas.fr\/en\/wp-json\/wp\/v2\/posts\/11069","targetHints":{"allow":["GET"]}}],"collection":[{"href":"https:\/\/www.chateaudegoutelas.fr\/en\/wp-json\/wp\/v2\/posts"}],"about":[{"href":"https:\/\/www.chateaudegoutelas.fr\/en\/wp-json\/wp\/v2\/types\/post"}],"author":[{"embeddable":true,"href":"https:\/\/www.chateaudegoutelas.fr\/en\/wp-json\/wp\/v2\/users\/7"}],"replies":[{"embeddable":true,"href":"https:\/\/www.chateaudegoutelas.fr\/en\/wp-json\/wp\/v2\/comments?post=11069"}],"version-history":[{"count":3,"href":"https:\/\/www.chateaudegoutelas.fr\/en\/wp-json\/wp\/v2\/posts\/11069\/revisions"}],"predecessor-version":[{"id":11074,"href":"https:\/\/www.chateaudegoutelas.fr\/en\/wp-json\/wp\/v2\/posts\/11069\/revisions\/11074"}],"wp:featuredmedia":[{"embeddable":true,"href":"https:\/\/www.chateaudegoutelas.fr\/en\/wp-json\/wp\/v2\/media\/11070"}],"wp:attachment":[{"href":"https:\/\/www.chateaudegoutelas.fr\/en\/wp-json\/wp\/v2\/media?parent=11069"}],"wp:term":[{"taxonomy":"category","embeddable":true,"href":"https:\/\/www.chateaudegoutelas.fr\/en\/wp-json\/wp\/v2\/categories?post=11069"},{"taxonomy":"post_tag","embeddable":true,"href":"https:\/\/www.chateaudegoutelas.fr\/en\/wp-json\/wp\/v2\/tags?post=11069"}],"curies":[{"name":"wp","href":"https:\/\/api.w.org\/{rel}","templated":true}]}}