{"id":10916,"date":"2025-08-25T18:02:42","date_gmt":"2025-08-25T16:02:42","guid":{"rendered":"https:\/\/www.chateaudegoutelas.fr\/?p=10916"},"modified":"2025-10-22T15:31:38","modified_gmt":"2025-10-22T13:31:38","slug":"appel-a-candidatures-residence-jazz-2025-2026","status":"publish","type":"post","link":"https:\/\/www.chateaudegoutelas.fr\/en\/appel-a-candidatures-residence-jazz-2025-2026\/","title":{"rendered":"Appel \u00e0 candidatures : r\u00e9sidence jazz 2026 au Ch\u00e2teau de Goutelas"},"content":{"rendered":"<img loading=\"lazy\" decoding=\"async\" width=\"1497\" height=\"1736\" src=\"https:\/\/www.chateaudegoutelas.fr\/wp-content\/uploads\/2025\/08\/XBY5343-Modifier13x19-e1756222284766.jpg\" class=\"attachment-post-thumbnail size-post-thumbnail wp-post-image\" alt=\"\" srcset=\"https:\/\/www.chateaudegoutelas.fr\/wp-content\/uploads\/2025\/08\/XBY5343-Modifier13x19-e1756222284766.jpg 1497w, https:\/\/www.chateaudegoutelas.fr\/wp-content\/uploads\/2025\/08\/XBY5343-Modifier13x19-e1756222284766-1035x1200.jpg 1035w, https:\/\/www.chateaudegoutelas.fr\/wp-content\/uploads\/2025\/08\/XBY5343-Modifier13x19-e1756222284766-768x891.jpg 768w, https:\/\/www.chateaudegoutelas.fr\/wp-content\/uploads\/2025\/08\/XBY5343-Modifier13x19-e1756222284766-1325x1536.jpg 1325w, https:\/\/www.chateaudegoutelas.fr\/wp-content\/uploads\/2025\/08\/XBY5343-Modifier13x19-e1756222284766-10x12.jpg 10w\" sizes=\"auto, (max-width: 1497px) 100vw, 1497px\" \/>\n\t<p>\u00a9 Xavier Boyer<\/p>\n\tLe Ch\u00e2teau de Goutelas, labellis\u00e9 Centre culturel de rencontre par le<br \/>\nminist\u00e8re de la Culture et situ\u00e9 \u00e0 Marcoux (Loire 42), ouvre son deuxi\u00e8me<br \/>\n<strong>appel \u00e0 candidatures pour l&rsquo;accueil en r\u00e9sidence d&rsquo;un groupe de jazz au<\/strong><br \/>\n<strong>cours de la saison 2025-2026<\/strong>.\nLe groupe s\u00e9lectionn\u00e9 (du duo au quintet) b\u00e9n\u00e9ficiera de <strong>10 jours de<\/strong><br \/>\n<strong>r\u00e9sidence de cr\u00e9ation<\/strong> au ch\u00e2teau et sera invit\u00e9 \u00e0 se produire en concert<br \/>\n\u00e0 l&rsquo;issue de la r\u00e9sidence. H\u00e9bergement, restauration et transports sont pris<br \/>\nen charge selon les conditions d\u00e9taill\u00e9es dans l&rsquo;appel, une r\u00e9mun\u00e9ration est<br \/>\npr\u00e9vue pour le concert. La r\u00e9sidence, en autonomie technique, n&rsquo;est pas<br \/>\nr\u00e9mun\u00e9r\u00e9e.\n<p>La r\u00e9sidence aura lieu entre le <strong>mercredi 25 f\u00e9vrier et le vendredi 6 mars 2026<\/strong>.<\/p>\n<p>Les candidatures sont ouvertes jusqu&rsquo;au <strong>mercredi 1er octobre 2025.<\/strong><\/p>\n\t\t\t<a href=\"https:\/\/www.chateaudegoutelas.fr\/wp-content\/uploads\/2025\/08\/APPEL-A-CANDIDATURES-2025-2026.pdf\" title=\"Cliquez ici\" target=\"_blank\" rel=\"noopener\"  role=\"button\" aria-label=\"Lire l&#039;appel \u00e0 candidatures\">\n\t\t\t\t\t\t\tLire l&rsquo;appel \u00e0 candidatures\n\t\t<\/a>\n<h4>\n\t\t\tPages en lien\t<\/h4>\n\t\t<a href=\"https:\/\/www.chateaudegoutelas.fr\/en\/le-chateau-de-goutelas\/\" title=\"Afficher le contenu de la bo\u00eete\" target=\"_self\"  aria-label=\"Post Element\"><\/a>\t\t\n\t\t\t\t\t\t\t\t\t\t\t\t\t\t<a href=\"https:\/\/www.chateaudegoutelas.fr\/en\/le-chateau-de-goutelas\/\" target=\"_self\" title=\"Le Ch\u00e2teau de Goutelas\">\n\t\t\t\t<img decoding=\"async\" src=\"https:\/\/www.chateaudegoutelas.fr\/wp-content\/uploads\/2023\/08\/DJI_0833-720x720.jpg\" alt=\"\" \/>\n\t\t\t\t<\/a>\n\t\t\t\t\t\t<h4>\n\t\t\t\t<a href=\"https:\/\/www.chateaudegoutelas.fr\/en\/le-chateau-de-goutelas\/\" title=\"Le Ch\u00e2teau de Goutelas\">Le Ch\u00e2teau de Goutelas<\/a>\t\t\t<\/h4>\n\t\t<a href=\"https:\/\/www.chateaudegoutelas.fr\/en\/residences\/residence-jazz\/\" title=\"Afficher le contenu de la bo\u00eete\" target=\"_self\"  aria-label=\"Post Element\"><\/a>\t\t\n\t\t\t\t\t\t\t\t\t\t\t\t\t\t<a href=\"https:\/\/www.chateaudegoutelas.fr\/en\/residences\/residence-jazz\/\" target=\"_self\" title=\"R\u00e9sidence jazz\">\n\t\t\t\t<img decoding=\"async\" src=\"https:\/\/www.chateaudegoutelas.fr\/wp-content\/uploads\/2024\/09\/XBY545913x19-720x720.jpg\" alt=\"\" \/>\n\t\t\t\t<\/a>\n\t\t\t\t\t\t<h4>\n\t\t\t\t<a href=\"https:\/\/www.chateaudegoutelas.fr\/en\/residences\/residence-jazz\/\" title=\"R\u00e9sidence jazz\">R\u00e9sidence jazz<\/a>\t\t\t<\/h4>","protected":false},"excerpt":{"rendered":"<p>\u00a9 Xavier Boyer Le Ch\u00e2teau de Goutelas, labellis\u00e9 Centre culturel de rencontre par le minist\u00e8re de la Culture et situ\u00e9 \u00e0 Marcoux (Loire 42), ouvre son deuxi\u00e8me appel \u00e0 candidatures pour l&rsquo;accueil en r\u00e9sidence d&rsquo;un groupe de jazz au cours de la saison 2025-2026. Le groupe s\u00e9lectionn\u00e9 (du duo au quintet) b\u00e9n\u00e9ficiera de 10 jours [&hellip;]<\/p>\n","protected":false},"author":7,"featured_media":10925,"comment_status":"closed","ping_status":"closed","sticky":false,"template":"","format":"standard","meta":{"site-sidebar-layout":"default","site-content-layout":"","ast-site-content-layout":"default","site-content-style":"default","site-sidebar-style":"default","ast-global-header-display":"","ast-banner-title-visibility":"","ast-main-header-display":"","ast-hfb-above-header-display":"","ast-hfb-below-header-display":"","ast-hfb-mobile-header-display":"","site-post-title":"","ast-breadcrumbs-content":"","ast-featured-img":"disabled","footer-sml-layout":"","ast-disable-related-posts":"","theme-transparent-header-meta":"default","adv-header-id-meta":"","stick-header-meta":"default","header-above-stick-meta":"","header-main-stick-meta":"","header-below-stick-meta":"","astra-migrate-meta-layouts":"set","ast-page-background-enabled":"default","ast-page-background-meta":{"desktop":{"background-color":"","background-image":"","background-repeat":"repeat","background-position":"center center","background-size":"auto","background-attachment":"scroll","background-type":"","background-media":"","overlay-type":"","overlay-color":"","overlay-opacity":"","overlay-gradient":""},"tablet":{"background-color":"","background-image":"","background-repeat":"repeat","background-position":"center center","background-size":"auto","background-attachment":"scroll","background-type":"","background-media":"","overlay-type":"","overlay-color":"","overlay-opacity":"","overlay-gradient":""},"mobile":{"background-color":"","background-image":"","background-repeat":"repeat","background-position":"center center","background-size":"auto","background-attachment":"scroll","background-type":"","background-media":"","overlay-type":"","overlay-color":"","overlay-opacity":"","overlay-gradient":""}},"ast-content-background-meta":{"desktop":{"background-color":"var(--ast-global-color-5)","background-image":"","background-repeat":"repeat","background-position":"center center","background-size":"auto","background-attachment":"scroll","background-type":"","background-media":"","overlay-type":"","overlay-color":"","overlay-opacity":"","overlay-gradient":""},"tablet":{"background-color":"var(--ast-global-color-5)","background-image":"","background-repeat":"repeat","background-position":"center center","background-size":"auto","background-attachment":"scroll","background-type":"","background-media":"","overlay-type":"","overlay-color":"","overlay-opacity":"","overlay-gradient":""},"mobile":{"background-color":"var(--ast-global-color-5)","background-image":"","background-repeat":"repeat","background-position":"center center","background-size":"auto","background-attachment":"scroll","background-type":"","background-media":"","overlay-type":"","overlay-color":"","overlay-opacity":"","overlay-gradient":""}},"footnotes":""},"categories":[4],"tags":[306],"class_list":["post-10916","post","type-post","status-publish","format-standard","has-post-thumbnail","hentry","category-actualites","tag-home"],"yoast_head":"<!-- This site is optimized with the Yoast SEO plugin v27.5 - https:\/\/yoast.com\/product\/yoast-seo-wordpress\/ -->\n<title>Appel \u00e0 candidatures : r\u00e9sidence jazz 2026 au Ch\u00e2teau de Goutelas - Ch\u00e2teau de Goutelas<\/title>\n<meta name=\"robots\" content=\"index, follow, max-snippet:-1, max-image-preview:large, max-video-preview:-1\" \/>\n<link rel=\"canonical\" href=\"https:\/\/www.chateaudegoutelas.fr\/en\/appel-a-candidatures-residence-jazz-2025-2026\/\" \/>\n<meta property=\"og:locale\" content=\"en_GB\" \/>\n<meta property=\"og:type\" content=\"article\" \/>\n<meta property=\"og:title\" content=\"Appel \u00e0 candidatures : r\u00e9sidence jazz 2026 au Ch\u00e2teau de Goutelas - Ch\u00e2teau de Goutelas\" \/>\n<meta property=\"og:description\" content=\"\u00a9 Xavier Boyer Le Ch\u00e2teau de Goutelas, labellis\u00e9 Centre culturel de rencontre par le minist\u00e8re de la Culture et situ\u00e9 \u00e0 Marcoux (Loire 42), ouvre son deuxi\u00e8me appel \u00e0 candidatures pour l&rsquo;accueil en r\u00e9sidence d&rsquo;un groupe de jazz au cours de la saison 2025-2026. Le groupe s\u00e9lectionn\u00e9 (du duo au quintet) b\u00e9n\u00e9ficiera de 10 jours [&hellip;]\" \/>\n<meta property=\"og:url\" content=\"https:\/\/www.chateaudegoutelas.fr\/en\/appel-a-candidatures-residence-jazz-2025-2026\/\" \/>\n<meta property=\"og:site_name\" content=\"Ch\u00e2teau de Goutelas\" \/>\n<meta property=\"article:published_time\" content=\"2025-08-25T16:02:42+00:00\" \/>\n<meta property=\"article:modified_time\" content=\"2025-10-22T13:31:38+00:00\" \/>\n<meta property=\"og:image\" content=\"https:\/\/www.chateaudegoutelas.fr\/wp-content\/uploads\/2025\/08\/XBY5343-Modifier13x19-e1756222284766.jpg\" \/>\n\t<meta property=\"og:image:width\" content=\"1497\" \/>\n\t<meta property=\"og:image:height\" content=\"1736\" \/>\n\t<meta property=\"og:image:type\" content=\"image\/jpeg\" \/>\n<meta name=\"author\" content=\"chateau@goutelas\" \/>\n<meta name=\"twitter:card\" content=\"summary_large_image\" \/>\n<meta name=\"twitter:label1\" content=\"Written by\" \/>\n\t<meta name=\"twitter:data1\" content=\"chateau@goutelas\" \/>\n\t<meta name=\"twitter:label2\" content=\"Estimated reading time\" \/>\n\t<meta name=\"twitter:data2\" content=\"2 minutes\" \/>\n<script type=\"application\/ld+json\" class=\"yoast-schema-graph\">{\"@context\":\"https:\\\/\\\/schema.org\",\"@graph\":[{\"@type\":\"Article\",\"@id\":\"https:\\\/\\\/www.chateaudegoutelas.fr\\\/appel-a-candidatures-residence-jazz-2025-2026\\\/#article\",\"isPartOf\":{\"@id\":\"https:\\\/\\\/www.chateaudegoutelas.fr\\\/appel-a-candidatures-residence-jazz-2025-2026\\\/\"},\"author\":{\"name\":\"chateau@goutelas\",\"@id\":\"https:\\\/\\\/www.chateaudegoutelas.fr\\\/#\\\/schema\\\/person\\\/7e406e8ae114bb86bb9b82d52e6a1738\"},\"headline\":\"Appel \u00e0 candidatures : r\u00e9sidence jazz 2026 au Ch\u00e2teau de Goutelas\",\"datePublished\":\"2025-08-25T16:02:42+00:00\",\"dateModified\":\"2025-10-22T13:31:38+00:00\",\"mainEntityOfPage\":{\"@id\":\"https:\\\/\\\/www.chateaudegoutelas.fr\\\/appel-a-candidatures-residence-jazz-2025-2026\\\/\"},\"wordCount\":173,\"publisher\":{\"@id\":\"https:\\\/\\\/www.chateaudegoutelas.fr\\\/#organization\"},\"image\":{\"@id\":\"https:\\\/\\\/www.chateaudegoutelas.fr\\\/appel-a-candidatures-residence-jazz-2025-2026\\\/#primaryimage\"},\"thumbnailUrl\":\"https:\\\/\\\/www.chateaudegoutelas.fr\\\/wp-content\\\/uploads\\\/2025\\\/08\\\/XBY5343-Modifier13x19-e1756222284766.jpg\",\"keywords\":[\"home\"],\"articleSection\":[\"Actualit\u00e9\"],\"inLanguage\":\"en-GB\"},{\"@type\":\"WebPage\",\"@id\":\"https:\\\/\\\/www.chateaudegoutelas.fr\\\/appel-a-candidatures-residence-jazz-2025-2026\\\/\",\"url\":\"https:\\\/\\\/www.chateaudegoutelas.fr\\\/appel-a-candidatures-residence-jazz-2025-2026\\\/\",\"name\":\"Appel \u00e0 candidatures : r\u00e9sidence jazz 2026 au Ch\u00e2teau de Goutelas - Ch\u00e2teau de Goutelas\",\"isPartOf\":{\"@id\":\"https:\\\/\\\/www.chateaudegoutelas.fr\\\/#website\"},\"primaryImageOfPage\":{\"@id\":\"https:\\\/\\\/www.chateaudegoutelas.fr\\\/appel-a-candidatures-residence-jazz-2025-2026\\\/#primaryimage\"},\"image\":{\"@id\":\"https:\\\/\\\/www.chateaudegoutelas.fr\\\/appel-a-candidatures-residence-jazz-2025-2026\\\/#primaryimage\"},\"thumbnailUrl\":\"https:\\\/\\\/www.chateaudegoutelas.fr\\\/wp-content\\\/uploads\\\/2025\\\/08\\\/XBY5343-Modifier13x19-e1756222284766.jpg\",\"datePublished\":\"2025-08-25T16:02:42+00:00\",\"dateModified\":\"2025-10-22T13:31:38+00:00\",\"breadcrumb\":{\"@id\":\"https:\\\/\\\/www.chateaudegoutelas.fr\\\/appel-a-candidatures-residence-jazz-2025-2026\\\/#breadcrumb\"},\"inLanguage\":\"en-GB\",\"potentialAction\":[{\"@type\":\"ReadAction\",\"target\":[\"https:\\\/\\\/www.chateaudegoutelas.fr\\\/appel-a-candidatures-residence-jazz-2025-2026\\\/\"]}]},{\"@type\":\"ImageObject\",\"inLanguage\":\"en-GB\",\"@id\":\"https:\\\/\\\/www.chateaudegoutelas.fr\\\/appel-a-candidatures-residence-jazz-2025-2026\\\/#primaryimage\",\"url\":\"https:\\\/\\\/www.chateaudegoutelas.fr\\\/wp-content\\\/uploads\\\/2025\\\/08\\\/XBY5343-Modifier13x19-e1756222284766.jpg\",\"contentUrl\":\"https:\\\/\\\/www.chateaudegoutelas.fr\\\/wp-content\\\/uploads\\\/2025\\\/08\\\/XBY5343-Modifier13x19-e1756222284766.jpg\",\"width\":1497,\"height\":1736},{\"@type\":\"BreadcrumbList\",\"@id\":\"https:\\\/\\\/www.chateaudegoutelas.fr\\\/appel-a-candidatures-residence-jazz-2025-2026\\\/#breadcrumb\",\"itemListElement\":[{\"@type\":\"ListItem\",\"position\":1,\"name\":\"Accueil\",\"item\":\"https:\\\/\\\/www.chateaudegoutelas.fr\\\/\"},{\"@type\":\"ListItem\",\"position\":2,\"name\":\"Appel \u00e0 candidatures : r\u00e9sidence jazz 2026 au Ch\u00e2teau de Goutelas\"}]},{\"@type\":\"WebSite\",\"@id\":\"https:\\\/\\\/www.chateaudegoutelas.fr\\\/#website\",\"url\":\"https:\\\/\\\/www.chateaudegoutelas.fr\\\/\",\"name\":\"Ch\u00e2teau de Goutelas\",\"description\":\"Un centre culturel de rencontre en Forez\",\"publisher\":{\"@id\":\"https:\\\/\\\/www.chateaudegoutelas.fr\\\/#organization\"},\"potentialAction\":[{\"@type\":\"SearchAction\",\"target\":{\"@type\":\"EntryPoint\",\"urlTemplate\":\"https:\\\/\\\/www.chateaudegoutelas.fr\\\/?s={search_term_string}\"},\"query-input\":{\"@type\":\"PropertyValueSpecification\",\"valueRequired\":true,\"valueName\":\"search_term_string\"}}],\"inLanguage\":\"en-GB\"},{\"@type\":\"Organization\",\"@id\":\"https:\\\/\\\/www.chateaudegoutelas.fr\\\/#organization\",\"name\":\"Ch\u00e2teau de Goutelas\",\"url\":\"https:\\\/\\\/www.chateaudegoutelas.fr\\\/\",\"logo\":{\"@type\":\"ImageObject\",\"inLanguage\":\"en-GB\",\"@id\":\"https:\\\/\\\/www.chateaudegoutelas.fr\\\/#\\\/schema\\\/logo\\\/image\\\/\",\"url\":\"https:\\\/\\\/www.chateaudegoutelas.fr\\\/wp-content\\\/uploads\\\/2023\\\/05\\\/logo-chateau-goutelas-bleu.png\",\"contentUrl\":\"https:\\\/\\\/www.chateaudegoutelas.fr\\\/wp-content\\\/uploads\\\/2023\\\/05\\\/logo-chateau-goutelas-bleu.png\",\"width\":1123,\"height\":327,\"caption\":\"Ch\u00e2teau de Goutelas\"},\"image\":{\"@id\":\"https:\\\/\\\/www.chateaudegoutelas.fr\\\/#\\\/schema\\\/logo\\\/image\\\/\"}},{\"@type\":\"Person\",\"@id\":\"https:\\\/\\\/www.chateaudegoutelas.fr\\\/#\\\/schema\\\/person\\\/7e406e8ae114bb86bb9b82d52e6a1738\",\"name\":\"chateau@goutelas\",\"image\":{\"@type\":\"ImageObject\",\"inLanguage\":\"en-GB\",\"@id\":\"https:\\\/\\\/secure.gravatar.com\\\/avatar\\\/81dca52e038e1e2a8e548cbc7a6a4752e4b1b2df1c0ab48a36029d14ad9c944f?s=96&d=mm&r=g\",\"url\":\"https:\\\/\\\/secure.gravatar.com\\\/avatar\\\/81dca52e038e1e2a8e548cbc7a6a4752e4b1b2df1c0ab48a36029d14ad9c944f?s=96&d=mm&r=g\",\"contentUrl\":\"https:\\\/\\\/secure.gravatar.com\\\/avatar\\\/81dca52e038e1e2a8e548cbc7a6a4752e4b1b2df1c0ab48a36029d14ad9c944f?s=96&d=mm&r=g\",\"caption\":\"chateau@goutelas\"},\"url\":\"https:\\\/\\\/www.chateaudegoutelas.fr\\\/en\\\/author\\\/chateaugoutelas\\\/\"}]}<\/script>\n<!-- \/ Yoast SEO plugin. -->","yoast_head_json":{"title":"Appel \u00e0 candidatures : r\u00e9sidence jazz 2026 au Ch\u00e2teau de Goutelas - Ch\u00e2teau de Goutelas","robots":{"index":"index","follow":"follow","max-snippet":"max-snippet:-1","max-image-preview":"max-image-preview:large","max-video-preview":"max-video-preview:-1"},"canonical":"https:\/\/www.chateaudegoutelas.fr\/en\/appel-a-candidatures-residence-jazz-2025-2026\/","og_locale":"en_GB","og_type":"article","og_title":"Appel \u00e0 candidatures : r\u00e9sidence jazz 2026 au Ch\u00e2teau de Goutelas - Ch\u00e2teau de Goutelas","og_description":"\u00a9 Xavier Boyer Le Ch\u00e2teau de Goutelas, labellis\u00e9 Centre culturel de rencontre par le minist\u00e8re de la Culture et situ\u00e9 \u00e0 Marcoux (Loire 42), ouvre son deuxi\u00e8me appel \u00e0 candidatures pour l&rsquo;accueil en r\u00e9sidence d&rsquo;un groupe de jazz au cours de la saison 2025-2026. Le groupe s\u00e9lectionn\u00e9 (du duo au quintet) b\u00e9n\u00e9ficiera de 10 jours [&hellip;]","og_url":"https:\/\/www.chateaudegoutelas.fr\/en\/appel-a-candidatures-residence-jazz-2025-2026\/","og_site_name":"Ch\u00e2teau de Goutelas","article_published_time":"2025-08-25T16:02:42+00:00","article_modified_time":"2025-10-22T13:31:38+00:00","og_image":[{"width":1497,"height":1736,"url":"https:\/\/www.chateaudegoutelas.fr\/wp-content\/uploads\/2025\/08\/XBY5343-Modifier13x19-e1756222284766.jpg","type":"image\/jpeg"}],"author":"chateau@goutelas","twitter_card":"summary_large_image","twitter_misc":{"Written by":"chateau@goutelas","Estimated reading time":"2 minutes"},"schema":{"@context":"https:\/\/schema.org","@graph":[{"@type":"Article","@id":"https:\/\/www.chateaudegoutelas.fr\/appel-a-candidatures-residence-jazz-2025-2026\/#article","isPartOf":{"@id":"https:\/\/www.chateaudegoutelas.fr\/appel-a-candidatures-residence-jazz-2025-2026\/"},"author":{"name":"chateau@goutelas","@id":"https:\/\/www.chateaudegoutelas.fr\/#\/schema\/person\/7e406e8ae114bb86bb9b82d52e6a1738"},"headline":"Appel \u00e0 candidatures : r\u00e9sidence jazz 2026 au Ch\u00e2teau de Goutelas","datePublished":"2025-08-25T16:02:42+00:00","dateModified":"2025-10-22T13:31:38+00:00","mainEntityOfPage":{"@id":"https:\/\/www.chateaudegoutelas.fr\/appel-a-candidatures-residence-jazz-2025-2026\/"},"wordCount":173,"publisher":{"@id":"https:\/\/www.chateaudegoutelas.fr\/#organization"},"image":{"@id":"https:\/\/www.chateaudegoutelas.fr\/appel-a-candidatures-residence-jazz-2025-2026\/#primaryimage"},"thumbnailUrl":"https:\/\/www.chateaudegoutelas.fr\/wp-content\/uploads\/2025\/08\/XBY5343-Modifier13x19-e1756222284766.jpg","keywords":["home"],"articleSection":["Actualit\u00e9"],"inLanguage":"en-GB"},{"@type":"WebPage","@id":"https:\/\/www.chateaudegoutelas.fr\/appel-a-candidatures-residence-jazz-2025-2026\/","url":"https:\/\/www.chateaudegoutelas.fr\/appel-a-candidatures-residence-jazz-2025-2026\/","name":"Appel \u00e0 candidatures : r\u00e9sidence jazz 2026 au Ch\u00e2teau de Goutelas - Ch\u00e2teau de Goutelas","isPartOf":{"@id":"https:\/\/www.chateaudegoutelas.fr\/#website"},"primaryImageOfPage":{"@id":"https:\/\/www.chateaudegoutelas.fr\/appel-a-candidatures-residence-jazz-2025-2026\/#primaryimage"},"image":{"@id":"https:\/\/www.chateaudegoutelas.fr\/appel-a-candidatures-residence-jazz-2025-2026\/#primaryimage"},"thumbnailUrl":"https:\/\/www.chateaudegoutelas.fr\/wp-content\/uploads\/2025\/08\/XBY5343-Modifier13x19-e1756222284766.jpg","datePublished":"2025-08-25T16:02:42+00:00","dateModified":"2025-10-22T13:31:38+00:00","breadcrumb":{"@id":"https:\/\/www.chateaudegoutelas.fr\/appel-a-candidatures-residence-jazz-2025-2026\/#breadcrumb"},"inLanguage":"en-GB","potentialAction":[{"@type":"ReadAction","target":["https:\/\/www.chateaudegoutelas.fr\/appel-a-candidatures-residence-jazz-2025-2026\/"]}]},{"@type":"ImageObject","inLanguage":"en-GB","@id":"https:\/\/www.chateaudegoutelas.fr\/appel-a-candidatures-residence-jazz-2025-2026\/#primaryimage","url":"https:\/\/www.chateaudegoutelas.fr\/wp-content\/uploads\/2025\/08\/XBY5343-Modifier13x19-e1756222284766.jpg","contentUrl":"https:\/\/www.chateaudegoutelas.fr\/wp-content\/uploads\/2025\/08\/XBY5343-Modifier13x19-e1756222284766.jpg","width":1497,"height":1736},{"@type":"BreadcrumbList","@id":"https:\/\/www.chateaudegoutelas.fr\/appel-a-candidatures-residence-jazz-2025-2026\/#breadcrumb","itemListElement":[{"@type":"ListItem","position":1,"name":"Accueil","item":"https:\/\/www.chateaudegoutelas.fr\/"},{"@type":"ListItem","position":2,"name":"Appel \u00e0 candidatures : r\u00e9sidence jazz 2026 au Ch\u00e2teau de Goutelas"}]},{"@type":"WebSite","@id":"https:\/\/www.chateaudegoutelas.fr\/#website","url":"https:\/\/www.chateaudegoutelas.fr\/","name":"Ch\u00e2teau de Goutelas","description":"Un centre culturel de rencontre en Forez","publisher":{"@id":"https:\/\/www.chateaudegoutelas.fr\/#organization"},"potentialAction":[{"@type":"SearchAction","target":{"@type":"EntryPoint","urlTemplate":"https:\/\/www.chateaudegoutelas.fr\/?s={search_term_string}"},"query-input":{"@type":"PropertyValueSpecification","valueRequired":true,"valueName":"search_term_string"}}],"inLanguage":"en-GB"},{"@type":"Organization","@id":"https:\/\/www.chateaudegoutelas.fr\/#organization","name":"Ch\u00e2teau de Goutelas","url":"https:\/\/www.chateaudegoutelas.fr\/","logo":{"@type":"ImageObject","inLanguage":"en-GB","@id":"https:\/\/www.chateaudegoutelas.fr\/#\/schema\/logo\/image\/","url":"https:\/\/www.chateaudegoutelas.fr\/wp-content\/uploads\/2023\/05\/logo-chateau-goutelas-bleu.png","contentUrl":"https:\/\/www.chateaudegoutelas.fr\/wp-content\/uploads\/2023\/05\/logo-chateau-goutelas-bleu.png","width":1123,"height":327,"caption":"Ch\u00e2teau de Goutelas"},"image":{"@id":"https:\/\/www.chateaudegoutelas.fr\/#\/schema\/logo\/image\/"}},{"@type":"Person","@id":"https:\/\/www.chateaudegoutelas.fr\/#\/schema\/person\/7e406e8ae114bb86bb9b82d52e6a1738","name":"chateau@goutelas","image":{"@type":"ImageObject","inLanguage":"en-GB","@id":"https:\/\/secure.gravatar.com\/avatar\/81dca52e038e1e2a8e548cbc7a6a4752e4b1b2df1c0ab48a36029d14ad9c944f?s=96&d=mm&r=g","url":"https:\/\/secure.gravatar.com\/avatar\/81dca52e038e1e2a8e548cbc7a6a4752e4b1b2df1c0ab48a36029d14ad9c944f?s=96&d=mm&r=g","contentUrl":"https:\/\/secure.gravatar.com\/avatar\/81dca52e038e1e2a8e548cbc7a6a4752e4b1b2df1c0ab48a36029d14ad9c944f?s=96&d=mm&r=g","caption":"chateau@goutelas"},"url":"https:\/\/www.chateaudegoutelas.fr\/en\/author\/chateaugoutelas\/"}]}},"_links":{"self":[{"href":"https:\/\/www.chateaudegoutelas.fr\/en\/wp-json\/wp\/v2\/posts\/10916","targetHints":{"allow":["GET"]}}],"collection":[{"href":"https:\/\/www.chateaudegoutelas.fr\/en\/wp-json\/wp\/v2\/posts"}],"about":[{"href":"https:\/\/www.chateaudegoutelas.fr\/en\/wp-json\/wp\/v2\/types\/post"}],"author":[{"embeddable":true,"href":"https:\/\/www.chateaudegoutelas.fr\/en\/wp-json\/wp\/v2\/users\/7"}],"replies":[{"embeddable":true,"href":"https:\/\/www.chateaudegoutelas.fr\/en\/wp-json\/wp\/v2\/comments?post=10916"}],"version-history":[{"count":6,"href":"https:\/\/www.chateaudegoutelas.fr\/en\/wp-json\/wp\/v2\/posts\/10916\/revisions"}],"predecessor-version":[{"id":11297,"href":"https:\/\/www.chateaudegoutelas.fr\/en\/wp-json\/wp\/v2\/posts\/10916\/revisions\/11297"}],"wp:featuredmedia":[{"embeddable":true,"href":"https:\/\/www.chateaudegoutelas.fr\/en\/wp-json\/wp\/v2\/media\/10925"}],"wp:attachment":[{"href":"https:\/\/www.chateaudegoutelas.fr\/en\/wp-json\/wp\/v2\/media?parent=10916"}],"wp:term":[{"taxonomy":"category","embeddable":true,"href":"https:\/\/www.chateaudegoutelas.fr\/en\/wp-json\/wp\/v2\/categories?post=10916"},{"taxonomy":"post_tag","embeddable":true,"href":"https:\/\/www.chateaudegoutelas.fr\/en\/wp-json\/wp\/v2\/tags?post=10916"}],"curies":[{"name":"wp","href":"https:\/\/api.w.org\/{rel}","templated":true}]}}