{"id":10723,"date":"2025-06-11T15:08:35","date_gmt":"2025-06-11T13:08:35","guid":{"rendered":"https:\/\/www.chateaudegoutelas.fr\/?p=10723"},"modified":"2025-06-11T15:10:58","modified_gmt":"2025-06-11T13:10:58","slug":"interviews-extraordinaires-goutelas-juin-2025","status":"publish","type":"post","link":"https:\/\/www.chateaudegoutelas.fr\/en\/interviews-extraordinaires-goutelas-juin-2025\/","title":{"rendered":"Clume et le coll\u00e8ge : retour sur les Interviews extraordinaires au Ch\u00e2teau de Goutelas"},"content":{"rendered":"<img loading=\"lazy\" decoding=\"async\" width=\"2560\" height=\"1707\" src=\"https:\/\/www.chateaudegoutelas.fr\/wp-content\/uploads\/2025\/06\/clume-11-scaled.jpg\" class=\"attachment-post-thumbnail size-post-thumbnail wp-post-image\" alt=\"\" srcset=\"https:\/\/www.chateaudegoutelas.fr\/wp-content\/uploads\/2025\/06\/clume-11-scaled.jpg 2560w, https:\/\/www.chateaudegoutelas.fr\/wp-content\/uploads\/2025\/06\/clume-11-1200x800.jpg 1200w, https:\/\/www.chateaudegoutelas.fr\/wp-content\/uploads\/2025\/06\/clume-11-1920x1280.jpg 1920w, https:\/\/www.chateaudegoutelas.fr\/wp-content\/uploads\/2025\/06\/clume-11-768x512.jpg 768w, https:\/\/www.chateaudegoutelas.fr\/wp-content\/uploads\/2025\/06\/clume-11-1536x1024.jpg 1536w, https:\/\/www.chateaudegoutelas.fr\/wp-content\/uploads\/2025\/06\/clume-11-2048x1365.jpg 2048w, https:\/\/www.chateaudegoutelas.fr\/wp-content\/uploads\/2025\/06\/clume-11-18x12.jpg 18w\" sizes=\"auto, (max-width: 2560px) 100vw, 2560px\" \/>\r\n<p>\u00a9 Ch\u00e2teau de Goutelas<\/p>\r\n<p>D\u00e9but juin 2025, le concert du trio <a href=\"https:\/\/www.chateaudegoutelas.fr\/en\/agenda\/clume\/\">Clume<\/a> a \u00e9t\u00e9 l&rsquo;occasion d&rsquo;accueillir des coll\u00e9giens et coll\u00e9giennes de la Cit\u00e9 scolaire L&rsquo;Astr\u00e9e pour les \u00ab\u00a0<strong>Interviews extraordinaires<\/strong>\u00ab\u00a0. Ce collectif r\u00e9unit des enseignant\u00b7es sp\u00e9cialis\u00e9\u00b7es exer\u00e7ant aupr\u00e8s d&rsquo;adolescent\u00b7es en situation de handicap. Plusieurs dispositifs U.L.I.S. (Unit\u00e9 Localis\u00e9e pour l&rsquo;Inclusion Scolaire) de la Loire participent \u00e0 ce projet p\u00e9dagogique dont le but est le travail des comp\u00e9tences orales et la valorisation des capacit\u00e9s des \u00e9l\u00e8ves, tout en favorisant une ouverture culturelle. Les \u00e9l\u00e8ves de l&rsquo;<strong>U.L.I.S. de Bo\u00ebn (3\u00e8, 4\u00e8 et 5\u00e8)<\/strong> ont ainsi r\u00e9alis\u00e9 \u00e0 Goutelas leur premi\u00e8re interview avec le trio Clume, avant de participer \u00e0 un concert acoustique du groupe.<\/p>\r\n<p>Goutelas coordonne tout au long de l&rsquo;ann\u00e9e des\u00a0<strong>projets artistiques et culturels avec les habitant\u00b7e\u00b7s du Forez<\/strong>, gr\u00e2ce aux liens forts tiss\u00e9s avec des \u00e9tablissements scolaires, socioculturels, de sant\u00e9,&#8230;\u00a0Toutes ces rencontres sont anim\u00e9es par l&rsquo;\u00e9thique et le r\u00e9f\u00e9rentiel des droits culturels : permettre \u00e0 chacun\u00b7e, seul\u00b7e ou en commun, de participer \u00e0 la vie culturelle, d&rsquo;y contribuer avec ses propres r\u00e9f\u00e9rences, exp\u00e9riences et pratiques tout en ayant acc\u00e8s \u00e0 une diversit\u00e9 de ressources culturelles.<\/p>\r\n<p><img decoding=\"async\" src=\"https:\/\/www.chateaudegoutelas.fr\/wp-content\/plugins\/beaver-builder-lite-version\/img\/pixel.png\" alt=\"\" \/><\/p>","protected":false},"excerpt":{"rendered":"<p>\u00a9 Ch\u00e2teau de Goutelas D\u00e9but juin 2025, le concert du trio Clume a \u00e9t\u00e9 l&rsquo;occasion d&rsquo;accueillir des coll\u00e9giens et coll\u00e9giennes de la Cit\u00e9 scolaire L&rsquo;Astr\u00e9e pour les \u00ab\u00a0Interviews extraordinaires\u00ab\u00a0. Ce collectif r\u00e9unit des enseignant\u00b7es sp\u00e9cialis\u00e9\u00b7es exer\u00e7ant aupr\u00e8s d&rsquo;adolescent\u00b7es en situation de handicap. Plusieurs dispositifs U.L.I.S. (Unit\u00e9 Localis\u00e9e pour l&rsquo;Inclusion Scolaire) de la Loire participent \u00e0 [&hellip;]<\/p>\n","protected":false},"author":7,"featured_media":10730,"comment_status":"closed","ping_status":"closed","sticky":false,"template":"","format":"standard","meta":{"site-sidebar-layout":"default","site-content-layout":"","ast-site-content-layout":"default","site-content-style":"default","site-sidebar-style":"default","ast-global-header-display":"","ast-banner-title-visibility":"","ast-main-header-display":"","ast-hfb-above-header-display":"","ast-hfb-below-header-display":"","ast-hfb-mobile-header-display":"","site-post-title":"","ast-breadcrumbs-content":"","ast-featured-img":"disabled","footer-sml-layout":"","ast-disable-related-posts":"","theme-transparent-header-meta":"default","adv-header-id-meta":"","stick-header-meta":"default","header-above-stick-meta":"","header-main-stick-meta":"","header-below-stick-meta":"","astra-migrate-meta-layouts":"set","ast-page-background-enabled":"default","ast-page-background-meta":{"desktop":{"background-color":"","background-image":"","background-repeat":"repeat","background-position":"center center","background-size":"auto","background-attachment":"scroll","background-type":"","background-media":"","overlay-type":"","overlay-color":"","overlay-opacity":"","overlay-gradient":""},"tablet":{"background-color":"","background-image":"","background-repeat":"repeat","background-position":"center center","background-size":"auto","background-attachment":"scroll","background-type":"","background-media":"","overlay-type":"","overlay-color":"","overlay-opacity":"","overlay-gradient":""},"mobile":{"background-color":"","background-image":"","background-repeat":"repeat","background-position":"center center","background-size":"auto","background-attachment":"scroll","background-type":"","background-media":"","overlay-type":"","overlay-color":"","overlay-opacity":"","overlay-gradient":""}},"ast-content-background-meta":{"desktop":{"background-color":"var(--ast-global-color-5)","background-image":"","background-repeat":"repeat","background-position":"center center","background-size":"auto","background-attachment":"scroll","background-type":"","background-media":"","overlay-type":"","overlay-color":"","overlay-opacity":"","overlay-gradient":""},"tablet":{"background-color":"var(--ast-global-color-5)","background-image":"","background-repeat":"repeat","background-position":"center center","background-size":"auto","background-attachment":"scroll","background-type":"","background-media":"","overlay-type":"","overlay-color":"","overlay-opacity":"","overlay-gradient":""},"mobile":{"background-color":"var(--ast-global-color-5)","background-image":"","background-repeat":"repeat","background-position":"center center","background-size":"auto","background-attachment":"scroll","background-type":"","background-media":"","overlay-type":"","overlay-color":"","overlay-opacity":"","overlay-gradient":""}},"footnotes":""},"categories":[4],"tags":[],"class_list":["post-10723","post","type-post","status-publish","format-standard","has-post-thumbnail","hentry","category-actualites"],"yoast_head":"<!-- This site is optimized with the Yoast SEO plugin v27.5 - https:\/\/yoast.com\/product\/yoast-seo-wordpress\/ -->\n<title>Clume et le coll\u00e8ge : retour sur les Interviews extraordinaires au Ch\u00e2teau de Goutelas - Ch\u00e2teau de Goutelas<\/title>\n<meta name=\"robots\" content=\"index, follow, max-snippet:-1, max-image-preview:large, max-video-preview:-1\" \/>\n<link rel=\"canonical\" href=\"https:\/\/www.chateaudegoutelas.fr\/en\/interviews-extraordinaires-goutelas-juin-2025\/\" \/>\n<meta property=\"og:locale\" content=\"en_GB\" \/>\n<meta property=\"og:type\" content=\"article\" \/>\n<meta property=\"og:title\" content=\"Clume et le coll\u00e8ge : retour sur les Interviews extraordinaires au Ch\u00e2teau de Goutelas - Ch\u00e2teau de Goutelas\" \/>\n<meta property=\"og:description\" content=\"\u00a9 Ch\u00e2teau de Goutelas D\u00e9but juin 2025, le concert du trio Clume a \u00e9t\u00e9 l&rsquo;occasion d&rsquo;accueillir des coll\u00e9giens et coll\u00e9giennes de la Cit\u00e9 scolaire L&rsquo;Astr\u00e9e pour les \u00ab\u00a0Interviews extraordinaires\u00ab\u00a0. Ce collectif r\u00e9unit des enseignant\u00b7es sp\u00e9cialis\u00e9\u00b7es exer\u00e7ant aupr\u00e8s d&rsquo;adolescent\u00b7es en situation de handicap. Plusieurs dispositifs U.L.I.S. (Unit\u00e9 Localis\u00e9e pour l&rsquo;Inclusion Scolaire) de la Loire participent \u00e0 [&hellip;]\" \/>\n<meta property=\"og:url\" content=\"https:\/\/www.chateaudegoutelas.fr\/en\/interviews-extraordinaires-goutelas-juin-2025\/\" \/>\n<meta property=\"og:site_name\" content=\"Ch\u00e2teau de Goutelas\" \/>\n<meta property=\"article:published_time\" content=\"2025-06-11T13:08:35+00:00\" \/>\n<meta property=\"article:modified_time\" content=\"2025-06-11T13:10:58+00:00\" \/>\n<meta property=\"og:image\" content=\"https:\/\/www.chateaudegoutelas.fr\/wp-content\/uploads\/2025\/06\/clume-11-scaled.jpg\" \/>\n\t<meta property=\"og:image:width\" content=\"2560\" \/>\n\t<meta property=\"og:image:height\" content=\"1707\" \/>\n\t<meta property=\"og:image:type\" content=\"image\/jpeg\" \/>\n<meta name=\"author\" content=\"chateau@goutelas\" \/>\n<meta name=\"twitter:card\" content=\"summary_large_image\" \/>\n<meta name=\"twitter:label1\" content=\"Written by\" \/>\n\t<meta name=\"twitter:data1\" content=\"chateau@goutelas\" \/>\n\t<meta name=\"twitter:label2\" content=\"Estimated reading time\" \/>\n\t<meta name=\"twitter:data2\" content=\"3 minutes\" \/>\n<script type=\"application\/ld+json\" class=\"yoast-schema-graph\">{\"@context\":\"https:\\\/\\\/schema.org\",\"@graph\":[{\"@type\":\"Article\",\"@id\":\"https:\\\/\\\/www.chateaudegoutelas.fr\\\/interviews-extraordinaires-goutelas-juin-2025\\\/#article\",\"isPartOf\":{\"@id\":\"https:\\\/\\\/www.chateaudegoutelas.fr\\\/interviews-extraordinaires-goutelas-juin-2025\\\/\"},\"author\":{\"name\":\"chateau@goutelas\",\"@id\":\"https:\\\/\\\/www.chateaudegoutelas.fr\\\/#\\\/schema\\\/person\\\/7e406e8ae114bb86bb9b82d52e6a1738\"},\"headline\":\"Clume et le coll\u00e8ge : retour sur les Interviews extraordinaires au Ch\u00e2teau de Goutelas\",\"datePublished\":\"2025-06-11T13:08:35+00:00\",\"dateModified\":\"2025-06-11T13:10:58+00:00\",\"mainEntityOfPage\":{\"@id\":\"https:\\\/\\\/www.chateaudegoutelas.fr\\\/interviews-extraordinaires-goutelas-juin-2025\\\/\"},\"wordCount\":242,\"publisher\":{\"@id\":\"https:\\\/\\\/www.chateaudegoutelas.fr\\\/#organization\"},\"image\":{\"@id\":\"https:\\\/\\\/www.chateaudegoutelas.fr\\\/interviews-extraordinaires-goutelas-juin-2025\\\/#primaryimage\"},\"thumbnailUrl\":\"https:\\\/\\\/www.chateaudegoutelas.fr\\\/wp-content\\\/uploads\\\/2025\\\/06\\\/clume-11-scaled.jpg\",\"articleSection\":[\"Actualit\u00e9\"],\"inLanguage\":\"en-GB\"},{\"@type\":\"WebPage\",\"@id\":\"https:\\\/\\\/www.chateaudegoutelas.fr\\\/interviews-extraordinaires-goutelas-juin-2025\\\/\",\"url\":\"https:\\\/\\\/www.chateaudegoutelas.fr\\\/interviews-extraordinaires-goutelas-juin-2025\\\/\",\"name\":\"Clume et le coll\u00e8ge : retour sur les Interviews extraordinaires au Ch\u00e2teau de Goutelas - Ch\u00e2teau de Goutelas\",\"isPartOf\":{\"@id\":\"https:\\\/\\\/www.chateaudegoutelas.fr\\\/#website\"},\"primaryImageOfPage\":{\"@id\":\"https:\\\/\\\/www.chateaudegoutelas.fr\\\/interviews-extraordinaires-goutelas-juin-2025\\\/#primaryimage\"},\"image\":{\"@id\":\"https:\\\/\\\/www.chateaudegoutelas.fr\\\/interviews-extraordinaires-goutelas-juin-2025\\\/#primaryimage\"},\"thumbnailUrl\":\"https:\\\/\\\/www.chateaudegoutelas.fr\\\/wp-content\\\/uploads\\\/2025\\\/06\\\/clume-11-scaled.jpg\",\"datePublished\":\"2025-06-11T13:08:35+00:00\",\"dateModified\":\"2025-06-11T13:10:58+00:00\",\"breadcrumb\":{\"@id\":\"https:\\\/\\\/www.chateaudegoutelas.fr\\\/interviews-extraordinaires-goutelas-juin-2025\\\/#breadcrumb\"},\"inLanguage\":\"en-GB\",\"potentialAction\":[{\"@type\":\"ReadAction\",\"target\":[\"https:\\\/\\\/www.chateaudegoutelas.fr\\\/interviews-extraordinaires-goutelas-juin-2025\\\/\"]}]},{\"@type\":\"ImageObject\",\"inLanguage\":\"en-GB\",\"@id\":\"https:\\\/\\\/www.chateaudegoutelas.fr\\\/interviews-extraordinaires-goutelas-juin-2025\\\/#primaryimage\",\"url\":\"https:\\\/\\\/www.chateaudegoutelas.fr\\\/wp-content\\\/uploads\\\/2025\\\/06\\\/clume-11-scaled.jpg\",\"contentUrl\":\"https:\\\/\\\/www.chateaudegoutelas.fr\\\/wp-content\\\/uploads\\\/2025\\\/06\\\/clume-11-scaled.jpg\",\"width\":2560,\"height\":1707},{\"@type\":\"BreadcrumbList\",\"@id\":\"https:\\\/\\\/www.chateaudegoutelas.fr\\\/interviews-extraordinaires-goutelas-juin-2025\\\/#breadcrumb\",\"itemListElement\":[{\"@type\":\"ListItem\",\"position\":1,\"name\":\"Accueil\",\"item\":\"https:\\\/\\\/www.chateaudegoutelas.fr\\\/\"},{\"@type\":\"ListItem\",\"position\":2,\"name\":\"Clume et le coll\u00e8ge : retour sur les Interviews extraordinaires au Ch\u00e2teau de Goutelas\"}]},{\"@type\":\"WebSite\",\"@id\":\"https:\\\/\\\/www.chateaudegoutelas.fr\\\/#website\",\"url\":\"https:\\\/\\\/www.chateaudegoutelas.fr\\\/\",\"name\":\"Ch\u00e2teau de Goutelas\",\"description\":\"Un centre culturel de rencontre en Forez\",\"publisher\":{\"@id\":\"https:\\\/\\\/www.chateaudegoutelas.fr\\\/#organization\"},\"potentialAction\":[{\"@type\":\"SearchAction\",\"target\":{\"@type\":\"EntryPoint\",\"urlTemplate\":\"https:\\\/\\\/www.chateaudegoutelas.fr\\\/?s={search_term_string}\"},\"query-input\":{\"@type\":\"PropertyValueSpecification\",\"valueRequired\":true,\"valueName\":\"search_term_string\"}}],\"inLanguage\":\"en-GB\"},{\"@type\":\"Organization\",\"@id\":\"https:\\\/\\\/www.chateaudegoutelas.fr\\\/#organization\",\"name\":\"Ch\u00e2teau de Goutelas\",\"url\":\"https:\\\/\\\/www.chateaudegoutelas.fr\\\/\",\"logo\":{\"@type\":\"ImageObject\",\"inLanguage\":\"en-GB\",\"@id\":\"https:\\\/\\\/www.chateaudegoutelas.fr\\\/#\\\/schema\\\/logo\\\/image\\\/\",\"url\":\"https:\\\/\\\/www.chateaudegoutelas.fr\\\/wp-content\\\/uploads\\\/2023\\\/05\\\/logo-chateau-goutelas-bleu.png\",\"contentUrl\":\"https:\\\/\\\/www.chateaudegoutelas.fr\\\/wp-content\\\/uploads\\\/2023\\\/05\\\/logo-chateau-goutelas-bleu.png\",\"width\":1123,\"height\":327,\"caption\":\"Ch\u00e2teau de Goutelas\"},\"image\":{\"@id\":\"https:\\\/\\\/www.chateaudegoutelas.fr\\\/#\\\/schema\\\/logo\\\/image\\\/\"}},{\"@type\":\"Person\",\"@id\":\"https:\\\/\\\/www.chateaudegoutelas.fr\\\/#\\\/schema\\\/person\\\/7e406e8ae114bb86bb9b82d52e6a1738\",\"name\":\"chateau@goutelas\",\"image\":{\"@type\":\"ImageObject\",\"inLanguage\":\"en-GB\",\"@id\":\"https:\\\/\\\/secure.gravatar.com\\\/avatar\\\/81dca52e038e1e2a8e548cbc7a6a4752e4b1b2df1c0ab48a36029d14ad9c944f?s=96&d=mm&r=g\",\"url\":\"https:\\\/\\\/secure.gravatar.com\\\/avatar\\\/81dca52e038e1e2a8e548cbc7a6a4752e4b1b2df1c0ab48a36029d14ad9c944f?s=96&d=mm&r=g\",\"contentUrl\":\"https:\\\/\\\/secure.gravatar.com\\\/avatar\\\/81dca52e038e1e2a8e548cbc7a6a4752e4b1b2df1c0ab48a36029d14ad9c944f?s=96&d=mm&r=g\",\"caption\":\"chateau@goutelas\"},\"url\":\"https:\\\/\\\/www.chateaudegoutelas.fr\\\/en\\\/author\\\/chateaugoutelas\\\/\"}]}<\/script>\n<!-- \/ Yoast SEO plugin. -->","yoast_head_json":{"title":"Clume et le coll\u00e8ge : retour sur les Interviews extraordinaires au Ch\u00e2teau de Goutelas - Ch\u00e2teau de Goutelas","robots":{"index":"index","follow":"follow","max-snippet":"max-snippet:-1","max-image-preview":"max-image-preview:large","max-video-preview":"max-video-preview:-1"},"canonical":"https:\/\/www.chateaudegoutelas.fr\/en\/interviews-extraordinaires-goutelas-juin-2025\/","og_locale":"en_GB","og_type":"article","og_title":"Clume et le coll\u00e8ge : retour sur les Interviews extraordinaires au Ch\u00e2teau de Goutelas - Ch\u00e2teau de Goutelas","og_description":"\u00a9 Ch\u00e2teau de Goutelas D\u00e9but juin 2025, le concert du trio Clume a \u00e9t\u00e9 l&rsquo;occasion d&rsquo;accueillir des coll\u00e9giens et coll\u00e9giennes de la Cit\u00e9 scolaire L&rsquo;Astr\u00e9e pour les \u00ab\u00a0Interviews extraordinaires\u00ab\u00a0. Ce collectif r\u00e9unit des enseignant\u00b7es sp\u00e9cialis\u00e9\u00b7es exer\u00e7ant aupr\u00e8s d&rsquo;adolescent\u00b7es en situation de handicap. Plusieurs dispositifs U.L.I.S. (Unit\u00e9 Localis\u00e9e pour l&rsquo;Inclusion Scolaire) de la Loire participent \u00e0 [&hellip;]","og_url":"https:\/\/www.chateaudegoutelas.fr\/en\/interviews-extraordinaires-goutelas-juin-2025\/","og_site_name":"Ch\u00e2teau de Goutelas","article_published_time":"2025-06-11T13:08:35+00:00","article_modified_time":"2025-06-11T13:10:58+00:00","og_image":[{"width":2560,"height":1707,"url":"https:\/\/www.chateaudegoutelas.fr\/wp-content\/uploads\/2025\/06\/clume-11-scaled.jpg","type":"image\/jpeg"}],"author":"chateau@goutelas","twitter_card":"summary_large_image","twitter_misc":{"Written by":"chateau@goutelas","Estimated reading time":"3 minutes"},"schema":{"@context":"https:\/\/schema.org","@graph":[{"@type":"Article","@id":"https:\/\/www.chateaudegoutelas.fr\/interviews-extraordinaires-goutelas-juin-2025\/#article","isPartOf":{"@id":"https:\/\/www.chateaudegoutelas.fr\/interviews-extraordinaires-goutelas-juin-2025\/"},"author":{"name":"chateau@goutelas","@id":"https:\/\/www.chateaudegoutelas.fr\/#\/schema\/person\/7e406e8ae114bb86bb9b82d52e6a1738"},"headline":"Clume et le coll\u00e8ge : retour sur les Interviews extraordinaires au Ch\u00e2teau de Goutelas","datePublished":"2025-06-11T13:08:35+00:00","dateModified":"2025-06-11T13:10:58+00:00","mainEntityOfPage":{"@id":"https:\/\/www.chateaudegoutelas.fr\/interviews-extraordinaires-goutelas-juin-2025\/"},"wordCount":242,"publisher":{"@id":"https:\/\/www.chateaudegoutelas.fr\/#organization"},"image":{"@id":"https:\/\/www.chateaudegoutelas.fr\/interviews-extraordinaires-goutelas-juin-2025\/#primaryimage"},"thumbnailUrl":"https:\/\/www.chateaudegoutelas.fr\/wp-content\/uploads\/2025\/06\/clume-11-scaled.jpg","articleSection":["Actualit\u00e9"],"inLanguage":"en-GB"},{"@type":"WebPage","@id":"https:\/\/www.chateaudegoutelas.fr\/interviews-extraordinaires-goutelas-juin-2025\/","url":"https:\/\/www.chateaudegoutelas.fr\/interviews-extraordinaires-goutelas-juin-2025\/","name":"Clume et le coll\u00e8ge : retour sur les Interviews extraordinaires au Ch\u00e2teau de Goutelas - Ch\u00e2teau de Goutelas","isPartOf":{"@id":"https:\/\/www.chateaudegoutelas.fr\/#website"},"primaryImageOfPage":{"@id":"https:\/\/www.chateaudegoutelas.fr\/interviews-extraordinaires-goutelas-juin-2025\/#primaryimage"},"image":{"@id":"https:\/\/www.chateaudegoutelas.fr\/interviews-extraordinaires-goutelas-juin-2025\/#primaryimage"},"thumbnailUrl":"https:\/\/www.chateaudegoutelas.fr\/wp-content\/uploads\/2025\/06\/clume-11-scaled.jpg","datePublished":"2025-06-11T13:08:35+00:00","dateModified":"2025-06-11T13:10:58+00:00","breadcrumb":{"@id":"https:\/\/www.chateaudegoutelas.fr\/interviews-extraordinaires-goutelas-juin-2025\/#breadcrumb"},"inLanguage":"en-GB","potentialAction":[{"@type":"ReadAction","target":["https:\/\/www.chateaudegoutelas.fr\/interviews-extraordinaires-goutelas-juin-2025\/"]}]},{"@type":"ImageObject","inLanguage":"en-GB","@id":"https:\/\/www.chateaudegoutelas.fr\/interviews-extraordinaires-goutelas-juin-2025\/#primaryimage","url":"https:\/\/www.chateaudegoutelas.fr\/wp-content\/uploads\/2025\/06\/clume-11-scaled.jpg","contentUrl":"https:\/\/www.chateaudegoutelas.fr\/wp-content\/uploads\/2025\/06\/clume-11-scaled.jpg","width":2560,"height":1707},{"@type":"BreadcrumbList","@id":"https:\/\/www.chateaudegoutelas.fr\/interviews-extraordinaires-goutelas-juin-2025\/#breadcrumb","itemListElement":[{"@type":"ListItem","position":1,"name":"Accueil","item":"https:\/\/www.chateaudegoutelas.fr\/"},{"@type":"ListItem","position":2,"name":"Clume et le coll\u00e8ge : retour sur les Interviews extraordinaires au Ch\u00e2teau de Goutelas"}]},{"@type":"WebSite","@id":"https:\/\/www.chateaudegoutelas.fr\/#website","url":"https:\/\/www.chateaudegoutelas.fr\/","name":"Ch\u00e2teau de Goutelas","description":"Un centre culturel de rencontre en Forez","publisher":{"@id":"https:\/\/www.chateaudegoutelas.fr\/#organization"},"potentialAction":[{"@type":"SearchAction","target":{"@type":"EntryPoint","urlTemplate":"https:\/\/www.chateaudegoutelas.fr\/?s={search_term_string}"},"query-input":{"@type":"PropertyValueSpecification","valueRequired":true,"valueName":"search_term_string"}}],"inLanguage":"en-GB"},{"@type":"Organization","@id":"https:\/\/www.chateaudegoutelas.fr\/#organization","name":"Ch\u00e2teau de Goutelas","url":"https:\/\/www.chateaudegoutelas.fr\/","logo":{"@type":"ImageObject","inLanguage":"en-GB","@id":"https:\/\/www.chateaudegoutelas.fr\/#\/schema\/logo\/image\/","url":"https:\/\/www.chateaudegoutelas.fr\/wp-content\/uploads\/2023\/05\/logo-chateau-goutelas-bleu.png","contentUrl":"https:\/\/www.chateaudegoutelas.fr\/wp-content\/uploads\/2023\/05\/logo-chateau-goutelas-bleu.png","width":1123,"height":327,"caption":"Ch\u00e2teau de Goutelas"},"image":{"@id":"https:\/\/www.chateaudegoutelas.fr\/#\/schema\/logo\/image\/"}},{"@type":"Person","@id":"https:\/\/www.chateaudegoutelas.fr\/#\/schema\/person\/7e406e8ae114bb86bb9b82d52e6a1738","name":"chateau@goutelas","image":{"@type":"ImageObject","inLanguage":"en-GB","@id":"https:\/\/secure.gravatar.com\/avatar\/81dca52e038e1e2a8e548cbc7a6a4752e4b1b2df1c0ab48a36029d14ad9c944f?s=96&d=mm&r=g","url":"https:\/\/secure.gravatar.com\/avatar\/81dca52e038e1e2a8e548cbc7a6a4752e4b1b2df1c0ab48a36029d14ad9c944f?s=96&d=mm&r=g","contentUrl":"https:\/\/secure.gravatar.com\/avatar\/81dca52e038e1e2a8e548cbc7a6a4752e4b1b2df1c0ab48a36029d14ad9c944f?s=96&d=mm&r=g","caption":"chateau@goutelas"},"url":"https:\/\/www.chateaudegoutelas.fr\/en\/author\/chateaugoutelas\/"}]}},"_links":{"self":[{"href":"https:\/\/www.chateaudegoutelas.fr\/en\/wp-json\/wp\/v2\/posts\/10723","targetHints":{"allow":["GET"]}}],"collection":[{"href":"https:\/\/www.chateaudegoutelas.fr\/en\/wp-json\/wp\/v2\/posts"}],"about":[{"href":"https:\/\/www.chateaudegoutelas.fr\/en\/wp-json\/wp\/v2\/types\/post"}],"author":[{"embeddable":true,"href":"https:\/\/www.chateaudegoutelas.fr\/en\/wp-json\/wp\/v2\/users\/7"}],"replies":[{"embeddable":true,"href":"https:\/\/www.chateaudegoutelas.fr\/en\/wp-json\/wp\/v2\/comments?post=10723"}],"version-history":[{"count":4,"href":"https:\/\/www.chateaudegoutelas.fr\/en\/wp-json\/wp\/v2\/posts\/10723\/revisions"}],"predecessor-version":[{"id":10735,"href":"https:\/\/www.chateaudegoutelas.fr\/en\/wp-json\/wp\/v2\/posts\/10723\/revisions\/10735"}],"wp:featuredmedia":[{"embeddable":true,"href":"https:\/\/www.chateaudegoutelas.fr\/en\/wp-json\/wp\/v2\/media\/10730"}],"wp:attachment":[{"href":"https:\/\/www.chateaudegoutelas.fr\/en\/wp-json\/wp\/v2\/media?parent=10723"}],"wp:term":[{"taxonomy":"category","embeddable":true,"href":"https:\/\/www.chateaudegoutelas.fr\/en\/wp-json\/wp\/v2\/categories?post=10723"},{"taxonomy":"post_tag","embeddable":true,"href":"https:\/\/www.chateaudegoutelas.fr\/en\/wp-json\/wp\/v2\/tags?post=10723"}],"curies":[{"name":"wp","href":"https:\/\/api.w.org\/{rel}","templated":true}]}}