{"id":10448,"date":"2025-04-09T16:16:34","date_gmt":"2025-04-09T14:16:34","guid":{"rendered":"https:\/\/www.chateaudegoutelas.fr\/?p=10448"},"modified":"2026-04-03T17:44:43","modified_gmt":"2026-04-03T15:44:43","slug":"appel-groupes-musicaux-amateurs","status":"publish","type":"post","link":"https:\/\/www.chateaudegoutelas.fr\/en\/appel-groupes-musicaux-amateurs\/","title":{"rendered":"Appel \u00e0 candidatures : groupes musicaux amateurs, concerts Panorama 2025"},"content":{"rendered":"<img loading=\"lazy\" decoding=\"async\" width=\"1707\" height=\"1910\" src=\"https:\/\/www.chateaudegoutelas.fr\/wp-content\/uploads\/2025\/04\/Goutelas_11_09_2022-0104-scaled-e1744208250263.jpg\" class=\"attachment-post-thumbnail size-post-thumbnail wp-post-image\" alt=\"\" srcset=\"https:\/\/www.chateaudegoutelas.fr\/wp-content\/uploads\/2025\/04\/Goutelas_11_09_2022-0104-scaled-e1744208250263.jpg 1707w, https:\/\/www.chateaudegoutelas.fr\/wp-content\/uploads\/2025\/04\/Goutelas_11_09_2022-0104-scaled-e1744208250263-1072x1200.jpg 1072w, https:\/\/www.chateaudegoutelas.fr\/wp-content\/uploads\/2025\/04\/Goutelas_11_09_2022-0104-scaled-e1744208250263-768x859.jpg 768w, https:\/\/www.chateaudegoutelas.fr\/wp-content\/uploads\/2025\/04\/Goutelas_11_09_2022-0104-scaled-e1744208250263-1373x1536.jpg 1373w, https:\/\/www.chateaudegoutelas.fr\/wp-content\/uploads\/2025\/04\/Goutelas_11_09_2022-0104-scaled-e1744208250263-11x12.jpg 11w\" sizes=\"auto, (max-width: 1707px) 100vw, 1707px\" \/>\n\t<p>\u00a9 Louis Perrin<\/p>\n\t\t\t\t<p>L&rsquo;appel \u00e0 candidatures 2025 est clos.<br \/>Retrouvez l&rsquo;appel pour 2026 sur cette page : <a href=\"https:\/\/www.chateaudegoutelas.fr\/en\/appel-groupes-musicaux-amateurs-2026\/\">https:\/\/www.chateaudegoutelas.fr\/appel-groupes-musicaux-amateurs-2026<\/a><\/p>\n<p>Le Ch\u00e2teau de Goutelas, labellis\u00e9 Centre culturel de rencontre par le Minist\u00e8re de la culture et situ\u00e9 \u00e0 Marcoux (Loire 42), ouvre un appel \u00e0 candidatures \u00e0 destination des <strong>groupes musicaux amateurs du Forez et plus largement de la Loire<\/strong>.<\/p>\n<p>3 projets musicaux seront s\u00e9lectionn\u00e9s pour <strong>se produire en concert en premi\u00e8re partie<\/strong> des groupes professionnels programm\u00e9s au ch\u00e2teau \u00e0 l&rsquo;occasion des soir\u00e9es Panorama, au mois de <strong>juillet 2025<\/strong>. Les projets retenus b\u00e9n\u00e9ficieront aussi d&rsquo;un accompagnement artistique et technique. Le concert n&rsquo;est pas r\u00e9mun\u00e9r\u00e9.<\/p>\n<p>Les candidatures sont ouvertes jusqu&rsquo;au <strong>mercredi 7 mai 2025<\/strong>.<\/p>\n<p><strong>Lire en ligne l&rsquo;appel \u00e0 candidatures ou le t\u00e9l\u00e9charger (document PDF) :<\/strong><\/p>\n\t\t\t<a href=\"https:\/\/www.chateaudegoutelas.fr\/wp-content\/uploads\/2025\/04\/AAP-GROUPES-AMATEURS-PANORAMA-2025.pdf\"  target=\"_self\">\n\t\t\t\t\t\t\tAPPEL A CANDIDATURES\n\t\t\t\t\t<\/a>\n<p><strong>Formulaire de candidature :<\/strong><\/p>\n\t\t\t<a href=\"https:\/\/docs.google.com\/forms\/d\/e\/1FAIpQLSdokWBkU1SGkb5uWd-i4grpk2kdt-XN8CsikM94-ilVHpN03g\/viewform\"  target=\"_self\">\n\t\t\t\t\t\t\tFORMULAIRE\n\t\t\t\t\t<\/a>\n<p><strong>Calendrier :<\/strong><\/p>\nMercredi 9 avril 2025 : ouverture de l&rsquo;appel \u00e0 candidatures<br \/>\n<strong>Mercredi 7 mai 2025 <\/strong>: date limite de candidature<br \/>\nJusqu&rsquo;au 23 mai 2025 : comit\u00e9 de s\u00e9lection et r\u00e9ponses<br \/>\n<strong>Mercredi 18 juin<\/strong> : journ\u00e9e accompagnement propos\u00e9e aux 3 groupes retenus<br \/>\n<strong>Jeudi 10 juillet<\/strong> : premier concert (1 groupe) &#8211; <em>date privil\u00e9giant des groupes non amplifi\u00e9s<\/em><br \/>\n<strong>Jeudi 24 juillet<\/strong> : deuxi\u00e8me concert (2e groupe)<br \/>\n<strong>Jeudi 31 juillet<\/strong> : troisi\u00e8me concert (3e groupe).\n<p>\u00a0Cet appel s&rsquo;inscrit dans le cadre de l&rsquo;action \u00ab\u00a0Incroyables For\u00e9ziens\u00a0\u00bb issue du <a href=\"https:\/\/www.loireforez.fr\/connaitre-agglo\/actions-projets\/projet-culturel-de-territoire-developper-la-vie-culturelle-locale\/\">Projet culturel de territoire de Loire Forez agglom\u00e9ration<\/a>. Il s&rsquo;agit d&rsquo;exp\u00e9rimenter la mise en place de propositions artistiques port\u00e9es par des habitant\u00b7e\u00b7s amateurs du territoire, soutenue et coordonn\u00e9e par des structures culturelles locales.<\/p>\n<figure itemscope itemtype=\"https:\/\/schema.org\/ImageObject\">\n\t\t\t\t<img decoding=\"async\" src=\"https:\/\/www.chateaudegoutelas.fr\/wp-content\/plugins\/beaver-builder-lite-version\/img\/pixel.png\" alt=\"\" onerror=\"this.style.display='none'\" loading=\"lazy\" \/>\n\t<\/figure>","protected":false},"excerpt":{"rendered":"<p>\u00a9 Louis Perrin L&rsquo;appel \u00e0 candidatures 2025 est clos.Retrouvez l&rsquo;appel pour 2026 sur cette page : https:\/\/www.chateaudegoutelas.fr\/appel-groupes-musicaux-amateurs-2026 Le Ch\u00e2teau de Goutelas, labellis\u00e9 Centre culturel de rencontre par le Minist\u00e8re de la culture et situ\u00e9 \u00e0 Marcoux (Loire 42), ouvre un appel \u00e0 candidatures \u00e0 destination des groupes musicaux amateurs du Forez et plus largement de [&hellip;]<\/p>\n","protected":false},"author":7,"featured_media":10449,"comment_status":"closed","ping_status":"closed","sticky":false,"template":"","format":"standard","meta":{"site-sidebar-layout":"default","site-content-layout":"","ast-site-content-layout":"default","site-content-style":"default","site-sidebar-style":"default","ast-global-header-display":"","ast-banner-title-visibility":"","ast-main-header-display":"","ast-hfb-above-header-display":"","ast-hfb-below-header-display":"","ast-hfb-mobile-header-display":"","site-post-title":"","ast-breadcrumbs-content":"","ast-featured-img":"disabled","footer-sml-layout":"","ast-disable-related-posts":"","theme-transparent-header-meta":"default","adv-header-id-meta":"","stick-header-meta":"default","header-above-stick-meta":"","header-main-stick-meta":"","header-below-stick-meta":"","astra-migrate-meta-layouts":"set","ast-page-background-enabled":"default","ast-page-background-meta":{"desktop":{"background-color":"","background-image":"","background-repeat":"repeat","background-position":"center center","background-size":"auto","background-attachment":"scroll","background-type":"","background-media":"","overlay-type":"","overlay-color":"","overlay-opacity":"","overlay-gradient":""},"tablet":{"background-color":"","background-image":"","background-repeat":"repeat","background-position":"center center","background-size":"auto","background-attachment":"scroll","background-type":"","background-media":"","overlay-type":"","overlay-color":"","overlay-opacity":"","overlay-gradient":""},"mobile":{"background-color":"","background-image":"","background-repeat":"repeat","background-position":"center center","background-size":"auto","background-attachment":"scroll","background-type":"","background-media":"","overlay-type":"","overlay-color":"","overlay-opacity":"","overlay-gradient":""}},"ast-content-background-meta":{"desktop":{"background-color":"var(--ast-global-color-5)","background-image":"","background-repeat":"repeat","background-position":"center center","background-size":"auto","background-attachment":"scroll","background-type":"","background-media":"","overlay-type":"","overlay-color":"","overlay-opacity":"","overlay-gradient":""},"tablet":{"background-color":"var(--ast-global-color-5)","background-image":"","background-repeat":"repeat","background-position":"center center","background-size":"auto","background-attachment":"scroll","background-type":"","background-media":"","overlay-type":"","overlay-color":"","overlay-opacity":"","overlay-gradient":""},"mobile":{"background-color":"var(--ast-global-color-5)","background-image":"","background-repeat":"repeat","background-position":"center center","background-size":"auto","background-attachment":"scroll","background-type":"","background-media":"","overlay-type":"","overlay-color":"","overlay-opacity":"","overlay-gradient":""}},"footnotes":""},"categories":[4],"tags":[],"class_list":["post-10448","post","type-post","status-publish","format-standard","has-post-thumbnail","hentry","category-actualites"],"yoast_head":"<!-- This site is optimized with the Yoast SEO plugin v27.5 - https:\/\/yoast.com\/product\/yoast-seo-wordpress\/ -->\n<title>Appel \u00e0 candidatures : groupes musicaux amateurs, concerts Panorama 2025 - Ch\u00e2teau de Goutelas<\/title>\n<meta name=\"robots\" content=\"index, follow, max-snippet:-1, max-image-preview:large, max-video-preview:-1\" \/>\n<link rel=\"canonical\" href=\"https:\/\/www.chateaudegoutelas.fr\/en\/appel-groupes-musicaux-amateurs\/\" \/>\n<meta property=\"og:locale\" content=\"en_GB\" \/>\n<meta property=\"og:type\" content=\"article\" \/>\n<meta property=\"og:title\" content=\"Appel \u00e0 candidatures : groupes musicaux amateurs, concerts Panorama 2025 - Ch\u00e2teau de Goutelas\" \/>\n<meta property=\"og:description\" content=\"\u00a9 Louis Perrin L&rsquo;appel \u00e0 candidatures 2025 est clos.Retrouvez l&rsquo;appel pour 2026 sur cette page : https:\/\/www.chateaudegoutelas.fr\/appel-groupes-musicaux-amateurs-2026 Le Ch\u00e2teau de Goutelas, labellis\u00e9 Centre culturel de rencontre par le Minist\u00e8re de la culture et situ\u00e9 \u00e0 Marcoux (Loire 42), ouvre un appel \u00e0 candidatures \u00e0 destination des groupes musicaux amateurs du Forez et plus largement de [&hellip;]\" \/>\n<meta property=\"og:url\" content=\"https:\/\/www.chateaudegoutelas.fr\/en\/appel-groupes-musicaux-amateurs\/\" \/>\n<meta property=\"og:site_name\" content=\"Ch\u00e2teau de Goutelas\" \/>\n<meta property=\"article:published_time\" content=\"2025-04-09T14:16:34+00:00\" \/>\n<meta property=\"article:modified_time\" content=\"2026-04-03T15:44:43+00:00\" \/>\n<meta property=\"og:image\" content=\"https:\/\/www.chateaudegoutelas.fr\/wp-content\/uploads\/2025\/04\/Goutelas_11_09_2022-0104-scaled-e1744208250263.jpg\" \/>\n\t<meta property=\"og:image:width\" content=\"1707\" \/>\n\t<meta property=\"og:image:height\" content=\"1910\" \/>\n\t<meta property=\"og:image:type\" content=\"image\/jpeg\" \/>\n<meta name=\"author\" content=\"chateau@goutelas\" \/>\n<meta name=\"twitter:card\" content=\"summary_large_image\" \/>\n<meta name=\"twitter:label1\" content=\"Written by\" \/>\n\t<meta name=\"twitter:data1\" content=\"chateau@goutelas\" \/>\n\t<meta name=\"twitter:label2\" content=\"Estimated reading time\" \/>\n\t<meta name=\"twitter:data2\" content=\"1 minute\" \/>\n<script type=\"application\/ld+json\" class=\"yoast-schema-graph\">{\"@context\":\"https:\\\/\\\/schema.org\",\"@graph\":[{\"@type\":\"Article\",\"@id\":\"https:\\\/\\\/www.chateaudegoutelas.fr\\\/appel-groupes-musicaux-amateurs\\\/#article\",\"isPartOf\":{\"@id\":\"https:\\\/\\\/www.chateaudegoutelas.fr\\\/appel-groupes-musicaux-amateurs\\\/\"},\"author\":{\"name\":\"chateau@goutelas\",\"@id\":\"https:\\\/\\\/www.chateaudegoutelas.fr\\\/#\\\/schema\\\/person\\\/7e406e8ae114bb86bb9b82d52e6a1738\"},\"headline\":\"Appel \u00e0 candidatures : groupes musicaux amateurs, concerts Panorama 2025\",\"datePublished\":\"2025-04-09T14:16:34+00:00\",\"dateModified\":\"2026-04-03T15:44:43+00:00\",\"mainEntityOfPage\":{\"@id\":\"https:\\\/\\\/www.chateaudegoutelas.fr\\\/appel-groupes-musicaux-amateurs\\\/\"},\"wordCount\":267,\"publisher\":{\"@id\":\"https:\\\/\\\/www.chateaudegoutelas.fr\\\/#organization\"},\"image\":{\"@id\":\"https:\\\/\\\/www.chateaudegoutelas.fr\\\/appel-groupes-musicaux-amateurs\\\/#primaryimage\"},\"thumbnailUrl\":\"https:\\\/\\\/www.chateaudegoutelas.fr\\\/wp-content\\\/uploads\\\/2025\\\/04\\\/Goutelas_11_09_2022-0104-scaled-e1744208250263.jpg\",\"articleSection\":[\"Actualit\u00e9\"],\"inLanguage\":\"en-GB\"},{\"@type\":\"WebPage\",\"@id\":\"https:\\\/\\\/www.chateaudegoutelas.fr\\\/appel-groupes-musicaux-amateurs\\\/\",\"url\":\"https:\\\/\\\/www.chateaudegoutelas.fr\\\/appel-groupes-musicaux-amateurs\\\/\",\"name\":\"Appel \u00e0 candidatures : groupes musicaux amateurs, concerts Panorama 2025 - Ch\u00e2teau de Goutelas\",\"isPartOf\":{\"@id\":\"https:\\\/\\\/www.chateaudegoutelas.fr\\\/#website\"},\"primaryImageOfPage\":{\"@id\":\"https:\\\/\\\/www.chateaudegoutelas.fr\\\/appel-groupes-musicaux-amateurs\\\/#primaryimage\"},\"image\":{\"@id\":\"https:\\\/\\\/www.chateaudegoutelas.fr\\\/appel-groupes-musicaux-amateurs\\\/#primaryimage\"},\"thumbnailUrl\":\"https:\\\/\\\/www.chateaudegoutelas.fr\\\/wp-content\\\/uploads\\\/2025\\\/04\\\/Goutelas_11_09_2022-0104-scaled-e1744208250263.jpg\",\"datePublished\":\"2025-04-09T14:16:34+00:00\",\"dateModified\":\"2026-04-03T15:44:43+00:00\",\"breadcrumb\":{\"@id\":\"https:\\\/\\\/www.chateaudegoutelas.fr\\\/appel-groupes-musicaux-amateurs\\\/#breadcrumb\"},\"inLanguage\":\"en-GB\",\"potentialAction\":[{\"@type\":\"ReadAction\",\"target\":[\"https:\\\/\\\/www.chateaudegoutelas.fr\\\/appel-groupes-musicaux-amateurs\\\/\"]}]},{\"@type\":\"ImageObject\",\"inLanguage\":\"en-GB\",\"@id\":\"https:\\\/\\\/www.chateaudegoutelas.fr\\\/appel-groupes-musicaux-amateurs\\\/#primaryimage\",\"url\":\"https:\\\/\\\/www.chateaudegoutelas.fr\\\/wp-content\\\/uploads\\\/2025\\\/04\\\/Goutelas_11_09_2022-0104-scaled-e1744208250263.jpg\",\"contentUrl\":\"https:\\\/\\\/www.chateaudegoutelas.fr\\\/wp-content\\\/uploads\\\/2025\\\/04\\\/Goutelas_11_09_2022-0104-scaled-e1744208250263.jpg\",\"width\":1707,\"height\":1910},{\"@type\":\"BreadcrumbList\",\"@id\":\"https:\\\/\\\/www.chateaudegoutelas.fr\\\/appel-groupes-musicaux-amateurs\\\/#breadcrumb\",\"itemListElement\":[{\"@type\":\"ListItem\",\"position\":1,\"name\":\"Accueil\",\"item\":\"https:\\\/\\\/www.chateaudegoutelas.fr\\\/\"},{\"@type\":\"ListItem\",\"position\":2,\"name\":\"Appel \u00e0 candidatures : groupes musicaux amateurs, concerts Panorama 2025\"}]},{\"@type\":\"WebSite\",\"@id\":\"https:\\\/\\\/www.chateaudegoutelas.fr\\\/#website\",\"url\":\"https:\\\/\\\/www.chateaudegoutelas.fr\\\/\",\"name\":\"Ch\u00e2teau de Goutelas\",\"description\":\"Un centre culturel de rencontre en Forez\",\"publisher\":{\"@id\":\"https:\\\/\\\/www.chateaudegoutelas.fr\\\/#organization\"},\"potentialAction\":[{\"@type\":\"SearchAction\",\"target\":{\"@type\":\"EntryPoint\",\"urlTemplate\":\"https:\\\/\\\/www.chateaudegoutelas.fr\\\/?s={search_term_string}\"},\"query-input\":{\"@type\":\"PropertyValueSpecification\",\"valueRequired\":true,\"valueName\":\"search_term_string\"}}],\"inLanguage\":\"en-GB\"},{\"@type\":\"Organization\",\"@id\":\"https:\\\/\\\/www.chateaudegoutelas.fr\\\/#organization\",\"name\":\"Ch\u00e2teau de Goutelas\",\"url\":\"https:\\\/\\\/www.chateaudegoutelas.fr\\\/\",\"logo\":{\"@type\":\"ImageObject\",\"inLanguage\":\"en-GB\",\"@id\":\"https:\\\/\\\/www.chateaudegoutelas.fr\\\/#\\\/schema\\\/logo\\\/image\\\/\",\"url\":\"https:\\\/\\\/www.chateaudegoutelas.fr\\\/wp-content\\\/uploads\\\/2023\\\/05\\\/logo-chateau-goutelas-bleu.png\",\"contentUrl\":\"https:\\\/\\\/www.chateaudegoutelas.fr\\\/wp-content\\\/uploads\\\/2023\\\/05\\\/logo-chateau-goutelas-bleu.png\",\"width\":1123,\"height\":327,\"caption\":\"Ch\u00e2teau de Goutelas\"},\"image\":{\"@id\":\"https:\\\/\\\/www.chateaudegoutelas.fr\\\/#\\\/schema\\\/logo\\\/image\\\/\"}},{\"@type\":\"Person\",\"@id\":\"https:\\\/\\\/www.chateaudegoutelas.fr\\\/#\\\/schema\\\/person\\\/7e406e8ae114bb86bb9b82d52e6a1738\",\"name\":\"chateau@goutelas\",\"image\":{\"@type\":\"ImageObject\",\"inLanguage\":\"en-GB\",\"@id\":\"https:\\\/\\\/secure.gravatar.com\\\/avatar\\\/81dca52e038e1e2a8e548cbc7a6a4752e4b1b2df1c0ab48a36029d14ad9c944f?s=96&d=mm&r=g\",\"url\":\"https:\\\/\\\/secure.gravatar.com\\\/avatar\\\/81dca52e038e1e2a8e548cbc7a6a4752e4b1b2df1c0ab48a36029d14ad9c944f?s=96&d=mm&r=g\",\"contentUrl\":\"https:\\\/\\\/secure.gravatar.com\\\/avatar\\\/81dca52e038e1e2a8e548cbc7a6a4752e4b1b2df1c0ab48a36029d14ad9c944f?s=96&d=mm&r=g\",\"caption\":\"chateau@goutelas\"},\"url\":\"https:\\\/\\\/www.chateaudegoutelas.fr\\\/en\\\/author\\\/chateaugoutelas\\\/\"}]}<\/script>\n<!-- \/ Yoast SEO plugin. -->","yoast_head_json":{"title":"Appel \u00e0 candidatures : groupes musicaux amateurs, concerts Panorama 2025 - Ch\u00e2teau de Goutelas","robots":{"index":"index","follow":"follow","max-snippet":"max-snippet:-1","max-image-preview":"max-image-preview:large","max-video-preview":"max-video-preview:-1"},"canonical":"https:\/\/www.chateaudegoutelas.fr\/en\/appel-groupes-musicaux-amateurs\/","og_locale":"en_GB","og_type":"article","og_title":"Appel \u00e0 candidatures : groupes musicaux amateurs, concerts Panorama 2025 - Ch\u00e2teau de Goutelas","og_description":"\u00a9 Louis Perrin L&rsquo;appel \u00e0 candidatures 2025 est clos.Retrouvez l&rsquo;appel pour 2026 sur cette page : https:\/\/www.chateaudegoutelas.fr\/appel-groupes-musicaux-amateurs-2026 Le Ch\u00e2teau de Goutelas, labellis\u00e9 Centre culturel de rencontre par le Minist\u00e8re de la culture et situ\u00e9 \u00e0 Marcoux (Loire 42), ouvre un appel \u00e0 candidatures \u00e0 destination des groupes musicaux amateurs du Forez et plus largement de [&hellip;]","og_url":"https:\/\/www.chateaudegoutelas.fr\/en\/appel-groupes-musicaux-amateurs\/","og_site_name":"Ch\u00e2teau de Goutelas","article_published_time":"2025-04-09T14:16:34+00:00","article_modified_time":"2026-04-03T15:44:43+00:00","og_image":[{"width":1707,"height":1910,"url":"https:\/\/www.chateaudegoutelas.fr\/wp-content\/uploads\/2025\/04\/Goutelas_11_09_2022-0104-scaled-e1744208250263.jpg","type":"image\/jpeg"}],"author":"chateau@goutelas","twitter_card":"summary_large_image","twitter_misc":{"Written by":"chateau@goutelas","Estimated reading time":"1 minute"},"schema":{"@context":"https:\/\/schema.org","@graph":[{"@type":"Article","@id":"https:\/\/www.chateaudegoutelas.fr\/appel-groupes-musicaux-amateurs\/#article","isPartOf":{"@id":"https:\/\/www.chateaudegoutelas.fr\/appel-groupes-musicaux-amateurs\/"},"author":{"name":"chateau@goutelas","@id":"https:\/\/www.chateaudegoutelas.fr\/#\/schema\/person\/7e406e8ae114bb86bb9b82d52e6a1738"},"headline":"Appel \u00e0 candidatures : groupes musicaux amateurs, concerts Panorama 2025","datePublished":"2025-04-09T14:16:34+00:00","dateModified":"2026-04-03T15:44:43+00:00","mainEntityOfPage":{"@id":"https:\/\/www.chateaudegoutelas.fr\/appel-groupes-musicaux-amateurs\/"},"wordCount":267,"publisher":{"@id":"https:\/\/www.chateaudegoutelas.fr\/#organization"},"image":{"@id":"https:\/\/www.chateaudegoutelas.fr\/appel-groupes-musicaux-amateurs\/#primaryimage"},"thumbnailUrl":"https:\/\/www.chateaudegoutelas.fr\/wp-content\/uploads\/2025\/04\/Goutelas_11_09_2022-0104-scaled-e1744208250263.jpg","articleSection":["Actualit\u00e9"],"inLanguage":"en-GB"},{"@type":"WebPage","@id":"https:\/\/www.chateaudegoutelas.fr\/appel-groupes-musicaux-amateurs\/","url":"https:\/\/www.chateaudegoutelas.fr\/appel-groupes-musicaux-amateurs\/","name":"Appel \u00e0 candidatures : groupes musicaux amateurs, concerts Panorama 2025 - Ch\u00e2teau de Goutelas","isPartOf":{"@id":"https:\/\/www.chateaudegoutelas.fr\/#website"},"primaryImageOfPage":{"@id":"https:\/\/www.chateaudegoutelas.fr\/appel-groupes-musicaux-amateurs\/#primaryimage"},"image":{"@id":"https:\/\/www.chateaudegoutelas.fr\/appel-groupes-musicaux-amateurs\/#primaryimage"},"thumbnailUrl":"https:\/\/www.chateaudegoutelas.fr\/wp-content\/uploads\/2025\/04\/Goutelas_11_09_2022-0104-scaled-e1744208250263.jpg","datePublished":"2025-04-09T14:16:34+00:00","dateModified":"2026-04-03T15:44:43+00:00","breadcrumb":{"@id":"https:\/\/www.chateaudegoutelas.fr\/appel-groupes-musicaux-amateurs\/#breadcrumb"},"inLanguage":"en-GB","potentialAction":[{"@type":"ReadAction","target":["https:\/\/www.chateaudegoutelas.fr\/appel-groupes-musicaux-amateurs\/"]}]},{"@type":"ImageObject","inLanguage":"en-GB","@id":"https:\/\/www.chateaudegoutelas.fr\/appel-groupes-musicaux-amateurs\/#primaryimage","url":"https:\/\/www.chateaudegoutelas.fr\/wp-content\/uploads\/2025\/04\/Goutelas_11_09_2022-0104-scaled-e1744208250263.jpg","contentUrl":"https:\/\/www.chateaudegoutelas.fr\/wp-content\/uploads\/2025\/04\/Goutelas_11_09_2022-0104-scaled-e1744208250263.jpg","width":1707,"height":1910},{"@type":"BreadcrumbList","@id":"https:\/\/www.chateaudegoutelas.fr\/appel-groupes-musicaux-amateurs\/#breadcrumb","itemListElement":[{"@type":"ListItem","position":1,"name":"Accueil","item":"https:\/\/www.chateaudegoutelas.fr\/"},{"@type":"ListItem","position":2,"name":"Appel \u00e0 candidatures : groupes musicaux amateurs, concerts Panorama 2025"}]},{"@type":"WebSite","@id":"https:\/\/www.chateaudegoutelas.fr\/#website","url":"https:\/\/www.chateaudegoutelas.fr\/","name":"Ch\u00e2teau de Goutelas","description":"Un centre culturel de rencontre en Forez","publisher":{"@id":"https:\/\/www.chateaudegoutelas.fr\/#organization"},"potentialAction":[{"@type":"SearchAction","target":{"@type":"EntryPoint","urlTemplate":"https:\/\/www.chateaudegoutelas.fr\/?s={search_term_string}"},"query-input":{"@type":"PropertyValueSpecification","valueRequired":true,"valueName":"search_term_string"}}],"inLanguage":"en-GB"},{"@type":"Organization","@id":"https:\/\/www.chateaudegoutelas.fr\/#organization","name":"Ch\u00e2teau de Goutelas","url":"https:\/\/www.chateaudegoutelas.fr\/","logo":{"@type":"ImageObject","inLanguage":"en-GB","@id":"https:\/\/www.chateaudegoutelas.fr\/#\/schema\/logo\/image\/","url":"https:\/\/www.chateaudegoutelas.fr\/wp-content\/uploads\/2023\/05\/logo-chateau-goutelas-bleu.png","contentUrl":"https:\/\/www.chateaudegoutelas.fr\/wp-content\/uploads\/2023\/05\/logo-chateau-goutelas-bleu.png","width":1123,"height":327,"caption":"Ch\u00e2teau de Goutelas"},"image":{"@id":"https:\/\/www.chateaudegoutelas.fr\/#\/schema\/logo\/image\/"}},{"@type":"Person","@id":"https:\/\/www.chateaudegoutelas.fr\/#\/schema\/person\/7e406e8ae114bb86bb9b82d52e6a1738","name":"chateau@goutelas","image":{"@type":"ImageObject","inLanguage":"en-GB","@id":"https:\/\/secure.gravatar.com\/avatar\/81dca52e038e1e2a8e548cbc7a6a4752e4b1b2df1c0ab48a36029d14ad9c944f?s=96&d=mm&r=g","url":"https:\/\/secure.gravatar.com\/avatar\/81dca52e038e1e2a8e548cbc7a6a4752e4b1b2df1c0ab48a36029d14ad9c944f?s=96&d=mm&r=g","contentUrl":"https:\/\/secure.gravatar.com\/avatar\/81dca52e038e1e2a8e548cbc7a6a4752e4b1b2df1c0ab48a36029d14ad9c944f?s=96&d=mm&r=g","caption":"chateau@goutelas"},"url":"https:\/\/www.chateaudegoutelas.fr\/en\/author\/chateaugoutelas\/"}]}},"_links":{"self":[{"href":"https:\/\/www.chateaudegoutelas.fr\/en\/wp-json\/wp\/v2\/posts\/10448","targetHints":{"allow":["GET"]}}],"collection":[{"href":"https:\/\/www.chateaudegoutelas.fr\/en\/wp-json\/wp\/v2\/posts"}],"about":[{"href":"https:\/\/www.chateaudegoutelas.fr\/en\/wp-json\/wp\/v2\/types\/post"}],"author":[{"embeddable":true,"href":"https:\/\/www.chateaudegoutelas.fr\/en\/wp-json\/wp\/v2\/users\/7"}],"replies":[{"embeddable":true,"href":"https:\/\/www.chateaudegoutelas.fr\/en\/wp-json\/wp\/v2\/comments?post=10448"}],"version-history":[{"count":6,"href":"https:\/\/www.chateaudegoutelas.fr\/en\/wp-json\/wp\/v2\/posts\/10448\/revisions"}],"predecessor-version":[{"id":11892,"href":"https:\/\/www.chateaudegoutelas.fr\/en\/wp-json\/wp\/v2\/posts\/10448\/revisions\/11892"}],"wp:featuredmedia":[{"embeddable":true,"href":"https:\/\/www.chateaudegoutelas.fr\/en\/wp-json\/wp\/v2\/media\/10449"}],"wp:attachment":[{"href":"https:\/\/www.chateaudegoutelas.fr\/en\/wp-json\/wp\/v2\/media?parent=10448"}],"wp:term":[{"taxonomy":"category","embeddable":true,"href":"https:\/\/www.chateaudegoutelas.fr\/en\/wp-json\/wp\/v2\/categories?post=10448"},{"taxonomy":"post_tag","embeddable":true,"href":"https:\/\/www.chateaudegoutelas.fr\/en\/wp-json\/wp\/v2\/tags?post=10448"}],"curies":[{"name":"wp","href":"https:\/\/api.w.org\/{rel}","templated":true}]}}