{"id":1441,"date":"2018-01-13T11:29:36","date_gmt":"2018-01-13T10:29:36","guid":{"rendered":"https:\/\/www.chateaudegoutelas.fr\/?p=1441"},"modified":"2023-09-14T14:40:47","modified_gmt":"2023-09-14T12:40:47","slug":"hommage-a-paul-bouchet","status":"publish","type":"post","link":"http:\/\/www.chateaudegoutelas.fr\/en\/hommage-a-paul-bouchet\/","title":{"rendered":"Hommage \u00e0 Paul Bouchet"},"content":{"rendered":"<div class=\"shmMigrate\"><\/div>\n<div class=\"shmMigrate\"><\/div>\n<div class=\"shmMigrate\"><\/div>\n<p>Nous avons appris avec tristesse en ce d\u00e9but de semaine la disparition de Paul Bouchet, qui fut \u00e0 l&rsquo;initiative de la reconstruction du ch\u00e2teau de Goutelas et de la fondation de son Centre culturel.<\/p>\n<p>Compagnon stimulant, veilleur tourn\u00e9 vers l\u2019avenir et anim\u00e9 d\u2019une inalt\u00e9rable foi en l\u2019Homme, Paul Bouchet a accompagn\u00e9 l\u2019histoire de Goutelas pendant plus de 50 ans.<br \/>\nSon engagement ininterrompu en faveur de l\u2019\u00e9mancipation sociale et des droits de l\u2019Homme est au c\u0153ur des valeurs et du projet du Centre culturel : Humanisme, droit, cr\u00e9ation.<\/p>\n<p>Ses obs\u00e8ques auront lieu le<strong> samedi 30 mars 2019<\/strong> et comporteront un moment d&rsquo;hommage \u00e0 Goutelas.<\/p>\n<p>Paul Bouchet sera inhum\u00e9, selon ses v\u0153ux, \u00e0 proximit\u00e9 du ch\u00e2teau.<\/p>\n<div class=\"shmMigrate\"><\/div>\n<div class=\"shmMigrate\"><\/div>\n<div class=\"shmMigrate\"><\/div>\n<div class=\"shmMigrate\"><\/div>\n<div class=\"shmMigrate\"><\/div>\n<div class=\"shmMigrate\"><\/div>\n<div class=\"shmMigrate\"><\/div>\n<div class=\"shmMigrate\"><\/div>\n<div class=\"shmMigrate\"><\/div>\n<p style=\"text-align: right;\"><span style=\"color: #008080;\">Article d&rsquo;Antoine Jeammaud et Pierre H\u00e9ritier sur Paul Bouchet et le mouvement syndical :<\/span><\/p>\n<div class=\"shmMigrate\"><\/div>\n<div class=\"shmMigrate\"><\/div>\n<div class=\"shmMigrate\"><\/div>\n<div class=\"shmMigrate\"><\/div>\n<div class=\"shmMigrate\"><\/div>\n<div class=\"shmMigrate\"><\/div>\n<div class=\"shmMigrate\"><\/div>\n<div class=\"shmMigrate\"><\/div>\n<div class=\"shmMigrate\"><\/div>\n<div class=\"shmMigrate\"><\/div>","protected":false},"excerpt":{"rendered":"<p>Nous avons appris avec tristesse en ce d\u00e9but de semaine la disparition de Paul Bouchet, qui fut \u00e0 l&rsquo;initiative de la reconstruction du ch\u00e2teau de Goutelas et de la fondation de son Centre culturel. Compagnon stimulant, veilleur tourn\u00e9 vers l\u2019avenir et anim\u00e9 d\u2019une inalt\u00e9rable foi en l\u2019Homme, Paul Bouchet a accompagn\u00e9 l\u2019histoire de Goutelas pendant [&hellip;]<\/p>\n","protected":false},"author":4,"featured_media":1442,"comment_status":"closed","ping_status":"closed","sticky":false,"template":"","format":"standard","meta":{"site-sidebar-layout":"default","site-content-layout":"","ast-site-content-layout":"default","site-content-style":"default","site-sidebar-style":"default","ast-global-header-display":"","ast-banner-title-visibility":"","ast-main-header-display":"","ast-hfb-above-header-display":"","ast-hfb-below-header-display":"","ast-hfb-mobile-header-display":"","site-post-title":"","ast-breadcrumbs-content":"","ast-featured-img":"","footer-sml-layout":"","ast-disable-related-posts":"","theme-transparent-header-meta":"default","adv-header-id-meta":"","stick-header-meta":"default","header-above-stick-meta":"","header-main-stick-meta":"","header-below-stick-meta":"","astra-migrate-meta-layouts":"set","ast-page-background-enabled":"default","ast-page-background-meta":{"desktop":{"background-color":"","background-image":"","background-repeat":"repeat","background-position":"center center","background-size":"auto","background-attachment":"scroll","background-type":"","background-media":"","overlay-type":"","overlay-color":"","overlay-opacity":"","overlay-gradient":""},"tablet":{"background-color":"","background-image":"","background-repeat":"repeat","background-position":"center center","background-size":"auto","background-attachment":"scroll","background-type":"","background-media":"","overlay-type":"","overlay-color":"","overlay-opacity":"","overlay-gradient":""},"mobile":{"background-color":"","background-image":"","background-repeat":"repeat","background-position":"center center","background-size":"auto","background-attachment":"scroll","background-type":"","background-media":"","overlay-type":"","overlay-color":"","overlay-opacity":"","overlay-gradient":""}},"ast-content-background-meta":{"desktop":{"background-color":"var(--ast-global-color-5)","background-image":"","background-repeat":"repeat","background-position":"center center","background-size":"auto","background-attachment":"scroll","background-type":"","background-media":"","overlay-type":"","overlay-color":"","overlay-opacity":"","overlay-gradient":""},"tablet":{"background-color":"var(--ast-global-color-5)","background-image":"","background-repeat":"repeat","background-position":"center center","background-size":"auto","background-attachment":"scroll","background-type":"","background-media":"","overlay-type":"","overlay-color":"","overlay-opacity":"","overlay-gradient":""},"mobile":{"background-color":"var(--ast-global-color-5)","background-image":"","background-repeat":"repeat","background-position":"center center","background-size":"auto","background-attachment":"scroll","background-type":"","background-media":"","overlay-type":"","overlay-color":"","overlay-opacity":"","overlay-gradient":""}},"footnotes":""},"categories":[299],"tags":[],"class_list":["post-1441","post","type-post","status-publish","format-standard","has-post-thumbnail","hentry","category-actualite-archivee"],"yoast_head":"<!-- This site is optimized with the Yoast SEO plugin v27.5 - https:\/\/yoast.com\/product\/yoast-seo-wordpress\/ -->\n<title>Hommage \u00e0 Paul Bouchet - Ch\u00e2teau de Goutelas<\/title>\n<meta name=\"robots\" content=\"index, follow, max-snippet:-1, max-image-preview:large, max-video-preview:-1\" \/>\n<link rel=\"canonical\" href=\"https:\/\/www.chateaudegoutelas.fr\/en\/hommage-a-paul-bouchet\/\" \/>\n<meta property=\"og:locale\" content=\"en_GB\" \/>\n<meta property=\"og:type\" content=\"article\" \/>\n<meta property=\"og:title\" content=\"Hommage \u00e0 Paul Bouchet - Ch\u00e2teau de Goutelas\" \/>\n<meta property=\"og:description\" content=\"Nous avons appris avec tristesse en ce d\u00e9but de semaine la disparition de Paul Bouchet, qui fut \u00e0 l&rsquo;initiative de la reconstruction du ch\u00e2teau de Goutelas et de la fondation de son Centre culturel. Compagnon stimulant, veilleur tourn\u00e9 vers l\u2019avenir et anim\u00e9 d\u2019une inalt\u00e9rable foi en l\u2019Homme, Paul Bouchet a accompagn\u00e9 l\u2019histoire de Goutelas pendant [&hellip;]\" \/>\n<meta property=\"og:url\" content=\"https:\/\/www.chateaudegoutelas.fr\/en\/hommage-a-paul-bouchet\/\" \/>\n<meta property=\"og:site_name\" content=\"Ch\u00e2teau de Goutelas\" \/>\n<meta property=\"article:published_time\" content=\"2018-01-13T10:29:36+00:00\" \/>\n<meta property=\"article:modified_time\" content=\"2023-09-14T12:40:47+00:00\" \/>\n<meta property=\"og:image\" content=\"https:\/\/www.chateaudegoutelas.fr\/wp-content\/uploads\/2019\/03\/Goutelas200.jpg\" \/>\n\t<meta property=\"og:image:width\" content=\"733\" \/>\n\t<meta property=\"og:image:height\" content=\"1100\" \/>\n\t<meta property=\"og:image:type\" content=\"image\/jpeg\" \/>\n<meta name=\"author\" content=\"Alix Co\" \/>\n<meta name=\"twitter:card\" content=\"summary_large_image\" \/>\n<meta name=\"twitter:label1\" content=\"Written by\" \/>\n\t<meta name=\"twitter:data1\" content=\"Alix Co\" \/>\n\t<meta name=\"twitter:label2\" content=\"Estimated reading time\" \/>\n\t<meta name=\"twitter:data2\" content=\"1 minute\" \/>\n<script type=\"application\/ld+json\" class=\"yoast-schema-graph\">{\"@context\":\"https:\\\/\\\/schema.org\",\"@graph\":[{\"@type\":\"Article\",\"@id\":\"https:\\\/\\\/www.chateaudegoutelas.fr\\\/hommage-a-paul-bouchet\\\/#article\",\"isPartOf\":{\"@id\":\"https:\\\/\\\/www.chateaudegoutelas.fr\\\/hommage-a-paul-bouchet\\\/\"},\"author\":{\"name\":\"Alix Co\",\"@id\":\"https:\\\/\\\/www.chateaudegoutelas.fr\\\/#\\\/schema\\\/person\\\/68f64c0eeaac2d55afb42c7290e0b1e5\"},\"headline\":\"Hommage \u00e0 Paul Bouchet\",\"datePublished\":\"2018-01-13T10:29:36+00:00\",\"dateModified\":\"2023-09-14T12:40:47+00:00\",\"mainEntityOfPage\":{\"@id\":\"https:\\\/\\\/www.chateaudegoutelas.fr\\\/hommage-a-paul-bouchet\\\/\"},\"wordCount\":168,\"publisher\":{\"@id\":\"https:\\\/\\\/www.chateaudegoutelas.fr\\\/#organization\"},\"image\":{\"@id\":\"https:\\\/\\\/www.chateaudegoutelas.fr\\\/hommage-a-paul-bouchet\\\/#primaryimage\"},\"thumbnailUrl\":\"https:\\\/\\\/www.chateaudegoutelas.fr\\\/wp-content\\\/uploads\\\/2019\\\/03\\\/Goutelas200.jpg\",\"articleSection\":[\"Actualit\u00e9 archiv\u00e9e\"],\"inLanguage\":\"en-GB\"},{\"@type\":\"WebPage\",\"@id\":\"https:\\\/\\\/www.chateaudegoutelas.fr\\\/hommage-a-paul-bouchet\\\/\",\"url\":\"https:\\\/\\\/www.chateaudegoutelas.fr\\\/hommage-a-paul-bouchet\\\/\",\"name\":\"Hommage \u00e0 Paul Bouchet - Ch\u00e2teau de Goutelas\",\"isPartOf\":{\"@id\":\"https:\\\/\\\/www.chateaudegoutelas.fr\\\/#website\"},\"primaryImageOfPage\":{\"@id\":\"https:\\\/\\\/www.chateaudegoutelas.fr\\\/hommage-a-paul-bouchet\\\/#primaryimage\"},\"image\":{\"@id\":\"https:\\\/\\\/www.chateaudegoutelas.fr\\\/hommage-a-paul-bouchet\\\/#primaryimage\"},\"thumbnailUrl\":\"https:\\\/\\\/www.chateaudegoutelas.fr\\\/wp-content\\\/uploads\\\/2019\\\/03\\\/Goutelas200.jpg\",\"datePublished\":\"2018-01-13T10:29:36+00:00\",\"dateModified\":\"2023-09-14T12:40:47+00:00\",\"breadcrumb\":{\"@id\":\"https:\\\/\\\/www.chateaudegoutelas.fr\\\/hommage-a-paul-bouchet\\\/#breadcrumb\"},\"inLanguage\":\"en-GB\",\"potentialAction\":[{\"@type\":\"ReadAction\",\"target\":[\"https:\\\/\\\/www.chateaudegoutelas.fr\\\/hommage-a-paul-bouchet\\\/\"]}]},{\"@type\":\"ImageObject\",\"inLanguage\":\"en-GB\",\"@id\":\"https:\\\/\\\/www.chateaudegoutelas.fr\\\/hommage-a-paul-bouchet\\\/#primaryimage\",\"url\":\"https:\\\/\\\/www.chateaudegoutelas.fr\\\/wp-content\\\/uploads\\\/2019\\\/03\\\/Goutelas200.jpg\",\"contentUrl\":\"https:\\\/\\\/www.chateaudegoutelas.fr\\\/wp-content\\\/uploads\\\/2019\\\/03\\\/Goutelas200.jpg\",\"width\":733,\"height\":1100},{\"@type\":\"BreadcrumbList\",\"@id\":\"https:\\\/\\\/www.chateaudegoutelas.fr\\\/hommage-a-paul-bouchet\\\/#breadcrumb\",\"itemListElement\":[{\"@type\":\"ListItem\",\"position\":1,\"name\":\"Accueil\",\"item\":\"https:\\\/\\\/www.chateaudegoutelas.fr\\\/\"},{\"@type\":\"ListItem\",\"position\":2,\"name\":\"Hommage \u00e0 Paul Bouchet\"}]},{\"@type\":\"WebSite\",\"@id\":\"https:\\\/\\\/www.chateaudegoutelas.fr\\\/#website\",\"url\":\"https:\\\/\\\/www.chateaudegoutelas.fr\\\/\",\"name\":\"Ch\u00e2teau de Goutelas\",\"description\":\"Un centre culturel de rencontre en Forez\",\"publisher\":{\"@id\":\"https:\\\/\\\/www.chateaudegoutelas.fr\\\/#organization\"},\"potentialAction\":[{\"@type\":\"SearchAction\",\"target\":{\"@type\":\"EntryPoint\",\"urlTemplate\":\"https:\\\/\\\/www.chateaudegoutelas.fr\\\/?s={search_term_string}\"},\"query-input\":{\"@type\":\"PropertyValueSpecification\",\"valueRequired\":true,\"valueName\":\"search_term_string\"}}],\"inLanguage\":\"en-GB\"},{\"@type\":\"Organization\",\"@id\":\"https:\\\/\\\/www.chateaudegoutelas.fr\\\/#organization\",\"name\":\"Ch\u00e2teau de Goutelas\",\"url\":\"https:\\\/\\\/www.chateaudegoutelas.fr\\\/\",\"logo\":{\"@type\":\"ImageObject\",\"inLanguage\":\"en-GB\",\"@id\":\"https:\\\/\\\/www.chateaudegoutelas.fr\\\/#\\\/schema\\\/logo\\\/image\\\/\",\"url\":\"https:\\\/\\\/www.chateaudegoutelas.fr\\\/wp-content\\\/uploads\\\/2023\\\/05\\\/logo-chateau-goutelas-bleu.png\",\"contentUrl\":\"https:\\\/\\\/www.chateaudegoutelas.fr\\\/wp-content\\\/uploads\\\/2023\\\/05\\\/logo-chateau-goutelas-bleu.png\",\"width\":1123,\"height\":327,\"caption\":\"Ch\u00e2teau de Goutelas\"},\"image\":{\"@id\":\"https:\\\/\\\/www.chateaudegoutelas.fr\\\/#\\\/schema\\\/logo\\\/image\\\/\"}},{\"@type\":\"Person\",\"@id\":\"https:\\\/\\\/www.chateaudegoutelas.fr\\\/#\\\/schema\\\/person\\\/68f64c0eeaac2d55afb42c7290e0b1e5\",\"name\":\"Alix Co\",\"image\":{\"@type\":\"ImageObject\",\"inLanguage\":\"en-GB\",\"@id\":\"https:\\\/\\\/secure.gravatar.com\\\/avatar\\\/7ec149daaca82dffed2e8973dd70b4bafb9c6c8ca080e7cc4e17343e6c66cb1f?s=96&d=mm&r=g\",\"url\":\"https:\\\/\\\/secure.gravatar.com\\\/avatar\\\/7ec149daaca82dffed2e8973dd70b4bafb9c6c8ca080e7cc4e17343e6c66cb1f?s=96&d=mm&r=g\",\"contentUrl\":\"https:\\\/\\\/secure.gravatar.com\\\/avatar\\\/7ec149daaca82dffed2e8973dd70b4bafb9c6c8ca080e7cc4e17343e6c66cb1f?s=96&d=mm&r=g\",\"caption\":\"Alix Co\"},\"url\":\"http:\\\/\\\/www.chateaudegoutelas.fr\\\/en\\\/author\\\/gestionalix-co\\\/\"}]}<\/script>\n<!-- \/ Yoast SEO plugin. -->","yoast_head_json":{"title":"Hommage \u00e0 Paul Bouchet - Ch\u00e2teau de Goutelas","robots":{"index":"index","follow":"follow","max-snippet":"max-snippet:-1","max-image-preview":"max-image-preview:large","max-video-preview":"max-video-preview:-1"},"canonical":"https:\/\/www.chateaudegoutelas.fr\/en\/hommage-a-paul-bouchet\/","og_locale":"en_GB","og_type":"article","og_title":"Hommage \u00e0 Paul Bouchet - Ch\u00e2teau de Goutelas","og_description":"Nous avons appris avec tristesse en ce d\u00e9but de semaine la disparition de Paul Bouchet, qui fut \u00e0 l&rsquo;initiative de la reconstruction du ch\u00e2teau de Goutelas et de la fondation de son Centre culturel. Compagnon stimulant, veilleur tourn\u00e9 vers l\u2019avenir et anim\u00e9 d\u2019une inalt\u00e9rable foi en l\u2019Homme, Paul Bouchet a accompagn\u00e9 l\u2019histoire de Goutelas pendant [&hellip;]","og_url":"https:\/\/www.chateaudegoutelas.fr\/en\/hommage-a-paul-bouchet\/","og_site_name":"Ch\u00e2teau de Goutelas","article_published_time":"2018-01-13T10:29:36+00:00","article_modified_time":"2023-09-14T12:40:47+00:00","og_image":[{"width":733,"height":1100,"url":"https:\/\/www.chateaudegoutelas.fr\/wp-content\/uploads\/2019\/03\/Goutelas200.jpg","type":"image\/jpeg"}],"author":"Alix Co","twitter_card":"summary_large_image","twitter_misc":{"Written by":"Alix Co","Estimated reading time":"1 minute"},"schema":{"@context":"https:\/\/schema.org","@graph":[{"@type":"Article","@id":"https:\/\/www.chateaudegoutelas.fr\/hommage-a-paul-bouchet\/#article","isPartOf":{"@id":"https:\/\/www.chateaudegoutelas.fr\/hommage-a-paul-bouchet\/"},"author":{"name":"Alix Co","@id":"https:\/\/www.chateaudegoutelas.fr\/#\/schema\/person\/68f64c0eeaac2d55afb42c7290e0b1e5"},"headline":"Hommage \u00e0 Paul Bouchet","datePublished":"2018-01-13T10:29:36+00:00","dateModified":"2023-09-14T12:40:47+00:00","mainEntityOfPage":{"@id":"https:\/\/www.chateaudegoutelas.fr\/hommage-a-paul-bouchet\/"},"wordCount":168,"publisher":{"@id":"https:\/\/www.chateaudegoutelas.fr\/#organization"},"image":{"@id":"https:\/\/www.chateaudegoutelas.fr\/hommage-a-paul-bouchet\/#primaryimage"},"thumbnailUrl":"https:\/\/www.chateaudegoutelas.fr\/wp-content\/uploads\/2019\/03\/Goutelas200.jpg","articleSection":["Actualit\u00e9 archiv\u00e9e"],"inLanguage":"en-GB"},{"@type":"WebPage","@id":"https:\/\/www.chateaudegoutelas.fr\/hommage-a-paul-bouchet\/","url":"https:\/\/www.chateaudegoutelas.fr\/hommage-a-paul-bouchet\/","name":"Hommage \u00e0 Paul Bouchet - Ch\u00e2teau de Goutelas","isPartOf":{"@id":"https:\/\/www.chateaudegoutelas.fr\/#website"},"primaryImageOfPage":{"@id":"https:\/\/www.chateaudegoutelas.fr\/hommage-a-paul-bouchet\/#primaryimage"},"image":{"@id":"https:\/\/www.chateaudegoutelas.fr\/hommage-a-paul-bouchet\/#primaryimage"},"thumbnailUrl":"https:\/\/www.chateaudegoutelas.fr\/wp-content\/uploads\/2019\/03\/Goutelas200.jpg","datePublished":"2018-01-13T10:29:36+00:00","dateModified":"2023-09-14T12:40:47+00:00","breadcrumb":{"@id":"https:\/\/www.chateaudegoutelas.fr\/hommage-a-paul-bouchet\/#breadcrumb"},"inLanguage":"en-GB","potentialAction":[{"@type":"ReadAction","target":["https:\/\/www.chateaudegoutelas.fr\/hommage-a-paul-bouchet\/"]}]},{"@type":"ImageObject","inLanguage":"en-GB","@id":"https:\/\/www.chateaudegoutelas.fr\/hommage-a-paul-bouchet\/#primaryimage","url":"https:\/\/www.chateaudegoutelas.fr\/wp-content\/uploads\/2019\/03\/Goutelas200.jpg","contentUrl":"https:\/\/www.chateaudegoutelas.fr\/wp-content\/uploads\/2019\/03\/Goutelas200.jpg","width":733,"height":1100},{"@type":"BreadcrumbList","@id":"https:\/\/www.chateaudegoutelas.fr\/hommage-a-paul-bouchet\/#breadcrumb","itemListElement":[{"@type":"ListItem","position":1,"name":"Accueil","item":"https:\/\/www.chateaudegoutelas.fr\/"},{"@type":"ListItem","position":2,"name":"Hommage \u00e0 Paul Bouchet"}]},{"@type":"WebSite","@id":"https:\/\/www.chateaudegoutelas.fr\/#website","url":"https:\/\/www.chateaudegoutelas.fr\/","name":"Ch\u00e2teau de Goutelas","description":"Un centre culturel de rencontre en Forez","publisher":{"@id":"https:\/\/www.chateaudegoutelas.fr\/#organization"},"potentialAction":[{"@type":"SearchAction","target":{"@type":"EntryPoint","urlTemplate":"https:\/\/www.chateaudegoutelas.fr\/?s={search_term_string}"},"query-input":{"@type":"PropertyValueSpecification","valueRequired":true,"valueName":"search_term_string"}}],"inLanguage":"en-GB"},{"@type":"Organization","@id":"https:\/\/www.chateaudegoutelas.fr\/#organization","name":"Ch\u00e2teau de Goutelas","url":"https:\/\/www.chateaudegoutelas.fr\/","logo":{"@type":"ImageObject","inLanguage":"en-GB","@id":"https:\/\/www.chateaudegoutelas.fr\/#\/schema\/logo\/image\/","url":"https:\/\/www.chateaudegoutelas.fr\/wp-content\/uploads\/2023\/05\/logo-chateau-goutelas-bleu.png","contentUrl":"https:\/\/www.chateaudegoutelas.fr\/wp-content\/uploads\/2023\/05\/logo-chateau-goutelas-bleu.png","width":1123,"height":327,"caption":"Ch\u00e2teau de Goutelas"},"image":{"@id":"https:\/\/www.chateaudegoutelas.fr\/#\/schema\/logo\/image\/"}},{"@type":"Person","@id":"https:\/\/www.chateaudegoutelas.fr\/#\/schema\/person\/68f64c0eeaac2d55afb42c7290e0b1e5","name":"Alix Co","image":{"@type":"ImageObject","inLanguage":"en-GB","@id":"https:\/\/secure.gravatar.com\/avatar\/7ec149daaca82dffed2e8973dd70b4bafb9c6c8ca080e7cc4e17343e6c66cb1f?s=96&d=mm&r=g","url":"https:\/\/secure.gravatar.com\/avatar\/7ec149daaca82dffed2e8973dd70b4bafb9c6c8ca080e7cc4e17343e6c66cb1f?s=96&d=mm&r=g","contentUrl":"https:\/\/secure.gravatar.com\/avatar\/7ec149daaca82dffed2e8973dd70b4bafb9c6c8ca080e7cc4e17343e6c66cb1f?s=96&d=mm&r=g","caption":"Alix Co"},"url":"http:\/\/www.chateaudegoutelas.fr\/en\/author\/gestionalix-co\/"}]}},"_links":{"self":[{"href":"http:\/\/www.chateaudegoutelas.fr\/en\/wp-json\/wp\/v2\/posts\/1441","targetHints":{"allow":["GET"]}}],"collection":[{"href":"http:\/\/www.chateaudegoutelas.fr\/en\/wp-json\/wp\/v2\/posts"}],"about":[{"href":"http:\/\/www.chateaudegoutelas.fr\/en\/wp-json\/wp\/v2\/types\/post"}],"author":[{"embeddable":true,"href":"http:\/\/www.chateaudegoutelas.fr\/en\/wp-json\/wp\/v2\/users\/4"}],"replies":[{"embeddable":true,"href":"http:\/\/www.chateaudegoutelas.fr\/en\/wp-json\/wp\/v2\/comments?post=1441"}],"version-history":[{"count":2,"href":"http:\/\/www.chateaudegoutelas.fr\/en\/wp-json\/wp\/v2\/posts\/1441\/revisions"}],"predecessor-version":[{"id":8155,"href":"http:\/\/www.chateaudegoutelas.fr\/en\/wp-json\/wp\/v2\/posts\/1441\/revisions\/8155"}],"wp:featuredmedia":[{"embeddable":true,"href":"http:\/\/www.chateaudegoutelas.fr\/en\/wp-json\/wp\/v2\/media\/1442"}],"wp:attachment":[{"href":"http:\/\/www.chateaudegoutelas.fr\/en\/wp-json\/wp\/v2\/media?parent=1441"}],"wp:term":[{"taxonomy":"category","embeddable":true,"href":"http:\/\/www.chateaudegoutelas.fr\/en\/wp-json\/wp\/v2\/categories?post=1441"},{"taxonomy":"post_tag","embeddable":true,"href":"http:\/\/www.chateaudegoutelas.fr\/en\/wp-json\/wp\/v2\/tags?post=1441"}],"curies":[{"name":"wp","href":"https:\/\/api.w.org\/{rel}","templated":true}]}}